{"id":1426,"date":"2022-04-22T15:45:21","date_gmt":"2022-04-22T18:45:21","guid":{"rendered":"https:\/\/www.pmpf.rs.gov.br\/secretaria-de-cidadania-e-assistencia-social\/?p=1426"},"modified":"2022-04-22T15:46:26","modified_gmt":"2022-04-22T18:46:26","slug":"campanha-passo-fundo-solidaria-e-prorrogada-com-foco-na-arrecadacao-de-calcados","status":"publish","type":"post","link":"https:\/\/www.pmpf.rs.gov.br\/secretaria-de-cidadania-e-assistencia-social\/2022\/04\/22\/campanha-passo-fundo-solidaria-e-prorrogada-com-foco-na-arrecadacao-de-calcados\/","title":{"rendered":"Campanha Passo Fundo Solid\u00e1ria \u00e9 prorrogada com foco na arrecada\u00e7\u00e3o de cal\u00e7ados"},"content":{"rendered":"\n<p>A 3\u00aa edi\u00e7\u00e3o da campanha Passo Fundo Solid\u00e1ria, que envolve o poder p\u00fablico, entidades, empresas e a comunidade em um movimento de ajuda a quem precisa, ser\u00e1 prorrogada at\u00e9 30 de abril com foco na arrecada\u00e7\u00e3o de cal\u00e7ados. Todas as doa\u00e7\u00f5es ser\u00e3o destinadas a alunos da rede municipal de educa\u00e7\u00e3o e\/ou crian\u00e7as atendidas por projetos socioassistenciais.<\/p>\n\n\n\n<p>De acordo com o prefeito, Pedro Almeida, essa \u00e9 uma alternativa da Prefeitura, que distribui os uniformes escolares anualmente, para auxiliar as fam\u00edlias que n\u00e3o possuem condi\u00e7\u00f5es para comprar cal\u00e7ados. &#8220;Sabemos que o kit de uniforme escolar faz muita diferen\u00e7a para os alunos. Neste ano, as pe\u00e7as de inverno e ver\u00e3o come\u00e7ar\u00e3o a ser entregues em abril. Complementando a distribui\u00e7\u00e3o, queremos proporcionar os cal\u00e7ados \u00e0s crian\u00e7as e adolescentes cujas fam\u00edlias t\u00eam dificuldades para adquirir&#8221;, disse.<\/p>\n\n\n\n<p>Podem ser doados cal\u00e7ados novos ou seminovos, em plenas condi\u00e7\u00f5es de uso. Como ser\u00e3o encaminhados a alunos que t\u00eam entre seis e 14 anos, s\u00e3o arrecadados pares com numera\u00e7\u00f5es entre 28 e 40.<\/p>\n\n\n\n<p>O secret\u00e1rio de Cidadania e Assist\u00eancia Social, Saul Spinelli, refor\u00e7a a import\u00e2ncia de toda a sociedade estar, mais uma vez unida. &#8220;Com duas edi\u00e7\u00f5es da campanha, j\u00e1 arrecadamos alimentos e cobertores, e Passo Fundo deu grandes exemplos de solidariedade. Dessa vez, buscaremos junto \u00e0 comunidade que pode ajudar cal\u00e7ados que, muitas vezes, est\u00e3o esquecidos no arm\u00e1rio e que podem muito bem servir para quem n\u00e3o tem&#8221;, enfatizou.<\/p>\n\n\n\n<p>Conforme Spinelli, a Secretaria de Educa\u00e7\u00e3o listar\u00e1 institui\u00e7\u00f5es que possuem alunos que precisam de doa\u00e7\u00f5es. &#8220;Assim, identificaremos as crian\u00e7as de fam\u00edlias de baixa renda, com idades entre 06 e 14 anos, cadastradas em programas sociais. Os cal\u00e7ados ser\u00e3o avaliados e separados por numera\u00e7\u00e3o&#8221;, acrescentou.<\/p>\n\n\n\n<p>O coordenador dos Conselhos Municipais, Ronaldo Rosa, que, quando foi vereador, desenvolveu em seu gabinete a campanha P\u00e9 Quente, destacou que a\u00e7\u00f5es como essa trazem impactos sociais positivos. &#8220;\u00c9 maravilhoso que o Munic\u00edpio d\u00ea continuidade a uma campanha que foi realizada de forma simples no passado. Com o apoio da Prefeitura, tenho certeza que promoveremos o bem-estar e a autoestima das crian\u00e7as, melhorando o seu dia a dia.<\/p>\n\n\n\n<p><strong><em><mark class=\"has-inline-color has-grey-color\">Pontos de arrecada\u00e7\u00e3o<\/mark><\/em><\/strong><br>Os pontos de coleta foram organizados pela Prefeitura com empresas e entidades parceiras.<\/p>\n\n\n\n<p>PREFEITURA DE PASSO FUNDO<br>C\u00c2MARA MUNICIPAL DE PASSO FUNDO<br>SECRETARIA DE ASSIST\u00caNCIA SOCIAL (SEMCAS)<br>MERCADO MARCOLAN (BAIRRO VERA CRUZ)<br>MERCADO MARCOLAN (BAIRRO S\u00c3O JOS\u00c9)<br>MERCADO MARCOLAN (BAIRRO BOQUEIR\u00c3O)<br>MIX CENTER (BAIRRO BOQUEIR\u00c3O)<br>MIX CENTER (BAIRRO S\u00c3O CRIST\u00d3V\u00c3O)<br>MERCADO COQUEIROS (BAIRRO S\u00c3O CRIST\u00d3V\u00c3O)<br>MERCADO E-ATACAREJO (BAIRRO S\u00c3O CRIST\u00d3V\u00c3O)<br>MERCADO SCOTTA (BAIRRO S\u00c3O CRIST\u00d3V\u00c3O)<br>MERCADO IZZI (BAIRRO CENTRO)<br>FACULDADE ANHANGUERA (CENTRO)<br>FACULDADE IMED (BAIRRO VILA RODRIGUES)<br>UPF (BAIRRO S\u00c3O JOS\u00c9)<br>BOURBON (BAIRRO PETR\u00d3POLIS)<br>COMPANHIA ZAFFARI CENTRO (ATR\u00c1S DO HSVP)<br>MERCADO COMPRE BEM (CENTRO)<br>MERCADO COMPRE BEM (BAIRRO VERA CRUZ)<br>MERCADO COMPRE BEM (BAIRRO PETR\u00d3POLIS)<br>MERCADO COMPRE BEM (BAIRRO SANTA MARTA)<br>MERCADO VINI (BAIRRO PETR\u00d3POLIS)<br>MERCADO CANNEL (BAIRRO PETR\u00d3POLIS)<br>MERCADO GRENAL (BAIRRO CENTRO)<br>MERCADO GRENAL (BAIRRO BOQUEIR\u00c3O)<br>MERCADO SUPERSUL (BAIRRO PETR\u00d3POLIS)<br>PASSO FUNDO SHOPPING (BAIRRO S\u00c3O CRIST\u00d3V\u00c3O)<br>BELLA CITT\u00c0 SHOPPING (CENTRO)<br>CDL (CENTRO)<br>ACISA (CENTRO)<br>HOSPITAL S\u00c3O VICENTE DE PAULO (CENTRO)<br>HOSPITAL DE CL\u00cdNICAS (CENTRO)<br>HOSPITAL MUNICIPAL (BAIRRO POPULAR)<br>CONDOM\u00cdNIO VIVENDA DAS PALMEIRAS<\/p>\n\n\n\n<p>Foto: Michel Sanderi<\/p>\n","protected":false},"excerpt":{"rendered":"<p>A 3\u00aa edi\u00e7\u00e3o da campanha Passo Fundo Solid\u00e1ria, que envolve o poder p\u00fablico, entidades, empresas e a comunidade em um movimento de ajuda a quem precisa, ser\u00e1 prorrogada at\u00e9 30 de abril [&hellip;]<\/p>\n","protected":false},"author":5,"featured_media":1427,"comment_status":"closed","ping_status":"closed","sticky":true,"template":"","format":"standard","meta":{"footnotes":""},"categories":[10],"tags":[],"class_list":["post-1426","post","type-post","status-publish","format-standard","has-post-thumbnail","hentry","category-passo-fundo-solidaria"],"yoast_head":"<!-- This site is optimized with the Yoast SEO plugin v23.8 - https:\/\/yoast.com\/wordpress\/plugins\/seo\/ -->\n<title>Campanha Passo Fundo Solid\u00e1ria \u00e9 prorrogada com foco na arrecada\u00e7\u00e3o de cal\u00e7ados - Secretaria de Cidadania e Assist\u00eancia Social<\/title>\n<meta name=\"robots\" content=\"index, follow, max-snippet:-1, max-image-preview:large, max-video-preview:-1\" \/>\n<link rel=\"canonical\" href=\"https:\/\/www.pmpf.rs.gov.br\/secretaria-de-cidadania-e-assistencia-social\/2022\/04\/22\/campanha-passo-fundo-solidaria-e-prorrogada-com-foco-na-arrecadacao-de-calcados\/\" \/>\n<meta property=\"og:locale\" content=\"pt_BR\" \/>\n<meta property=\"og:type\" content=\"article\" \/>\n<meta property=\"og:title\" content=\"Campanha Passo Fundo Solid\u00e1ria \u00e9 prorrogada com foco na arrecada\u00e7\u00e3o de cal\u00e7ados - Secretaria de Cidadania e Assist\u00eancia Social\" \/>\n<meta property=\"og:description\" content=\"A 3\u00aa edi\u00e7\u00e3o da campanha Passo Fundo Solid\u00e1ria, que envolve o poder p\u00fablico, entidades, empresas e a comunidade em um movimento de ajuda a quem precisa, ser\u00e1 prorrogada at\u00e9 30 de abril [&hellip;]\" \/>\n<meta property=\"og:url\" content=\"https:\/\/www.pmpf.rs.gov.br\/secretaria-de-cidadania-e-assistencia-social\/2022\/04\/22\/campanha-passo-fundo-solidaria-e-prorrogada-com-foco-na-arrecadacao-de-calcados\/\" \/>\n<meta property=\"og:site_name\" content=\"Secretaria de Cidadania e Assist\u00eancia Social\" \/>\n<meta property=\"article:published_time\" content=\"2022-04-22T18:45:21+00:00\" \/>\n<meta property=\"article:modified_time\" content=\"2022-04-22T18:46:26+00:00\" \/>\n<meta property=\"og:image\" content=\"https:\/\/www.pmpf.rs.gov.br\/secretaria-de-cidadania-e-assistencia-social\/wp-content\/uploads\/sites\/24\/2022\/04\/WhatsApp-Image-2022-04-22-at-15.42.24.jpeg\" \/>\n\t<meta property=\"og:image:width\" content=\"1036\" \/>\n\t<meta property=\"og:image:height\" content=\"1258\" \/>\n\t<meta property=\"og:image:type\" content=\"image\/jpeg\" \/>\n<meta name=\"author\" content=\"jhenriquepazuch\" \/>\n<meta name=\"twitter:card\" content=\"summary_large_image\" \/>\n<meta name=\"twitter:label1\" content=\"Escrito por\" \/>\n\t<meta name=\"twitter:data1\" content=\"jhenriquepazuch\" \/>\n\t<meta name=\"twitter:label2\" content=\"Est. tempo de leitura\" \/>\n\t<meta name=\"twitter:data2\" content=\"3 minutos\" \/>\n<script type=\"application\/ld+json\" class=\"yoast-schema-graph\">{\"@context\":\"https:\/\/schema.org\",\"@graph\":[{\"@type\":\"WebPage\",\"@id\":\"https:\/\/www.pmpf.rs.gov.br\/secretaria-de-cidadania-e-assistencia-social\/2022\/04\/22\/campanha-passo-fundo-solidaria-e-prorrogada-com-foco-na-arrecadacao-de-calcados\/\",\"url\":\"https:\/\/www.pmpf.rs.gov.br\/secretaria-de-cidadania-e-assistencia-social\/2022\/04\/22\/campanha-passo-fundo-solidaria-e-prorrogada-com-foco-na-arrecadacao-de-calcados\/\",\"name\":\"Campanha Passo Fundo Solid\u00e1ria \u00e9 prorrogada com foco na arrecada\u00e7\u00e3o de cal\u00e7ados - Secretaria de Cidadania e Assist\u00eancia Social\",\"isPartOf\":{\"@id\":\"https:\/\/www.pmpf.rs.gov.br\/secretaria-de-cidadania-e-assistencia-social\/#website\"},\"primaryImageOfPage\":{\"@id\":\"https:\/\/www.pmpf.rs.gov.br\/secretaria-de-cidadania-e-assistencia-social\/2022\/04\/22\/campanha-passo-fundo-solidaria-e-prorrogada-com-foco-na-arrecadacao-de-calcados\/#primaryimage\"},\"image\":{\"@id\":\"https:\/\/www.pmpf.rs.gov.br\/secretaria-de-cidadania-e-assistencia-social\/2022\/04\/22\/campanha-passo-fundo-solidaria-e-prorrogada-com-foco-na-arrecadacao-de-calcados\/#primaryimage\"},\"thumbnailUrl\":\"https:\/\/www.pmpf.rs.gov.br\/secretaria-de-cidadania-e-assistencia-social\/wp-content\/uploads\/sites\/24\/2022\/04\/WhatsApp-Image-2022-04-22-at-15.42.24.jpeg\",\"datePublished\":\"2022-04-22T18:45:21+00:00\",\"dateModified\":\"2022-04-22T18:46:26+00:00\",\"author\":{\"@id\":\"https:\/\/www.pmpf.rs.gov.br\/secretaria-de-cidadania-e-assistencia-social\/#\/schema\/person\/249dc71a5a2165b543ee3d81c1bff2b7\"},\"inLanguage\":\"pt-BR\",\"potentialAction\":[{\"@type\":\"ReadAction\",\"target\":[\"https:\/\/www.pmpf.rs.gov.br\/secretaria-de-cidadania-e-assistencia-social\/2022\/04\/22\/campanha-passo-fundo-solidaria-e-prorrogada-com-foco-na-arrecadacao-de-calcados\/\"]}]},{\"@type\":\"ImageObject\",\"inLanguage\":\"pt-BR\",\"@id\":\"https:\/\/www.pmpf.rs.gov.br\/secretaria-de-cidadania-e-assistencia-social\/2022\/04\/22\/campanha-passo-fundo-solidaria-e-prorrogada-com-foco-na-arrecadacao-de-calcados\/#primaryimage\",\"url\":\"https:\/\/www.pmpf.rs.gov.br\/secretaria-de-cidadania-e-assistencia-social\/wp-content\/uploads\/sites\/24\/2022\/04\/WhatsApp-Image-2022-04-22-at-15.42.24.jpeg\",\"contentUrl\":\"https:\/\/www.pmpf.rs.gov.br\/secretaria-de-cidadania-e-assistencia-social\/wp-content\/uploads\/sites\/24\/2022\/04\/WhatsApp-Image-2022-04-22-at-15.42.24.jpeg\",\"width\":1036,\"height\":1258},{\"@type\":\"WebSite\",\"@id\":\"https:\/\/www.pmpf.rs.gov.br\/secretaria-de-cidadania-e-assistencia-social\/#website\",\"url\":\"https:\/\/www.pmpf.rs.gov.br\/secretaria-de-cidadania-e-assistencia-social\/\",\"name\":\"Secretaria de Cidadania e Assist\u00eancia Social\",\"description\":\"S\u00f3 mais um site Prefeitura de Passo Fundo\",\"potentialAction\":[{\"@type\":\"SearchAction\",\"target\":{\"@type\":\"EntryPoint\",\"urlTemplate\":\"https:\/\/www.pmpf.rs.gov.br\/secretaria-de-cidadania-e-assistencia-social\/?s={search_term_string}\"},\"query-input\":{\"@type\":\"PropertyValueSpecification\",\"valueRequired\":true,\"valueName\":\"search_term_string\"}}],\"inLanguage\":\"pt-BR\"},{\"@type\":\"Person\",\"@id\":\"https:\/\/www.pmpf.rs.gov.br\/secretaria-de-cidadania-e-assistencia-social\/#\/schema\/person\/249dc71a5a2165b543ee3d81c1bff2b7\",\"name\":\"jhenriquepazuch\",\"image\":{\"@type\":\"ImageObject\",\"inLanguage\":\"pt-BR\",\"@id\":\"https:\/\/www.pmpf.rs.gov.br\/secretaria-de-cidadania-e-assistencia-social\/#\/schema\/person\/image\/\",\"url\":\"https:\/\/secure.gravatar.com\/avatar\/d63ee6364841b20760885a11f8dcac24?s=96&d=mm&r=g\",\"contentUrl\":\"https:\/\/secure.gravatar.com\/avatar\/d63ee6364841b20760885a11f8dcac24?s=96&d=mm&r=g\",\"caption\":\"jhenriquepazuch\"},\"url\":\"https:\/\/www.pmpf.rs.gov.br\/secretaria-de-cidadania-e-assistencia-social\/author\/jhenriquepazuch\/\"}]}<\/script>\n<!-- \/ Yoast SEO plugin. -->","yoast_head_json":{"title":"Campanha Passo Fundo Solid\u00e1ria \u00e9 prorrogada com foco na arrecada\u00e7\u00e3o de cal\u00e7ados - Secretaria de Cidadania e Assist\u00eancia Social","robots":{"index":"index","follow":"follow","max-snippet":"max-snippet:-1","max-image-preview":"max-image-preview:large","max-video-preview":"max-video-preview:-1"},"canonical":"https:\/\/www.pmpf.rs.gov.br\/secretaria-de-cidadania-e-assistencia-social\/2022\/04\/22\/campanha-passo-fundo-solidaria-e-prorrogada-com-foco-na-arrecadacao-de-calcados\/","og_locale":"pt_BR","og_type":"article","og_title":"Campanha Passo Fundo Solid\u00e1ria \u00e9 prorrogada com foco na arrecada\u00e7\u00e3o de cal\u00e7ados - Secretaria de Cidadania e Assist\u00eancia Social","og_description":"A 3\u00aa edi\u00e7\u00e3o da campanha Passo Fundo Solid\u00e1ria, que envolve o poder p\u00fablico, entidades, empresas e a comunidade em um movimento de ajuda a quem precisa, ser\u00e1 prorrogada at\u00e9 30 de abril [&hellip;]","og_url":"https:\/\/www.pmpf.rs.gov.br\/secretaria-de-cidadania-e-assistencia-social\/2022\/04\/22\/campanha-passo-fundo-solidaria-e-prorrogada-com-foco-na-arrecadacao-de-calcados\/","og_site_name":"Secretaria de Cidadania e Assist\u00eancia Social","article_published_time":"2022-04-22T18:45:21+00:00","article_modified_time":"2022-04-22T18:46:26+00:00","og_image":[{"width":1036,"height":1258,"url":"https:\/\/www.pmpf.rs.gov.br\/secretaria-de-cidadania-e-assistencia-social\/wp-content\/uploads\/sites\/24\/2022\/04\/WhatsApp-Image-2022-04-22-at-15.42.24.jpeg","type":"image\/jpeg"}],"author":"jhenriquepazuch","twitter_card":"summary_large_image","twitter_misc":{"Escrito por":"jhenriquepazuch","Est. tempo de leitura":"3 minutos"},"schema":{"@context":"https:\/\/schema.org","@graph":[{"@type":"WebPage","@id":"https:\/\/www.pmpf.rs.gov.br\/secretaria-de-cidadania-e-assistencia-social\/2022\/04\/22\/campanha-passo-fundo-solidaria-e-prorrogada-com-foco-na-arrecadacao-de-calcados\/","url":"https:\/\/www.pmpf.rs.gov.br\/secretaria-de-cidadania-e-assistencia-social\/2022\/04\/22\/campanha-passo-fundo-solidaria-e-prorrogada-com-foco-na-arrecadacao-de-calcados\/","name":"Campanha Passo Fundo Solid\u00e1ria \u00e9 prorrogada com foco na arrecada\u00e7\u00e3o de cal\u00e7ados - Secretaria de Cidadania e Assist\u00eancia Social","isPartOf":{"@id":"https:\/\/www.pmpf.rs.gov.br\/secretaria-de-cidadania-e-assistencia-social\/#website"},"primaryImageOfPage":{"@id":"https:\/\/www.pmpf.rs.gov.br\/secretaria-de-cidadania-e-assistencia-social\/2022\/04\/22\/campanha-passo-fundo-solidaria-e-prorrogada-com-foco-na-arrecadacao-de-calcados\/#primaryimage"},"image":{"@id":"https:\/\/www.pmpf.rs.gov.br\/secretaria-de-cidadania-e-assistencia-social\/2022\/04\/22\/campanha-passo-fundo-solidaria-e-prorrogada-com-foco-na-arrecadacao-de-calcados\/#primaryimage"},"thumbnailUrl":"https:\/\/www.pmpf.rs.gov.br\/secretaria-de-cidadania-e-assistencia-social\/wp-content\/uploads\/sites\/24\/2022\/04\/WhatsApp-Image-2022-04-22-at-15.42.24.jpeg","datePublished":"2022-04-22T18:45:21+00:00","dateModified":"2022-04-22T18:46:26+00:00","author":{"@id":"https:\/\/www.pmpf.rs.gov.br\/secretaria-de-cidadania-e-assistencia-social\/#\/schema\/person\/249dc71a5a2165b543ee3d81c1bff2b7"},"inLanguage":"pt-BR","potentialAction":[{"@type":"ReadAction","target":["https:\/\/www.pmpf.rs.gov.br\/secretaria-de-cidadania-e-assistencia-social\/2022\/04\/22\/campanha-passo-fundo-solidaria-e-prorrogada-com-foco-na-arrecadacao-de-calcados\/"]}]},{"@type":"ImageObject","inLanguage":"pt-BR","@id":"https:\/\/www.pmpf.rs.gov.br\/secretaria-de-cidadania-e-assistencia-social\/2022\/04\/22\/campanha-passo-fundo-solidaria-e-prorrogada-com-foco-na-arrecadacao-de-calcados\/#primaryimage","url":"https:\/\/www.pmpf.rs.gov.br\/secretaria-de-cidadania-e-assistencia-social\/wp-content\/uploads\/sites\/24\/2022\/04\/WhatsApp-Image-2022-04-22-at-15.42.24.jpeg","contentUrl":"https:\/\/www.pmpf.rs.gov.br\/secretaria-de-cidadania-e-assistencia-social\/wp-content\/uploads\/sites\/24\/2022\/04\/WhatsApp-Image-2022-04-22-at-15.42.24.jpeg","width":1036,"height":1258},{"@type":"WebSite","@id":"https:\/\/www.pmpf.rs.gov.br\/secretaria-de-cidadania-e-assistencia-social\/#website","url":"https:\/\/www.pmpf.rs.gov.br\/secretaria-de-cidadania-e-assistencia-social\/","name":"Secretaria de Cidadania e Assist\u00eancia Social","description":"S\u00f3 mais um site Prefeitura de Passo Fundo","potentialAction":[{"@type":"SearchAction","target":{"@type":"EntryPoint","urlTemplate":"https:\/\/www.pmpf.rs.gov.br\/secretaria-de-cidadania-e-assistencia-social\/?s={search_term_string}"},"query-input":{"@type":"PropertyValueSpecification","valueRequired":true,"valueName":"search_term_string"}}],"inLanguage":"pt-BR"},{"@type":"Person","@id":"https:\/\/www.pmpf.rs.gov.br\/secretaria-de-cidadania-e-assistencia-social\/#\/schema\/person\/249dc71a5a2165b543ee3d81c1bff2b7","name":"jhenriquepazuch","image":{"@type":"ImageObject","inLanguage":"pt-BR","@id":"https:\/\/www.pmpf.rs.gov.br\/secretaria-de-cidadania-e-assistencia-social\/#\/schema\/person\/image\/","url":"https:\/\/secure.gravatar.com\/avatar\/d63ee6364841b20760885a11f8dcac24?s=96&d=mm&r=g","contentUrl":"https:\/\/secure.gravatar.com\/avatar\/d63ee6364841b20760885a11f8dcac24?s=96&d=mm&r=g","caption":"jhenriquepazuch"},"url":"https:\/\/www.pmpf.rs.gov.br\/secretaria-de-cidadania-e-assistencia-social\/author\/jhenriquepazuch\/"}]}},"_links":{"self":[{"href":"https:\/\/www.pmpf.rs.gov.br\/secretaria-de-cidadania-e-assistencia-social\/wp-json\/wp\/v2\/posts\/1426"}],"collection":[{"href":"https:\/\/www.pmpf.rs.gov.br\/secretaria-de-cidadania-e-assistencia-social\/wp-json\/wp\/v2\/posts"}],"about":[{"href":"https:\/\/www.pmpf.rs.gov.br\/secretaria-de-cidadania-e-assistencia-social\/wp-json\/wp\/v2\/types\/post"}],"author":[{"embeddable":true,"href":"https:\/\/www.pmpf.rs.gov.br\/secretaria-de-cidadania-e-assistencia-social\/wp-json\/wp\/v2\/users\/5"}],"replies":[{"embeddable":true,"href":"https:\/\/www.pmpf.rs.gov.br\/secretaria-de-cidadania-e-assistencia-social\/wp-json\/wp\/v2\/comments?post=1426"}],"version-history":[{"count":3,"href":"https:\/\/www.pmpf.rs.gov.br\/secretaria-de-cidadania-e-assistencia-social\/wp-json\/wp\/v2\/posts\/1426\/revisions"}],"predecessor-version":[{"id":1430,"href":"https:\/\/www.pmpf.rs.gov.br\/secretaria-de-cidadania-e-assistencia-social\/wp-json\/wp\/v2\/posts\/1426\/revisions\/1430"}],"wp:featuredmedia":[{"embeddable":true,"href":"https:\/\/www.pmpf.rs.gov.br\/secretaria-de-cidadania-e-assistencia-social\/wp-json\/wp\/v2\/media\/1427"}],"wp:attachment":[{"href":"https:\/\/www.pmpf.rs.gov.br\/secretaria-de-cidadania-e-assistencia-social\/wp-json\/wp\/v2\/media?parent=1426"}],"wp:term":[{"taxonomy":"category","embeddable":true,"href":"https:\/\/www.pmpf.rs.gov.br\/secretaria-de-cidadania-e-assistencia-social\/wp-json\/wp\/v2\/categories?post=1426"},{"taxonomy":"post_tag","embeddable":true,"href":"https:\/\/www.pmpf.rs.gov.br\/secretaria-de-cidadania-e-assistencia-social\/wp-json\/wp\/v2\/tags?post=1426"}],"curies":[{"name":"wp","href":"https:\/\/api.w.org\/{rel}","templated":true}]}}