{"id":1402,"date":"2022-03-09T13:57:43","date_gmt":"2022-03-09T16:57:43","guid":{"rendered":"https:\/\/www.pmpf.rs.gov.br\/secretaria-de-cidadania-e-assistencia-social\/?p=1402"},"modified":"2022-07-11T10:16:58","modified_gmt":"2022-07-11T13:16:58","slug":"fundo-de-amparo-as-mulheres-vitimas-de-violencia","status":"publish","type":"post","link":"https:\/\/www.pmpf.rs.gov.br\/secretaria-de-cidadania-e-assistencia-social\/2022\/03\/09\/fundo-de-amparo-as-mulheres-vitimas-de-violencia\/","title":{"rendered":"Fundo de Amparo \u00e0s Mulheres V\u00edtimas de Viol\u00eancia"},"content":{"rendered":"\n<p>O Dia da Mulher, lembrado nesta ter\u00e7a-feira, 8 de mar\u00e7o, \u00e9 de luta coletiva pela garantia de direitos. A Prefeitura de Passo Fundo aproveitou a data para oficializar a cria\u00e7\u00e3o do Fundo Municipal de Amparo \u00e0s Mulheres V\u00edtimas de Viol\u00eancia, que dever\u00e1 subsidiar a\u00e7\u00f5es e pol\u00edticas p\u00fablicas de acolhimento.<\/p>\n\n\n\n<p>O documento que institui a iniciativa e garante a destina\u00e7\u00e3o dos primeiros R$ 50 mil foi assinado pelo prefeito, Pedro Almeida, em um ato simb\u00f3lico que contou com a presen\u00e7a de lideran\u00e7as pol\u00edticas e mulheres que representam a comunidade. \u201cEsse recurso \u00e9 uma semente que estamos plantando para que d\u00ea muitos frutos no futuro e para que tenhamos mais a\u00e7\u00f5es efetivas de combate \u00e0 viol\u00eancia contra as mulheres. Precisamos lutar contra todos os tipos de viola\u00e7\u00f5es diariamente, em todos os espa\u00e7os, e mais ainda: estabelecer pol\u00edticas p\u00fablicas que fa\u00e7am a diferen\u00e7a direta na vida das mulheres\u201d, disse.<\/p>\n\n\n\n<p>A presidente do Conselho Municipal dos Direitos da Mulher (Comdim), Dan\u00fabia Samora, que tamb\u00e9m coordena a Casa da Mulher Maria da Penha, local que recebe mulheres v\u00edtimas de viol\u00eancia, falou sobre a import\u00e2ncia de recursos. \u201cPasso Fundo j\u00e1 tem uma rede que funciona, contando com diversos \u00f3rg\u00e3os de prote\u00e7\u00e3o, como a Delegacia da Mulher e a Patrulha Maria da Penha. Sabemos que o fundo ser\u00e1 somado ao trabalho que \u00e9 realizado\u201d, salientou.<\/p>\n\n\n\n<p>A implementa\u00e7\u00e3o do fundo corresponde a um Projeto de Lei Complementar (PLC) encaminhado pela C\u00e2mara de vereadores, de autoria do parlamentar e presidente da Uni\u00e3o das Associa\u00e7\u00f5es de Moradores de Passo Fundo (Uampaf), Luizinho Valendorf. O vereador destacou o aumento da viol\u00eancia dom\u00e9stica durante a pandemia como um fator para a constru\u00e7\u00e3o da iniciativa. \u201cSou l\u00edder comunit\u00e1rio e, dialogando e ouvindo as comunidades, notei que a viol\u00eancia cresceu durante a pandemia e o distanciamento social. Temos a esperan\u00e7a de que o fundo ser\u00e1 um guarda-chuva para projetos j\u00e1 existentes a para os que ser\u00e3o criados, fornecendo o amparo financeiro que contribua para que mulheres que passam por situa\u00e7\u00f5es de viol\u00eancia n\u00e3o precisem retornar para perto dos agressores\u201d, afirmou.<\/p>\n\n\n\n<p>Tamb\u00e9m representando o Legislativo, a vereadora Jana\u00edna Portela destacou a import\u00e2ncia do olhar da sociedade para o fundo. \u201cEssa \u00e9 uma a\u00e7\u00e3o concreta e que far\u00e1 a diferen\u00e7a no aux\u00edlio \u00e0s mulheres que sofrem viol\u00eancia. Vamos trabalhar juntos para mobilizar a sociedade. Queremos que todos se unam porque essa \u00e9 uma causa muito importante\u201d, considerou.<\/p>\n\n\n\n<p><strong>Recursos<br><\/strong>S\u00e3o objetivos do Fundo Municipal de Amparo \u00e0s Mulheres V\u00edtimas de Viol\u00eancia: amparar financeiramente as mulheres que sofreram algum tipo de viol\u00eancia, seja f\u00edsica, psicol\u00f3gica ou discriminat\u00f3ria; promover a emancipa\u00e7\u00e3o de mulheres em situa\u00e7\u00e3o de vulnerabilidade social e que tenham sofrido agress\u00f5es; oferecer meios materiais e financeiros para a subsist\u00eancia em car\u00e1ter suplementar e tempor\u00e1rio ap\u00f3s a passagem pela Casa da mulher Maria da Penha; e fortalecer pol\u00edticas p\u00fablicas de prote\u00e7\u00e3o \u00e0s mulheres, com a implementa\u00e7\u00e3o de a\u00e7\u00f5es que assegurem condi\u00e7\u00f5es de liberdade, dignidade e de igualdade de direitos.<\/p>\n\n\n\n<p>Os recursos ser\u00e3o oriundos do or\u00e7amento municipal, de conv\u00eanios firmados com entes p\u00fablicos ou privados, destina\u00e7\u00f5es de doa\u00e7\u00f5es ou natureza sancionat\u00f3ria e receitas de aplica\u00e7\u00f5es financeiras. Tamb\u00e9m ser\u00e3o recursos advindos dos governos federal e estadual.<\/p>\n\n\n\n<p><strong>Fotos: Michel Sanderi<\/strong><\/p>\n","protected":false},"excerpt":{"rendered":"<p>Fundo subsidiar\u00e1 a\u00e7\u00f5es e pol\u00edticas p\u00fablicas de acolhimento a mulheres v\u00edtimas de viol\u00eancia<\/p>\n","protected":false},"author":6,"featured_media":1403,"comment_status":"closed","ping_status":"closed","sticky":true,"template":"","format":"standard","meta":{"footnotes":""},"categories":[7],"tags":[9,8],"class_list":["post-1402","post","type-post","status-publish","format-standard","has-post-thumbnail","hentry","category-mulheres","tag-amparo-as-mulheres-vitimas-de-violencia","tag-dia-da-mulher"],"yoast_head":"<!-- This site is optimized with the Yoast SEO plugin v23.8 - https:\/\/yoast.com\/wordpress\/plugins\/seo\/ -->\n<title>Fundo de Amparo \u00e0s Mulheres V\u00edtimas de Viol\u00eancia - Secretaria de Cidadania e Assist\u00eancia Social<\/title>\n<meta name=\"robots\" content=\"index, follow, max-snippet:-1, max-image-preview:large, max-video-preview:-1\" \/>\n<link rel=\"canonical\" href=\"https:\/\/www.pmpf.rs.gov.br\/secretaria-de-cidadania-e-assistencia-social\/2022\/03\/09\/fundo-de-amparo-as-mulheres-vitimas-de-violencia\/\" \/>\n<meta property=\"og:locale\" content=\"pt_BR\" \/>\n<meta property=\"og:type\" content=\"article\" \/>\n<meta property=\"og:title\" content=\"Fundo de Amparo \u00e0s Mulheres V\u00edtimas de Viol\u00eancia - Secretaria de Cidadania e Assist\u00eancia Social\" \/>\n<meta property=\"og:description\" content=\"Fundo subsidiar\u00e1 a\u00e7\u00f5es e pol\u00edticas p\u00fablicas de acolhimento a mulheres v\u00edtimas de viol\u00eancia\" \/>\n<meta property=\"og:url\" content=\"https:\/\/www.pmpf.rs.gov.br\/secretaria-de-cidadania-e-assistencia-social\/2022\/03\/09\/fundo-de-amparo-as-mulheres-vitimas-de-violencia\/\" \/>\n<meta property=\"og:site_name\" content=\"Secretaria de Cidadania e Assist\u00eancia Social\" \/>\n<meta property=\"article:published_time\" content=\"2022-03-09T16:57:43+00:00\" \/>\n<meta property=\"article:modified_time\" content=\"2022-07-11T13:16:58+00:00\" \/>\n<meta property=\"og:image\" content=\"https:\/\/www.pmpf.rs.gov.br\/secretaria-de-cidadania-e-assistencia-social\/wp-content\/uploads\/sites\/24\/2022\/03\/fundo-mulher-1.jpg\" \/>\n\t<meta property=\"og:image:width\" content=\"1280\" \/>\n\t<meta property=\"og:image:height\" content=\"853\" \/>\n\t<meta property=\"og:image:type\" content=\"image\/jpeg\" \/>\n<meta name=\"author\" content=\"andressazorzetto07\" \/>\n<meta name=\"twitter:card\" content=\"summary_large_image\" \/>\n<meta name=\"twitter:label1\" content=\"Escrito por\" \/>\n\t<meta name=\"twitter:data1\" content=\"andressazorzetto07\" \/>\n\t<meta name=\"twitter:label2\" content=\"Est. tempo de leitura\" \/>\n\t<meta name=\"twitter:data2\" content=\"3 minutos\" \/>\n<script type=\"application\/ld+json\" class=\"yoast-schema-graph\">{\"@context\":\"https:\/\/schema.org\",\"@graph\":[{\"@type\":\"WebPage\",\"@id\":\"https:\/\/www.pmpf.rs.gov.br\/secretaria-de-cidadania-e-assistencia-social\/2022\/03\/09\/fundo-de-amparo-as-mulheres-vitimas-de-violencia\/\",\"url\":\"https:\/\/www.pmpf.rs.gov.br\/secretaria-de-cidadania-e-assistencia-social\/2022\/03\/09\/fundo-de-amparo-as-mulheres-vitimas-de-violencia\/\",\"name\":\"Fundo de Amparo \u00e0s Mulheres V\u00edtimas de Viol\u00eancia - Secretaria de Cidadania e Assist\u00eancia Social\",\"isPartOf\":{\"@id\":\"https:\/\/www.pmpf.rs.gov.br\/secretaria-de-cidadania-e-assistencia-social\/#website\"},\"primaryImageOfPage\":{\"@id\":\"https:\/\/www.pmpf.rs.gov.br\/secretaria-de-cidadania-e-assistencia-social\/2022\/03\/09\/fundo-de-amparo-as-mulheres-vitimas-de-violencia\/#primaryimage\"},\"image\":{\"@id\":\"https:\/\/www.pmpf.rs.gov.br\/secretaria-de-cidadania-e-assistencia-social\/2022\/03\/09\/fundo-de-amparo-as-mulheres-vitimas-de-violencia\/#primaryimage\"},\"thumbnailUrl\":\"https:\/\/www.pmpf.rs.gov.br\/secretaria-de-cidadania-e-assistencia-social\/wp-content\/uploads\/sites\/24\/2022\/03\/fundo-mulher-1.jpg\",\"datePublished\":\"2022-03-09T16:57:43+00:00\",\"dateModified\":\"2022-07-11T13:16:58+00:00\",\"author\":{\"@id\":\"https:\/\/www.pmpf.rs.gov.br\/secretaria-de-cidadania-e-assistencia-social\/#\/schema\/person\/30ee1d1bd74da1469b01fcf086e43351\"},\"inLanguage\":\"pt-BR\",\"potentialAction\":[{\"@type\":\"ReadAction\",\"target\":[\"https:\/\/www.pmpf.rs.gov.br\/secretaria-de-cidadania-e-assistencia-social\/2022\/03\/09\/fundo-de-amparo-as-mulheres-vitimas-de-violencia\/\"]}]},{\"@type\":\"ImageObject\",\"inLanguage\":\"pt-BR\",\"@id\":\"https:\/\/www.pmpf.rs.gov.br\/secretaria-de-cidadania-e-assistencia-social\/2022\/03\/09\/fundo-de-amparo-as-mulheres-vitimas-de-violencia\/#primaryimage\",\"url\":\"https:\/\/www.pmpf.rs.gov.br\/secretaria-de-cidadania-e-assistencia-social\/wp-content\/uploads\/sites\/24\/2022\/03\/fundo-mulher-1.jpg\",\"contentUrl\":\"https:\/\/www.pmpf.rs.gov.br\/secretaria-de-cidadania-e-assistencia-social\/wp-content\/uploads\/sites\/24\/2022\/03\/fundo-mulher-1.jpg\",\"width\":1280,\"height\":853},{\"@type\":\"WebSite\",\"@id\":\"https:\/\/www.pmpf.rs.gov.br\/secretaria-de-cidadania-e-assistencia-social\/#website\",\"url\":\"https:\/\/www.pmpf.rs.gov.br\/secretaria-de-cidadania-e-assistencia-social\/\",\"name\":\"Secretaria de Cidadania e Assist\u00eancia Social\",\"description\":\"S\u00f3 mais um site Prefeitura de Passo Fundo\",\"potentialAction\":[{\"@type\":\"SearchAction\",\"target\":{\"@type\":\"EntryPoint\",\"urlTemplate\":\"https:\/\/www.pmpf.rs.gov.br\/secretaria-de-cidadania-e-assistencia-social\/?s={search_term_string}\"},\"query-input\":{\"@type\":\"PropertyValueSpecification\",\"valueRequired\":true,\"valueName\":\"search_term_string\"}}],\"inLanguage\":\"pt-BR\"},{\"@type\":\"Person\",\"@id\":\"https:\/\/www.pmpf.rs.gov.br\/secretaria-de-cidadania-e-assistencia-social\/#\/schema\/person\/30ee1d1bd74da1469b01fcf086e43351\",\"name\":\"andressazorzetto07\",\"image\":{\"@type\":\"ImageObject\",\"inLanguage\":\"pt-BR\",\"@id\":\"https:\/\/www.pmpf.rs.gov.br\/secretaria-de-cidadania-e-assistencia-social\/#\/schema\/person\/image\/\",\"url\":\"https:\/\/secure.gravatar.com\/avatar\/14c5458ed79dc81da99a13b9ff5f9f19?s=96&d=mm&r=g\",\"contentUrl\":\"https:\/\/secure.gravatar.com\/avatar\/14c5458ed79dc81da99a13b9ff5f9f19?s=96&d=mm&r=g\",\"caption\":\"andressazorzetto07\"},\"url\":\"https:\/\/www.pmpf.rs.gov.br\/secretaria-de-cidadania-e-assistencia-social\/author\/andressazorzetto07\/\"}]}<\/script>\n<!-- \/ Yoast SEO plugin. -->","yoast_head_json":{"title":"Fundo de Amparo \u00e0s Mulheres V\u00edtimas de Viol\u00eancia - Secretaria de Cidadania e Assist\u00eancia Social","robots":{"index":"index","follow":"follow","max-snippet":"max-snippet:-1","max-image-preview":"max-image-preview:large","max-video-preview":"max-video-preview:-1"},"canonical":"https:\/\/www.pmpf.rs.gov.br\/secretaria-de-cidadania-e-assistencia-social\/2022\/03\/09\/fundo-de-amparo-as-mulheres-vitimas-de-violencia\/","og_locale":"pt_BR","og_type":"article","og_title":"Fundo de Amparo \u00e0s Mulheres V\u00edtimas de Viol\u00eancia - Secretaria de Cidadania e Assist\u00eancia Social","og_description":"Fundo subsidiar\u00e1 a\u00e7\u00f5es e pol\u00edticas p\u00fablicas de acolhimento a mulheres v\u00edtimas de viol\u00eancia","og_url":"https:\/\/www.pmpf.rs.gov.br\/secretaria-de-cidadania-e-assistencia-social\/2022\/03\/09\/fundo-de-amparo-as-mulheres-vitimas-de-violencia\/","og_site_name":"Secretaria de Cidadania e Assist\u00eancia Social","article_published_time":"2022-03-09T16:57:43+00:00","article_modified_time":"2022-07-11T13:16:58+00:00","og_image":[{"width":1280,"height":853,"url":"https:\/\/www.pmpf.rs.gov.br\/secretaria-de-cidadania-e-assistencia-social\/wp-content\/uploads\/sites\/24\/2022\/03\/fundo-mulher-1.jpg","type":"image\/jpeg"}],"author":"andressazorzetto07","twitter_card":"summary_large_image","twitter_misc":{"Escrito por":"andressazorzetto07","Est. tempo de leitura":"3 minutos"},"schema":{"@context":"https:\/\/schema.org","@graph":[{"@type":"WebPage","@id":"https:\/\/www.pmpf.rs.gov.br\/secretaria-de-cidadania-e-assistencia-social\/2022\/03\/09\/fundo-de-amparo-as-mulheres-vitimas-de-violencia\/","url":"https:\/\/www.pmpf.rs.gov.br\/secretaria-de-cidadania-e-assistencia-social\/2022\/03\/09\/fundo-de-amparo-as-mulheres-vitimas-de-violencia\/","name":"Fundo de Amparo \u00e0s Mulheres V\u00edtimas de Viol\u00eancia - Secretaria de Cidadania e Assist\u00eancia Social","isPartOf":{"@id":"https:\/\/www.pmpf.rs.gov.br\/secretaria-de-cidadania-e-assistencia-social\/#website"},"primaryImageOfPage":{"@id":"https:\/\/www.pmpf.rs.gov.br\/secretaria-de-cidadania-e-assistencia-social\/2022\/03\/09\/fundo-de-amparo-as-mulheres-vitimas-de-violencia\/#primaryimage"},"image":{"@id":"https:\/\/www.pmpf.rs.gov.br\/secretaria-de-cidadania-e-assistencia-social\/2022\/03\/09\/fundo-de-amparo-as-mulheres-vitimas-de-violencia\/#primaryimage"},"thumbnailUrl":"https:\/\/www.pmpf.rs.gov.br\/secretaria-de-cidadania-e-assistencia-social\/wp-content\/uploads\/sites\/24\/2022\/03\/fundo-mulher-1.jpg","datePublished":"2022-03-09T16:57:43+00:00","dateModified":"2022-07-11T13:16:58+00:00","author":{"@id":"https:\/\/www.pmpf.rs.gov.br\/secretaria-de-cidadania-e-assistencia-social\/#\/schema\/person\/30ee1d1bd74da1469b01fcf086e43351"},"inLanguage":"pt-BR","potentialAction":[{"@type":"ReadAction","target":["https:\/\/www.pmpf.rs.gov.br\/secretaria-de-cidadania-e-assistencia-social\/2022\/03\/09\/fundo-de-amparo-as-mulheres-vitimas-de-violencia\/"]}]},{"@type":"ImageObject","inLanguage":"pt-BR","@id":"https:\/\/www.pmpf.rs.gov.br\/secretaria-de-cidadania-e-assistencia-social\/2022\/03\/09\/fundo-de-amparo-as-mulheres-vitimas-de-violencia\/#primaryimage","url":"https:\/\/www.pmpf.rs.gov.br\/secretaria-de-cidadania-e-assistencia-social\/wp-content\/uploads\/sites\/24\/2022\/03\/fundo-mulher-1.jpg","contentUrl":"https:\/\/www.pmpf.rs.gov.br\/secretaria-de-cidadania-e-assistencia-social\/wp-content\/uploads\/sites\/24\/2022\/03\/fundo-mulher-1.jpg","width":1280,"height":853},{"@type":"WebSite","@id":"https:\/\/www.pmpf.rs.gov.br\/secretaria-de-cidadania-e-assistencia-social\/#website","url":"https:\/\/www.pmpf.rs.gov.br\/secretaria-de-cidadania-e-assistencia-social\/","name":"Secretaria de Cidadania e Assist\u00eancia Social","description":"S\u00f3 mais um site Prefeitura de Passo Fundo","potentialAction":[{"@type":"SearchAction","target":{"@type":"EntryPoint","urlTemplate":"https:\/\/www.pmpf.rs.gov.br\/secretaria-de-cidadania-e-assistencia-social\/?s={search_term_string}"},"query-input":{"@type":"PropertyValueSpecification","valueRequired":true,"valueName":"search_term_string"}}],"inLanguage":"pt-BR"},{"@type":"Person","@id":"https:\/\/www.pmpf.rs.gov.br\/secretaria-de-cidadania-e-assistencia-social\/#\/schema\/person\/30ee1d1bd74da1469b01fcf086e43351","name":"andressazorzetto07","image":{"@type":"ImageObject","inLanguage":"pt-BR","@id":"https:\/\/www.pmpf.rs.gov.br\/secretaria-de-cidadania-e-assistencia-social\/#\/schema\/person\/image\/","url":"https:\/\/secure.gravatar.com\/avatar\/14c5458ed79dc81da99a13b9ff5f9f19?s=96&d=mm&r=g","contentUrl":"https:\/\/secure.gravatar.com\/avatar\/14c5458ed79dc81da99a13b9ff5f9f19?s=96&d=mm&r=g","caption":"andressazorzetto07"},"url":"https:\/\/www.pmpf.rs.gov.br\/secretaria-de-cidadania-e-assistencia-social\/author\/andressazorzetto07\/"}]}},"_links":{"self":[{"href":"https:\/\/www.pmpf.rs.gov.br\/secretaria-de-cidadania-e-assistencia-social\/wp-json\/wp\/v2\/posts\/1402"}],"collection":[{"href":"https:\/\/www.pmpf.rs.gov.br\/secretaria-de-cidadania-e-assistencia-social\/wp-json\/wp\/v2\/posts"}],"about":[{"href":"https:\/\/www.pmpf.rs.gov.br\/secretaria-de-cidadania-e-assistencia-social\/wp-json\/wp\/v2\/types\/post"}],"author":[{"embeddable":true,"href":"https:\/\/www.pmpf.rs.gov.br\/secretaria-de-cidadania-e-assistencia-social\/wp-json\/wp\/v2\/users\/6"}],"replies":[{"embeddable":true,"href":"https:\/\/www.pmpf.rs.gov.br\/secretaria-de-cidadania-e-assistencia-social\/wp-json\/wp\/v2\/comments?post=1402"}],"version-history":[{"count":1,"href":"https:\/\/www.pmpf.rs.gov.br\/secretaria-de-cidadania-e-assistencia-social\/wp-json\/wp\/v2\/posts\/1402\/revisions"}],"predecessor-version":[{"id":1404,"href":"https:\/\/www.pmpf.rs.gov.br\/secretaria-de-cidadania-e-assistencia-social\/wp-json\/wp\/v2\/posts\/1402\/revisions\/1404"}],"wp:featuredmedia":[{"embeddable":true,"href":"https:\/\/www.pmpf.rs.gov.br\/secretaria-de-cidadania-e-assistencia-social\/wp-json\/wp\/v2\/media\/1403"}],"wp:attachment":[{"href":"https:\/\/www.pmpf.rs.gov.br\/secretaria-de-cidadania-e-assistencia-social\/wp-json\/wp\/v2\/media?parent=1402"}],"wp:term":[{"taxonomy":"category","embeddable":true,"href":"https:\/\/www.pmpf.rs.gov.br\/secretaria-de-cidadania-e-assistencia-social\/wp-json\/wp\/v2\/categories?post=1402"},{"taxonomy":"post_tag","embeddable":true,"href":"https:\/\/www.pmpf.rs.gov.br\/secretaria-de-cidadania-e-assistencia-social\/wp-json\/wp\/v2\/tags?post=1402"}],"curies":[{"name":"wp","href":"https:\/\/api.w.org\/{rel}","templated":true}]}}