{"id":996,"date":"2025-08-05T10:40:01","date_gmt":"2025-08-05T13:40:01","guid":{"rendered":"https:\/\/www.pmpf.rs.gov.br\/secretaria-de-agricultura-e-desenvolvimento-rural\/?p=996"},"modified":"2025-08-05T10:44:39","modified_gmt":"2025-08-05T13:44:39","slug":"prefeitura-e-comunidade-celebram-maior-pacote-de-investimentos-da-historia-do-interior-de-passo-fundo","status":"publish","type":"post","link":"https:\/\/www.pmpf.rs.gov.br\/secretaria-de-agricultura-e-desenvolvimento-rural\/2025\/08\/05\/prefeitura-e-comunidade-celebram-maior-pacote-de-investimentos-da-historia-do-interior-de-passo-fundo\/","title":{"rendered":"Prefeitura e comunidade celebram maior pacote de investimentos da hist\u00f3ria do interior de Passo Fundo"},"content":{"rendered":"\n<p>A Prefeitura de Passo Fundo celebrou nesta segunda-feira (04), na comunidade de S\u00e3o Valentim, o maior pacote de investimentos da hist\u00f3ria do interior do munic\u00edpio. O evento, que marcou a inaugura\u00e7\u00e3o de novas pontes e a conclus\u00e3o das obras de pavimenta\u00e7\u00e3o asf\u00e1ltica nos seis distritos, contou com a presen\u00e7a do prefeito Pedro Almeida, autoridades, lideran\u00e7as comunit\u00e1rias e moradores da regi\u00e3o.<\/p>\n\n\n\n<p>Os convidados foram recebidos com um caf\u00e9 da manh\u00e3 preparado pela comunidade em um momento simb\u00f3lico de agradecimento pelas melhorias estruturais esperadas h\u00e1 muitos anos. Somente em S\u00e3o Valentim, um ponto de asfalto e tr\u00eas novas pontes foram constru\u00eddas, transformando a mobilidade e a seguran\u00e7a da popula\u00e7\u00e3o local. A representante da comunidade, F\u00e1tima Anesi, destacou a import\u00e2ncia das melhorias e o impacto positivo na rotina dos moradores. \u201cA Prefeitura est\u00e1 valorizando a nossa produ\u00e7\u00e3o, valorizando o homem do campo, incentivando os jovens a permanecerem no interior. \u00c9 muito gratificante, \u00e9 um momento hist\u00f3rico. N\u00e3o temos palavras para agradecer tanto empenho e coisas boas que recebemos\u201d, afirmou a moradora.<\/p>\n\n\n\n<p>O prefeito Pedro destacou que investir no interior \u00e9 investir no futuro do munic\u00edpio. \u201cEssas obras s\u00e3o o reflexo de uma gest\u00e3o que acredita na for\u00e7a do interior. Queremos continuar investindo nos nossos distritos, nos nossos agricultores, que s\u00e3o t\u00e3o fundamentais para que o Munic\u00edpio se desenvolva\u201d, enfatizou. O investimento na constru\u00e7\u00e3o das pontes e asfaltamento dos 26 pontos totalizou R$ 29 milh\u00f5es.<\/p>\n\n\n\n<p><strong>Investimentos no interior<\/strong><\/p>\n\n\n\n<p>Al\u00e9m da pavimenta\u00e7\u00e3o e constru\u00e7\u00e3o de pontes, a Prefeitura vem promovendo nos \u00faltimos anos outras a\u00e7\u00f5es no interior, como a instala\u00e7\u00e3o da rede de internet, de c\u00e2meras de videomonitoramento, esta\u00e7\u00f5es meteorol\u00f3gicas e o fortalecimento da agricultura familiar com a compra de produtos locais para a alimenta\u00e7\u00e3o escolar.<\/p>\n\n\n\n<p>Est\u00e1 em andamento a obra no distrito de S\u00e3o Roque, que prev\u00ea o asfaltamento de 3,7 km, entre a Avenida Arauc\u00e1ria e a Escola Abrah\u00e3o Zanotto, com investimento de R$ 12 milh\u00f5es. O trecho j\u00e1 conta com nova ponte constru\u00edda com galerias de concreto e avan\u00e7a para a conclus\u00e3o da terraplenagem e da base do asfalto.<\/p>\n\n\n\n<p><\/p>\n","protected":false},"excerpt":{"rendered":"<p>Evento ocorreu na comunidade de S\u00e3o Valentim, marcando a conclus\u00e3o do asfalto em 26 pontos e a constru\u00e7\u00e3o de 10 pontes<\/p>\n","protected":false},"author":24,"featured_media":997,"comment_status":"closed","ping_status":"closed","sticky":false,"template":"","format":"standard","meta":{"footnotes":""},"categories":[1],"tags":[],"class_list":["post-996","post","type-post","status-publish","format-standard","has-post-thumbnail","hentry","category-sem-categoria"],"yoast_head":"<!-- This site is optimized with the Yoast SEO plugin v23.8 - https:\/\/yoast.com\/wordpress\/plugins\/seo\/ -->\n<title>Prefeitura e comunidade celebram maior pacote de investimentos da hist\u00f3ria do interior de Passo Fundo - Secretaria de Agricultura e Desenvolvimento Rural<\/title>\n<meta name=\"robots\" content=\"index, follow, max-snippet:-1, max-image-preview:large, max-video-preview:-1\" \/>\n<link rel=\"canonical\" href=\"https:\/\/www.pmpf.rs.gov.br\/secretaria-de-agricultura-e-desenvolvimento-rural\/2025\/08\/05\/prefeitura-e-comunidade-celebram-maior-pacote-de-investimentos-da-historia-do-interior-de-passo-fundo\/\" \/>\n<meta property=\"og:locale\" content=\"pt_BR\" \/>\n<meta property=\"og:type\" content=\"article\" \/>\n<meta property=\"og:title\" content=\"Prefeitura e comunidade celebram maior pacote de investimentos da hist\u00f3ria do interior de Passo Fundo - Secretaria de Agricultura e Desenvolvimento Rural\" \/>\n<meta property=\"og:description\" content=\"Evento ocorreu na comunidade de S\u00e3o Valentim, marcando a conclus\u00e3o do asfalto em 26 pontos e a constru\u00e7\u00e3o de 10 pontes\" \/>\n<meta property=\"og:url\" content=\"https:\/\/www.pmpf.rs.gov.br\/secretaria-de-agricultura-e-desenvolvimento-rural\/2025\/08\/05\/prefeitura-e-comunidade-celebram-maior-pacote-de-investimentos-da-historia-do-interior-de-passo-fundo\/\" \/>\n<meta property=\"og:site_name\" content=\"Secretaria de Agricultura e Desenvolvimento Rural\" \/>\n<meta property=\"article:published_time\" content=\"2025-08-05T13:40:01+00:00\" \/>\n<meta property=\"article:modified_time\" content=\"2025-08-05T13:44:39+00:00\" \/>\n<meta property=\"og:image\" content=\"https:\/\/www.pmpf.rs.gov.br\/secretaria-de-agricultura-e-desenvolvimento-rural\/wp-content\/uploads\/sites\/5\/2025\/08\/WhatsApp-Image-2025-08-04-at-13.33.40.jpeg\" \/>\n\t<meta property=\"og:image:width\" content=\"1600\" \/>\n\t<meta property=\"og:image:height\" content=\"1066\" \/>\n\t<meta property=\"og:image:type\" content=\"image\/jpeg\" \/>\n<meta name=\"author\" content=\"lilicrivello\" \/>\n<meta name=\"twitter:card\" content=\"summary_large_image\" \/>\n<meta name=\"twitter:label1\" content=\"Escrito por\" \/>\n\t<meta name=\"twitter:data1\" content=\"lilicrivello\" \/>\n\t<meta name=\"twitter:label2\" content=\"Est. tempo de leitura\" \/>\n\t<meta name=\"twitter:data2\" content=\"2 minutos\" \/>\n<script type=\"application\/ld+json\" class=\"yoast-schema-graph\">{\"@context\":\"https:\/\/schema.org\",\"@graph\":[{\"@type\":\"WebPage\",\"@id\":\"https:\/\/www.pmpf.rs.gov.br\/secretaria-de-agricultura-e-desenvolvimento-rural\/2025\/08\/05\/prefeitura-e-comunidade-celebram-maior-pacote-de-investimentos-da-historia-do-interior-de-passo-fundo\/\",\"url\":\"https:\/\/www.pmpf.rs.gov.br\/secretaria-de-agricultura-e-desenvolvimento-rural\/2025\/08\/05\/prefeitura-e-comunidade-celebram-maior-pacote-de-investimentos-da-historia-do-interior-de-passo-fundo\/\",\"name\":\"Prefeitura e comunidade celebram maior pacote de investimentos da hist\u00f3ria do interior de Passo Fundo - Secretaria de Agricultura e Desenvolvimento Rural\",\"isPartOf\":{\"@id\":\"https:\/\/www.pmpf.rs.gov.br\/secretaria-de-agricultura-e-desenvolvimento-rural\/#website\"},\"primaryImageOfPage\":{\"@id\":\"https:\/\/www.pmpf.rs.gov.br\/secretaria-de-agricultura-e-desenvolvimento-rural\/2025\/08\/05\/prefeitura-e-comunidade-celebram-maior-pacote-de-investimentos-da-historia-do-interior-de-passo-fundo\/#primaryimage\"},\"image\":{\"@id\":\"https:\/\/www.pmpf.rs.gov.br\/secretaria-de-agricultura-e-desenvolvimento-rural\/2025\/08\/05\/prefeitura-e-comunidade-celebram-maior-pacote-de-investimentos-da-historia-do-interior-de-passo-fundo\/#primaryimage\"},\"thumbnailUrl\":\"https:\/\/www.pmpf.rs.gov.br\/secretaria-de-agricultura-e-desenvolvimento-rural\/wp-content\/uploads\/sites\/5\/2025\/08\/WhatsApp-Image-2025-08-04-at-13.33.40.jpeg\",\"datePublished\":\"2025-08-05T13:40:01+00:00\",\"dateModified\":\"2025-08-05T13:44:39+00:00\",\"author\":{\"@id\":\"https:\/\/www.pmpf.rs.gov.br\/secretaria-de-agricultura-e-desenvolvimento-rural\/#\/schema\/person\/6e93b0ab2174b69f691ac4f278ba2d0a\"},\"inLanguage\":\"pt-BR\",\"potentialAction\":[{\"@type\":\"ReadAction\",\"target\":[\"https:\/\/www.pmpf.rs.gov.br\/secretaria-de-agricultura-e-desenvolvimento-rural\/2025\/08\/05\/prefeitura-e-comunidade-celebram-maior-pacote-de-investimentos-da-historia-do-interior-de-passo-fundo\/\"]}]},{\"@type\":\"ImageObject\",\"inLanguage\":\"pt-BR\",\"@id\":\"https:\/\/www.pmpf.rs.gov.br\/secretaria-de-agricultura-e-desenvolvimento-rural\/2025\/08\/05\/prefeitura-e-comunidade-celebram-maior-pacote-de-investimentos-da-historia-do-interior-de-passo-fundo\/#primaryimage\",\"url\":\"https:\/\/www.pmpf.rs.gov.br\/secretaria-de-agricultura-e-desenvolvimento-rural\/wp-content\/uploads\/sites\/5\/2025\/08\/WhatsApp-Image-2025-08-04-at-13.33.40.jpeg\",\"contentUrl\":\"https:\/\/www.pmpf.rs.gov.br\/secretaria-de-agricultura-e-desenvolvimento-rural\/wp-content\/uploads\/sites\/5\/2025\/08\/WhatsApp-Image-2025-08-04-at-13.33.40.jpeg\",\"width\":1600,\"height\":1066},{\"@type\":\"WebSite\",\"@id\":\"https:\/\/www.pmpf.rs.gov.br\/secretaria-de-agricultura-e-desenvolvimento-rural\/#website\",\"url\":\"https:\/\/www.pmpf.rs.gov.br\/secretaria-de-agricultura-e-desenvolvimento-rural\/\",\"name\":\"Secretaria de Agricultura e Desenvolvimento Rural\",\"description\":\"S\u00f3 mais um site Prefeitura Municipal de Passo Fundo Sites\",\"potentialAction\":[{\"@type\":\"SearchAction\",\"target\":{\"@type\":\"EntryPoint\",\"urlTemplate\":\"https:\/\/www.pmpf.rs.gov.br\/secretaria-de-agricultura-e-desenvolvimento-rural\/?s={search_term_string}\"},\"query-input\":{\"@type\":\"PropertyValueSpecification\",\"valueRequired\":true,\"valueName\":\"search_term_string\"}}],\"inLanguage\":\"pt-BR\"},{\"@type\":\"Person\",\"@id\":\"https:\/\/www.pmpf.rs.gov.br\/secretaria-de-agricultura-e-desenvolvimento-rural\/#\/schema\/person\/6e93b0ab2174b69f691ac4f278ba2d0a\",\"name\":\"lilicrivello\",\"image\":{\"@type\":\"ImageObject\",\"inLanguage\":\"pt-BR\",\"@id\":\"https:\/\/www.pmpf.rs.gov.br\/secretaria-de-agricultura-e-desenvolvimento-rural\/#\/schema\/person\/image\/\",\"url\":\"https:\/\/secure.gravatar.com\/avatar\/0b546b667388f8edb7b67d70a57b5e46?s=96&d=mm&r=g\",\"contentUrl\":\"https:\/\/secure.gravatar.com\/avatar\/0b546b667388f8edb7b67d70a57b5e46?s=96&d=mm&r=g\",\"caption\":\"lilicrivello\"},\"url\":\"https:\/\/www.pmpf.rs.gov.br\/secretaria-de-agricultura-e-desenvolvimento-rural\/author\/lilicrivello\/\"}]}<\/script>\n<!-- \/ Yoast SEO plugin. -->","yoast_head_json":{"title":"Prefeitura e comunidade celebram maior pacote de investimentos da hist\u00f3ria do interior de Passo Fundo - Secretaria de Agricultura e Desenvolvimento Rural","robots":{"index":"index","follow":"follow","max-snippet":"max-snippet:-1","max-image-preview":"max-image-preview:large","max-video-preview":"max-video-preview:-1"},"canonical":"https:\/\/www.pmpf.rs.gov.br\/secretaria-de-agricultura-e-desenvolvimento-rural\/2025\/08\/05\/prefeitura-e-comunidade-celebram-maior-pacote-de-investimentos-da-historia-do-interior-de-passo-fundo\/","og_locale":"pt_BR","og_type":"article","og_title":"Prefeitura e comunidade celebram maior pacote de investimentos da hist\u00f3ria do interior de Passo Fundo - Secretaria de Agricultura e Desenvolvimento Rural","og_description":"Evento ocorreu na comunidade de S\u00e3o Valentim, marcando a conclus\u00e3o do asfalto em 26 pontos e a constru\u00e7\u00e3o de 10 pontes","og_url":"https:\/\/www.pmpf.rs.gov.br\/secretaria-de-agricultura-e-desenvolvimento-rural\/2025\/08\/05\/prefeitura-e-comunidade-celebram-maior-pacote-de-investimentos-da-historia-do-interior-de-passo-fundo\/","og_site_name":"Secretaria de Agricultura e Desenvolvimento Rural","article_published_time":"2025-08-05T13:40:01+00:00","article_modified_time":"2025-08-05T13:44:39+00:00","og_image":[{"width":1600,"height":1066,"url":"https:\/\/www.pmpf.rs.gov.br\/secretaria-de-agricultura-e-desenvolvimento-rural\/wp-content\/uploads\/sites\/5\/2025\/08\/WhatsApp-Image-2025-08-04-at-13.33.40.jpeg","type":"image\/jpeg"}],"author":"lilicrivello","twitter_card":"summary_large_image","twitter_misc":{"Escrito por":"lilicrivello","Est. tempo de leitura":"2 minutos"},"schema":{"@context":"https:\/\/schema.org","@graph":[{"@type":"WebPage","@id":"https:\/\/www.pmpf.rs.gov.br\/secretaria-de-agricultura-e-desenvolvimento-rural\/2025\/08\/05\/prefeitura-e-comunidade-celebram-maior-pacote-de-investimentos-da-historia-do-interior-de-passo-fundo\/","url":"https:\/\/www.pmpf.rs.gov.br\/secretaria-de-agricultura-e-desenvolvimento-rural\/2025\/08\/05\/prefeitura-e-comunidade-celebram-maior-pacote-de-investimentos-da-historia-do-interior-de-passo-fundo\/","name":"Prefeitura e comunidade celebram maior pacote de investimentos da hist\u00f3ria do interior de Passo Fundo - Secretaria de Agricultura e Desenvolvimento Rural","isPartOf":{"@id":"https:\/\/www.pmpf.rs.gov.br\/secretaria-de-agricultura-e-desenvolvimento-rural\/#website"},"primaryImageOfPage":{"@id":"https:\/\/www.pmpf.rs.gov.br\/secretaria-de-agricultura-e-desenvolvimento-rural\/2025\/08\/05\/prefeitura-e-comunidade-celebram-maior-pacote-de-investimentos-da-historia-do-interior-de-passo-fundo\/#primaryimage"},"image":{"@id":"https:\/\/www.pmpf.rs.gov.br\/secretaria-de-agricultura-e-desenvolvimento-rural\/2025\/08\/05\/prefeitura-e-comunidade-celebram-maior-pacote-de-investimentos-da-historia-do-interior-de-passo-fundo\/#primaryimage"},"thumbnailUrl":"https:\/\/www.pmpf.rs.gov.br\/secretaria-de-agricultura-e-desenvolvimento-rural\/wp-content\/uploads\/sites\/5\/2025\/08\/WhatsApp-Image-2025-08-04-at-13.33.40.jpeg","datePublished":"2025-08-05T13:40:01+00:00","dateModified":"2025-08-05T13:44:39+00:00","author":{"@id":"https:\/\/www.pmpf.rs.gov.br\/secretaria-de-agricultura-e-desenvolvimento-rural\/#\/schema\/person\/6e93b0ab2174b69f691ac4f278ba2d0a"},"inLanguage":"pt-BR","potentialAction":[{"@type":"ReadAction","target":["https:\/\/www.pmpf.rs.gov.br\/secretaria-de-agricultura-e-desenvolvimento-rural\/2025\/08\/05\/prefeitura-e-comunidade-celebram-maior-pacote-de-investimentos-da-historia-do-interior-de-passo-fundo\/"]}]},{"@type":"ImageObject","inLanguage":"pt-BR","@id":"https:\/\/www.pmpf.rs.gov.br\/secretaria-de-agricultura-e-desenvolvimento-rural\/2025\/08\/05\/prefeitura-e-comunidade-celebram-maior-pacote-de-investimentos-da-historia-do-interior-de-passo-fundo\/#primaryimage","url":"https:\/\/www.pmpf.rs.gov.br\/secretaria-de-agricultura-e-desenvolvimento-rural\/wp-content\/uploads\/sites\/5\/2025\/08\/WhatsApp-Image-2025-08-04-at-13.33.40.jpeg","contentUrl":"https:\/\/www.pmpf.rs.gov.br\/secretaria-de-agricultura-e-desenvolvimento-rural\/wp-content\/uploads\/sites\/5\/2025\/08\/WhatsApp-Image-2025-08-04-at-13.33.40.jpeg","width":1600,"height":1066},{"@type":"WebSite","@id":"https:\/\/www.pmpf.rs.gov.br\/secretaria-de-agricultura-e-desenvolvimento-rural\/#website","url":"https:\/\/www.pmpf.rs.gov.br\/secretaria-de-agricultura-e-desenvolvimento-rural\/","name":"Secretaria de Agricultura e Desenvolvimento Rural","description":"S\u00f3 mais um site Prefeitura Municipal de Passo Fundo Sites","potentialAction":[{"@type":"SearchAction","target":{"@type":"EntryPoint","urlTemplate":"https:\/\/www.pmpf.rs.gov.br\/secretaria-de-agricultura-e-desenvolvimento-rural\/?s={search_term_string}"},"query-input":{"@type":"PropertyValueSpecification","valueRequired":true,"valueName":"search_term_string"}}],"inLanguage":"pt-BR"},{"@type":"Person","@id":"https:\/\/www.pmpf.rs.gov.br\/secretaria-de-agricultura-e-desenvolvimento-rural\/#\/schema\/person\/6e93b0ab2174b69f691ac4f278ba2d0a","name":"lilicrivello","image":{"@type":"ImageObject","inLanguage":"pt-BR","@id":"https:\/\/www.pmpf.rs.gov.br\/secretaria-de-agricultura-e-desenvolvimento-rural\/#\/schema\/person\/image\/","url":"https:\/\/secure.gravatar.com\/avatar\/0b546b667388f8edb7b67d70a57b5e46?s=96&d=mm&r=g","contentUrl":"https:\/\/secure.gravatar.com\/avatar\/0b546b667388f8edb7b67d70a57b5e46?s=96&d=mm&r=g","caption":"lilicrivello"},"url":"https:\/\/www.pmpf.rs.gov.br\/secretaria-de-agricultura-e-desenvolvimento-rural\/author\/lilicrivello\/"}]}},"_links":{"self":[{"href":"https:\/\/www.pmpf.rs.gov.br\/secretaria-de-agricultura-e-desenvolvimento-rural\/wp-json\/wp\/v2\/posts\/996"}],"collection":[{"href":"https:\/\/www.pmpf.rs.gov.br\/secretaria-de-agricultura-e-desenvolvimento-rural\/wp-json\/wp\/v2\/posts"}],"about":[{"href":"https:\/\/www.pmpf.rs.gov.br\/secretaria-de-agricultura-e-desenvolvimento-rural\/wp-json\/wp\/v2\/types\/post"}],"author":[{"embeddable":true,"href":"https:\/\/www.pmpf.rs.gov.br\/secretaria-de-agricultura-e-desenvolvimento-rural\/wp-json\/wp\/v2\/users\/24"}],"replies":[{"embeddable":true,"href":"https:\/\/www.pmpf.rs.gov.br\/secretaria-de-agricultura-e-desenvolvimento-rural\/wp-json\/wp\/v2\/comments?post=996"}],"version-history":[{"count":2,"href":"https:\/\/www.pmpf.rs.gov.br\/secretaria-de-agricultura-e-desenvolvimento-rural\/wp-json\/wp\/v2\/posts\/996\/revisions"}],"predecessor-version":[{"id":999,"href":"https:\/\/www.pmpf.rs.gov.br\/secretaria-de-agricultura-e-desenvolvimento-rural\/wp-json\/wp\/v2\/posts\/996\/revisions\/999"}],"wp:featuredmedia":[{"embeddable":true,"href":"https:\/\/www.pmpf.rs.gov.br\/secretaria-de-agricultura-e-desenvolvimento-rural\/wp-json\/wp\/v2\/media\/997"}],"wp:attachment":[{"href":"https:\/\/www.pmpf.rs.gov.br\/secretaria-de-agricultura-e-desenvolvimento-rural\/wp-json\/wp\/v2\/media?parent=996"}],"wp:term":[{"taxonomy":"category","embeddable":true,"href":"https:\/\/www.pmpf.rs.gov.br\/secretaria-de-agricultura-e-desenvolvimento-rural\/wp-json\/wp\/v2\/categories?post=996"},{"taxonomy":"post_tag","embeddable":true,"href":"https:\/\/www.pmpf.rs.gov.br\/secretaria-de-agricultura-e-desenvolvimento-rural\/wp-json\/wp\/v2\/tags?post=996"}],"curies":[{"name":"wp","href":"https:\/\/api.w.org\/{rel}","templated":true}]}}