{"id":986,"date":"2025-05-08T11:30:50","date_gmt":"2025-05-08T14:30:50","guid":{"rendered":"https:\/\/www.pmpf.rs.gov.br\/secretaria-de-agricultura-e-desenvolvimento-rural\/?p=986"},"modified":"2025-05-08T11:30:52","modified_gmt":"2025-05-08T14:30:52","slug":"passo-fundo-tem-situacao-de-emergencia-por-estiagem-homologada-pelo-estado-e-reconhecida-pela-uniao","status":"publish","type":"post","link":"https:\/\/www.pmpf.rs.gov.br\/secretaria-de-agricultura-e-desenvolvimento-rural\/2025\/05\/08\/passo-fundo-tem-situacao-de-emergencia-por-estiagem-homologada-pelo-estado-e-reconhecida-pela-uniao\/","title":{"rendered":"Passo Fundo tem situa\u00e7\u00e3o de emerg\u00eancia por estiagem homologada pelo Estado e reconhecida pela Uni\u00e3o"},"content":{"rendered":"\n<p>O Decreto Municipal n\u00ba 29\/2025, que declara Situa\u00e7\u00e3o de Emerg\u00eancia em raz\u00e3o da estiagem em toda a zona rural de Passo Fundo, foi homologado pelo Governo do Estado do Rio Grande do Sul e tamb\u00e9m reconhecido pelo Governo Federal. Os efeitos do decreto retroagem a 11 de mar\u00e7o, com validade de 180 dias.<\/p>\n\n\n\n<p>A homologa\u00e7\u00e3o estadual e o reconhecimento federal confirmam que o munic\u00edpio cumpriu os crit\u00e9rios da Classifica\u00e7\u00e3o e Codifica\u00e7\u00e3o Brasileira de Desastres (COBRADE), o que permite aos produtores rurais o acesso imediato a linhas de cr\u00e9dito emergenciais, renegocia\u00e7\u00e3o de d\u00edvidas e demais pol\u00edticas de apoio. Al\u00e9m disso, possibilita ao munic\u00edpio continuar adotando medidas mitigat\u00f3rias para reduzir os impactos da estiagem e auxiliar na recupera\u00e7\u00e3o da produ\u00e7\u00e3o agropecu\u00e1ria local.<\/p>\n","protected":false},"excerpt":{"rendered":"<p>O Decreto Municipal n\u00ba 29\/2025, que declara Situa\u00e7\u00e3o de Emerg\u00eancia em raz\u00e3o da estiagem em toda a zona rural de Passo Fundo, foi homologado pelo Governo do Estado do Rio Grande do [&hellip;]<\/p>\n","protected":false},"author":24,"featured_media":0,"comment_status":"closed","ping_status":"closed","sticky":false,"template":"","format":"standard","meta":{"footnotes":""},"categories":[1],"tags":[],"class_list":["post-986","post","type-post","status-publish","format-standard","hentry","category-sem-categoria"],"yoast_head":"<!-- This site is optimized with the Yoast SEO plugin v23.8 - https:\/\/yoast.com\/wordpress\/plugins\/seo\/ -->\n<title>Passo Fundo tem situa\u00e7\u00e3o de emerg\u00eancia por estiagem homologada pelo Estado e reconhecida pela Uni\u00e3o - Secretaria de Agricultura e Desenvolvimento Rural<\/title>\n<meta name=\"robots\" content=\"index, follow, max-snippet:-1, max-image-preview:large, max-video-preview:-1\" \/>\n<link rel=\"canonical\" href=\"https:\/\/www.pmpf.rs.gov.br\/secretaria-de-agricultura-e-desenvolvimento-rural\/2025\/05\/08\/passo-fundo-tem-situacao-de-emergencia-por-estiagem-homologada-pelo-estado-e-reconhecida-pela-uniao\/\" \/>\n<meta property=\"og:locale\" content=\"pt_BR\" \/>\n<meta property=\"og:type\" content=\"article\" \/>\n<meta property=\"og:title\" content=\"Passo Fundo tem situa\u00e7\u00e3o de emerg\u00eancia por estiagem homologada pelo Estado e reconhecida pela Uni\u00e3o - Secretaria de Agricultura e Desenvolvimento Rural\" \/>\n<meta property=\"og:description\" content=\"O Decreto Municipal n\u00ba 29\/2025, que declara Situa\u00e7\u00e3o de Emerg\u00eancia em raz\u00e3o da estiagem em toda a zona rural de Passo Fundo, foi homologado pelo Governo do Estado do Rio Grande do [&hellip;]\" \/>\n<meta property=\"og:url\" content=\"https:\/\/www.pmpf.rs.gov.br\/secretaria-de-agricultura-e-desenvolvimento-rural\/2025\/05\/08\/passo-fundo-tem-situacao-de-emergencia-por-estiagem-homologada-pelo-estado-e-reconhecida-pela-uniao\/\" \/>\n<meta property=\"og:site_name\" content=\"Secretaria de Agricultura e Desenvolvimento Rural\" \/>\n<meta property=\"article:published_time\" content=\"2025-05-08T14:30:50+00:00\" \/>\n<meta property=\"article:modified_time\" content=\"2025-05-08T14:30:52+00:00\" \/>\n<meta name=\"author\" content=\"lilicrivello\" \/>\n<meta name=\"twitter:card\" content=\"summary_large_image\" \/>\n<meta name=\"twitter:label1\" content=\"Escrito por\" \/>\n\t<meta name=\"twitter:data1\" content=\"lilicrivello\" \/>\n\t<meta name=\"twitter:label2\" content=\"Est. tempo de leitura\" \/>\n\t<meta name=\"twitter:data2\" content=\"1 minuto\" \/>\n<script type=\"application\/ld+json\" class=\"yoast-schema-graph\">{\"@context\":\"https:\/\/schema.org\",\"@graph\":[{\"@type\":\"WebPage\",\"@id\":\"https:\/\/www.pmpf.rs.gov.br\/secretaria-de-agricultura-e-desenvolvimento-rural\/2025\/05\/08\/passo-fundo-tem-situacao-de-emergencia-por-estiagem-homologada-pelo-estado-e-reconhecida-pela-uniao\/\",\"url\":\"https:\/\/www.pmpf.rs.gov.br\/secretaria-de-agricultura-e-desenvolvimento-rural\/2025\/05\/08\/passo-fundo-tem-situacao-de-emergencia-por-estiagem-homologada-pelo-estado-e-reconhecida-pela-uniao\/\",\"name\":\"Passo Fundo tem situa\u00e7\u00e3o de emerg\u00eancia por estiagem homologada pelo Estado e reconhecida pela Uni\u00e3o - Secretaria de Agricultura e Desenvolvimento Rural\",\"isPartOf\":{\"@id\":\"https:\/\/www.pmpf.rs.gov.br\/secretaria-de-agricultura-e-desenvolvimento-rural\/#website\"},\"datePublished\":\"2025-05-08T14:30:50+00:00\",\"dateModified\":\"2025-05-08T14:30:52+00:00\",\"author\":{\"@id\":\"https:\/\/www.pmpf.rs.gov.br\/secretaria-de-agricultura-e-desenvolvimento-rural\/#\/schema\/person\/6e93b0ab2174b69f691ac4f278ba2d0a\"},\"inLanguage\":\"pt-BR\",\"potentialAction\":[{\"@type\":\"ReadAction\",\"target\":[\"https:\/\/www.pmpf.rs.gov.br\/secretaria-de-agricultura-e-desenvolvimento-rural\/2025\/05\/08\/passo-fundo-tem-situacao-de-emergencia-por-estiagem-homologada-pelo-estado-e-reconhecida-pela-uniao\/\"]}]},{\"@type\":\"WebSite\",\"@id\":\"https:\/\/www.pmpf.rs.gov.br\/secretaria-de-agricultura-e-desenvolvimento-rural\/#website\",\"url\":\"https:\/\/www.pmpf.rs.gov.br\/secretaria-de-agricultura-e-desenvolvimento-rural\/\",\"name\":\"Secretaria de Agricultura e Desenvolvimento Rural\",\"description\":\"S\u00f3 mais um site Prefeitura Municipal de Passo Fundo Sites\",\"potentialAction\":[{\"@type\":\"SearchAction\",\"target\":{\"@type\":\"EntryPoint\",\"urlTemplate\":\"https:\/\/www.pmpf.rs.gov.br\/secretaria-de-agricultura-e-desenvolvimento-rural\/?s={search_term_string}\"},\"query-input\":{\"@type\":\"PropertyValueSpecification\",\"valueRequired\":true,\"valueName\":\"search_term_string\"}}],\"inLanguage\":\"pt-BR\"},{\"@type\":\"Person\",\"@id\":\"https:\/\/www.pmpf.rs.gov.br\/secretaria-de-agricultura-e-desenvolvimento-rural\/#\/schema\/person\/6e93b0ab2174b69f691ac4f278ba2d0a\",\"name\":\"lilicrivello\",\"image\":{\"@type\":\"ImageObject\",\"inLanguage\":\"pt-BR\",\"@id\":\"https:\/\/www.pmpf.rs.gov.br\/secretaria-de-agricultura-e-desenvolvimento-rural\/#\/schema\/person\/image\/\",\"url\":\"https:\/\/secure.gravatar.com\/avatar\/0b546b667388f8edb7b67d70a57b5e46?s=96&d=mm&r=g\",\"contentUrl\":\"https:\/\/secure.gravatar.com\/avatar\/0b546b667388f8edb7b67d70a57b5e46?s=96&d=mm&r=g\",\"caption\":\"lilicrivello\"},\"url\":\"https:\/\/www.pmpf.rs.gov.br\/secretaria-de-agricultura-e-desenvolvimento-rural\/author\/lilicrivello\/\"}]}<\/script>\n<!-- \/ Yoast SEO plugin. -->","yoast_head_json":{"title":"Passo Fundo tem situa\u00e7\u00e3o de emerg\u00eancia por estiagem homologada pelo Estado e reconhecida pela Uni\u00e3o - Secretaria de Agricultura e Desenvolvimento Rural","robots":{"index":"index","follow":"follow","max-snippet":"max-snippet:-1","max-image-preview":"max-image-preview:large","max-video-preview":"max-video-preview:-1"},"canonical":"https:\/\/www.pmpf.rs.gov.br\/secretaria-de-agricultura-e-desenvolvimento-rural\/2025\/05\/08\/passo-fundo-tem-situacao-de-emergencia-por-estiagem-homologada-pelo-estado-e-reconhecida-pela-uniao\/","og_locale":"pt_BR","og_type":"article","og_title":"Passo Fundo tem situa\u00e7\u00e3o de emerg\u00eancia por estiagem homologada pelo Estado e reconhecida pela Uni\u00e3o - Secretaria de Agricultura e Desenvolvimento Rural","og_description":"O Decreto Municipal n\u00ba 29\/2025, que declara Situa\u00e7\u00e3o de Emerg\u00eancia em raz\u00e3o da estiagem em toda a zona rural de Passo Fundo, foi homologado pelo Governo do Estado do Rio Grande do [&hellip;]","og_url":"https:\/\/www.pmpf.rs.gov.br\/secretaria-de-agricultura-e-desenvolvimento-rural\/2025\/05\/08\/passo-fundo-tem-situacao-de-emergencia-por-estiagem-homologada-pelo-estado-e-reconhecida-pela-uniao\/","og_site_name":"Secretaria de Agricultura e Desenvolvimento Rural","article_published_time":"2025-05-08T14:30:50+00:00","article_modified_time":"2025-05-08T14:30:52+00:00","author":"lilicrivello","twitter_card":"summary_large_image","twitter_misc":{"Escrito por":"lilicrivello","Est. tempo de leitura":"1 minuto"},"schema":{"@context":"https:\/\/schema.org","@graph":[{"@type":"WebPage","@id":"https:\/\/www.pmpf.rs.gov.br\/secretaria-de-agricultura-e-desenvolvimento-rural\/2025\/05\/08\/passo-fundo-tem-situacao-de-emergencia-por-estiagem-homologada-pelo-estado-e-reconhecida-pela-uniao\/","url":"https:\/\/www.pmpf.rs.gov.br\/secretaria-de-agricultura-e-desenvolvimento-rural\/2025\/05\/08\/passo-fundo-tem-situacao-de-emergencia-por-estiagem-homologada-pelo-estado-e-reconhecida-pela-uniao\/","name":"Passo Fundo tem situa\u00e7\u00e3o de emerg\u00eancia por estiagem homologada pelo Estado e reconhecida pela Uni\u00e3o - Secretaria de Agricultura e Desenvolvimento Rural","isPartOf":{"@id":"https:\/\/www.pmpf.rs.gov.br\/secretaria-de-agricultura-e-desenvolvimento-rural\/#website"},"datePublished":"2025-05-08T14:30:50+00:00","dateModified":"2025-05-08T14:30:52+00:00","author":{"@id":"https:\/\/www.pmpf.rs.gov.br\/secretaria-de-agricultura-e-desenvolvimento-rural\/#\/schema\/person\/6e93b0ab2174b69f691ac4f278ba2d0a"},"inLanguage":"pt-BR","potentialAction":[{"@type":"ReadAction","target":["https:\/\/www.pmpf.rs.gov.br\/secretaria-de-agricultura-e-desenvolvimento-rural\/2025\/05\/08\/passo-fundo-tem-situacao-de-emergencia-por-estiagem-homologada-pelo-estado-e-reconhecida-pela-uniao\/"]}]},{"@type":"WebSite","@id":"https:\/\/www.pmpf.rs.gov.br\/secretaria-de-agricultura-e-desenvolvimento-rural\/#website","url":"https:\/\/www.pmpf.rs.gov.br\/secretaria-de-agricultura-e-desenvolvimento-rural\/","name":"Secretaria de Agricultura e Desenvolvimento Rural","description":"S\u00f3 mais um site Prefeitura Municipal de Passo Fundo Sites","potentialAction":[{"@type":"SearchAction","target":{"@type":"EntryPoint","urlTemplate":"https:\/\/www.pmpf.rs.gov.br\/secretaria-de-agricultura-e-desenvolvimento-rural\/?s={search_term_string}"},"query-input":{"@type":"PropertyValueSpecification","valueRequired":true,"valueName":"search_term_string"}}],"inLanguage":"pt-BR"},{"@type":"Person","@id":"https:\/\/www.pmpf.rs.gov.br\/secretaria-de-agricultura-e-desenvolvimento-rural\/#\/schema\/person\/6e93b0ab2174b69f691ac4f278ba2d0a","name":"lilicrivello","image":{"@type":"ImageObject","inLanguage":"pt-BR","@id":"https:\/\/www.pmpf.rs.gov.br\/secretaria-de-agricultura-e-desenvolvimento-rural\/#\/schema\/person\/image\/","url":"https:\/\/secure.gravatar.com\/avatar\/0b546b667388f8edb7b67d70a57b5e46?s=96&d=mm&r=g","contentUrl":"https:\/\/secure.gravatar.com\/avatar\/0b546b667388f8edb7b67d70a57b5e46?s=96&d=mm&r=g","caption":"lilicrivello"},"url":"https:\/\/www.pmpf.rs.gov.br\/secretaria-de-agricultura-e-desenvolvimento-rural\/author\/lilicrivello\/"}]}},"_links":{"self":[{"href":"https:\/\/www.pmpf.rs.gov.br\/secretaria-de-agricultura-e-desenvolvimento-rural\/wp-json\/wp\/v2\/posts\/986"}],"collection":[{"href":"https:\/\/www.pmpf.rs.gov.br\/secretaria-de-agricultura-e-desenvolvimento-rural\/wp-json\/wp\/v2\/posts"}],"about":[{"href":"https:\/\/www.pmpf.rs.gov.br\/secretaria-de-agricultura-e-desenvolvimento-rural\/wp-json\/wp\/v2\/types\/post"}],"author":[{"embeddable":true,"href":"https:\/\/www.pmpf.rs.gov.br\/secretaria-de-agricultura-e-desenvolvimento-rural\/wp-json\/wp\/v2\/users\/24"}],"replies":[{"embeddable":true,"href":"https:\/\/www.pmpf.rs.gov.br\/secretaria-de-agricultura-e-desenvolvimento-rural\/wp-json\/wp\/v2\/comments?post=986"}],"version-history":[{"count":1,"href":"https:\/\/www.pmpf.rs.gov.br\/secretaria-de-agricultura-e-desenvolvimento-rural\/wp-json\/wp\/v2\/posts\/986\/revisions"}],"predecessor-version":[{"id":987,"href":"https:\/\/www.pmpf.rs.gov.br\/secretaria-de-agricultura-e-desenvolvimento-rural\/wp-json\/wp\/v2\/posts\/986\/revisions\/987"}],"wp:attachment":[{"href":"https:\/\/www.pmpf.rs.gov.br\/secretaria-de-agricultura-e-desenvolvimento-rural\/wp-json\/wp\/v2\/media?parent=986"}],"wp:term":[{"taxonomy":"category","embeddable":true,"href":"https:\/\/www.pmpf.rs.gov.br\/secretaria-de-agricultura-e-desenvolvimento-rural\/wp-json\/wp\/v2\/categories?post=986"},{"taxonomy":"post_tag","embeddable":true,"href":"https:\/\/www.pmpf.rs.gov.br\/secretaria-de-agricultura-e-desenvolvimento-rural\/wp-json\/wp\/v2\/tags?post=986"}],"curies":[{"name":"wp","href":"https:\/\/api.w.org\/{rel}","templated":true}]}}