{"id":953,"date":"2025-04-25T11:26:49","date_gmt":"2025-04-25T14:26:49","guid":{"rendered":"https:\/\/www.pmpf.rs.gov.br\/secretaria-de-agricultura-e-desenvolvimento-rural\/?p=953"},"modified":"2025-04-25T11:26:51","modified_gmt":"2025-04-25T14:26:51","slug":"movimento-aereo-de-passo-fundo-cresce-em-relacao-a-2019-e-reforca-papel-como-polo-regional","status":"publish","type":"post","link":"https:\/\/www.pmpf.rs.gov.br\/secretaria-de-agricultura-e-desenvolvimento-rural\/2025\/04\/25\/movimento-aereo-de-passo-fundo-cresce-em-relacao-a-2019-e-reforca-papel-como-polo-regional\/","title":{"rendered":"Movimento a\u00e9reo de Passo Fundo cresce em rela\u00e7\u00e3o a 2019 e refor\u00e7a papel como polo regional"},"content":{"rendered":"\n<p>A Prefeitura de Passo Fundo divulga os dados atualizados sobre o movimento a\u00e9reo no munic\u00edpio, que apontam um crescimento significativo em rela\u00e7\u00e3o a 2019 e refor\u00e7am a posi\u00e7\u00e3o estrat\u00e9gica da cidade na avia\u00e7\u00e3o regional do Rio Grande do Sul. Segundo o painel de indicadores da Secretaria Nacional de Avia\u00e7\u00e3o Civil, o Aeroporto Lauro Kortz registrou 302 voos e transportou 20.046 passageiros em mar\u00e7o de 2025.<\/p>\n\n\n\n<p>Os n\u00fameros apresentam uma evolu\u00e7\u00e3o expressiva se comparados ao mesmo per\u00edodo de 2019, com aumento de 52,46% nos voos e de 81,57% no transporte de passageiros. A diferen\u00e7a reflete o avan\u00e7o estrutural da cidade e o fortalecimento da avia\u00e7\u00e3o regional.<\/p>\n\n\n\n<p>Esse crescimento est\u00e1 diretamente ligado \u00e0s a\u00e7\u00f5es realizadas pela Prefeitura para qualificar a estrutura do aeroporto. Nos \u00faltimos anos, foram promovidas melhorias no estacionamento, com amplia\u00e7\u00e3o e requalifica\u00e7\u00e3o da \u00e1rea de acesso; refor\u00e7o na seguran\u00e7a, com opera\u00e7\u00f5es de fiscaliza\u00e7\u00e3o realizadas no terminal, instala\u00e7\u00e3o de c\u00e2meras de videomonitoramento; e articula\u00e7\u00f5es junto ao Governo do Estado e Federal para destravar investimentos em infraestrutura, como o novo terminal de passageiros, que teve sua estrutura finalizada em 2023.<\/p>\n\n\n\n<p>Para o secret\u00e1rio de Desenvolvimento Econ\u00f4mico, Adolfo de Freitas, os indicadores refor\u00e7am o papel que Passo Fundo vem desempenhando como polo de desenvolvimento.&nbsp; \u201c\u00c9 evidente que a avia\u00e7\u00e3o em Passo Fundo atingiu um novo patamar. Esse crescimento consistente em rela\u00e7\u00e3o a 2019 mostra o quanto o munic\u00edpio vem ganhando relev\u00e2ncia e conectividade. Isso \u00e9 resultado direto de investimentos em infraestrutura, no setor produtivo e na gera\u00e7\u00e3o de neg\u00f3cios\u201d, destacou o secret\u00e1rio.<\/p>\n\n\n\n<p>Com localiza\u00e7\u00e3o estrat\u00e9gica, Passo Fundo atende uma ampla regi\u00e3o do norte e noroeste do estado, sendo refer\u00eancia em servi\u00e7os e conex\u00f5es para diferentes \u00e1reas. A an\u00e1lise do relat\u00f3rio nacional aponta que a tend\u00eancia para 2025 \u00e9 de estabiliza\u00e7\u00e3o e retomada gradativa do setor a\u00e9reo, acompanhando o crescimento do mercado dom\u00e9stico.<\/p>\n","protected":false},"excerpt":{"rendered":"<p>A Prefeitura de Passo Fundo divulga os dados atualizados sobre o movimento a\u00e9reo no munic\u00edpio, que apontam um crescimento significativo em rela\u00e7\u00e3o a 2019 e refor\u00e7am a posi\u00e7\u00e3o estrat\u00e9gica da cidade na [&hellip;]<\/p>\n","protected":false},"author":24,"featured_media":954,"comment_status":"closed","ping_status":"closed","sticky":false,"template":"","format":"standard","meta":{"footnotes":""},"categories":[1],"tags":[],"class_list":["post-953","post","type-post","status-publish","format-standard","has-post-thumbnail","hentry","category-sem-categoria"],"yoast_head":"<!-- This site is optimized with the Yoast SEO plugin v23.8 - https:\/\/yoast.com\/wordpress\/plugins\/seo\/ -->\n<title>Movimento a\u00e9reo de Passo Fundo cresce em rela\u00e7\u00e3o a 2019 e refor\u00e7a papel como polo regional - Secretaria de Agricultura e Desenvolvimento Rural<\/title>\n<meta name=\"robots\" content=\"index, follow, max-snippet:-1, max-image-preview:large, max-video-preview:-1\" \/>\n<link rel=\"canonical\" href=\"https:\/\/www.pmpf.rs.gov.br\/secretaria-de-agricultura-e-desenvolvimento-rural\/2025\/04\/25\/movimento-aereo-de-passo-fundo-cresce-em-relacao-a-2019-e-reforca-papel-como-polo-regional\/\" \/>\n<meta property=\"og:locale\" content=\"pt_BR\" \/>\n<meta property=\"og:type\" content=\"article\" \/>\n<meta property=\"og:title\" content=\"Movimento a\u00e9reo de Passo Fundo cresce em rela\u00e7\u00e3o a 2019 e refor\u00e7a papel como polo regional - Secretaria de Agricultura e Desenvolvimento Rural\" \/>\n<meta property=\"og:description\" content=\"A Prefeitura de Passo Fundo divulga os dados atualizados sobre o movimento a\u00e9reo no munic\u00edpio, que apontam um crescimento significativo em rela\u00e7\u00e3o a 2019 e refor\u00e7am a posi\u00e7\u00e3o estrat\u00e9gica da cidade na [&hellip;]\" \/>\n<meta property=\"og:url\" content=\"https:\/\/www.pmpf.rs.gov.br\/secretaria-de-agricultura-e-desenvolvimento-rural\/2025\/04\/25\/movimento-aereo-de-passo-fundo-cresce-em-relacao-a-2019-e-reforca-papel-como-polo-regional\/\" \/>\n<meta property=\"og:site_name\" content=\"Secretaria de Agricultura e Desenvolvimento Rural\" \/>\n<meta property=\"article:published_time\" content=\"2025-04-25T14:26:49+00:00\" \/>\n<meta property=\"article:modified_time\" content=\"2025-04-25T14:26:51+00:00\" \/>\n<meta name=\"author\" content=\"lilicrivello\" \/>\n<meta name=\"twitter:card\" content=\"summary_large_image\" \/>\n<meta name=\"twitter:label1\" content=\"Escrito por\" \/>\n\t<meta name=\"twitter:data1\" content=\"lilicrivello\" \/>\n\t<meta name=\"twitter:label2\" content=\"Est. tempo de leitura\" \/>\n\t<meta name=\"twitter:data2\" content=\"2 minutos\" \/>\n<script type=\"application\/ld+json\" class=\"yoast-schema-graph\">{\"@context\":\"https:\/\/schema.org\",\"@graph\":[{\"@type\":\"WebPage\",\"@id\":\"https:\/\/www.pmpf.rs.gov.br\/secretaria-de-agricultura-e-desenvolvimento-rural\/2025\/04\/25\/movimento-aereo-de-passo-fundo-cresce-em-relacao-a-2019-e-reforca-papel-como-polo-regional\/\",\"url\":\"https:\/\/www.pmpf.rs.gov.br\/secretaria-de-agricultura-e-desenvolvimento-rural\/2025\/04\/25\/movimento-aereo-de-passo-fundo-cresce-em-relacao-a-2019-e-reforca-papel-como-polo-regional\/\",\"name\":\"Movimento a\u00e9reo de Passo Fundo cresce em rela\u00e7\u00e3o a 2019 e refor\u00e7a papel como polo regional - Secretaria de Agricultura e Desenvolvimento Rural\",\"isPartOf\":{\"@id\":\"https:\/\/www.pmpf.rs.gov.br\/secretaria-de-agricultura-e-desenvolvimento-rural\/#website\"},\"primaryImageOfPage\":{\"@id\":\"https:\/\/www.pmpf.rs.gov.br\/secretaria-de-agricultura-e-desenvolvimento-rural\/2025\/04\/25\/movimento-aereo-de-passo-fundo-cresce-em-relacao-a-2019-e-reforca-papel-como-polo-regional\/#primaryimage\"},\"image\":{\"@id\":\"https:\/\/www.pmpf.rs.gov.br\/secretaria-de-agricultura-e-desenvolvimento-rural\/2025\/04\/25\/movimento-aereo-de-passo-fundo-cresce-em-relacao-a-2019-e-reforca-papel-como-polo-regional\/#primaryimage\"},\"thumbnailUrl\":\"https:\/\/www.pmpf.rs.gov.br\/secretaria-de-agricultura-e-desenvolvimento-rural\/wp-content\/uploads\/sites\/5\/2025\/04\/WhatsApp-Image-2025-04-25-at-11.25.28.jpeg\",\"datePublished\":\"2025-04-25T14:26:49+00:00\",\"dateModified\":\"2025-04-25T14:26:51+00:00\",\"author\":{\"@id\":\"https:\/\/www.pmpf.rs.gov.br\/secretaria-de-agricultura-e-desenvolvimento-rural\/#\/schema\/person\/6e93b0ab2174b69f691ac4f278ba2d0a\"},\"inLanguage\":\"pt-BR\",\"potentialAction\":[{\"@type\":\"ReadAction\",\"target\":[\"https:\/\/www.pmpf.rs.gov.br\/secretaria-de-agricultura-e-desenvolvimento-rural\/2025\/04\/25\/movimento-aereo-de-passo-fundo-cresce-em-relacao-a-2019-e-reforca-papel-como-polo-regional\/\"]}]},{\"@type\":\"ImageObject\",\"inLanguage\":\"pt-BR\",\"@id\":\"https:\/\/www.pmpf.rs.gov.br\/secretaria-de-agricultura-e-desenvolvimento-rural\/2025\/04\/25\/movimento-aereo-de-passo-fundo-cresce-em-relacao-a-2019-e-reforca-papel-como-polo-regional\/#primaryimage\",\"url\":\"https:\/\/www.pmpf.rs.gov.br\/secretaria-de-agricultura-e-desenvolvimento-rural\/wp-content\/uploads\/sites\/5\/2025\/04\/WhatsApp-Image-2025-04-25-at-11.25.28.jpeg\",\"contentUrl\":\"https:\/\/www.pmpf.rs.gov.br\/secretaria-de-agricultura-e-desenvolvimento-rural\/wp-content\/uploads\/sites\/5\/2025\/04\/WhatsApp-Image-2025-04-25-at-11.25.28.jpeg\",\"width\":1023,\"height\":682},{\"@type\":\"WebSite\",\"@id\":\"https:\/\/www.pmpf.rs.gov.br\/secretaria-de-agricultura-e-desenvolvimento-rural\/#website\",\"url\":\"https:\/\/www.pmpf.rs.gov.br\/secretaria-de-agricultura-e-desenvolvimento-rural\/\",\"name\":\"Secretaria de Agricultura e Desenvolvimento Rural\",\"description\":\"S\u00f3 mais um site Prefeitura Municipal de Passo Fundo Sites\",\"potentialAction\":[{\"@type\":\"SearchAction\",\"target\":{\"@type\":\"EntryPoint\",\"urlTemplate\":\"https:\/\/www.pmpf.rs.gov.br\/secretaria-de-agricultura-e-desenvolvimento-rural\/?s={search_term_string}\"},\"query-input\":{\"@type\":\"PropertyValueSpecification\",\"valueRequired\":true,\"valueName\":\"search_term_string\"}}],\"inLanguage\":\"pt-BR\"},{\"@type\":\"Person\",\"@id\":\"https:\/\/www.pmpf.rs.gov.br\/secretaria-de-agricultura-e-desenvolvimento-rural\/#\/schema\/person\/6e93b0ab2174b69f691ac4f278ba2d0a\",\"name\":\"lilicrivello\",\"image\":{\"@type\":\"ImageObject\",\"inLanguage\":\"pt-BR\",\"@id\":\"https:\/\/www.pmpf.rs.gov.br\/secretaria-de-agricultura-e-desenvolvimento-rural\/#\/schema\/person\/image\/\",\"url\":\"https:\/\/secure.gravatar.com\/avatar\/0b546b667388f8edb7b67d70a57b5e46?s=96&d=mm&r=g\",\"contentUrl\":\"https:\/\/secure.gravatar.com\/avatar\/0b546b667388f8edb7b67d70a57b5e46?s=96&d=mm&r=g\",\"caption\":\"lilicrivello\"},\"url\":\"https:\/\/www.pmpf.rs.gov.br\/secretaria-de-agricultura-e-desenvolvimento-rural\/author\/lilicrivello\/\"}]}<\/script>\n<!-- \/ Yoast SEO plugin. -->","yoast_head_json":{"title":"Movimento a\u00e9reo de Passo Fundo cresce em rela\u00e7\u00e3o a 2019 e refor\u00e7a papel como polo regional - Secretaria de Agricultura e Desenvolvimento Rural","robots":{"index":"index","follow":"follow","max-snippet":"max-snippet:-1","max-image-preview":"max-image-preview:large","max-video-preview":"max-video-preview:-1"},"canonical":"https:\/\/www.pmpf.rs.gov.br\/secretaria-de-agricultura-e-desenvolvimento-rural\/2025\/04\/25\/movimento-aereo-de-passo-fundo-cresce-em-relacao-a-2019-e-reforca-papel-como-polo-regional\/","og_locale":"pt_BR","og_type":"article","og_title":"Movimento a\u00e9reo de Passo Fundo cresce em rela\u00e7\u00e3o a 2019 e refor\u00e7a papel como polo regional - Secretaria de Agricultura e Desenvolvimento Rural","og_description":"A Prefeitura de Passo Fundo divulga os dados atualizados sobre o movimento a\u00e9reo no munic\u00edpio, que apontam um crescimento significativo em rela\u00e7\u00e3o a 2019 e refor\u00e7am a posi\u00e7\u00e3o estrat\u00e9gica da cidade na [&hellip;]","og_url":"https:\/\/www.pmpf.rs.gov.br\/secretaria-de-agricultura-e-desenvolvimento-rural\/2025\/04\/25\/movimento-aereo-de-passo-fundo-cresce-em-relacao-a-2019-e-reforca-papel-como-polo-regional\/","og_site_name":"Secretaria de Agricultura e Desenvolvimento Rural","article_published_time":"2025-04-25T14:26:49+00:00","article_modified_time":"2025-04-25T14:26:51+00:00","author":"lilicrivello","twitter_card":"summary_large_image","twitter_misc":{"Escrito por":"lilicrivello","Est. tempo de leitura":"2 minutos"},"schema":{"@context":"https:\/\/schema.org","@graph":[{"@type":"WebPage","@id":"https:\/\/www.pmpf.rs.gov.br\/secretaria-de-agricultura-e-desenvolvimento-rural\/2025\/04\/25\/movimento-aereo-de-passo-fundo-cresce-em-relacao-a-2019-e-reforca-papel-como-polo-regional\/","url":"https:\/\/www.pmpf.rs.gov.br\/secretaria-de-agricultura-e-desenvolvimento-rural\/2025\/04\/25\/movimento-aereo-de-passo-fundo-cresce-em-relacao-a-2019-e-reforca-papel-como-polo-regional\/","name":"Movimento a\u00e9reo de Passo Fundo cresce em rela\u00e7\u00e3o a 2019 e refor\u00e7a papel como polo regional - Secretaria de Agricultura e Desenvolvimento Rural","isPartOf":{"@id":"https:\/\/www.pmpf.rs.gov.br\/secretaria-de-agricultura-e-desenvolvimento-rural\/#website"},"primaryImageOfPage":{"@id":"https:\/\/www.pmpf.rs.gov.br\/secretaria-de-agricultura-e-desenvolvimento-rural\/2025\/04\/25\/movimento-aereo-de-passo-fundo-cresce-em-relacao-a-2019-e-reforca-papel-como-polo-regional\/#primaryimage"},"image":{"@id":"https:\/\/www.pmpf.rs.gov.br\/secretaria-de-agricultura-e-desenvolvimento-rural\/2025\/04\/25\/movimento-aereo-de-passo-fundo-cresce-em-relacao-a-2019-e-reforca-papel-como-polo-regional\/#primaryimage"},"thumbnailUrl":"https:\/\/www.pmpf.rs.gov.br\/secretaria-de-agricultura-e-desenvolvimento-rural\/wp-content\/uploads\/sites\/5\/2025\/04\/WhatsApp-Image-2025-04-25-at-11.25.28.jpeg","datePublished":"2025-04-25T14:26:49+00:00","dateModified":"2025-04-25T14:26:51+00:00","author":{"@id":"https:\/\/www.pmpf.rs.gov.br\/secretaria-de-agricultura-e-desenvolvimento-rural\/#\/schema\/person\/6e93b0ab2174b69f691ac4f278ba2d0a"},"inLanguage":"pt-BR","potentialAction":[{"@type":"ReadAction","target":["https:\/\/www.pmpf.rs.gov.br\/secretaria-de-agricultura-e-desenvolvimento-rural\/2025\/04\/25\/movimento-aereo-de-passo-fundo-cresce-em-relacao-a-2019-e-reforca-papel-como-polo-regional\/"]}]},{"@type":"ImageObject","inLanguage":"pt-BR","@id":"https:\/\/www.pmpf.rs.gov.br\/secretaria-de-agricultura-e-desenvolvimento-rural\/2025\/04\/25\/movimento-aereo-de-passo-fundo-cresce-em-relacao-a-2019-e-reforca-papel-como-polo-regional\/#primaryimage","url":"https:\/\/www.pmpf.rs.gov.br\/secretaria-de-agricultura-e-desenvolvimento-rural\/wp-content\/uploads\/sites\/5\/2025\/04\/WhatsApp-Image-2025-04-25-at-11.25.28.jpeg","contentUrl":"https:\/\/www.pmpf.rs.gov.br\/secretaria-de-agricultura-e-desenvolvimento-rural\/wp-content\/uploads\/sites\/5\/2025\/04\/WhatsApp-Image-2025-04-25-at-11.25.28.jpeg","width":1023,"height":682},{"@type":"WebSite","@id":"https:\/\/www.pmpf.rs.gov.br\/secretaria-de-agricultura-e-desenvolvimento-rural\/#website","url":"https:\/\/www.pmpf.rs.gov.br\/secretaria-de-agricultura-e-desenvolvimento-rural\/","name":"Secretaria de Agricultura e Desenvolvimento Rural","description":"S\u00f3 mais um site Prefeitura Municipal de Passo Fundo Sites","potentialAction":[{"@type":"SearchAction","target":{"@type":"EntryPoint","urlTemplate":"https:\/\/www.pmpf.rs.gov.br\/secretaria-de-agricultura-e-desenvolvimento-rural\/?s={search_term_string}"},"query-input":{"@type":"PropertyValueSpecification","valueRequired":true,"valueName":"search_term_string"}}],"inLanguage":"pt-BR"},{"@type":"Person","@id":"https:\/\/www.pmpf.rs.gov.br\/secretaria-de-agricultura-e-desenvolvimento-rural\/#\/schema\/person\/6e93b0ab2174b69f691ac4f278ba2d0a","name":"lilicrivello","image":{"@type":"ImageObject","inLanguage":"pt-BR","@id":"https:\/\/www.pmpf.rs.gov.br\/secretaria-de-agricultura-e-desenvolvimento-rural\/#\/schema\/person\/image\/","url":"https:\/\/secure.gravatar.com\/avatar\/0b546b667388f8edb7b67d70a57b5e46?s=96&d=mm&r=g","contentUrl":"https:\/\/secure.gravatar.com\/avatar\/0b546b667388f8edb7b67d70a57b5e46?s=96&d=mm&r=g","caption":"lilicrivello"},"url":"https:\/\/www.pmpf.rs.gov.br\/secretaria-de-agricultura-e-desenvolvimento-rural\/author\/lilicrivello\/"}]}},"_links":{"self":[{"href":"https:\/\/www.pmpf.rs.gov.br\/secretaria-de-agricultura-e-desenvolvimento-rural\/wp-json\/wp\/v2\/posts\/953"}],"collection":[{"href":"https:\/\/www.pmpf.rs.gov.br\/secretaria-de-agricultura-e-desenvolvimento-rural\/wp-json\/wp\/v2\/posts"}],"about":[{"href":"https:\/\/www.pmpf.rs.gov.br\/secretaria-de-agricultura-e-desenvolvimento-rural\/wp-json\/wp\/v2\/types\/post"}],"author":[{"embeddable":true,"href":"https:\/\/www.pmpf.rs.gov.br\/secretaria-de-agricultura-e-desenvolvimento-rural\/wp-json\/wp\/v2\/users\/24"}],"replies":[{"embeddable":true,"href":"https:\/\/www.pmpf.rs.gov.br\/secretaria-de-agricultura-e-desenvolvimento-rural\/wp-json\/wp\/v2\/comments?post=953"}],"version-history":[{"count":1,"href":"https:\/\/www.pmpf.rs.gov.br\/secretaria-de-agricultura-e-desenvolvimento-rural\/wp-json\/wp\/v2\/posts\/953\/revisions"}],"predecessor-version":[{"id":955,"href":"https:\/\/www.pmpf.rs.gov.br\/secretaria-de-agricultura-e-desenvolvimento-rural\/wp-json\/wp\/v2\/posts\/953\/revisions\/955"}],"wp:featuredmedia":[{"embeddable":true,"href":"https:\/\/www.pmpf.rs.gov.br\/secretaria-de-agricultura-e-desenvolvimento-rural\/wp-json\/wp\/v2\/media\/954"}],"wp:attachment":[{"href":"https:\/\/www.pmpf.rs.gov.br\/secretaria-de-agricultura-e-desenvolvimento-rural\/wp-json\/wp\/v2\/media?parent=953"}],"wp:term":[{"taxonomy":"category","embeddable":true,"href":"https:\/\/www.pmpf.rs.gov.br\/secretaria-de-agricultura-e-desenvolvimento-rural\/wp-json\/wp\/v2\/categories?post=953"},{"taxonomy":"post_tag","embeddable":true,"href":"https:\/\/www.pmpf.rs.gov.br\/secretaria-de-agricultura-e-desenvolvimento-rural\/wp-json\/wp\/v2\/tags?post=953"}],"curies":[{"name":"wp","href":"https:\/\/api.w.org\/{rel}","templated":true}]}}