{"id":865,"date":"2024-03-12T10:39:54","date_gmt":"2024-03-12T13:39:54","guid":{"rendered":"https:\/\/www.pmpf.rs.gov.br\/secretaria-de-agricultura-e-desenvolvimento-rural\/?p=865"},"modified":"2024-03-12T10:39:55","modified_gmt":"2024-03-12T13:39:55","slug":"prefeitura-e-sebrae-oferecem-treinamento-a-pequenos-produtores","status":"publish","type":"post","link":"https:\/\/www.pmpf.rs.gov.br\/secretaria-de-agricultura-e-desenvolvimento-rural\/2024\/03\/12\/prefeitura-e-sebrae-oferecem-treinamento-a-pequenos-produtores\/","title":{"rendered":"Prefeitura e Sebrae oferecem treinamento a pequenos produtores"},"content":{"rendered":"\n<p>A Prefeitura de Passo Fundo por meio da Secretaria Municipal de Agricultura e Desenvolvimento Rural (SMADER), em parceria com Sebrae, realizar\u00e1 a pr\u00f3xima etapa de a\u00e7\u00f5es do projeto de fomento \u00e0 agricultura no munic\u00edpio, focada no desenvolvimento sustent\u00e1vel de setores como hortifruticultura, leite, agroind\u00fastrias e realiza\u00e7\u00e3o de pesquisas diagn\u00f3sticas.<br><br>O treinamento, com dura\u00e7\u00e3o de 12 meses, pretende impulsionar as atividades produtivas dos produtores contemplados, al\u00e9m de oferecer consultoria e capacita\u00e7\u00e3o produtiva dos agricultores locais. O programa conta com o apoio, tamb\u00e9m, do Sindicato dos Trabalhadores Rurais, Emater e Feira do Produtor.<br><br>Conforme o secret\u00e1rio de Agricultura e Desenvolvimento Rural, Cristiam Thans, a nova fase do programa \u00e9 direcionada aos setores de hortifruticultura e leiteiro. \u201cOs agricultores interessados devem realizar a inscri\u00e7\u00e3o at\u00e9 o dia 15 deste m\u00eas, para ingressarem nessa programa\u00e7\u00e3o direcionada aos seus setores\u201d, diz Thans.<br><br>No setor de hortifruticultura, ser\u00e3o 25 propriedades do segmento, que receber\u00e3o capacita\u00e7\u00e3o como em processos produtivos, rastreabilidade e vendas com consultoria de culturas produtivas, palestra sobre produ\u00e7\u00e3o de hortifruticultura, rastreabilidades e estrat\u00e9gias de vendas. No quesito de pecu\u00e1ria leiteira, a capacita\u00e7\u00e3o ser\u00e1 para 15 propriedades rurais deste segmento, com a\u00e7\u00f5es de produ\u00e7\u00e3o de leite, manejo de pastagens, conserva\u00e7\u00e3o de solo, nutri\u00e7\u00e3o e dieta dos animais.<br><br>Tamb\u00e9m ser\u00e1 realizada a Avalia\u00e7\u00e3o da Sustentabilidade de Sistemas Agr\u00edcolas e Alimentares, Safa, que utiliza uma metodologia reconhecida internacionalmente. A execu\u00e7\u00e3o de consultoria da Safa consiste na visita t\u00e9cnica \u00e0 propriedade e realiza\u00e7\u00e3o de entrevista com produtor para coletar informa\u00e7\u00f5es. Ap\u00f3s ser\u00e3o realizadas atividades relacionadas a compila\u00e7\u00e3o das informa\u00e7\u00f5es, an\u00e1lise dos dados e elabora\u00e7\u00e3o do relat\u00f3rio t\u00e9cnico.<br><br>\u201cHaver\u00e1 uma abordagem por meio do levantamento e an\u00e1lise de indicadores com avalia\u00e7\u00e3o de caracteriza\u00e7\u00e3o da propriedade, aplica\u00e7\u00e3o da ferramenta Safa e an\u00e1lise detalhada com base nos dados fornecidos\u201d, destacou o secret\u00e1rio.<br><br>Os produtores interessados em fazerem a inscri\u00e7\u00e3o podem entrar em contato com a Secretaria Municipal de Agricultura e Desenvolvimento Rural (SMADER) no telefone (54)3311-1193.<\/p>\n","protected":false},"excerpt":{"rendered":"<p>Inscri\u00e7\u00f5es podem ser feitas at\u00e9 15 de mar\u00e7o<\/p>\n","protected":false},"author":24,"featured_media":0,"comment_status":"closed","ping_status":"closed","sticky":false,"template":"","format":"standard","meta":{"footnotes":""},"categories":[1],"tags":[],"class_list":["post-865","post","type-post","status-publish","format-standard","hentry","category-sem-categoria"],"yoast_head":"<!-- This site is optimized with the Yoast SEO plugin v23.8 - https:\/\/yoast.com\/wordpress\/plugins\/seo\/ -->\n<title>Prefeitura e Sebrae oferecem treinamento a pequenos produtores - Secretaria de Agricultura e Desenvolvimento Rural<\/title>\n<meta name=\"robots\" content=\"index, follow, max-snippet:-1, max-image-preview:large, max-video-preview:-1\" \/>\n<link rel=\"canonical\" href=\"https:\/\/www.pmpf.rs.gov.br\/secretaria-de-agricultura-e-desenvolvimento-rural\/2024\/03\/12\/prefeitura-e-sebrae-oferecem-treinamento-a-pequenos-produtores\/\" \/>\n<meta property=\"og:locale\" content=\"pt_BR\" \/>\n<meta property=\"og:type\" content=\"article\" \/>\n<meta property=\"og:title\" content=\"Prefeitura e Sebrae oferecem treinamento a pequenos produtores - Secretaria de Agricultura e Desenvolvimento Rural\" \/>\n<meta property=\"og:description\" content=\"Inscri\u00e7\u00f5es podem ser feitas at\u00e9 15 de mar\u00e7o\" \/>\n<meta property=\"og:url\" content=\"https:\/\/www.pmpf.rs.gov.br\/secretaria-de-agricultura-e-desenvolvimento-rural\/2024\/03\/12\/prefeitura-e-sebrae-oferecem-treinamento-a-pequenos-produtores\/\" \/>\n<meta property=\"og:site_name\" content=\"Secretaria de Agricultura e Desenvolvimento Rural\" \/>\n<meta property=\"article:published_time\" content=\"2024-03-12T13:39:54+00:00\" \/>\n<meta property=\"article:modified_time\" content=\"2024-03-12T13:39:55+00:00\" \/>\n<meta name=\"author\" content=\"lilicrivello\" \/>\n<meta name=\"twitter:card\" content=\"summary_large_image\" \/>\n<meta name=\"twitter:label1\" content=\"Escrito por\" \/>\n\t<meta name=\"twitter:data1\" content=\"lilicrivello\" \/>\n\t<meta name=\"twitter:label2\" content=\"Est. tempo de leitura\" \/>\n\t<meta name=\"twitter:data2\" content=\"2 minutos\" \/>\n<script type=\"application\/ld+json\" class=\"yoast-schema-graph\">{\"@context\":\"https:\/\/schema.org\",\"@graph\":[{\"@type\":\"WebPage\",\"@id\":\"https:\/\/www.pmpf.rs.gov.br\/secretaria-de-agricultura-e-desenvolvimento-rural\/2024\/03\/12\/prefeitura-e-sebrae-oferecem-treinamento-a-pequenos-produtores\/\",\"url\":\"https:\/\/www.pmpf.rs.gov.br\/secretaria-de-agricultura-e-desenvolvimento-rural\/2024\/03\/12\/prefeitura-e-sebrae-oferecem-treinamento-a-pequenos-produtores\/\",\"name\":\"Prefeitura e Sebrae oferecem treinamento a pequenos produtores - Secretaria de Agricultura e Desenvolvimento Rural\",\"isPartOf\":{\"@id\":\"https:\/\/www.pmpf.rs.gov.br\/secretaria-de-agricultura-e-desenvolvimento-rural\/#website\"},\"datePublished\":\"2024-03-12T13:39:54+00:00\",\"dateModified\":\"2024-03-12T13:39:55+00:00\",\"author\":{\"@id\":\"https:\/\/www.pmpf.rs.gov.br\/secretaria-de-agricultura-e-desenvolvimento-rural\/#\/schema\/person\/6e93b0ab2174b69f691ac4f278ba2d0a\"},\"inLanguage\":\"pt-BR\",\"potentialAction\":[{\"@type\":\"ReadAction\",\"target\":[\"https:\/\/www.pmpf.rs.gov.br\/secretaria-de-agricultura-e-desenvolvimento-rural\/2024\/03\/12\/prefeitura-e-sebrae-oferecem-treinamento-a-pequenos-produtores\/\"]}]},{\"@type\":\"WebSite\",\"@id\":\"https:\/\/www.pmpf.rs.gov.br\/secretaria-de-agricultura-e-desenvolvimento-rural\/#website\",\"url\":\"https:\/\/www.pmpf.rs.gov.br\/secretaria-de-agricultura-e-desenvolvimento-rural\/\",\"name\":\"Secretaria de Agricultura e Desenvolvimento Rural\",\"description\":\"S\u00f3 mais um site Prefeitura Municipal de Passo Fundo Sites\",\"potentialAction\":[{\"@type\":\"SearchAction\",\"target\":{\"@type\":\"EntryPoint\",\"urlTemplate\":\"https:\/\/www.pmpf.rs.gov.br\/secretaria-de-agricultura-e-desenvolvimento-rural\/?s={search_term_string}\"},\"query-input\":{\"@type\":\"PropertyValueSpecification\",\"valueRequired\":true,\"valueName\":\"search_term_string\"}}],\"inLanguage\":\"pt-BR\"},{\"@type\":\"Person\",\"@id\":\"https:\/\/www.pmpf.rs.gov.br\/secretaria-de-agricultura-e-desenvolvimento-rural\/#\/schema\/person\/6e93b0ab2174b69f691ac4f278ba2d0a\",\"name\":\"lilicrivello\",\"image\":{\"@type\":\"ImageObject\",\"inLanguage\":\"pt-BR\",\"@id\":\"https:\/\/www.pmpf.rs.gov.br\/secretaria-de-agricultura-e-desenvolvimento-rural\/#\/schema\/person\/image\/\",\"url\":\"https:\/\/secure.gravatar.com\/avatar\/0b546b667388f8edb7b67d70a57b5e46?s=96&d=mm&r=g\",\"contentUrl\":\"https:\/\/secure.gravatar.com\/avatar\/0b546b667388f8edb7b67d70a57b5e46?s=96&d=mm&r=g\",\"caption\":\"lilicrivello\"},\"url\":\"https:\/\/www.pmpf.rs.gov.br\/secretaria-de-agricultura-e-desenvolvimento-rural\/author\/lilicrivello\/\"}]}<\/script>\n<!-- \/ Yoast SEO plugin. -->","yoast_head_json":{"title":"Prefeitura e Sebrae oferecem treinamento a pequenos produtores - Secretaria de Agricultura e Desenvolvimento Rural","robots":{"index":"index","follow":"follow","max-snippet":"max-snippet:-1","max-image-preview":"max-image-preview:large","max-video-preview":"max-video-preview:-1"},"canonical":"https:\/\/www.pmpf.rs.gov.br\/secretaria-de-agricultura-e-desenvolvimento-rural\/2024\/03\/12\/prefeitura-e-sebrae-oferecem-treinamento-a-pequenos-produtores\/","og_locale":"pt_BR","og_type":"article","og_title":"Prefeitura e Sebrae oferecem treinamento a pequenos produtores - Secretaria de Agricultura e Desenvolvimento Rural","og_description":"Inscri\u00e7\u00f5es podem ser feitas at\u00e9 15 de mar\u00e7o","og_url":"https:\/\/www.pmpf.rs.gov.br\/secretaria-de-agricultura-e-desenvolvimento-rural\/2024\/03\/12\/prefeitura-e-sebrae-oferecem-treinamento-a-pequenos-produtores\/","og_site_name":"Secretaria de Agricultura e Desenvolvimento Rural","article_published_time":"2024-03-12T13:39:54+00:00","article_modified_time":"2024-03-12T13:39:55+00:00","author":"lilicrivello","twitter_card":"summary_large_image","twitter_misc":{"Escrito por":"lilicrivello","Est. tempo de leitura":"2 minutos"},"schema":{"@context":"https:\/\/schema.org","@graph":[{"@type":"WebPage","@id":"https:\/\/www.pmpf.rs.gov.br\/secretaria-de-agricultura-e-desenvolvimento-rural\/2024\/03\/12\/prefeitura-e-sebrae-oferecem-treinamento-a-pequenos-produtores\/","url":"https:\/\/www.pmpf.rs.gov.br\/secretaria-de-agricultura-e-desenvolvimento-rural\/2024\/03\/12\/prefeitura-e-sebrae-oferecem-treinamento-a-pequenos-produtores\/","name":"Prefeitura e Sebrae oferecem treinamento a pequenos produtores - Secretaria de Agricultura e Desenvolvimento Rural","isPartOf":{"@id":"https:\/\/www.pmpf.rs.gov.br\/secretaria-de-agricultura-e-desenvolvimento-rural\/#website"},"datePublished":"2024-03-12T13:39:54+00:00","dateModified":"2024-03-12T13:39:55+00:00","author":{"@id":"https:\/\/www.pmpf.rs.gov.br\/secretaria-de-agricultura-e-desenvolvimento-rural\/#\/schema\/person\/6e93b0ab2174b69f691ac4f278ba2d0a"},"inLanguage":"pt-BR","potentialAction":[{"@type":"ReadAction","target":["https:\/\/www.pmpf.rs.gov.br\/secretaria-de-agricultura-e-desenvolvimento-rural\/2024\/03\/12\/prefeitura-e-sebrae-oferecem-treinamento-a-pequenos-produtores\/"]}]},{"@type":"WebSite","@id":"https:\/\/www.pmpf.rs.gov.br\/secretaria-de-agricultura-e-desenvolvimento-rural\/#website","url":"https:\/\/www.pmpf.rs.gov.br\/secretaria-de-agricultura-e-desenvolvimento-rural\/","name":"Secretaria de Agricultura e Desenvolvimento Rural","description":"S\u00f3 mais um site Prefeitura Municipal de Passo Fundo Sites","potentialAction":[{"@type":"SearchAction","target":{"@type":"EntryPoint","urlTemplate":"https:\/\/www.pmpf.rs.gov.br\/secretaria-de-agricultura-e-desenvolvimento-rural\/?s={search_term_string}"},"query-input":{"@type":"PropertyValueSpecification","valueRequired":true,"valueName":"search_term_string"}}],"inLanguage":"pt-BR"},{"@type":"Person","@id":"https:\/\/www.pmpf.rs.gov.br\/secretaria-de-agricultura-e-desenvolvimento-rural\/#\/schema\/person\/6e93b0ab2174b69f691ac4f278ba2d0a","name":"lilicrivello","image":{"@type":"ImageObject","inLanguage":"pt-BR","@id":"https:\/\/www.pmpf.rs.gov.br\/secretaria-de-agricultura-e-desenvolvimento-rural\/#\/schema\/person\/image\/","url":"https:\/\/secure.gravatar.com\/avatar\/0b546b667388f8edb7b67d70a57b5e46?s=96&d=mm&r=g","contentUrl":"https:\/\/secure.gravatar.com\/avatar\/0b546b667388f8edb7b67d70a57b5e46?s=96&d=mm&r=g","caption":"lilicrivello"},"url":"https:\/\/www.pmpf.rs.gov.br\/secretaria-de-agricultura-e-desenvolvimento-rural\/author\/lilicrivello\/"}]}},"_links":{"self":[{"href":"https:\/\/www.pmpf.rs.gov.br\/secretaria-de-agricultura-e-desenvolvimento-rural\/wp-json\/wp\/v2\/posts\/865"}],"collection":[{"href":"https:\/\/www.pmpf.rs.gov.br\/secretaria-de-agricultura-e-desenvolvimento-rural\/wp-json\/wp\/v2\/posts"}],"about":[{"href":"https:\/\/www.pmpf.rs.gov.br\/secretaria-de-agricultura-e-desenvolvimento-rural\/wp-json\/wp\/v2\/types\/post"}],"author":[{"embeddable":true,"href":"https:\/\/www.pmpf.rs.gov.br\/secretaria-de-agricultura-e-desenvolvimento-rural\/wp-json\/wp\/v2\/users\/24"}],"replies":[{"embeddable":true,"href":"https:\/\/www.pmpf.rs.gov.br\/secretaria-de-agricultura-e-desenvolvimento-rural\/wp-json\/wp\/v2\/comments?post=865"}],"version-history":[{"count":1,"href":"https:\/\/www.pmpf.rs.gov.br\/secretaria-de-agricultura-e-desenvolvimento-rural\/wp-json\/wp\/v2\/posts\/865\/revisions"}],"predecessor-version":[{"id":866,"href":"https:\/\/www.pmpf.rs.gov.br\/secretaria-de-agricultura-e-desenvolvimento-rural\/wp-json\/wp\/v2\/posts\/865\/revisions\/866"}],"wp:attachment":[{"href":"https:\/\/www.pmpf.rs.gov.br\/secretaria-de-agricultura-e-desenvolvimento-rural\/wp-json\/wp\/v2\/media?parent=865"}],"wp:term":[{"taxonomy":"category","embeddable":true,"href":"https:\/\/www.pmpf.rs.gov.br\/secretaria-de-agricultura-e-desenvolvimento-rural\/wp-json\/wp\/v2\/categories?post=865"},{"taxonomy":"post_tag","embeddable":true,"href":"https:\/\/www.pmpf.rs.gov.br\/secretaria-de-agricultura-e-desenvolvimento-rural\/wp-json\/wp\/v2\/tags?post=865"}],"curies":[{"name":"wp","href":"https:\/\/api.w.org\/{rel}","templated":true}]}}