{"id":834,"date":"2023-05-16T08:47:56","date_gmt":"2023-05-16T11:47:56","guid":{"rendered":"https:\/\/www.pmpf.rs.gov.br\/secretaria-de-agricultura-e-desenvolvimento-rural\/?p=834"},"modified":"2023-05-16T08:47:57","modified_gmt":"2023-05-16T11:47:57","slug":"prefeitura-retoma-a-manutencao-e-melhorias-nas-estradas-do-interior","status":"publish","type":"post","link":"https:\/\/www.pmpf.rs.gov.br\/secretaria-de-agricultura-e-desenvolvimento-rural\/2023\/05\/16\/prefeitura-retoma-a-manutencao-e-melhorias-nas-estradas-do-interior\/","title":{"rendered":"Prefeitura retoma a manuten\u00e7\u00e3o e melhorias nas estradas do Interior"},"content":{"rendered":"\n<p><\/p>\n\n\n\n<p><br><br>A Prefeitura de Passo Fundo, atrav\u00e9s da Secretaria Municipal de Agricultura e Desenvolvimento Rural \u2013 SMADER, est\u00e1 retomando as melhorias das estradas no interior do munic\u00edpio. Durante a semana passada, foram executadas as melhorias na estrada de S\u00e3o Valentin, no distrito de S\u00e3o Roque, em Santo Ant\u00f4nio do Capinzal, na via principal, e em S\u00e3o Miguel, no trecho de Bom Recreio e S\u00e3o Miguel.<br><br>Conforme o secret\u00e1rio da pasta, Cristiam Thans, \u00e9 retomado o servi\u00e7o que estava sendo feito regularmente pela Secretaria, que foi paralisado devido ao per\u00edodo de chuvas. \u201cCom a parada das chuvas, colocamos nossas equipes em tr\u00eas frentes de trabalho nesta semana e prosseguem os servi\u00e7os em outras regi\u00f5es na pr\u00f3xima semana, recuperando o tempo perdido por causa da chuva\u201d, disse Crsitaim Thans.<br><br>Os servi\u00e7os executados pela SMADER contam com patrolamento, empedramento e sargetamento das vias no interior de Passo Fundo, melhorando o fluxo do tr\u00e2nsito e facilitando a vida das pessoas com mais qualidade e seguran\u00e7a para trafegar.<\/p>\n","protected":false},"excerpt":{"rendered":"<p>Recebem os servi\u00e7os as localidades de Santo Ant\u00f4nio do Capinzal, S\u00e3o Valentin, S\u00e3o Miguel e Bom Recreio<\/p>\n","protected":false},"author":6,"featured_media":835,"comment_status":"closed","ping_status":"closed","sticky":true,"template":"","format":"standard","meta":{"footnotes":""},"categories":[1],"tags":[],"class_list":["post-834","post","type-post","status-publish","format-standard","has-post-thumbnail","hentry","category-sem-categoria"],"yoast_head":"<!-- This site is optimized with the Yoast SEO plugin v23.8 - https:\/\/yoast.com\/wordpress\/plugins\/seo\/ -->\n<title>Prefeitura retoma a manuten\u00e7\u00e3o e melhorias nas estradas do Interior - Secretaria de Agricultura e Desenvolvimento Rural<\/title>\n<meta name=\"robots\" content=\"index, follow, max-snippet:-1, max-image-preview:large, max-video-preview:-1\" \/>\n<link rel=\"canonical\" href=\"https:\/\/www.pmpf.rs.gov.br\/secretaria-de-agricultura-e-desenvolvimento-rural\/2023\/05\/16\/prefeitura-retoma-a-manutencao-e-melhorias-nas-estradas-do-interior\/\" \/>\n<meta property=\"og:locale\" content=\"pt_BR\" \/>\n<meta property=\"og:type\" content=\"article\" \/>\n<meta property=\"og:title\" content=\"Prefeitura retoma a manuten\u00e7\u00e3o e melhorias nas estradas do Interior - Secretaria de Agricultura e Desenvolvimento Rural\" \/>\n<meta property=\"og:description\" content=\"Recebem os servi\u00e7os as localidades de Santo Ant\u00f4nio do Capinzal, S\u00e3o Valentin, S\u00e3o Miguel e Bom Recreio\" \/>\n<meta property=\"og:url\" content=\"https:\/\/www.pmpf.rs.gov.br\/secretaria-de-agricultura-e-desenvolvimento-rural\/2023\/05\/16\/prefeitura-retoma-a-manutencao-e-melhorias-nas-estradas-do-interior\/\" \/>\n<meta property=\"og:site_name\" content=\"Secretaria de Agricultura e Desenvolvimento Rural\" \/>\n<meta property=\"article:published_time\" content=\"2023-05-16T11:47:56+00:00\" \/>\n<meta property=\"article:modified_time\" content=\"2023-05-16T11:47:57+00:00\" \/>\n<meta name=\"author\" content=\"andressazorzetto07\" \/>\n<meta name=\"twitter:card\" content=\"summary_large_image\" \/>\n<meta name=\"twitter:label1\" content=\"Escrito por\" \/>\n\t<meta name=\"twitter:data1\" content=\"andressazorzetto07\" \/>\n\t<meta name=\"twitter:label2\" content=\"Est. tempo de leitura\" \/>\n\t<meta name=\"twitter:data2\" content=\"1 minuto\" \/>\n<script type=\"application\/ld+json\" class=\"yoast-schema-graph\">{\"@context\":\"https:\/\/schema.org\",\"@graph\":[{\"@type\":\"WebPage\",\"@id\":\"https:\/\/www.pmpf.rs.gov.br\/secretaria-de-agricultura-e-desenvolvimento-rural\/2023\/05\/16\/prefeitura-retoma-a-manutencao-e-melhorias-nas-estradas-do-interior\/\",\"url\":\"https:\/\/www.pmpf.rs.gov.br\/secretaria-de-agricultura-e-desenvolvimento-rural\/2023\/05\/16\/prefeitura-retoma-a-manutencao-e-melhorias-nas-estradas-do-interior\/\",\"name\":\"Prefeitura retoma a manuten\u00e7\u00e3o e melhorias nas estradas do Interior - Secretaria de Agricultura e Desenvolvimento Rural\",\"isPartOf\":{\"@id\":\"https:\/\/www.pmpf.rs.gov.br\/secretaria-de-agricultura-e-desenvolvimento-rural\/#website\"},\"primaryImageOfPage\":{\"@id\":\"https:\/\/www.pmpf.rs.gov.br\/secretaria-de-agricultura-e-desenvolvimento-rural\/2023\/05\/16\/prefeitura-retoma-a-manutencao-e-melhorias-nas-estradas-do-interior\/#primaryimage\"},\"image\":{\"@id\":\"https:\/\/www.pmpf.rs.gov.br\/secretaria-de-agricultura-e-desenvolvimento-rural\/2023\/05\/16\/prefeitura-retoma-a-manutencao-e-melhorias-nas-estradas-do-interior\/#primaryimage\"},\"thumbnailUrl\":\"https:\/\/www.pmpf.rs.gov.br\/secretaria-de-agricultura-e-desenvolvimento-rural\/wp-content\/uploads\/sites\/5\/2023\/05\/interior.jpeg\",\"datePublished\":\"2023-05-16T11:47:56+00:00\",\"dateModified\":\"2023-05-16T11:47:57+00:00\",\"author\":{\"@id\":\"https:\/\/www.pmpf.rs.gov.br\/secretaria-de-agricultura-e-desenvolvimento-rural\/#\/schema\/person\/30ee1d1bd74da1469b01fcf086e43351\"},\"inLanguage\":\"pt-BR\",\"potentialAction\":[{\"@type\":\"ReadAction\",\"target\":[\"https:\/\/www.pmpf.rs.gov.br\/secretaria-de-agricultura-e-desenvolvimento-rural\/2023\/05\/16\/prefeitura-retoma-a-manutencao-e-melhorias-nas-estradas-do-interior\/\"]}]},{\"@type\":\"ImageObject\",\"inLanguage\":\"pt-BR\",\"@id\":\"https:\/\/www.pmpf.rs.gov.br\/secretaria-de-agricultura-e-desenvolvimento-rural\/2023\/05\/16\/prefeitura-retoma-a-manutencao-e-melhorias-nas-estradas-do-interior\/#primaryimage\",\"url\":\"https:\/\/www.pmpf.rs.gov.br\/secretaria-de-agricultura-e-desenvolvimento-rural\/wp-content\/uploads\/sites\/5\/2023\/05\/interior.jpeg\",\"contentUrl\":\"https:\/\/www.pmpf.rs.gov.br\/secretaria-de-agricultura-e-desenvolvimento-rural\/wp-content\/uploads\/sites\/5\/2023\/05\/interior.jpeg\",\"width\":960,\"height\":1280},{\"@type\":\"WebSite\",\"@id\":\"https:\/\/www.pmpf.rs.gov.br\/secretaria-de-agricultura-e-desenvolvimento-rural\/#website\",\"url\":\"https:\/\/www.pmpf.rs.gov.br\/secretaria-de-agricultura-e-desenvolvimento-rural\/\",\"name\":\"Secretaria de Agricultura e Desenvolvimento Rural\",\"description\":\"S\u00f3 mais um site Prefeitura Municipal de Passo Fundo Sites\",\"potentialAction\":[{\"@type\":\"SearchAction\",\"target\":{\"@type\":\"EntryPoint\",\"urlTemplate\":\"https:\/\/www.pmpf.rs.gov.br\/secretaria-de-agricultura-e-desenvolvimento-rural\/?s={search_term_string}\"},\"query-input\":{\"@type\":\"PropertyValueSpecification\",\"valueRequired\":true,\"valueName\":\"search_term_string\"}}],\"inLanguage\":\"pt-BR\"},{\"@type\":\"Person\",\"@id\":\"https:\/\/www.pmpf.rs.gov.br\/secretaria-de-agricultura-e-desenvolvimento-rural\/#\/schema\/person\/30ee1d1bd74da1469b01fcf086e43351\",\"name\":\"andressazorzetto07\",\"image\":{\"@type\":\"ImageObject\",\"inLanguage\":\"pt-BR\",\"@id\":\"https:\/\/www.pmpf.rs.gov.br\/secretaria-de-agricultura-e-desenvolvimento-rural\/#\/schema\/person\/image\/\",\"url\":\"https:\/\/secure.gravatar.com\/avatar\/14c5458ed79dc81da99a13b9ff5f9f19?s=96&d=mm&r=g\",\"contentUrl\":\"https:\/\/secure.gravatar.com\/avatar\/14c5458ed79dc81da99a13b9ff5f9f19?s=96&d=mm&r=g\",\"caption\":\"andressazorzetto07\"},\"url\":\"https:\/\/www.pmpf.rs.gov.br\/secretaria-de-agricultura-e-desenvolvimento-rural\/author\/andressazorzetto07\/\"}]}<\/script>\n<!-- \/ Yoast SEO plugin. -->","yoast_head_json":{"title":"Prefeitura retoma a manuten\u00e7\u00e3o e melhorias nas estradas do Interior - Secretaria de Agricultura e Desenvolvimento Rural","robots":{"index":"index","follow":"follow","max-snippet":"max-snippet:-1","max-image-preview":"max-image-preview:large","max-video-preview":"max-video-preview:-1"},"canonical":"https:\/\/www.pmpf.rs.gov.br\/secretaria-de-agricultura-e-desenvolvimento-rural\/2023\/05\/16\/prefeitura-retoma-a-manutencao-e-melhorias-nas-estradas-do-interior\/","og_locale":"pt_BR","og_type":"article","og_title":"Prefeitura retoma a manuten\u00e7\u00e3o e melhorias nas estradas do Interior - Secretaria de Agricultura e Desenvolvimento Rural","og_description":"Recebem os servi\u00e7os as localidades de Santo Ant\u00f4nio do Capinzal, S\u00e3o Valentin, S\u00e3o Miguel e Bom Recreio","og_url":"https:\/\/www.pmpf.rs.gov.br\/secretaria-de-agricultura-e-desenvolvimento-rural\/2023\/05\/16\/prefeitura-retoma-a-manutencao-e-melhorias-nas-estradas-do-interior\/","og_site_name":"Secretaria de Agricultura e Desenvolvimento Rural","article_published_time":"2023-05-16T11:47:56+00:00","article_modified_time":"2023-05-16T11:47:57+00:00","author":"andressazorzetto07","twitter_card":"summary_large_image","twitter_misc":{"Escrito por":"andressazorzetto07","Est. tempo de leitura":"1 minuto"},"schema":{"@context":"https:\/\/schema.org","@graph":[{"@type":"WebPage","@id":"https:\/\/www.pmpf.rs.gov.br\/secretaria-de-agricultura-e-desenvolvimento-rural\/2023\/05\/16\/prefeitura-retoma-a-manutencao-e-melhorias-nas-estradas-do-interior\/","url":"https:\/\/www.pmpf.rs.gov.br\/secretaria-de-agricultura-e-desenvolvimento-rural\/2023\/05\/16\/prefeitura-retoma-a-manutencao-e-melhorias-nas-estradas-do-interior\/","name":"Prefeitura retoma a manuten\u00e7\u00e3o e melhorias nas estradas do Interior - Secretaria de Agricultura e Desenvolvimento Rural","isPartOf":{"@id":"https:\/\/www.pmpf.rs.gov.br\/secretaria-de-agricultura-e-desenvolvimento-rural\/#website"},"primaryImageOfPage":{"@id":"https:\/\/www.pmpf.rs.gov.br\/secretaria-de-agricultura-e-desenvolvimento-rural\/2023\/05\/16\/prefeitura-retoma-a-manutencao-e-melhorias-nas-estradas-do-interior\/#primaryimage"},"image":{"@id":"https:\/\/www.pmpf.rs.gov.br\/secretaria-de-agricultura-e-desenvolvimento-rural\/2023\/05\/16\/prefeitura-retoma-a-manutencao-e-melhorias-nas-estradas-do-interior\/#primaryimage"},"thumbnailUrl":"https:\/\/www.pmpf.rs.gov.br\/secretaria-de-agricultura-e-desenvolvimento-rural\/wp-content\/uploads\/sites\/5\/2023\/05\/interior.jpeg","datePublished":"2023-05-16T11:47:56+00:00","dateModified":"2023-05-16T11:47:57+00:00","author":{"@id":"https:\/\/www.pmpf.rs.gov.br\/secretaria-de-agricultura-e-desenvolvimento-rural\/#\/schema\/person\/30ee1d1bd74da1469b01fcf086e43351"},"inLanguage":"pt-BR","potentialAction":[{"@type":"ReadAction","target":["https:\/\/www.pmpf.rs.gov.br\/secretaria-de-agricultura-e-desenvolvimento-rural\/2023\/05\/16\/prefeitura-retoma-a-manutencao-e-melhorias-nas-estradas-do-interior\/"]}]},{"@type":"ImageObject","inLanguage":"pt-BR","@id":"https:\/\/www.pmpf.rs.gov.br\/secretaria-de-agricultura-e-desenvolvimento-rural\/2023\/05\/16\/prefeitura-retoma-a-manutencao-e-melhorias-nas-estradas-do-interior\/#primaryimage","url":"https:\/\/www.pmpf.rs.gov.br\/secretaria-de-agricultura-e-desenvolvimento-rural\/wp-content\/uploads\/sites\/5\/2023\/05\/interior.jpeg","contentUrl":"https:\/\/www.pmpf.rs.gov.br\/secretaria-de-agricultura-e-desenvolvimento-rural\/wp-content\/uploads\/sites\/5\/2023\/05\/interior.jpeg","width":960,"height":1280},{"@type":"WebSite","@id":"https:\/\/www.pmpf.rs.gov.br\/secretaria-de-agricultura-e-desenvolvimento-rural\/#website","url":"https:\/\/www.pmpf.rs.gov.br\/secretaria-de-agricultura-e-desenvolvimento-rural\/","name":"Secretaria de Agricultura e Desenvolvimento Rural","description":"S\u00f3 mais um site Prefeitura Municipal de Passo Fundo Sites","potentialAction":[{"@type":"SearchAction","target":{"@type":"EntryPoint","urlTemplate":"https:\/\/www.pmpf.rs.gov.br\/secretaria-de-agricultura-e-desenvolvimento-rural\/?s={search_term_string}"},"query-input":{"@type":"PropertyValueSpecification","valueRequired":true,"valueName":"search_term_string"}}],"inLanguage":"pt-BR"},{"@type":"Person","@id":"https:\/\/www.pmpf.rs.gov.br\/secretaria-de-agricultura-e-desenvolvimento-rural\/#\/schema\/person\/30ee1d1bd74da1469b01fcf086e43351","name":"andressazorzetto07","image":{"@type":"ImageObject","inLanguage":"pt-BR","@id":"https:\/\/www.pmpf.rs.gov.br\/secretaria-de-agricultura-e-desenvolvimento-rural\/#\/schema\/person\/image\/","url":"https:\/\/secure.gravatar.com\/avatar\/14c5458ed79dc81da99a13b9ff5f9f19?s=96&d=mm&r=g","contentUrl":"https:\/\/secure.gravatar.com\/avatar\/14c5458ed79dc81da99a13b9ff5f9f19?s=96&d=mm&r=g","caption":"andressazorzetto07"},"url":"https:\/\/www.pmpf.rs.gov.br\/secretaria-de-agricultura-e-desenvolvimento-rural\/author\/andressazorzetto07\/"}]}},"_links":{"self":[{"href":"https:\/\/www.pmpf.rs.gov.br\/secretaria-de-agricultura-e-desenvolvimento-rural\/wp-json\/wp\/v2\/posts\/834"}],"collection":[{"href":"https:\/\/www.pmpf.rs.gov.br\/secretaria-de-agricultura-e-desenvolvimento-rural\/wp-json\/wp\/v2\/posts"}],"about":[{"href":"https:\/\/www.pmpf.rs.gov.br\/secretaria-de-agricultura-e-desenvolvimento-rural\/wp-json\/wp\/v2\/types\/post"}],"author":[{"embeddable":true,"href":"https:\/\/www.pmpf.rs.gov.br\/secretaria-de-agricultura-e-desenvolvimento-rural\/wp-json\/wp\/v2\/users\/6"}],"replies":[{"embeddable":true,"href":"https:\/\/www.pmpf.rs.gov.br\/secretaria-de-agricultura-e-desenvolvimento-rural\/wp-json\/wp\/v2\/comments?post=834"}],"version-history":[{"count":1,"href":"https:\/\/www.pmpf.rs.gov.br\/secretaria-de-agricultura-e-desenvolvimento-rural\/wp-json\/wp\/v2\/posts\/834\/revisions"}],"predecessor-version":[{"id":836,"href":"https:\/\/www.pmpf.rs.gov.br\/secretaria-de-agricultura-e-desenvolvimento-rural\/wp-json\/wp\/v2\/posts\/834\/revisions\/836"}],"wp:featuredmedia":[{"embeddable":true,"href":"https:\/\/www.pmpf.rs.gov.br\/secretaria-de-agricultura-e-desenvolvimento-rural\/wp-json\/wp\/v2\/media\/835"}],"wp:attachment":[{"href":"https:\/\/www.pmpf.rs.gov.br\/secretaria-de-agricultura-e-desenvolvimento-rural\/wp-json\/wp\/v2\/media?parent=834"}],"wp:term":[{"taxonomy":"category","embeddable":true,"href":"https:\/\/www.pmpf.rs.gov.br\/secretaria-de-agricultura-e-desenvolvimento-rural\/wp-json\/wp\/v2\/categories?post=834"},{"taxonomy":"post_tag","embeddable":true,"href":"https:\/\/www.pmpf.rs.gov.br\/secretaria-de-agricultura-e-desenvolvimento-rural\/wp-json\/wp\/v2\/tags?post=834"}],"curies":[{"name":"wp","href":"https:\/\/api.w.org\/{rel}","templated":true}]}}