{"id":831,"date":"2023-03-24T09:58:25","date_gmt":"2023-03-24T12:58:25","guid":{"rendered":"https:\/\/www.pmpf.rs.gov.br\/secretaria-de-agricultura-e-desenvolvimento-rural\/?p=831"},"modified":"2023-03-24T09:58:26","modified_gmt":"2023-03-24T12:58:26","slug":"prefeitura-recebe-nova-maquina-para-melhorias-na-infraestrutura-do-interior","status":"publish","type":"post","link":"https:\/\/www.pmpf.rs.gov.br\/secretaria-de-agricultura-e-desenvolvimento-rural\/2023\/03\/24\/prefeitura-recebe-nova-maquina-para-melhorias-na-infraestrutura-do-interior\/","title":{"rendered":"Prefeitura recebe nova m\u00e1quina para melhorias na infraestrutura do Interior"},"content":{"rendered":"\n<p><\/p>\n\n\n\n<p>A Prefeitura de Passo Fundo recebeu um novo equipamento para auxiliar nas melhorias e a\u00e7\u00f5es realizadas no interior do munic\u00edpio. Na manh\u00e3 desta quarta-feira (22), o prefeito Pedro Almeida, na companhia do secret\u00e1rio de Agricultura, Cristiam Thans, e do vereador Leandro Rosso (PRB), esteve no distrito de Bela Vista para acompanhar os servi\u00e7os que est\u00e3o sendo executados com a nova m\u00e1quina p\u00e1 carregadeira adquirida por meio de emenda parlamentar da bancada federal e destinada pelo deputado federal Carlos Gomes (PRB) para o munic\u00edpio.<\/p>\n\n\n\n<p>\u201c\u00c9 mais um importante aux\u00edlio para as equipes que realizam os servi\u00e7os no interior. Seguiremos investindo em novos equipamentos para qualificar o parque de m\u00e1quinas da Prefeitura e garantir servi\u00e7os mais eficazes para a comunidade\u201d, destacou o prefeito Pedro Almeida.<\/p>\n\n\n\n<p>A nova m\u00e1quina ser\u00e1 utilizada nos servi\u00e7os de alargamento das estradas do interior e limpezas, tornando o trabalho mais \u00e1gil, ressaltou o secret\u00e1rio Cristiam. \u201cUm equipamento forte que tamb\u00e9m ser\u00e1 usado para carregamento de materiais como pedras, britas e terra. Nos dar\u00e1 uma for\u00e7a de trabalho bastante especial para as equipes no dia a dia\u201d, observou.<\/p>\n\n\n\n<p>\u201cFaz parte tamb\u00e9m do trabalho do vereador buscar melhorar as condi\u00e7\u00f5es de trabalho dos servidores que executam os servi\u00e7os para a comunidade. Assim, foi adquirida a nova m\u00e1quina junto \u00e0 bancada federal em Bras\u00edlia, atrav\u00e9s do deputado federal Carlos Gomes\u201d, destacou o vereador Leandro Rosso.<\/p>\n","protected":false},"excerpt":{"rendered":"<p>A nova m\u00e1quina ser\u00e1 utilizada nos servi\u00e7os de alargamento das estradas do interior e limpezas, tornando o trabalho mais \u00e1gil<\/p>\n","protected":false},"author":6,"featured_media":832,"comment_status":"closed","ping_status":"closed","sticky":true,"template":"","format":"standard","meta":{"footnotes":""},"categories":[1],"tags":[],"class_list":["post-831","post","type-post","status-publish","format-standard","has-post-thumbnail","hentry","category-sem-categoria"],"yoast_head":"<!-- This site is optimized with the Yoast SEO plugin v23.8 - https:\/\/yoast.com\/wordpress\/plugins\/seo\/ -->\n<title>Prefeitura recebe nova m\u00e1quina para melhorias na infraestrutura do Interior - Secretaria de Agricultura e Desenvolvimento Rural<\/title>\n<meta name=\"robots\" content=\"index, follow, max-snippet:-1, max-image-preview:large, max-video-preview:-1\" \/>\n<link rel=\"canonical\" href=\"https:\/\/www.pmpf.rs.gov.br\/secretaria-de-agricultura-e-desenvolvimento-rural\/2023\/03\/24\/prefeitura-recebe-nova-maquina-para-melhorias-na-infraestrutura-do-interior\/\" \/>\n<meta property=\"og:locale\" content=\"pt_BR\" \/>\n<meta property=\"og:type\" content=\"article\" \/>\n<meta property=\"og:title\" content=\"Prefeitura recebe nova m\u00e1quina para melhorias na infraestrutura do Interior - Secretaria de Agricultura e Desenvolvimento Rural\" \/>\n<meta property=\"og:description\" content=\"A nova m\u00e1quina ser\u00e1 utilizada nos servi\u00e7os de alargamento das estradas do interior e limpezas, tornando o trabalho mais \u00e1gil\" \/>\n<meta property=\"og:url\" content=\"https:\/\/www.pmpf.rs.gov.br\/secretaria-de-agricultura-e-desenvolvimento-rural\/2023\/03\/24\/prefeitura-recebe-nova-maquina-para-melhorias-na-infraestrutura-do-interior\/\" \/>\n<meta property=\"og:site_name\" content=\"Secretaria de Agricultura e Desenvolvimento Rural\" \/>\n<meta property=\"article:published_time\" content=\"2023-03-24T12:58:25+00:00\" \/>\n<meta property=\"article:modified_time\" content=\"2023-03-24T12:58:26+00:00\" \/>\n<meta name=\"author\" content=\"andressazorzetto07\" \/>\n<meta name=\"twitter:card\" content=\"summary_large_image\" \/>\n<meta name=\"twitter:label1\" content=\"Escrito por\" \/>\n\t<meta name=\"twitter:data1\" content=\"andressazorzetto07\" \/>\n\t<meta name=\"twitter:label2\" content=\"Est. tempo de leitura\" \/>\n\t<meta name=\"twitter:data2\" content=\"1 minuto\" \/>\n<script type=\"application\/ld+json\" class=\"yoast-schema-graph\">{\"@context\":\"https:\/\/schema.org\",\"@graph\":[{\"@type\":\"WebPage\",\"@id\":\"https:\/\/www.pmpf.rs.gov.br\/secretaria-de-agricultura-e-desenvolvimento-rural\/2023\/03\/24\/prefeitura-recebe-nova-maquina-para-melhorias-na-infraestrutura-do-interior\/\",\"url\":\"https:\/\/www.pmpf.rs.gov.br\/secretaria-de-agricultura-e-desenvolvimento-rural\/2023\/03\/24\/prefeitura-recebe-nova-maquina-para-melhorias-na-infraestrutura-do-interior\/\",\"name\":\"Prefeitura recebe nova m\u00e1quina para melhorias na infraestrutura do Interior - Secretaria de Agricultura e Desenvolvimento Rural\",\"isPartOf\":{\"@id\":\"https:\/\/www.pmpf.rs.gov.br\/secretaria-de-agricultura-e-desenvolvimento-rural\/#website\"},\"primaryImageOfPage\":{\"@id\":\"https:\/\/www.pmpf.rs.gov.br\/secretaria-de-agricultura-e-desenvolvimento-rural\/2023\/03\/24\/prefeitura-recebe-nova-maquina-para-melhorias-na-infraestrutura-do-interior\/#primaryimage\"},\"image\":{\"@id\":\"https:\/\/www.pmpf.rs.gov.br\/secretaria-de-agricultura-e-desenvolvimento-rural\/2023\/03\/24\/prefeitura-recebe-nova-maquina-para-melhorias-na-infraestrutura-do-interior\/#primaryimage\"},\"thumbnailUrl\":\"https:\/\/www.pmpf.rs.gov.br\/secretaria-de-agricultura-e-desenvolvimento-rural\/wp-content\/uploads\/sites\/5\/2023\/03\/maquina-interior.jpeg\",\"datePublished\":\"2023-03-24T12:58:25+00:00\",\"dateModified\":\"2023-03-24T12:58:26+00:00\",\"author\":{\"@id\":\"https:\/\/www.pmpf.rs.gov.br\/secretaria-de-agricultura-e-desenvolvimento-rural\/#\/schema\/person\/30ee1d1bd74da1469b01fcf086e43351\"},\"inLanguage\":\"pt-BR\",\"potentialAction\":[{\"@type\":\"ReadAction\",\"target\":[\"https:\/\/www.pmpf.rs.gov.br\/secretaria-de-agricultura-e-desenvolvimento-rural\/2023\/03\/24\/prefeitura-recebe-nova-maquina-para-melhorias-na-infraestrutura-do-interior\/\"]}]},{\"@type\":\"ImageObject\",\"inLanguage\":\"pt-BR\",\"@id\":\"https:\/\/www.pmpf.rs.gov.br\/secretaria-de-agricultura-e-desenvolvimento-rural\/2023\/03\/24\/prefeitura-recebe-nova-maquina-para-melhorias-na-infraestrutura-do-interior\/#primaryimage\",\"url\":\"https:\/\/www.pmpf.rs.gov.br\/secretaria-de-agricultura-e-desenvolvimento-rural\/wp-content\/uploads\/sites\/5\/2023\/03\/maquina-interior.jpeg\",\"contentUrl\":\"https:\/\/www.pmpf.rs.gov.br\/secretaria-de-agricultura-e-desenvolvimento-rural\/wp-content\/uploads\/sites\/5\/2023\/03\/maquina-interior.jpeg\",\"width\":1600,\"height\":1066},{\"@type\":\"WebSite\",\"@id\":\"https:\/\/www.pmpf.rs.gov.br\/secretaria-de-agricultura-e-desenvolvimento-rural\/#website\",\"url\":\"https:\/\/www.pmpf.rs.gov.br\/secretaria-de-agricultura-e-desenvolvimento-rural\/\",\"name\":\"Secretaria de Agricultura e Desenvolvimento Rural\",\"description\":\"S\u00f3 mais um site Prefeitura Municipal de Passo Fundo Sites\",\"potentialAction\":[{\"@type\":\"SearchAction\",\"target\":{\"@type\":\"EntryPoint\",\"urlTemplate\":\"https:\/\/www.pmpf.rs.gov.br\/secretaria-de-agricultura-e-desenvolvimento-rural\/?s={search_term_string}\"},\"query-input\":{\"@type\":\"PropertyValueSpecification\",\"valueRequired\":true,\"valueName\":\"search_term_string\"}}],\"inLanguage\":\"pt-BR\"},{\"@type\":\"Person\",\"@id\":\"https:\/\/www.pmpf.rs.gov.br\/secretaria-de-agricultura-e-desenvolvimento-rural\/#\/schema\/person\/30ee1d1bd74da1469b01fcf086e43351\",\"name\":\"andressazorzetto07\",\"image\":{\"@type\":\"ImageObject\",\"inLanguage\":\"pt-BR\",\"@id\":\"https:\/\/www.pmpf.rs.gov.br\/secretaria-de-agricultura-e-desenvolvimento-rural\/#\/schema\/person\/image\/\",\"url\":\"https:\/\/secure.gravatar.com\/avatar\/14c5458ed79dc81da99a13b9ff5f9f19?s=96&d=mm&r=g\",\"contentUrl\":\"https:\/\/secure.gravatar.com\/avatar\/14c5458ed79dc81da99a13b9ff5f9f19?s=96&d=mm&r=g\",\"caption\":\"andressazorzetto07\"},\"url\":\"https:\/\/www.pmpf.rs.gov.br\/secretaria-de-agricultura-e-desenvolvimento-rural\/author\/andressazorzetto07\/\"}]}<\/script>\n<!-- \/ Yoast SEO plugin. -->","yoast_head_json":{"title":"Prefeitura recebe nova m\u00e1quina para melhorias na infraestrutura do Interior - Secretaria de Agricultura e Desenvolvimento Rural","robots":{"index":"index","follow":"follow","max-snippet":"max-snippet:-1","max-image-preview":"max-image-preview:large","max-video-preview":"max-video-preview:-1"},"canonical":"https:\/\/www.pmpf.rs.gov.br\/secretaria-de-agricultura-e-desenvolvimento-rural\/2023\/03\/24\/prefeitura-recebe-nova-maquina-para-melhorias-na-infraestrutura-do-interior\/","og_locale":"pt_BR","og_type":"article","og_title":"Prefeitura recebe nova m\u00e1quina para melhorias na infraestrutura do Interior - Secretaria de Agricultura e Desenvolvimento Rural","og_description":"A nova m\u00e1quina ser\u00e1 utilizada nos servi\u00e7os de alargamento das estradas do interior e limpezas, tornando o trabalho mais \u00e1gil","og_url":"https:\/\/www.pmpf.rs.gov.br\/secretaria-de-agricultura-e-desenvolvimento-rural\/2023\/03\/24\/prefeitura-recebe-nova-maquina-para-melhorias-na-infraestrutura-do-interior\/","og_site_name":"Secretaria de Agricultura e Desenvolvimento Rural","article_published_time":"2023-03-24T12:58:25+00:00","article_modified_time":"2023-03-24T12:58:26+00:00","author":"andressazorzetto07","twitter_card":"summary_large_image","twitter_misc":{"Escrito por":"andressazorzetto07","Est. tempo de leitura":"1 minuto"},"schema":{"@context":"https:\/\/schema.org","@graph":[{"@type":"WebPage","@id":"https:\/\/www.pmpf.rs.gov.br\/secretaria-de-agricultura-e-desenvolvimento-rural\/2023\/03\/24\/prefeitura-recebe-nova-maquina-para-melhorias-na-infraestrutura-do-interior\/","url":"https:\/\/www.pmpf.rs.gov.br\/secretaria-de-agricultura-e-desenvolvimento-rural\/2023\/03\/24\/prefeitura-recebe-nova-maquina-para-melhorias-na-infraestrutura-do-interior\/","name":"Prefeitura recebe nova m\u00e1quina para melhorias na infraestrutura do Interior - Secretaria de Agricultura e Desenvolvimento Rural","isPartOf":{"@id":"https:\/\/www.pmpf.rs.gov.br\/secretaria-de-agricultura-e-desenvolvimento-rural\/#website"},"primaryImageOfPage":{"@id":"https:\/\/www.pmpf.rs.gov.br\/secretaria-de-agricultura-e-desenvolvimento-rural\/2023\/03\/24\/prefeitura-recebe-nova-maquina-para-melhorias-na-infraestrutura-do-interior\/#primaryimage"},"image":{"@id":"https:\/\/www.pmpf.rs.gov.br\/secretaria-de-agricultura-e-desenvolvimento-rural\/2023\/03\/24\/prefeitura-recebe-nova-maquina-para-melhorias-na-infraestrutura-do-interior\/#primaryimage"},"thumbnailUrl":"https:\/\/www.pmpf.rs.gov.br\/secretaria-de-agricultura-e-desenvolvimento-rural\/wp-content\/uploads\/sites\/5\/2023\/03\/maquina-interior.jpeg","datePublished":"2023-03-24T12:58:25+00:00","dateModified":"2023-03-24T12:58:26+00:00","author":{"@id":"https:\/\/www.pmpf.rs.gov.br\/secretaria-de-agricultura-e-desenvolvimento-rural\/#\/schema\/person\/30ee1d1bd74da1469b01fcf086e43351"},"inLanguage":"pt-BR","potentialAction":[{"@type":"ReadAction","target":["https:\/\/www.pmpf.rs.gov.br\/secretaria-de-agricultura-e-desenvolvimento-rural\/2023\/03\/24\/prefeitura-recebe-nova-maquina-para-melhorias-na-infraestrutura-do-interior\/"]}]},{"@type":"ImageObject","inLanguage":"pt-BR","@id":"https:\/\/www.pmpf.rs.gov.br\/secretaria-de-agricultura-e-desenvolvimento-rural\/2023\/03\/24\/prefeitura-recebe-nova-maquina-para-melhorias-na-infraestrutura-do-interior\/#primaryimage","url":"https:\/\/www.pmpf.rs.gov.br\/secretaria-de-agricultura-e-desenvolvimento-rural\/wp-content\/uploads\/sites\/5\/2023\/03\/maquina-interior.jpeg","contentUrl":"https:\/\/www.pmpf.rs.gov.br\/secretaria-de-agricultura-e-desenvolvimento-rural\/wp-content\/uploads\/sites\/5\/2023\/03\/maquina-interior.jpeg","width":1600,"height":1066},{"@type":"WebSite","@id":"https:\/\/www.pmpf.rs.gov.br\/secretaria-de-agricultura-e-desenvolvimento-rural\/#website","url":"https:\/\/www.pmpf.rs.gov.br\/secretaria-de-agricultura-e-desenvolvimento-rural\/","name":"Secretaria de Agricultura e Desenvolvimento Rural","description":"S\u00f3 mais um site Prefeitura Municipal de Passo Fundo Sites","potentialAction":[{"@type":"SearchAction","target":{"@type":"EntryPoint","urlTemplate":"https:\/\/www.pmpf.rs.gov.br\/secretaria-de-agricultura-e-desenvolvimento-rural\/?s={search_term_string}"},"query-input":{"@type":"PropertyValueSpecification","valueRequired":true,"valueName":"search_term_string"}}],"inLanguage":"pt-BR"},{"@type":"Person","@id":"https:\/\/www.pmpf.rs.gov.br\/secretaria-de-agricultura-e-desenvolvimento-rural\/#\/schema\/person\/30ee1d1bd74da1469b01fcf086e43351","name":"andressazorzetto07","image":{"@type":"ImageObject","inLanguage":"pt-BR","@id":"https:\/\/www.pmpf.rs.gov.br\/secretaria-de-agricultura-e-desenvolvimento-rural\/#\/schema\/person\/image\/","url":"https:\/\/secure.gravatar.com\/avatar\/14c5458ed79dc81da99a13b9ff5f9f19?s=96&d=mm&r=g","contentUrl":"https:\/\/secure.gravatar.com\/avatar\/14c5458ed79dc81da99a13b9ff5f9f19?s=96&d=mm&r=g","caption":"andressazorzetto07"},"url":"https:\/\/www.pmpf.rs.gov.br\/secretaria-de-agricultura-e-desenvolvimento-rural\/author\/andressazorzetto07\/"}]}},"_links":{"self":[{"href":"https:\/\/www.pmpf.rs.gov.br\/secretaria-de-agricultura-e-desenvolvimento-rural\/wp-json\/wp\/v2\/posts\/831"}],"collection":[{"href":"https:\/\/www.pmpf.rs.gov.br\/secretaria-de-agricultura-e-desenvolvimento-rural\/wp-json\/wp\/v2\/posts"}],"about":[{"href":"https:\/\/www.pmpf.rs.gov.br\/secretaria-de-agricultura-e-desenvolvimento-rural\/wp-json\/wp\/v2\/types\/post"}],"author":[{"embeddable":true,"href":"https:\/\/www.pmpf.rs.gov.br\/secretaria-de-agricultura-e-desenvolvimento-rural\/wp-json\/wp\/v2\/users\/6"}],"replies":[{"embeddable":true,"href":"https:\/\/www.pmpf.rs.gov.br\/secretaria-de-agricultura-e-desenvolvimento-rural\/wp-json\/wp\/v2\/comments?post=831"}],"version-history":[{"count":1,"href":"https:\/\/www.pmpf.rs.gov.br\/secretaria-de-agricultura-e-desenvolvimento-rural\/wp-json\/wp\/v2\/posts\/831\/revisions"}],"predecessor-version":[{"id":833,"href":"https:\/\/www.pmpf.rs.gov.br\/secretaria-de-agricultura-e-desenvolvimento-rural\/wp-json\/wp\/v2\/posts\/831\/revisions\/833"}],"wp:featuredmedia":[{"embeddable":true,"href":"https:\/\/www.pmpf.rs.gov.br\/secretaria-de-agricultura-e-desenvolvimento-rural\/wp-json\/wp\/v2\/media\/832"}],"wp:attachment":[{"href":"https:\/\/www.pmpf.rs.gov.br\/secretaria-de-agricultura-e-desenvolvimento-rural\/wp-json\/wp\/v2\/media?parent=831"}],"wp:term":[{"taxonomy":"category","embeddable":true,"href":"https:\/\/www.pmpf.rs.gov.br\/secretaria-de-agricultura-e-desenvolvimento-rural\/wp-json\/wp\/v2\/categories?post=831"},{"taxonomy":"post_tag","embeddable":true,"href":"https:\/\/www.pmpf.rs.gov.br\/secretaria-de-agricultura-e-desenvolvimento-rural\/wp-json\/wp\/v2\/tags?post=831"}],"curies":[{"name":"wp","href":"https:\/\/api.w.org\/{rel}","templated":true}]}}