{"id":828,"date":"2023-03-03T17:12:05","date_gmt":"2023-03-03T20:12:05","guid":{"rendered":"https:\/\/www.pmpf.rs.gov.br\/secretaria-de-agricultura-e-desenvolvimento-rural\/?p=828"},"modified":"2023-03-03T17:12:05","modified_gmt":"2023-03-03T20:12:05","slug":"passo-fundo-decreta-situacao-de-emergencia-devido-a-estiagem","status":"publish","type":"post","link":"https:\/\/www.pmpf.rs.gov.br\/secretaria-de-agricultura-e-desenvolvimento-rural\/2023\/03\/03\/passo-fundo-decreta-situacao-de-emergencia-devido-a-estiagem\/","title":{"rendered":"<strong>Passo Fundo decreta situa\u00e7\u00e3o de emerg\u00eancia devido \u00e0 estiagem<\/strong>"},"content":{"rendered":"\n<p><\/p>\n\n\n\n<p><\/p>\n\n\n\n<p><br>A Prefeitura de Passo Fundo publicou, na tarde desta sexta-feira (03), o decreto n\u00ba 20\/2023, que declara situa\u00e7\u00e3o de emerg\u00eancia em fun\u00e7\u00e3o da estiagem. A medida considera a forte estiagem que atinge o munic\u00edpio desde entre o fim de 2022 e in\u00edcio de 2023, causando a redu\u00e7\u00e3o h\u00eddrica das fontes e mananciais, o desabastecimento de \u00e1gua pot\u00e1vel para uso humano e de animais e perdas significativas na produ\u00e7\u00e3o de gr\u00e3os e alimentos, sendo amparada por laudos t\u00e9cnicos de entidades como a Emater.<br><\/p>\n\n\n\n<p>O prefeito Pedro Almeida assinou o decreto ap\u00f3s receber levantamentos de \u00f3rg\u00e3os que examinaram a situa\u00e7\u00e3o atual no munic\u00edpio. \u201cAo termos acesso \u00e0s Informa\u00e7\u00f5es do Desastre (FIDE), com relat\u00f3rios, laudos e levantamentos, ao parecer da Coordenadoria Municipal de Prote\u00e7\u00e3o e Defesa Civil (COMDEC) e ao laudo da EMATER, que comprovam perdas, tomamos a decis\u00e3o\u201d, disse o prefeito.<\/p>\n\n\n\n<p>Um documento com estes dados ser\u00e1 encaminhado ao Governo do Estado para ser homologado, habilitando o munic\u00edpio a receber recursos financeiros do Estado e Uni\u00e3o e, ainda, a colocar em pr\u00e1tica medidas de forma r\u00e1pida para auxiliar os atingidos pela escassez de \u00e1gua.<\/p>\n\n\n\n<p>O secret\u00e1rio de Agricultura e Desenvolvimento Rural, Cristiam Thans, ressaltou a import\u00e2ncia do decreto municipal de situa\u00e7\u00e3o de emerg\u00eancia. \u201c\u00c9 fundamental para que os produtores busquem, de forma imediata e eficaz, sanar os danos da produ\u00e7\u00e3o prim\u00e1ria, acessar linhas de cr\u00e9dito e negociar suas d\u00edvidas e para que o Munic\u00edpio seja habilitado para poss\u00edveis a\u00e7\u00f5es de socorro e combate \u00e0 estiagem\u201d, destacou.<\/p>\n","protected":false},"excerpt":{"rendered":"<p>Entre os documentos considerados para a medida, est\u00e1 um laudo da EMATER, que comprova perdas em decorr\u00eancia do baixo volume de chuvas<\/p>\n","protected":false},"author":6,"featured_media":829,"comment_status":"closed","ping_status":"closed","sticky":true,"template":"","format":"standard","meta":{"footnotes":""},"categories":[1],"tags":[],"class_list":["post-828","post","type-post","status-publish","format-standard","has-post-thumbnail","hentry","category-sem-categoria"],"yoast_head":"<!-- This site is optimized with the Yoast SEO plugin v23.8 - https:\/\/yoast.com\/wordpress\/plugins\/seo\/ -->\n<title>Passo Fundo decreta situa\u00e7\u00e3o de emerg\u00eancia devido \u00e0 estiagem - Secretaria de Agricultura e Desenvolvimento Rural<\/title>\n<meta name=\"robots\" content=\"index, follow, max-snippet:-1, max-image-preview:large, max-video-preview:-1\" \/>\n<link rel=\"canonical\" href=\"https:\/\/www.pmpf.rs.gov.br\/secretaria-de-agricultura-e-desenvolvimento-rural\/2023\/03\/03\/passo-fundo-decreta-situacao-de-emergencia-devido-a-estiagem\/\" \/>\n<meta property=\"og:locale\" content=\"pt_BR\" \/>\n<meta property=\"og:type\" content=\"article\" \/>\n<meta property=\"og:title\" content=\"Passo Fundo decreta situa\u00e7\u00e3o de emerg\u00eancia devido \u00e0 estiagem - Secretaria de Agricultura e Desenvolvimento Rural\" \/>\n<meta property=\"og:description\" content=\"Entre os documentos considerados para a medida, est\u00e1 um laudo da EMATER, que comprova perdas em decorr\u00eancia do baixo volume de chuvas\" \/>\n<meta property=\"og:url\" content=\"https:\/\/www.pmpf.rs.gov.br\/secretaria-de-agricultura-e-desenvolvimento-rural\/2023\/03\/03\/passo-fundo-decreta-situacao-de-emergencia-devido-a-estiagem\/\" \/>\n<meta property=\"og:site_name\" content=\"Secretaria de Agricultura e Desenvolvimento Rural\" \/>\n<meta property=\"article:published_time\" content=\"2023-03-03T20:12:05+00:00\" \/>\n<meta name=\"author\" content=\"andressazorzetto07\" \/>\n<meta name=\"twitter:card\" content=\"summary_large_image\" \/>\n<meta name=\"twitter:label1\" content=\"Escrito por\" \/>\n\t<meta name=\"twitter:data1\" content=\"andressazorzetto07\" \/>\n\t<meta name=\"twitter:label2\" content=\"Est. tempo de leitura\" \/>\n\t<meta name=\"twitter:data2\" content=\"1 minuto\" \/>\n<script type=\"application\/ld+json\" class=\"yoast-schema-graph\">{\"@context\":\"https:\/\/schema.org\",\"@graph\":[{\"@type\":\"WebPage\",\"@id\":\"https:\/\/www.pmpf.rs.gov.br\/secretaria-de-agricultura-e-desenvolvimento-rural\/2023\/03\/03\/passo-fundo-decreta-situacao-de-emergencia-devido-a-estiagem\/\",\"url\":\"https:\/\/www.pmpf.rs.gov.br\/secretaria-de-agricultura-e-desenvolvimento-rural\/2023\/03\/03\/passo-fundo-decreta-situacao-de-emergencia-devido-a-estiagem\/\",\"name\":\"Passo Fundo decreta situa\u00e7\u00e3o de emerg\u00eancia devido \u00e0 estiagem - Secretaria de Agricultura e Desenvolvimento Rural\",\"isPartOf\":{\"@id\":\"https:\/\/www.pmpf.rs.gov.br\/secretaria-de-agricultura-e-desenvolvimento-rural\/#website\"},\"primaryImageOfPage\":{\"@id\":\"https:\/\/www.pmpf.rs.gov.br\/secretaria-de-agricultura-e-desenvolvimento-rural\/2023\/03\/03\/passo-fundo-decreta-situacao-de-emergencia-devido-a-estiagem\/#primaryimage\"},\"image\":{\"@id\":\"https:\/\/www.pmpf.rs.gov.br\/secretaria-de-agricultura-e-desenvolvimento-rural\/2023\/03\/03\/passo-fundo-decreta-situacao-de-emergencia-devido-a-estiagem\/#primaryimage\"},\"thumbnailUrl\":\"https:\/\/www.pmpf.rs.gov.br\/secretaria-de-agricultura-e-desenvolvimento-rural\/wp-content\/uploads\/sites\/5\/2023\/03\/decreto-situacao-de-emergencia.jpeg\",\"datePublished\":\"2023-03-03T20:12:05+00:00\",\"dateModified\":\"2023-03-03T20:12:05+00:00\",\"author\":{\"@id\":\"https:\/\/www.pmpf.rs.gov.br\/secretaria-de-agricultura-e-desenvolvimento-rural\/#\/schema\/person\/30ee1d1bd74da1469b01fcf086e43351\"},\"inLanguage\":\"pt-BR\",\"potentialAction\":[{\"@type\":\"ReadAction\",\"target\":[\"https:\/\/www.pmpf.rs.gov.br\/secretaria-de-agricultura-e-desenvolvimento-rural\/2023\/03\/03\/passo-fundo-decreta-situacao-de-emergencia-devido-a-estiagem\/\"]}]},{\"@type\":\"ImageObject\",\"inLanguage\":\"pt-BR\",\"@id\":\"https:\/\/www.pmpf.rs.gov.br\/secretaria-de-agricultura-e-desenvolvimento-rural\/2023\/03\/03\/passo-fundo-decreta-situacao-de-emergencia-devido-a-estiagem\/#primaryimage\",\"url\":\"https:\/\/www.pmpf.rs.gov.br\/secretaria-de-agricultura-e-desenvolvimento-rural\/wp-content\/uploads\/sites\/5\/2023\/03\/decreto-situacao-de-emergencia.jpeg\",\"contentUrl\":\"https:\/\/www.pmpf.rs.gov.br\/secretaria-de-agricultura-e-desenvolvimento-rural\/wp-content\/uploads\/sites\/5\/2023\/03\/decreto-situacao-de-emergencia.jpeg\",\"width\":1600,\"height\":1066},{\"@type\":\"WebSite\",\"@id\":\"https:\/\/www.pmpf.rs.gov.br\/secretaria-de-agricultura-e-desenvolvimento-rural\/#website\",\"url\":\"https:\/\/www.pmpf.rs.gov.br\/secretaria-de-agricultura-e-desenvolvimento-rural\/\",\"name\":\"Secretaria de Agricultura e Desenvolvimento Rural\",\"description\":\"S\u00f3 mais um site Prefeitura Municipal de Passo Fundo Sites\",\"potentialAction\":[{\"@type\":\"SearchAction\",\"target\":{\"@type\":\"EntryPoint\",\"urlTemplate\":\"https:\/\/www.pmpf.rs.gov.br\/secretaria-de-agricultura-e-desenvolvimento-rural\/?s={search_term_string}\"},\"query-input\":{\"@type\":\"PropertyValueSpecification\",\"valueRequired\":true,\"valueName\":\"search_term_string\"}}],\"inLanguage\":\"pt-BR\"},{\"@type\":\"Person\",\"@id\":\"https:\/\/www.pmpf.rs.gov.br\/secretaria-de-agricultura-e-desenvolvimento-rural\/#\/schema\/person\/30ee1d1bd74da1469b01fcf086e43351\",\"name\":\"andressazorzetto07\",\"image\":{\"@type\":\"ImageObject\",\"inLanguage\":\"pt-BR\",\"@id\":\"https:\/\/www.pmpf.rs.gov.br\/secretaria-de-agricultura-e-desenvolvimento-rural\/#\/schema\/person\/image\/\",\"url\":\"https:\/\/secure.gravatar.com\/avatar\/14c5458ed79dc81da99a13b9ff5f9f19?s=96&d=mm&r=g\",\"contentUrl\":\"https:\/\/secure.gravatar.com\/avatar\/14c5458ed79dc81da99a13b9ff5f9f19?s=96&d=mm&r=g\",\"caption\":\"andressazorzetto07\"},\"url\":\"https:\/\/www.pmpf.rs.gov.br\/secretaria-de-agricultura-e-desenvolvimento-rural\/author\/andressazorzetto07\/\"}]}<\/script>\n<!-- \/ Yoast SEO plugin. -->","yoast_head_json":{"title":"Passo Fundo decreta situa\u00e7\u00e3o de emerg\u00eancia devido \u00e0 estiagem - Secretaria de Agricultura e Desenvolvimento Rural","robots":{"index":"index","follow":"follow","max-snippet":"max-snippet:-1","max-image-preview":"max-image-preview:large","max-video-preview":"max-video-preview:-1"},"canonical":"https:\/\/www.pmpf.rs.gov.br\/secretaria-de-agricultura-e-desenvolvimento-rural\/2023\/03\/03\/passo-fundo-decreta-situacao-de-emergencia-devido-a-estiagem\/","og_locale":"pt_BR","og_type":"article","og_title":"Passo Fundo decreta situa\u00e7\u00e3o de emerg\u00eancia devido \u00e0 estiagem - Secretaria de Agricultura e Desenvolvimento Rural","og_description":"Entre os documentos considerados para a medida, est\u00e1 um laudo da EMATER, que comprova perdas em decorr\u00eancia do baixo volume de chuvas","og_url":"https:\/\/www.pmpf.rs.gov.br\/secretaria-de-agricultura-e-desenvolvimento-rural\/2023\/03\/03\/passo-fundo-decreta-situacao-de-emergencia-devido-a-estiagem\/","og_site_name":"Secretaria de Agricultura e Desenvolvimento Rural","article_published_time":"2023-03-03T20:12:05+00:00","author":"andressazorzetto07","twitter_card":"summary_large_image","twitter_misc":{"Escrito por":"andressazorzetto07","Est. tempo de leitura":"1 minuto"},"schema":{"@context":"https:\/\/schema.org","@graph":[{"@type":"WebPage","@id":"https:\/\/www.pmpf.rs.gov.br\/secretaria-de-agricultura-e-desenvolvimento-rural\/2023\/03\/03\/passo-fundo-decreta-situacao-de-emergencia-devido-a-estiagem\/","url":"https:\/\/www.pmpf.rs.gov.br\/secretaria-de-agricultura-e-desenvolvimento-rural\/2023\/03\/03\/passo-fundo-decreta-situacao-de-emergencia-devido-a-estiagem\/","name":"Passo Fundo decreta situa\u00e7\u00e3o de emerg\u00eancia devido \u00e0 estiagem - Secretaria de Agricultura e Desenvolvimento Rural","isPartOf":{"@id":"https:\/\/www.pmpf.rs.gov.br\/secretaria-de-agricultura-e-desenvolvimento-rural\/#website"},"primaryImageOfPage":{"@id":"https:\/\/www.pmpf.rs.gov.br\/secretaria-de-agricultura-e-desenvolvimento-rural\/2023\/03\/03\/passo-fundo-decreta-situacao-de-emergencia-devido-a-estiagem\/#primaryimage"},"image":{"@id":"https:\/\/www.pmpf.rs.gov.br\/secretaria-de-agricultura-e-desenvolvimento-rural\/2023\/03\/03\/passo-fundo-decreta-situacao-de-emergencia-devido-a-estiagem\/#primaryimage"},"thumbnailUrl":"https:\/\/www.pmpf.rs.gov.br\/secretaria-de-agricultura-e-desenvolvimento-rural\/wp-content\/uploads\/sites\/5\/2023\/03\/decreto-situacao-de-emergencia.jpeg","datePublished":"2023-03-03T20:12:05+00:00","dateModified":"2023-03-03T20:12:05+00:00","author":{"@id":"https:\/\/www.pmpf.rs.gov.br\/secretaria-de-agricultura-e-desenvolvimento-rural\/#\/schema\/person\/30ee1d1bd74da1469b01fcf086e43351"},"inLanguage":"pt-BR","potentialAction":[{"@type":"ReadAction","target":["https:\/\/www.pmpf.rs.gov.br\/secretaria-de-agricultura-e-desenvolvimento-rural\/2023\/03\/03\/passo-fundo-decreta-situacao-de-emergencia-devido-a-estiagem\/"]}]},{"@type":"ImageObject","inLanguage":"pt-BR","@id":"https:\/\/www.pmpf.rs.gov.br\/secretaria-de-agricultura-e-desenvolvimento-rural\/2023\/03\/03\/passo-fundo-decreta-situacao-de-emergencia-devido-a-estiagem\/#primaryimage","url":"https:\/\/www.pmpf.rs.gov.br\/secretaria-de-agricultura-e-desenvolvimento-rural\/wp-content\/uploads\/sites\/5\/2023\/03\/decreto-situacao-de-emergencia.jpeg","contentUrl":"https:\/\/www.pmpf.rs.gov.br\/secretaria-de-agricultura-e-desenvolvimento-rural\/wp-content\/uploads\/sites\/5\/2023\/03\/decreto-situacao-de-emergencia.jpeg","width":1600,"height":1066},{"@type":"WebSite","@id":"https:\/\/www.pmpf.rs.gov.br\/secretaria-de-agricultura-e-desenvolvimento-rural\/#website","url":"https:\/\/www.pmpf.rs.gov.br\/secretaria-de-agricultura-e-desenvolvimento-rural\/","name":"Secretaria de Agricultura e Desenvolvimento Rural","description":"S\u00f3 mais um site Prefeitura Municipal de Passo Fundo Sites","potentialAction":[{"@type":"SearchAction","target":{"@type":"EntryPoint","urlTemplate":"https:\/\/www.pmpf.rs.gov.br\/secretaria-de-agricultura-e-desenvolvimento-rural\/?s={search_term_string}"},"query-input":{"@type":"PropertyValueSpecification","valueRequired":true,"valueName":"search_term_string"}}],"inLanguage":"pt-BR"},{"@type":"Person","@id":"https:\/\/www.pmpf.rs.gov.br\/secretaria-de-agricultura-e-desenvolvimento-rural\/#\/schema\/person\/30ee1d1bd74da1469b01fcf086e43351","name":"andressazorzetto07","image":{"@type":"ImageObject","inLanguage":"pt-BR","@id":"https:\/\/www.pmpf.rs.gov.br\/secretaria-de-agricultura-e-desenvolvimento-rural\/#\/schema\/person\/image\/","url":"https:\/\/secure.gravatar.com\/avatar\/14c5458ed79dc81da99a13b9ff5f9f19?s=96&d=mm&r=g","contentUrl":"https:\/\/secure.gravatar.com\/avatar\/14c5458ed79dc81da99a13b9ff5f9f19?s=96&d=mm&r=g","caption":"andressazorzetto07"},"url":"https:\/\/www.pmpf.rs.gov.br\/secretaria-de-agricultura-e-desenvolvimento-rural\/author\/andressazorzetto07\/"}]}},"_links":{"self":[{"href":"https:\/\/www.pmpf.rs.gov.br\/secretaria-de-agricultura-e-desenvolvimento-rural\/wp-json\/wp\/v2\/posts\/828"}],"collection":[{"href":"https:\/\/www.pmpf.rs.gov.br\/secretaria-de-agricultura-e-desenvolvimento-rural\/wp-json\/wp\/v2\/posts"}],"about":[{"href":"https:\/\/www.pmpf.rs.gov.br\/secretaria-de-agricultura-e-desenvolvimento-rural\/wp-json\/wp\/v2\/types\/post"}],"author":[{"embeddable":true,"href":"https:\/\/www.pmpf.rs.gov.br\/secretaria-de-agricultura-e-desenvolvimento-rural\/wp-json\/wp\/v2\/users\/6"}],"replies":[{"embeddable":true,"href":"https:\/\/www.pmpf.rs.gov.br\/secretaria-de-agricultura-e-desenvolvimento-rural\/wp-json\/wp\/v2\/comments?post=828"}],"version-history":[{"count":1,"href":"https:\/\/www.pmpf.rs.gov.br\/secretaria-de-agricultura-e-desenvolvimento-rural\/wp-json\/wp\/v2\/posts\/828\/revisions"}],"predecessor-version":[{"id":830,"href":"https:\/\/www.pmpf.rs.gov.br\/secretaria-de-agricultura-e-desenvolvimento-rural\/wp-json\/wp\/v2\/posts\/828\/revisions\/830"}],"wp:featuredmedia":[{"embeddable":true,"href":"https:\/\/www.pmpf.rs.gov.br\/secretaria-de-agricultura-e-desenvolvimento-rural\/wp-json\/wp\/v2\/media\/829"}],"wp:attachment":[{"href":"https:\/\/www.pmpf.rs.gov.br\/secretaria-de-agricultura-e-desenvolvimento-rural\/wp-json\/wp\/v2\/media?parent=828"}],"wp:term":[{"taxonomy":"category","embeddable":true,"href":"https:\/\/www.pmpf.rs.gov.br\/secretaria-de-agricultura-e-desenvolvimento-rural\/wp-json\/wp\/v2\/categories?post=828"},{"taxonomy":"post_tag","embeddable":true,"href":"https:\/\/www.pmpf.rs.gov.br\/secretaria-de-agricultura-e-desenvolvimento-rural\/wp-json\/wp\/v2\/tags?post=828"}],"curies":[{"name":"wp","href":"https:\/\/api.w.org\/{rel}","templated":true}]}}