{"id":776,"date":"2022-08-01T16:32:59","date_gmt":"2022-08-01T19:32:59","guid":{"rendered":"https:\/\/www.pmpf.rs.gov.br\/secretaria-de-agricultura-e-desenvolvimento-rural\/?p=776"},"modified":"2022-08-01T16:33:00","modified_gmt":"2022-08-01T19:33:00","slug":"prefeitura-promove-encontro-focado-no-fortalecimento-da-agricultura-familiar","status":"publish","type":"post","link":"https:\/\/www.pmpf.rs.gov.br\/secretaria-de-agricultura-e-desenvolvimento-rural\/2022\/08\/01\/prefeitura-promove-encontro-focado-no-fortalecimento-da-agricultura-familiar\/","title":{"rendered":"Prefeitura promove encontro focado no fortalecimento da agricultura familiar"},"content":{"rendered":"\n<p><br><br><br>Na tarde desta segunda-feira (1), a Prefeitura realizou, no sal\u00e3o da comunidade de S\u00e3o Roque, um encontro focado no fortalecimento da agricultura familiar a fim de ampliar a participa\u00e7\u00e3o dos produtores no fornecimento de alimentos para as escolas municipais. O evento, organizado pela Secretaria de Agricultura e Desenvolvimento Rural (SMADER), contou com a presen\u00e7a de fam\u00edlias de todos os distritos e faz parte das comemora\u00e7\u00f5es da Semana do Munic\u00edpio.<br><br>Conforme o secret\u00e1rio da pasta, Cristiam Thans, a proposta da a\u00e7\u00e3o foi destacar a import\u00e2ncia da agricultura familiar para a merenda escolar. \u201cMais de 20 fam\u00edlias poder\u00e3o entrar neste projeto de fornecimento de alimentos para as escolas, aumentando o rendimento financeiro e levando produtos de qualidade aos alunos da rede\u201d, afirmou.<br><br>Hoje, por meio do \u00faltimo edital de credenciamento aberto pela Prefeitura de Passo Fundo, oito fam\u00edlias de agricultores fornecem alimentos para as mais de 70 escolas municipais. \u201cNo ano de 2021, apenas duas fam\u00edlias entregavam os produtos. Estamos trabalhando com os agricultores para ampliar cada vez mais essa participa\u00e7\u00e3o no projeto\u201d, disse Cristiam.<\/p>\n\n\n\n<p>O agricultor Everton Mendes, que reside no distrito de S\u00e3o Roque, comercializa alface, repolho, batata-doce e tempero verde ao Munic\u00edpio. Ele incentivou as demais fam\u00edlias a contribu\u00edrem com a merenda escolar, enfatizando os ganhos para a sua propriedade. \u201cQuando a Secretaria de Agricultura e a Emater nos procuraram, vimos que era um bom neg\u00f3cio. Assinamos o contrato e a venda passou a estar garantida. Nos preocupamos com produzir e entregar alimentos de qualidade. Para isso, organizamos e aumentamos a produtividade com a contrata\u00e7\u00e3o de m\u00e3o de obra. Quem quer aumentar a renda na propriedade pode contar com o projeto\u201d, comentou.<\/p>\n\n\n\n<p>A programa\u00e7\u00e3o realizada no encontro com as fam\u00edlias da agricultura familiar contou com painel sobre \u201cAlternativas para agricultura familiar\u201d, depoimentos de alguns produtores e \u201cEncontro de sabores\u201d com apresenta\u00e7\u00e3o do CETAP \u2013 agricultura ecol\u00f3gica com degusta\u00e7\u00e3o de alimentos produzidos com produtos locais, como pinh\u00e3o, buti\u00e1, ara\u00e7\u00e1 e guabiroba.<\/p>\n\n\n\n<p><strong>Fotos: Michel Sanderi<\/strong><\/p>\n","protected":false},"excerpt":{"rendered":"<p>Na tarde desta segunda-feira (1), a Prefeitura realizou, no sal\u00e3o da comunidade de S\u00e3o Roque, um encontro focado no fortalecimento da agricultura familiar a fim de ampliar a participa\u00e7\u00e3o dos produtores no [&hellip;]<\/p>\n","protected":false},"author":6,"featured_media":777,"comment_status":"closed","ping_status":"closed","sticky":true,"template":"","format":"standard","meta":{"footnotes":""},"categories":[11],"tags":[],"class_list":["post-776","post","type-post","status-publish","format-standard","has-post-thumbnail","hentry","category-merenda-escolar"],"yoast_head":"<!-- This site is optimized with the Yoast SEO plugin v23.8 - https:\/\/yoast.com\/wordpress\/plugins\/seo\/ -->\n<title>Prefeitura promove encontro focado no fortalecimento da agricultura familiar - Secretaria de Agricultura e Desenvolvimento Rural<\/title>\n<meta name=\"robots\" content=\"index, follow, max-snippet:-1, max-image-preview:large, max-video-preview:-1\" \/>\n<link rel=\"canonical\" href=\"https:\/\/www.pmpf.rs.gov.br\/secretaria-de-agricultura-e-desenvolvimento-rural\/2022\/08\/01\/prefeitura-promove-encontro-focado-no-fortalecimento-da-agricultura-familiar\/\" \/>\n<meta property=\"og:locale\" content=\"pt_BR\" \/>\n<meta property=\"og:type\" content=\"article\" \/>\n<meta property=\"og:title\" content=\"Prefeitura promove encontro focado no fortalecimento da agricultura familiar - Secretaria de Agricultura e Desenvolvimento Rural\" \/>\n<meta property=\"og:description\" content=\"Na tarde desta segunda-feira (1), a Prefeitura realizou, no sal\u00e3o da comunidade de S\u00e3o Roque, um encontro focado no fortalecimento da agricultura familiar a fim de ampliar a participa\u00e7\u00e3o dos produtores no [&hellip;]\" \/>\n<meta property=\"og:url\" content=\"https:\/\/www.pmpf.rs.gov.br\/secretaria-de-agricultura-e-desenvolvimento-rural\/2022\/08\/01\/prefeitura-promove-encontro-focado-no-fortalecimento-da-agricultura-familiar\/\" \/>\n<meta property=\"og:site_name\" content=\"Secretaria de Agricultura e Desenvolvimento Rural\" \/>\n<meta property=\"article:published_time\" content=\"2022-08-01T19:32:59+00:00\" \/>\n<meta property=\"article:modified_time\" content=\"2022-08-01T19:33:00+00:00\" \/>\n<meta name=\"author\" content=\"andressazorzetto07\" \/>\n<meta name=\"twitter:card\" content=\"summary_large_image\" \/>\n<meta name=\"twitter:label1\" content=\"Escrito por\" \/>\n\t<meta name=\"twitter:data1\" content=\"andressazorzetto07\" \/>\n\t<meta name=\"twitter:label2\" content=\"Est. tempo de leitura\" \/>\n\t<meta name=\"twitter:data2\" content=\"2 minutos\" \/>\n<script type=\"application\/ld+json\" class=\"yoast-schema-graph\">{\"@context\":\"https:\/\/schema.org\",\"@graph\":[{\"@type\":\"WebPage\",\"@id\":\"https:\/\/www.pmpf.rs.gov.br\/secretaria-de-agricultura-e-desenvolvimento-rural\/2022\/08\/01\/prefeitura-promove-encontro-focado-no-fortalecimento-da-agricultura-familiar\/\",\"url\":\"https:\/\/www.pmpf.rs.gov.br\/secretaria-de-agricultura-e-desenvolvimento-rural\/2022\/08\/01\/prefeitura-promove-encontro-focado-no-fortalecimento-da-agricultura-familiar\/\",\"name\":\"Prefeitura promove encontro focado no fortalecimento da agricultura familiar - Secretaria de Agricultura e Desenvolvimento Rural\",\"isPartOf\":{\"@id\":\"https:\/\/www.pmpf.rs.gov.br\/secretaria-de-agricultura-e-desenvolvimento-rural\/#website\"},\"primaryImageOfPage\":{\"@id\":\"https:\/\/www.pmpf.rs.gov.br\/secretaria-de-agricultura-e-desenvolvimento-rural\/2022\/08\/01\/prefeitura-promove-encontro-focado-no-fortalecimento-da-agricultura-familiar\/#primaryimage\"},\"image\":{\"@id\":\"https:\/\/www.pmpf.rs.gov.br\/secretaria-de-agricultura-e-desenvolvimento-rural\/2022\/08\/01\/prefeitura-promove-encontro-focado-no-fortalecimento-da-agricultura-familiar\/#primaryimage\"},\"thumbnailUrl\":\"https:\/\/www.pmpf.rs.gov.br\/secretaria-de-agricultura-e-desenvolvimento-rural\/wp-content\/uploads\/sites\/5\/2022\/08\/encontro-agricultura.jpg\",\"datePublished\":\"2022-08-01T19:32:59+00:00\",\"dateModified\":\"2022-08-01T19:33:00+00:00\",\"author\":{\"@id\":\"https:\/\/www.pmpf.rs.gov.br\/secretaria-de-agricultura-e-desenvolvimento-rural\/#\/schema\/person\/30ee1d1bd74da1469b01fcf086e43351\"},\"inLanguage\":\"pt-BR\",\"potentialAction\":[{\"@type\":\"ReadAction\",\"target\":[\"https:\/\/www.pmpf.rs.gov.br\/secretaria-de-agricultura-e-desenvolvimento-rural\/2022\/08\/01\/prefeitura-promove-encontro-focado-no-fortalecimento-da-agricultura-familiar\/\"]}]},{\"@type\":\"ImageObject\",\"inLanguage\":\"pt-BR\",\"@id\":\"https:\/\/www.pmpf.rs.gov.br\/secretaria-de-agricultura-e-desenvolvimento-rural\/2022\/08\/01\/prefeitura-promove-encontro-focado-no-fortalecimento-da-agricultura-familiar\/#primaryimage\",\"url\":\"https:\/\/www.pmpf.rs.gov.br\/secretaria-de-agricultura-e-desenvolvimento-rural\/wp-content\/uploads\/sites\/5\/2022\/08\/encontro-agricultura.jpg\",\"contentUrl\":\"https:\/\/www.pmpf.rs.gov.br\/secretaria-de-agricultura-e-desenvolvimento-rural\/wp-content\/uploads\/sites\/5\/2022\/08\/encontro-agricultura.jpg\",\"width\":1600,\"height\":898},{\"@type\":\"WebSite\",\"@id\":\"https:\/\/www.pmpf.rs.gov.br\/secretaria-de-agricultura-e-desenvolvimento-rural\/#website\",\"url\":\"https:\/\/www.pmpf.rs.gov.br\/secretaria-de-agricultura-e-desenvolvimento-rural\/\",\"name\":\"Secretaria de Agricultura e Desenvolvimento Rural\",\"description\":\"S\u00f3 mais um site Prefeitura Municipal de Passo Fundo Sites\",\"potentialAction\":[{\"@type\":\"SearchAction\",\"target\":{\"@type\":\"EntryPoint\",\"urlTemplate\":\"https:\/\/www.pmpf.rs.gov.br\/secretaria-de-agricultura-e-desenvolvimento-rural\/?s={search_term_string}\"},\"query-input\":{\"@type\":\"PropertyValueSpecification\",\"valueRequired\":true,\"valueName\":\"search_term_string\"}}],\"inLanguage\":\"pt-BR\"},{\"@type\":\"Person\",\"@id\":\"https:\/\/www.pmpf.rs.gov.br\/secretaria-de-agricultura-e-desenvolvimento-rural\/#\/schema\/person\/30ee1d1bd74da1469b01fcf086e43351\",\"name\":\"andressazorzetto07\",\"image\":{\"@type\":\"ImageObject\",\"inLanguage\":\"pt-BR\",\"@id\":\"https:\/\/www.pmpf.rs.gov.br\/secretaria-de-agricultura-e-desenvolvimento-rural\/#\/schema\/person\/image\/\",\"url\":\"https:\/\/secure.gravatar.com\/avatar\/14c5458ed79dc81da99a13b9ff5f9f19?s=96&d=mm&r=g\",\"contentUrl\":\"https:\/\/secure.gravatar.com\/avatar\/14c5458ed79dc81da99a13b9ff5f9f19?s=96&d=mm&r=g\",\"caption\":\"andressazorzetto07\"},\"url\":\"https:\/\/www.pmpf.rs.gov.br\/secretaria-de-agricultura-e-desenvolvimento-rural\/author\/andressazorzetto07\/\"}]}<\/script>\n<!-- \/ Yoast SEO plugin. -->","yoast_head_json":{"title":"Prefeitura promove encontro focado no fortalecimento da agricultura familiar - Secretaria de Agricultura e Desenvolvimento Rural","robots":{"index":"index","follow":"follow","max-snippet":"max-snippet:-1","max-image-preview":"max-image-preview:large","max-video-preview":"max-video-preview:-1"},"canonical":"https:\/\/www.pmpf.rs.gov.br\/secretaria-de-agricultura-e-desenvolvimento-rural\/2022\/08\/01\/prefeitura-promove-encontro-focado-no-fortalecimento-da-agricultura-familiar\/","og_locale":"pt_BR","og_type":"article","og_title":"Prefeitura promove encontro focado no fortalecimento da agricultura familiar - Secretaria de Agricultura e Desenvolvimento Rural","og_description":"Na tarde desta segunda-feira (1), a Prefeitura realizou, no sal\u00e3o da comunidade de S\u00e3o Roque, um encontro focado no fortalecimento da agricultura familiar a fim de ampliar a participa\u00e7\u00e3o dos produtores no [&hellip;]","og_url":"https:\/\/www.pmpf.rs.gov.br\/secretaria-de-agricultura-e-desenvolvimento-rural\/2022\/08\/01\/prefeitura-promove-encontro-focado-no-fortalecimento-da-agricultura-familiar\/","og_site_name":"Secretaria de Agricultura e Desenvolvimento Rural","article_published_time":"2022-08-01T19:32:59+00:00","article_modified_time":"2022-08-01T19:33:00+00:00","author":"andressazorzetto07","twitter_card":"summary_large_image","twitter_misc":{"Escrito por":"andressazorzetto07","Est. tempo de leitura":"2 minutos"},"schema":{"@context":"https:\/\/schema.org","@graph":[{"@type":"WebPage","@id":"https:\/\/www.pmpf.rs.gov.br\/secretaria-de-agricultura-e-desenvolvimento-rural\/2022\/08\/01\/prefeitura-promove-encontro-focado-no-fortalecimento-da-agricultura-familiar\/","url":"https:\/\/www.pmpf.rs.gov.br\/secretaria-de-agricultura-e-desenvolvimento-rural\/2022\/08\/01\/prefeitura-promove-encontro-focado-no-fortalecimento-da-agricultura-familiar\/","name":"Prefeitura promove encontro focado no fortalecimento da agricultura familiar - Secretaria de Agricultura e Desenvolvimento Rural","isPartOf":{"@id":"https:\/\/www.pmpf.rs.gov.br\/secretaria-de-agricultura-e-desenvolvimento-rural\/#website"},"primaryImageOfPage":{"@id":"https:\/\/www.pmpf.rs.gov.br\/secretaria-de-agricultura-e-desenvolvimento-rural\/2022\/08\/01\/prefeitura-promove-encontro-focado-no-fortalecimento-da-agricultura-familiar\/#primaryimage"},"image":{"@id":"https:\/\/www.pmpf.rs.gov.br\/secretaria-de-agricultura-e-desenvolvimento-rural\/2022\/08\/01\/prefeitura-promove-encontro-focado-no-fortalecimento-da-agricultura-familiar\/#primaryimage"},"thumbnailUrl":"https:\/\/www.pmpf.rs.gov.br\/secretaria-de-agricultura-e-desenvolvimento-rural\/wp-content\/uploads\/sites\/5\/2022\/08\/encontro-agricultura.jpg","datePublished":"2022-08-01T19:32:59+00:00","dateModified":"2022-08-01T19:33:00+00:00","author":{"@id":"https:\/\/www.pmpf.rs.gov.br\/secretaria-de-agricultura-e-desenvolvimento-rural\/#\/schema\/person\/30ee1d1bd74da1469b01fcf086e43351"},"inLanguage":"pt-BR","potentialAction":[{"@type":"ReadAction","target":["https:\/\/www.pmpf.rs.gov.br\/secretaria-de-agricultura-e-desenvolvimento-rural\/2022\/08\/01\/prefeitura-promove-encontro-focado-no-fortalecimento-da-agricultura-familiar\/"]}]},{"@type":"ImageObject","inLanguage":"pt-BR","@id":"https:\/\/www.pmpf.rs.gov.br\/secretaria-de-agricultura-e-desenvolvimento-rural\/2022\/08\/01\/prefeitura-promove-encontro-focado-no-fortalecimento-da-agricultura-familiar\/#primaryimage","url":"https:\/\/www.pmpf.rs.gov.br\/secretaria-de-agricultura-e-desenvolvimento-rural\/wp-content\/uploads\/sites\/5\/2022\/08\/encontro-agricultura.jpg","contentUrl":"https:\/\/www.pmpf.rs.gov.br\/secretaria-de-agricultura-e-desenvolvimento-rural\/wp-content\/uploads\/sites\/5\/2022\/08\/encontro-agricultura.jpg","width":1600,"height":898},{"@type":"WebSite","@id":"https:\/\/www.pmpf.rs.gov.br\/secretaria-de-agricultura-e-desenvolvimento-rural\/#website","url":"https:\/\/www.pmpf.rs.gov.br\/secretaria-de-agricultura-e-desenvolvimento-rural\/","name":"Secretaria de Agricultura e Desenvolvimento Rural","description":"S\u00f3 mais um site Prefeitura Municipal de Passo Fundo Sites","potentialAction":[{"@type":"SearchAction","target":{"@type":"EntryPoint","urlTemplate":"https:\/\/www.pmpf.rs.gov.br\/secretaria-de-agricultura-e-desenvolvimento-rural\/?s={search_term_string}"},"query-input":{"@type":"PropertyValueSpecification","valueRequired":true,"valueName":"search_term_string"}}],"inLanguage":"pt-BR"},{"@type":"Person","@id":"https:\/\/www.pmpf.rs.gov.br\/secretaria-de-agricultura-e-desenvolvimento-rural\/#\/schema\/person\/30ee1d1bd74da1469b01fcf086e43351","name":"andressazorzetto07","image":{"@type":"ImageObject","inLanguage":"pt-BR","@id":"https:\/\/www.pmpf.rs.gov.br\/secretaria-de-agricultura-e-desenvolvimento-rural\/#\/schema\/person\/image\/","url":"https:\/\/secure.gravatar.com\/avatar\/14c5458ed79dc81da99a13b9ff5f9f19?s=96&d=mm&r=g","contentUrl":"https:\/\/secure.gravatar.com\/avatar\/14c5458ed79dc81da99a13b9ff5f9f19?s=96&d=mm&r=g","caption":"andressazorzetto07"},"url":"https:\/\/www.pmpf.rs.gov.br\/secretaria-de-agricultura-e-desenvolvimento-rural\/author\/andressazorzetto07\/"}]}},"_links":{"self":[{"href":"https:\/\/www.pmpf.rs.gov.br\/secretaria-de-agricultura-e-desenvolvimento-rural\/wp-json\/wp\/v2\/posts\/776"}],"collection":[{"href":"https:\/\/www.pmpf.rs.gov.br\/secretaria-de-agricultura-e-desenvolvimento-rural\/wp-json\/wp\/v2\/posts"}],"about":[{"href":"https:\/\/www.pmpf.rs.gov.br\/secretaria-de-agricultura-e-desenvolvimento-rural\/wp-json\/wp\/v2\/types\/post"}],"author":[{"embeddable":true,"href":"https:\/\/www.pmpf.rs.gov.br\/secretaria-de-agricultura-e-desenvolvimento-rural\/wp-json\/wp\/v2\/users\/6"}],"replies":[{"embeddable":true,"href":"https:\/\/www.pmpf.rs.gov.br\/secretaria-de-agricultura-e-desenvolvimento-rural\/wp-json\/wp\/v2\/comments?post=776"}],"version-history":[{"count":1,"href":"https:\/\/www.pmpf.rs.gov.br\/secretaria-de-agricultura-e-desenvolvimento-rural\/wp-json\/wp\/v2\/posts\/776\/revisions"}],"predecessor-version":[{"id":778,"href":"https:\/\/www.pmpf.rs.gov.br\/secretaria-de-agricultura-e-desenvolvimento-rural\/wp-json\/wp\/v2\/posts\/776\/revisions\/778"}],"wp:featuredmedia":[{"embeddable":true,"href":"https:\/\/www.pmpf.rs.gov.br\/secretaria-de-agricultura-e-desenvolvimento-rural\/wp-json\/wp\/v2\/media\/777"}],"wp:attachment":[{"href":"https:\/\/www.pmpf.rs.gov.br\/secretaria-de-agricultura-e-desenvolvimento-rural\/wp-json\/wp\/v2\/media?parent=776"}],"wp:term":[{"taxonomy":"category","embeddable":true,"href":"https:\/\/www.pmpf.rs.gov.br\/secretaria-de-agricultura-e-desenvolvimento-rural\/wp-json\/wp\/v2\/categories?post=776"},{"taxonomy":"post_tag","embeddable":true,"href":"https:\/\/www.pmpf.rs.gov.br\/secretaria-de-agricultura-e-desenvolvimento-rural\/wp-json\/wp\/v2\/tags?post=776"}],"curies":[{"name":"wp","href":"https:\/\/api.w.org\/{rel}","templated":true}]}}