{"id":730,"date":"2022-06-10T16:26:00","date_gmt":"2022-06-10T19:26:00","guid":{"rendered":"https:\/\/www.pmpf.rs.gov.br\/secretaria-de-agricultura-e-desenvolvimento-rural\/?p=730"},"modified":"2022-06-10T16:26:01","modified_gmt":"2022-06-10T19:26:01","slug":"prefeitura-distribui-cestas-basicas-para-familias-do-interior-afetadas-pela-estiagem","status":"publish","type":"post","link":"https:\/\/www.pmpf.rs.gov.br\/secretaria-de-agricultura-e-desenvolvimento-rural\/2022\/06\/10\/prefeitura-distribui-cestas-basicas-para-familias-do-interior-afetadas-pela-estiagem\/","title":{"rendered":"Prefeitura distribui cestas b\u00e1sicas para fam\u00edlias do interior afetadas pela estiagem"},"content":{"rendered":"\n<p><\/p>\n\n\n\n<p>A Prefeitura de Passo Fundo, atrav\u00e9s da Secretaria de Agricultura e Desenvolvimento Rural, fez a distribui\u00e7\u00e3o 780 cestas b\u00e1sicas para fam\u00edlias dos seis distritos do interior. Os produtos foram adquiridos pelo Governo Federal, atrav\u00e9s do Minist\u00e9rio da Cidadania.<\/p>\n\n\n\n<p>Um total de mais de 1.148 toneladas de alimento foram entregues para 105 cidades no pa\u00eds, com o objetivo de reduzir o impacto da calamidade p\u00fablica declarada pelos munic\u00edpios no estado de emerg\u00eancia devido \u00e0 grande seca. O objetivo \u00e9 a distribui\u00e7\u00e3o gratuita de alimentos para complementar outras estrat\u00e9gias de fomento e acesso \u00e0 alimenta\u00e7\u00e3o para p\u00fablicos em situa\u00e7\u00e3o de inseguran\u00e7a alimentar e nutricional.<\/p>\n\n\n\n<p>As sacolas foram disponibilizadas para Passo Fundo em fun\u00e7\u00e3o do decreto de situa\u00e7\u00e3o de emerg\u00eancia, atrav\u00e9s do deputado federal Sanderson. Conforme o secret\u00e1rio da Agricultura, Cristiam Thans, foram atendidas 260 fam\u00edlias que passaram por dificuldades em fun\u00e7\u00e3o da estiagem. As cestas que s\u00e3o compostas por: 5 kg de arroz; 2 kg feij\u00e3o; 2 kg leite em p\u00f3 integral; 1 lata de \u00f3leo de soja; 1 kg de farinha de trigo; 2 kg de macarr\u00e3o; 1 kg de a\u00e7\u00facar cristal e 1 kg de fub\u00e1, totalizando 15 kg.<\/p>\n","protected":false},"excerpt":{"rendered":"<p>A Prefeitura de Passo Fundo, atrav\u00e9s da Secretaria de Agricultura e Desenvolvimento Rural, fez a distribui\u00e7\u00e3o 780 cestas b\u00e1sicas para fam\u00edlias dos seis distritos do interior<\/p>\n","protected":false},"author":6,"featured_media":0,"comment_status":"closed","ping_status":"closed","sticky":true,"template":"","format":"standard","meta":{"footnotes":""},"categories":[1],"tags":[],"class_list":["post-730","post","type-post","status-publish","format-standard","hentry","category-sem-categoria"],"yoast_head":"<!-- This site is optimized with the Yoast SEO plugin v23.8 - https:\/\/yoast.com\/wordpress\/plugins\/seo\/ -->\n<title>Prefeitura distribui cestas b\u00e1sicas para fam\u00edlias do interior afetadas pela estiagem - Secretaria de Agricultura e Desenvolvimento Rural<\/title>\n<meta name=\"robots\" content=\"index, follow, max-snippet:-1, max-image-preview:large, max-video-preview:-1\" \/>\n<link rel=\"canonical\" href=\"https:\/\/www.pmpf.rs.gov.br\/secretaria-de-agricultura-e-desenvolvimento-rural\/2022\/06\/10\/prefeitura-distribui-cestas-basicas-para-familias-do-interior-afetadas-pela-estiagem\/\" \/>\n<meta property=\"og:locale\" content=\"pt_BR\" \/>\n<meta property=\"og:type\" content=\"article\" \/>\n<meta property=\"og:title\" content=\"Prefeitura distribui cestas b\u00e1sicas para fam\u00edlias do interior afetadas pela estiagem - Secretaria de Agricultura e Desenvolvimento Rural\" \/>\n<meta property=\"og:description\" content=\"A Prefeitura de Passo Fundo, atrav\u00e9s da Secretaria de Agricultura e Desenvolvimento Rural, fez a distribui\u00e7\u00e3o 780 cestas b\u00e1sicas para fam\u00edlias dos seis distritos do interior\" \/>\n<meta property=\"og:url\" content=\"https:\/\/www.pmpf.rs.gov.br\/secretaria-de-agricultura-e-desenvolvimento-rural\/2022\/06\/10\/prefeitura-distribui-cestas-basicas-para-familias-do-interior-afetadas-pela-estiagem\/\" \/>\n<meta property=\"og:site_name\" content=\"Secretaria de Agricultura e Desenvolvimento Rural\" \/>\n<meta property=\"article:published_time\" content=\"2022-06-10T19:26:00+00:00\" \/>\n<meta property=\"article:modified_time\" content=\"2022-06-10T19:26:01+00:00\" \/>\n<meta name=\"author\" content=\"andressazorzetto07\" \/>\n<meta name=\"twitter:card\" content=\"summary_large_image\" \/>\n<meta name=\"twitter:label1\" content=\"Escrito por\" \/>\n\t<meta name=\"twitter:data1\" content=\"andressazorzetto07\" \/>\n\t<meta name=\"twitter:label2\" content=\"Est. tempo de leitura\" \/>\n\t<meta name=\"twitter:data2\" content=\"1 minuto\" \/>\n<script type=\"application\/ld+json\" class=\"yoast-schema-graph\">{\"@context\":\"https:\/\/schema.org\",\"@graph\":[{\"@type\":\"WebPage\",\"@id\":\"https:\/\/www.pmpf.rs.gov.br\/secretaria-de-agricultura-e-desenvolvimento-rural\/2022\/06\/10\/prefeitura-distribui-cestas-basicas-para-familias-do-interior-afetadas-pela-estiagem\/\",\"url\":\"https:\/\/www.pmpf.rs.gov.br\/secretaria-de-agricultura-e-desenvolvimento-rural\/2022\/06\/10\/prefeitura-distribui-cestas-basicas-para-familias-do-interior-afetadas-pela-estiagem\/\",\"name\":\"Prefeitura distribui cestas b\u00e1sicas para fam\u00edlias do interior afetadas pela estiagem - Secretaria de Agricultura e Desenvolvimento Rural\",\"isPartOf\":{\"@id\":\"https:\/\/www.pmpf.rs.gov.br\/secretaria-de-agricultura-e-desenvolvimento-rural\/#website\"},\"datePublished\":\"2022-06-10T19:26:00+00:00\",\"dateModified\":\"2022-06-10T19:26:01+00:00\",\"author\":{\"@id\":\"https:\/\/www.pmpf.rs.gov.br\/secretaria-de-agricultura-e-desenvolvimento-rural\/#\/schema\/person\/30ee1d1bd74da1469b01fcf086e43351\"},\"inLanguage\":\"pt-BR\",\"potentialAction\":[{\"@type\":\"ReadAction\",\"target\":[\"https:\/\/www.pmpf.rs.gov.br\/secretaria-de-agricultura-e-desenvolvimento-rural\/2022\/06\/10\/prefeitura-distribui-cestas-basicas-para-familias-do-interior-afetadas-pela-estiagem\/\"]}]},{\"@type\":\"WebSite\",\"@id\":\"https:\/\/www.pmpf.rs.gov.br\/secretaria-de-agricultura-e-desenvolvimento-rural\/#website\",\"url\":\"https:\/\/www.pmpf.rs.gov.br\/secretaria-de-agricultura-e-desenvolvimento-rural\/\",\"name\":\"Secretaria de Agricultura e Desenvolvimento Rural\",\"description\":\"S\u00f3 mais um site Prefeitura Municipal de Passo Fundo Sites\",\"potentialAction\":[{\"@type\":\"SearchAction\",\"target\":{\"@type\":\"EntryPoint\",\"urlTemplate\":\"https:\/\/www.pmpf.rs.gov.br\/secretaria-de-agricultura-e-desenvolvimento-rural\/?s={search_term_string}\"},\"query-input\":{\"@type\":\"PropertyValueSpecification\",\"valueRequired\":true,\"valueName\":\"search_term_string\"}}],\"inLanguage\":\"pt-BR\"},{\"@type\":\"Person\",\"@id\":\"https:\/\/www.pmpf.rs.gov.br\/secretaria-de-agricultura-e-desenvolvimento-rural\/#\/schema\/person\/30ee1d1bd74da1469b01fcf086e43351\",\"name\":\"andressazorzetto07\",\"image\":{\"@type\":\"ImageObject\",\"inLanguage\":\"pt-BR\",\"@id\":\"https:\/\/www.pmpf.rs.gov.br\/secretaria-de-agricultura-e-desenvolvimento-rural\/#\/schema\/person\/image\/\",\"url\":\"https:\/\/secure.gravatar.com\/avatar\/14c5458ed79dc81da99a13b9ff5f9f19?s=96&d=mm&r=g\",\"contentUrl\":\"https:\/\/secure.gravatar.com\/avatar\/14c5458ed79dc81da99a13b9ff5f9f19?s=96&d=mm&r=g\",\"caption\":\"andressazorzetto07\"},\"url\":\"https:\/\/www.pmpf.rs.gov.br\/secretaria-de-agricultura-e-desenvolvimento-rural\/author\/andressazorzetto07\/\"}]}<\/script>\n<!-- \/ Yoast SEO plugin. -->","yoast_head_json":{"title":"Prefeitura distribui cestas b\u00e1sicas para fam\u00edlias do interior afetadas pela estiagem - Secretaria de Agricultura e Desenvolvimento Rural","robots":{"index":"index","follow":"follow","max-snippet":"max-snippet:-1","max-image-preview":"max-image-preview:large","max-video-preview":"max-video-preview:-1"},"canonical":"https:\/\/www.pmpf.rs.gov.br\/secretaria-de-agricultura-e-desenvolvimento-rural\/2022\/06\/10\/prefeitura-distribui-cestas-basicas-para-familias-do-interior-afetadas-pela-estiagem\/","og_locale":"pt_BR","og_type":"article","og_title":"Prefeitura distribui cestas b\u00e1sicas para fam\u00edlias do interior afetadas pela estiagem - Secretaria de Agricultura e Desenvolvimento Rural","og_description":"A Prefeitura de Passo Fundo, atrav\u00e9s da Secretaria de Agricultura e Desenvolvimento Rural, fez a distribui\u00e7\u00e3o 780 cestas b\u00e1sicas para fam\u00edlias dos seis distritos do interior","og_url":"https:\/\/www.pmpf.rs.gov.br\/secretaria-de-agricultura-e-desenvolvimento-rural\/2022\/06\/10\/prefeitura-distribui-cestas-basicas-para-familias-do-interior-afetadas-pela-estiagem\/","og_site_name":"Secretaria de Agricultura e Desenvolvimento Rural","article_published_time":"2022-06-10T19:26:00+00:00","article_modified_time":"2022-06-10T19:26:01+00:00","author":"andressazorzetto07","twitter_card":"summary_large_image","twitter_misc":{"Escrito por":"andressazorzetto07","Est. tempo de leitura":"1 minuto"},"schema":{"@context":"https:\/\/schema.org","@graph":[{"@type":"WebPage","@id":"https:\/\/www.pmpf.rs.gov.br\/secretaria-de-agricultura-e-desenvolvimento-rural\/2022\/06\/10\/prefeitura-distribui-cestas-basicas-para-familias-do-interior-afetadas-pela-estiagem\/","url":"https:\/\/www.pmpf.rs.gov.br\/secretaria-de-agricultura-e-desenvolvimento-rural\/2022\/06\/10\/prefeitura-distribui-cestas-basicas-para-familias-do-interior-afetadas-pela-estiagem\/","name":"Prefeitura distribui cestas b\u00e1sicas para fam\u00edlias do interior afetadas pela estiagem - Secretaria de Agricultura e Desenvolvimento Rural","isPartOf":{"@id":"https:\/\/www.pmpf.rs.gov.br\/secretaria-de-agricultura-e-desenvolvimento-rural\/#website"},"datePublished":"2022-06-10T19:26:00+00:00","dateModified":"2022-06-10T19:26:01+00:00","author":{"@id":"https:\/\/www.pmpf.rs.gov.br\/secretaria-de-agricultura-e-desenvolvimento-rural\/#\/schema\/person\/30ee1d1bd74da1469b01fcf086e43351"},"inLanguage":"pt-BR","potentialAction":[{"@type":"ReadAction","target":["https:\/\/www.pmpf.rs.gov.br\/secretaria-de-agricultura-e-desenvolvimento-rural\/2022\/06\/10\/prefeitura-distribui-cestas-basicas-para-familias-do-interior-afetadas-pela-estiagem\/"]}]},{"@type":"WebSite","@id":"https:\/\/www.pmpf.rs.gov.br\/secretaria-de-agricultura-e-desenvolvimento-rural\/#website","url":"https:\/\/www.pmpf.rs.gov.br\/secretaria-de-agricultura-e-desenvolvimento-rural\/","name":"Secretaria de Agricultura e Desenvolvimento Rural","description":"S\u00f3 mais um site Prefeitura Municipal de Passo Fundo Sites","potentialAction":[{"@type":"SearchAction","target":{"@type":"EntryPoint","urlTemplate":"https:\/\/www.pmpf.rs.gov.br\/secretaria-de-agricultura-e-desenvolvimento-rural\/?s={search_term_string}"},"query-input":{"@type":"PropertyValueSpecification","valueRequired":true,"valueName":"search_term_string"}}],"inLanguage":"pt-BR"},{"@type":"Person","@id":"https:\/\/www.pmpf.rs.gov.br\/secretaria-de-agricultura-e-desenvolvimento-rural\/#\/schema\/person\/30ee1d1bd74da1469b01fcf086e43351","name":"andressazorzetto07","image":{"@type":"ImageObject","inLanguage":"pt-BR","@id":"https:\/\/www.pmpf.rs.gov.br\/secretaria-de-agricultura-e-desenvolvimento-rural\/#\/schema\/person\/image\/","url":"https:\/\/secure.gravatar.com\/avatar\/14c5458ed79dc81da99a13b9ff5f9f19?s=96&d=mm&r=g","contentUrl":"https:\/\/secure.gravatar.com\/avatar\/14c5458ed79dc81da99a13b9ff5f9f19?s=96&d=mm&r=g","caption":"andressazorzetto07"},"url":"https:\/\/www.pmpf.rs.gov.br\/secretaria-de-agricultura-e-desenvolvimento-rural\/author\/andressazorzetto07\/"}]}},"_links":{"self":[{"href":"https:\/\/www.pmpf.rs.gov.br\/secretaria-de-agricultura-e-desenvolvimento-rural\/wp-json\/wp\/v2\/posts\/730"}],"collection":[{"href":"https:\/\/www.pmpf.rs.gov.br\/secretaria-de-agricultura-e-desenvolvimento-rural\/wp-json\/wp\/v2\/posts"}],"about":[{"href":"https:\/\/www.pmpf.rs.gov.br\/secretaria-de-agricultura-e-desenvolvimento-rural\/wp-json\/wp\/v2\/types\/post"}],"author":[{"embeddable":true,"href":"https:\/\/www.pmpf.rs.gov.br\/secretaria-de-agricultura-e-desenvolvimento-rural\/wp-json\/wp\/v2\/users\/6"}],"replies":[{"embeddable":true,"href":"https:\/\/www.pmpf.rs.gov.br\/secretaria-de-agricultura-e-desenvolvimento-rural\/wp-json\/wp\/v2\/comments?post=730"}],"version-history":[{"count":1,"href":"https:\/\/www.pmpf.rs.gov.br\/secretaria-de-agricultura-e-desenvolvimento-rural\/wp-json\/wp\/v2\/posts\/730\/revisions"}],"predecessor-version":[{"id":731,"href":"https:\/\/www.pmpf.rs.gov.br\/secretaria-de-agricultura-e-desenvolvimento-rural\/wp-json\/wp\/v2\/posts\/730\/revisions\/731"}],"wp:attachment":[{"href":"https:\/\/www.pmpf.rs.gov.br\/secretaria-de-agricultura-e-desenvolvimento-rural\/wp-json\/wp\/v2\/media?parent=730"}],"wp:term":[{"taxonomy":"category","embeddable":true,"href":"https:\/\/www.pmpf.rs.gov.br\/secretaria-de-agricultura-e-desenvolvimento-rural\/wp-json\/wp\/v2\/categories?post=730"},{"taxonomy":"post_tag","embeddable":true,"href":"https:\/\/www.pmpf.rs.gov.br\/secretaria-de-agricultura-e-desenvolvimento-rural\/wp-json\/wp\/v2\/tags?post=730"}],"curies":[{"name":"wp","href":"https:\/\/api.w.org\/{rel}","templated":true}]}}