{"id":713,"date":"2022-04-20T14:22:53","date_gmt":"2022-04-20T17:22:53","guid":{"rendered":"https:\/\/www.pmpf.rs.gov.br\/secretaria-de-agricultura-e-desenvolvimento-rural\/?p=713"},"modified":"2022-04-20T14:22:54","modified_gmt":"2022-04-20T17:22:54","slug":"prefeitura-avanca-no-programa-campo-conectado-e-leva-a-fibra-optica-para-o-distrito-de-pulador","status":"publish","type":"post","link":"https:\/\/www.pmpf.rs.gov.br\/secretaria-de-agricultura-e-desenvolvimento-rural\/2022\/04\/20\/prefeitura-avanca-no-programa-campo-conectado-e-leva-a-fibra-optica-para-o-distrito-de-pulador\/","title":{"rendered":"Prefeitura avan\u00e7a no programa Campo Conectado e leva a fibra \u00f3ptica para o distrito de Pulador"},"content":{"rendered":"\n<p><\/p>\n\n\n\n<p>O programa Campo Conectado \u00e9 uma iniciativa da Prefeitura para levar aos moradores do interior acesso de qualidade \u00e0 internet via fibra \u00f3ptica. At\u00e9 o momento, mais de 300 fam\u00edlias dos distritos de S\u00e3o Roque, Santo Ant\u00f4nio do Capinzal e Bom Recreio j\u00e1 est\u00e3o conectadas. O cabeamento continua sendo realizado e j\u00e1 chegou tamb\u00e9m no distrito de Pulador.<\/p>\n\n\n\n<p>O prefeito, Pedro Almeida, destaca que o investimento do Munic\u00edpio tem como objetivo principal melhorar o dia a dia dos moradores do interior, criando novas possibilidades para o trabalho, estudo e entretenimento. \u201cHoje, a internet faz parte da vida das pessoas e \u00e9 a partir dela que solucionamos com rapidez muitas situa\u00e7\u00f5es cotidianas. Sem d\u00favidas, qualificando esse acesso, a Prefeitura aproxima essas comunidades da tecnologia e da comunica\u00e7\u00e3o\u201d, enfatiza.<\/p>\n\n\n\n<p>O subprefeito de Pulador, Ant\u00f4nio Laitart, resume a expectativa dos moradores da localidade. \u201cEra uma espera de muitos anos. Muitas pessoas perguntavam quando a internet viria. Algumas tinham internet via r\u00e1dio, mas n\u00e3o conseguiam utilizar porque o sinal n\u00e3o era bom. Agora, o Campo Conectado vai trazer internet de qualidade para todas\u201d, afirma.<\/p>\n\n\n\n<p>A chegada da fibra \u00f3ptica em Pulador, conforme o secret\u00e1rio de Agricultura e de Desenvolvimento Rural, Cristiam Thans, compreende a etapa 4 do programa. \u201cCom esta fase, chegaremos a mais de 60% da \u00e1rea rural com sinal de internet de qualidade. Na sequ\u00eancia teremos a etapa 5, que ser\u00e1 na regi\u00e3o de Bela Vista, e, por \u00faltimo, a etapa 6, que incluir\u00e1 a regi\u00e3o chamada de Primeiro Distrito e o distrito de Sede Independ\u00eancia\u201d, afirma.<\/p>\n\n\n\n<p>O programa Campo Conectado foi implementado pela Prefeitura e conta com os servi\u00e7os da Coprel. Enquanto o Munic\u00edpio fornece todos os materiais necess\u00e1rios, a empresa executa a instala\u00e7\u00e3o. Essa concess\u00e3o resultar\u00e1 na constru\u00e7\u00e3o de 220 quil\u00f4metros de rede de fibra \u00f3ptica, que levar\u00e3o comunica\u00e7\u00e3o e conex\u00e3o de qualidade a mais de 1.000 fam\u00edlias do interior.<\/p>\n","protected":false},"excerpt":{"rendered":"<p>Iniciativa, que conta com os servi\u00e7os da Coprel, dever\u00e1 atender mais de 1.000 fam\u00edlias de todos o interior com internet de qualidade<\/p>\n","protected":false},"author":6,"featured_media":715,"comment_status":"closed","ping_status":"closed","sticky":true,"template":"","format":"standard","meta":{"footnotes":""},"categories":[6],"tags":[],"class_list":["post-713","post","type-post","status-publish","format-standard","has-post-thumbnail","hentry","category-campo-conectado"],"yoast_head":"<!-- This site is optimized with the Yoast SEO plugin v23.8 - https:\/\/yoast.com\/wordpress\/plugins\/seo\/ -->\n<title>Prefeitura avan\u00e7a no programa Campo Conectado e leva a fibra \u00f3ptica para o distrito de Pulador - Secretaria de Agricultura e Desenvolvimento Rural<\/title>\n<meta name=\"robots\" content=\"index, follow, max-snippet:-1, max-image-preview:large, max-video-preview:-1\" \/>\n<link rel=\"canonical\" href=\"https:\/\/www.pmpf.rs.gov.br\/secretaria-de-agricultura-e-desenvolvimento-rural\/2022\/04\/20\/prefeitura-avanca-no-programa-campo-conectado-e-leva-a-fibra-optica-para-o-distrito-de-pulador\/\" \/>\n<meta property=\"og:locale\" content=\"pt_BR\" \/>\n<meta property=\"og:type\" content=\"article\" \/>\n<meta property=\"og:title\" content=\"Prefeitura avan\u00e7a no programa Campo Conectado e leva a fibra \u00f3ptica para o distrito de Pulador - Secretaria de Agricultura e Desenvolvimento Rural\" \/>\n<meta property=\"og:description\" content=\"Iniciativa, que conta com os servi\u00e7os da Coprel, dever\u00e1 atender mais de 1.000 fam\u00edlias de todos o interior com internet de qualidade\" \/>\n<meta property=\"og:url\" content=\"https:\/\/www.pmpf.rs.gov.br\/secretaria-de-agricultura-e-desenvolvimento-rural\/2022\/04\/20\/prefeitura-avanca-no-programa-campo-conectado-e-leva-a-fibra-optica-para-o-distrito-de-pulador\/\" \/>\n<meta property=\"og:site_name\" content=\"Secretaria de Agricultura e Desenvolvimento Rural\" \/>\n<meta property=\"article:published_time\" content=\"2022-04-20T17:22:53+00:00\" \/>\n<meta property=\"article:modified_time\" content=\"2022-04-20T17:22:54+00:00\" \/>\n<meta name=\"author\" content=\"andressazorzetto07\" \/>\n<meta name=\"twitter:card\" content=\"summary_large_image\" \/>\n<meta name=\"twitter:label1\" content=\"Escrito por\" \/>\n\t<meta name=\"twitter:data1\" content=\"andressazorzetto07\" \/>\n\t<meta name=\"twitter:label2\" content=\"Est. tempo de leitura\" \/>\n\t<meta name=\"twitter:data2\" content=\"2 minutos\" \/>\n<script type=\"application\/ld+json\" class=\"yoast-schema-graph\">{\"@context\":\"https:\/\/schema.org\",\"@graph\":[{\"@type\":\"WebPage\",\"@id\":\"https:\/\/www.pmpf.rs.gov.br\/secretaria-de-agricultura-e-desenvolvimento-rural\/2022\/04\/20\/prefeitura-avanca-no-programa-campo-conectado-e-leva-a-fibra-optica-para-o-distrito-de-pulador\/\",\"url\":\"https:\/\/www.pmpf.rs.gov.br\/secretaria-de-agricultura-e-desenvolvimento-rural\/2022\/04\/20\/prefeitura-avanca-no-programa-campo-conectado-e-leva-a-fibra-optica-para-o-distrito-de-pulador\/\",\"name\":\"Prefeitura avan\u00e7a no programa Campo Conectado e leva a fibra \u00f3ptica para o distrito de Pulador - Secretaria de Agricultura e Desenvolvimento Rural\",\"isPartOf\":{\"@id\":\"https:\/\/www.pmpf.rs.gov.br\/secretaria-de-agricultura-e-desenvolvimento-rural\/#website\"},\"primaryImageOfPage\":{\"@id\":\"https:\/\/www.pmpf.rs.gov.br\/secretaria-de-agricultura-e-desenvolvimento-rural\/2022\/04\/20\/prefeitura-avanca-no-programa-campo-conectado-e-leva-a-fibra-optica-para-o-distrito-de-pulador\/#primaryimage\"},\"image\":{\"@id\":\"https:\/\/www.pmpf.rs.gov.br\/secretaria-de-agricultura-e-desenvolvimento-rural\/2022\/04\/20\/prefeitura-avanca-no-programa-campo-conectado-e-leva-a-fibra-optica-para-o-distrito-de-pulador\/#primaryimage\"},\"thumbnailUrl\":\"https:\/\/www.pmpf.rs.gov.br\/secretaria-de-agricultura-e-desenvolvimento-rural\/wp-content\/uploads\/sites\/5\/2022\/04\/campo-conectado-520x292-1.jpg\",\"datePublished\":\"2022-04-20T17:22:53+00:00\",\"dateModified\":\"2022-04-20T17:22:54+00:00\",\"author\":{\"@id\":\"https:\/\/www.pmpf.rs.gov.br\/secretaria-de-agricultura-e-desenvolvimento-rural\/#\/schema\/person\/30ee1d1bd74da1469b01fcf086e43351\"},\"inLanguage\":\"pt-BR\",\"potentialAction\":[{\"@type\":\"ReadAction\",\"target\":[\"https:\/\/www.pmpf.rs.gov.br\/secretaria-de-agricultura-e-desenvolvimento-rural\/2022\/04\/20\/prefeitura-avanca-no-programa-campo-conectado-e-leva-a-fibra-optica-para-o-distrito-de-pulador\/\"]}]},{\"@type\":\"ImageObject\",\"inLanguage\":\"pt-BR\",\"@id\":\"https:\/\/www.pmpf.rs.gov.br\/secretaria-de-agricultura-e-desenvolvimento-rural\/2022\/04\/20\/prefeitura-avanca-no-programa-campo-conectado-e-leva-a-fibra-optica-para-o-distrito-de-pulador\/#primaryimage\",\"url\":\"https:\/\/www.pmpf.rs.gov.br\/secretaria-de-agricultura-e-desenvolvimento-rural\/wp-content\/uploads\/sites\/5\/2022\/04\/campo-conectado-520x292-1.jpg\",\"contentUrl\":\"https:\/\/www.pmpf.rs.gov.br\/secretaria-de-agricultura-e-desenvolvimento-rural\/wp-content\/uploads\/sites\/5\/2022\/04\/campo-conectado-520x292-1.jpg\",\"width\":520,\"height\":292},{\"@type\":\"WebSite\",\"@id\":\"https:\/\/www.pmpf.rs.gov.br\/secretaria-de-agricultura-e-desenvolvimento-rural\/#website\",\"url\":\"https:\/\/www.pmpf.rs.gov.br\/secretaria-de-agricultura-e-desenvolvimento-rural\/\",\"name\":\"Secretaria de Agricultura e Desenvolvimento Rural\",\"description\":\"S\u00f3 mais um site Prefeitura Municipal de Passo Fundo Sites\",\"potentialAction\":[{\"@type\":\"SearchAction\",\"target\":{\"@type\":\"EntryPoint\",\"urlTemplate\":\"https:\/\/www.pmpf.rs.gov.br\/secretaria-de-agricultura-e-desenvolvimento-rural\/?s={search_term_string}\"},\"query-input\":{\"@type\":\"PropertyValueSpecification\",\"valueRequired\":true,\"valueName\":\"search_term_string\"}}],\"inLanguage\":\"pt-BR\"},{\"@type\":\"Person\",\"@id\":\"https:\/\/www.pmpf.rs.gov.br\/secretaria-de-agricultura-e-desenvolvimento-rural\/#\/schema\/person\/30ee1d1bd74da1469b01fcf086e43351\",\"name\":\"andressazorzetto07\",\"image\":{\"@type\":\"ImageObject\",\"inLanguage\":\"pt-BR\",\"@id\":\"https:\/\/www.pmpf.rs.gov.br\/secretaria-de-agricultura-e-desenvolvimento-rural\/#\/schema\/person\/image\/\",\"url\":\"https:\/\/secure.gravatar.com\/avatar\/14c5458ed79dc81da99a13b9ff5f9f19?s=96&d=mm&r=g\",\"contentUrl\":\"https:\/\/secure.gravatar.com\/avatar\/14c5458ed79dc81da99a13b9ff5f9f19?s=96&d=mm&r=g\",\"caption\":\"andressazorzetto07\"},\"url\":\"https:\/\/www.pmpf.rs.gov.br\/secretaria-de-agricultura-e-desenvolvimento-rural\/author\/andressazorzetto07\/\"}]}<\/script>\n<!-- \/ Yoast SEO plugin. -->","yoast_head_json":{"title":"Prefeitura avan\u00e7a no programa Campo Conectado e leva a fibra \u00f3ptica para o distrito de Pulador - Secretaria de Agricultura e Desenvolvimento Rural","robots":{"index":"index","follow":"follow","max-snippet":"max-snippet:-1","max-image-preview":"max-image-preview:large","max-video-preview":"max-video-preview:-1"},"canonical":"https:\/\/www.pmpf.rs.gov.br\/secretaria-de-agricultura-e-desenvolvimento-rural\/2022\/04\/20\/prefeitura-avanca-no-programa-campo-conectado-e-leva-a-fibra-optica-para-o-distrito-de-pulador\/","og_locale":"pt_BR","og_type":"article","og_title":"Prefeitura avan\u00e7a no programa Campo Conectado e leva a fibra \u00f3ptica para o distrito de Pulador - Secretaria de Agricultura e Desenvolvimento Rural","og_description":"Iniciativa, que conta com os servi\u00e7os da Coprel, dever\u00e1 atender mais de 1.000 fam\u00edlias de todos o interior com internet de qualidade","og_url":"https:\/\/www.pmpf.rs.gov.br\/secretaria-de-agricultura-e-desenvolvimento-rural\/2022\/04\/20\/prefeitura-avanca-no-programa-campo-conectado-e-leva-a-fibra-optica-para-o-distrito-de-pulador\/","og_site_name":"Secretaria de Agricultura e Desenvolvimento Rural","article_published_time":"2022-04-20T17:22:53+00:00","article_modified_time":"2022-04-20T17:22:54+00:00","author":"andressazorzetto07","twitter_card":"summary_large_image","twitter_misc":{"Escrito por":"andressazorzetto07","Est. tempo de leitura":"2 minutos"},"schema":{"@context":"https:\/\/schema.org","@graph":[{"@type":"WebPage","@id":"https:\/\/www.pmpf.rs.gov.br\/secretaria-de-agricultura-e-desenvolvimento-rural\/2022\/04\/20\/prefeitura-avanca-no-programa-campo-conectado-e-leva-a-fibra-optica-para-o-distrito-de-pulador\/","url":"https:\/\/www.pmpf.rs.gov.br\/secretaria-de-agricultura-e-desenvolvimento-rural\/2022\/04\/20\/prefeitura-avanca-no-programa-campo-conectado-e-leva-a-fibra-optica-para-o-distrito-de-pulador\/","name":"Prefeitura avan\u00e7a no programa Campo Conectado e leva a fibra \u00f3ptica para o distrito de Pulador - Secretaria de Agricultura e Desenvolvimento Rural","isPartOf":{"@id":"https:\/\/www.pmpf.rs.gov.br\/secretaria-de-agricultura-e-desenvolvimento-rural\/#website"},"primaryImageOfPage":{"@id":"https:\/\/www.pmpf.rs.gov.br\/secretaria-de-agricultura-e-desenvolvimento-rural\/2022\/04\/20\/prefeitura-avanca-no-programa-campo-conectado-e-leva-a-fibra-optica-para-o-distrito-de-pulador\/#primaryimage"},"image":{"@id":"https:\/\/www.pmpf.rs.gov.br\/secretaria-de-agricultura-e-desenvolvimento-rural\/2022\/04\/20\/prefeitura-avanca-no-programa-campo-conectado-e-leva-a-fibra-optica-para-o-distrito-de-pulador\/#primaryimage"},"thumbnailUrl":"https:\/\/www.pmpf.rs.gov.br\/secretaria-de-agricultura-e-desenvolvimento-rural\/wp-content\/uploads\/sites\/5\/2022\/04\/campo-conectado-520x292-1.jpg","datePublished":"2022-04-20T17:22:53+00:00","dateModified":"2022-04-20T17:22:54+00:00","author":{"@id":"https:\/\/www.pmpf.rs.gov.br\/secretaria-de-agricultura-e-desenvolvimento-rural\/#\/schema\/person\/30ee1d1bd74da1469b01fcf086e43351"},"inLanguage":"pt-BR","potentialAction":[{"@type":"ReadAction","target":["https:\/\/www.pmpf.rs.gov.br\/secretaria-de-agricultura-e-desenvolvimento-rural\/2022\/04\/20\/prefeitura-avanca-no-programa-campo-conectado-e-leva-a-fibra-optica-para-o-distrito-de-pulador\/"]}]},{"@type":"ImageObject","inLanguage":"pt-BR","@id":"https:\/\/www.pmpf.rs.gov.br\/secretaria-de-agricultura-e-desenvolvimento-rural\/2022\/04\/20\/prefeitura-avanca-no-programa-campo-conectado-e-leva-a-fibra-optica-para-o-distrito-de-pulador\/#primaryimage","url":"https:\/\/www.pmpf.rs.gov.br\/secretaria-de-agricultura-e-desenvolvimento-rural\/wp-content\/uploads\/sites\/5\/2022\/04\/campo-conectado-520x292-1.jpg","contentUrl":"https:\/\/www.pmpf.rs.gov.br\/secretaria-de-agricultura-e-desenvolvimento-rural\/wp-content\/uploads\/sites\/5\/2022\/04\/campo-conectado-520x292-1.jpg","width":520,"height":292},{"@type":"WebSite","@id":"https:\/\/www.pmpf.rs.gov.br\/secretaria-de-agricultura-e-desenvolvimento-rural\/#website","url":"https:\/\/www.pmpf.rs.gov.br\/secretaria-de-agricultura-e-desenvolvimento-rural\/","name":"Secretaria de Agricultura e Desenvolvimento Rural","description":"S\u00f3 mais um site Prefeitura Municipal de Passo Fundo Sites","potentialAction":[{"@type":"SearchAction","target":{"@type":"EntryPoint","urlTemplate":"https:\/\/www.pmpf.rs.gov.br\/secretaria-de-agricultura-e-desenvolvimento-rural\/?s={search_term_string}"},"query-input":{"@type":"PropertyValueSpecification","valueRequired":true,"valueName":"search_term_string"}}],"inLanguage":"pt-BR"},{"@type":"Person","@id":"https:\/\/www.pmpf.rs.gov.br\/secretaria-de-agricultura-e-desenvolvimento-rural\/#\/schema\/person\/30ee1d1bd74da1469b01fcf086e43351","name":"andressazorzetto07","image":{"@type":"ImageObject","inLanguage":"pt-BR","@id":"https:\/\/www.pmpf.rs.gov.br\/secretaria-de-agricultura-e-desenvolvimento-rural\/#\/schema\/person\/image\/","url":"https:\/\/secure.gravatar.com\/avatar\/14c5458ed79dc81da99a13b9ff5f9f19?s=96&d=mm&r=g","contentUrl":"https:\/\/secure.gravatar.com\/avatar\/14c5458ed79dc81da99a13b9ff5f9f19?s=96&d=mm&r=g","caption":"andressazorzetto07"},"url":"https:\/\/www.pmpf.rs.gov.br\/secretaria-de-agricultura-e-desenvolvimento-rural\/author\/andressazorzetto07\/"}]}},"_links":{"self":[{"href":"https:\/\/www.pmpf.rs.gov.br\/secretaria-de-agricultura-e-desenvolvimento-rural\/wp-json\/wp\/v2\/posts\/713"}],"collection":[{"href":"https:\/\/www.pmpf.rs.gov.br\/secretaria-de-agricultura-e-desenvolvimento-rural\/wp-json\/wp\/v2\/posts"}],"about":[{"href":"https:\/\/www.pmpf.rs.gov.br\/secretaria-de-agricultura-e-desenvolvimento-rural\/wp-json\/wp\/v2\/types\/post"}],"author":[{"embeddable":true,"href":"https:\/\/www.pmpf.rs.gov.br\/secretaria-de-agricultura-e-desenvolvimento-rural\/wp-json\/wp\/v2\/users\/6"}],"replies":[{"embeddable":true,"href":"https:\/\/www.pmpf.rs.gov.br\/secretaria-de-agricultura-e-desenvolvimento-rural\/wp-json\/wp\/v2\/comments?post=713"}],"version-history":[{"count":1,"href":"https:\/\/www.pmpf.rs.gov.br\/secretaria-de-agricultura-e-desenvolvimento-rural\/wp-json\/wp\/v2\/posts\/713\/revisions"}],"predecessor-version":[{"id":716,"href":"https:\/\/www.pmpf.rs.gov.br\/secretaria-de-agricultura-e-desenvolvimento-rural\/wp-json\/wp\/v2\/posts\/713\/revisions\/716"}],"wp:featuredmedia":[{"embeddable":true,"href":"https:\/\/www.pmpf.rs.gov.br\/secretaria-de-agricultura-e-desenvolvimento-rural\/wp-json\/wp\/v2\/media\/715"}],"wp:attachment":[{"href":"https:\/\/www.pmpf.rs.gov.br\/secretaria-de-agricultura-e-desenvolvimento-rural\/wp-json\/wp\/v2\/media?parent=713"}],"wp:term":[{"taxonomy":"category","embeddable":true,"href":"https:\/\/www.pmpf.rs.gov.br\/secretaria-de-agricultura-e-desenvolvimento-rural\/wp-json\/wp\/v2\/categories?post=713"},{"taxonomy":"post_tag","embeddable":true,"href":"https:\/\/www.pmpf.rs.gov.br\/secretaria-de-agricultura-e-desenvolvimento-rural\/wp-json\/wp\/v2\/tags?post=713"}],"curies":[{"name":"wp","href":"https:\/\/api.w.org\/{rel}","templated":true}]}}