{"id":1082,"date":"2026-09-01T11:08:12","date_gmt":"2026-09-01T14:08:12","guid":{"rendered":"https:\/\/www.pmpf.rs.gov.br\/secretaria-de-agricultura-e-desenvolvimento-rural\/?p=1082"},"modified":"2026-09-01T11:08:17","modified_gmt":"2026-09-01T14:08:17","slug":"prefeitura-divulga-cronograma-de-servicos-e-acoes-de-limpeza-e-manutencao-no-municipio","status":"publish","type":"post","link":"https:\/\/www.pmpf.rs.gov.br\/secretaria-de-agricultura-e-desenvolvimento-rural\/2026\/09\/01\/prefeitura-divulga-cronograma-de-servicos-e-acoes-de-limpeza-e-manutencao-no-municipio\/","title":{"rendered":"Prefeitura divulga cronograma de servi\u00e7os e a\u00e7\u00f5es de limpeza e manuten\u00e7\u00e3o no munic\u00edpio"},"content":{"rendered":"\n<p class=\"wp-block-paragraph\">A Prefeitura de Passo Fundo inicia a semana com uma ampla programa\u00e7\u00e3o de obras, servi\u00e7os de manuten\u00e7\u00e3o, limpeza e conserva\u00e7\u00e3o em diferentes regi\u00f5es do munic\u00edpio. As a\u00e7\u00f5es est\u00e3o previstas para ocorrer entre segunda-feira (31) e sexta-feira (4 de setembro) e envolvem equipes das secretarias de Obras (SMO), Servi\u00e7os Gerais (SSG) e Agricultura e Desenvolvimento Rural (SMADER).<\/p>\n\n\n\n<p class=\"wp-block-paragraph\">A Prefeitura ressalta que a realiza\u00e7\u00e3o dos servi\u00e7os est\u00e1 sempre condicionada \u00e0s condi\u00e7\u00f5es clim\u00e1ticas de cada dia. Em caso de chuva ou de outras condi\u00e7\u00f5es que possam prejudicar a execu\u00e7\u00e3o dos trabalhos, a programa\u00e7\u00e3o poder\u00e1 ser alterada, com o remanejamento das equipes e das atividades para outras datas.<\/p>\n\n\n\n<p class=\"wp-block-paragraph\">A execu\u00e7\u00e3o de parte dos servi\u00e7os da Secretaria de Obras estar\u00e1 condicionada \u00e0s condi\u00e7\u00f5es clim\u00e1ticas. Entre as a\u00e7\u00f5es programadas est\u00e3o interven\u00e7\u00f5es do programa Minha Rua com Asfalto, com obras na Rua Aquidabam, na Vila Cruzeiro, al\u00e9m de servi\u00e7os de conserto de canaliza\u00e7\u00e3o nos bairros Petr\u00f3polis, Vera Cruz e S\u00e3o Crist\u00f3v\u00e3o e da continuidade da Opera\u00e7\u00e3o Tapa-Buracos, no bairro Vera Cruz.<\/p>\n\n\n\n<p class=\"wp-block-paragraph\">No trevo da RS-324, seguem os trabalhos de sinaliza\u00e7\u00e3o. No bairro Petr\u00f3polis, as equipes realizam servi\u00e7os de meio-fio na Rua \u00c1lvares Cabral, no acesso ao Distrito Industrial Invernadinha. Tamb\u00e9m continuam as obras de conten\u00e7\u00e3o nos bairros Costa Verde e Manoel Portela, al\u00e9m da revitaliza\u00e7\u00e3o da Avenida Presidente Vargas, em diferentes trechos.<\/p>\n\n\n\n<p class=\"wp-block-paragraph\">A Secretaria de Servi\u00e7os Gerais (SSG) mant\u00e9m uma programa\u00e7\u00e3o voltada \u00e0 limpeza, conserva\u00e7\u00e3o e manuten\u00e7\u00e3o dos espa\u00e7os p\u00fablicos.<\/p>\n\n\n\n<p class=\"wp-block-paragraph\">Ilumina\u00e7\u00e3o p\u00fablica<br>Annes<br>\u2022 Victor Isler<br>\u2022 Cidade Nova<br>\u2022 Lucas Ara\u00fajo<br>\u2022 Tupinamb\u00e1<br>\u2022 Loteamento 20 de Setembro<br>\u2022 Nossa Senhora Aparecida<br>\u2022 Berthier<br>\u2022 Parque Recreio<br>\u2022 S\u00e3o Jos\u00e9<br>\u2022 Manoel Corralo<br>\u2022 Coronel Massot<\/p>\n\n\n\n<p class=\"wp-block-paragraph\"><strong>Ro\u00e7adas<br><\/strong>As equipes estar\u00e3o nos bairros H\u00edpica, Edmundo Trein (Cohab I), Valinhos, Nen\u00ea Graeff e Dona J\u00falia, al\u00e9m do Loteamento Boqueir\u00e3o.<\/p>\n\n\n\n<p class=\"wp-block-paragraph\"><strong>Mutir\u00e3o de limpeza<br><\/strong>Est\u00e3o programadas a\u00e7\u00f5es de limpeza na Rua Alfredo Chaves, Rua Padre N\u00f3brega, Rua Carazinho, no bairro Industrial, e na Rua Aquidabam, no bairro Cruzeiro, onde ser\u00e3o realizados servi\u00e7os preparat\u00f3rios para as obras de asfaltamento.<\/p>\n\n\n\n<p class=\"wp-block-paragraph\"><strong>Manuten\u00e7\u00e3o e melhorias<br><\/strong>A programa\u00e7\u00e3o inclui ainda:<br>\u2022 retirada de tapumes de obra na Cidade Nova;<br>\u2022 fechamento com tapumes na antiga Delegacia, na Nascimento Vargas;<br>\u2022 revis\u00e3o no Parque Linear da Avenida Brasil;<br>\u2022 revis\u00e3o nos espa\u00e7os do programa Viva Pra\u00e7a;<br>\u2022 instala\u00e7\u00e3o de lixeiras comunit\u00e1rias.<\/p>\n\n\n\n<p class=\"wp-block-paragraph\"><strong>Programa Cidade Limpa<br><\/strong>As equipes do programa Cidade Limpa com coloca\u00e7\u00e3o de cont\u00eaineres estar\u00e3o concentradas em a\u00e7\u00f5es na Vila Popular Cruzeiro e na Vila F\u00e1tima\/Primeiro Centen\u00e1rio.<br>Tamb\u00e9m est\u00e3o previstos servi\u00e7os de recolhimento de res\u00edduos e utiliza\u00e7\u00e3o de m\u00e1quinas no bairro Zachia e no Ecoponto da SMAM, al\u00e9m da entrega de material triturado proveniente da poda para projetos sociais, entre eles a Casa Vitta, a Aldeia Ind\u00edgena e o Projeto S\u00e3o Roque.<br>As equipes tamb\u00e9m atuar\u00e3o na limpeza das avenidas Brasil e Presidente Vargas.<\/p>\n\n\n\n<p class=\"wp-block-paragraph\"><strong>Servi\u00e7os complementares<br><\/strong>A programa\u00e7\u00e3o contempla ainda o recolhimento de res\u00edduos de varri\u00e7\u00e3o nas pra\u00e7as centrais, a retirada de res\u00edduos das papeleiras do programa Viva Pra\u00e7a, o recolhimento de descartes solicitados por meio do aplicativo e o apoio \u00e0 equipe de abordagem, com a retirada de materiais em locais utilizados por pessoas em situa\u00e7\u00e3o de rua.<\/p>\n\n\n\n<p class=\"wp-block-paragraph\">Na \u00e1rea de jardinagem, est\u00e3o previstas a\u00e7\u00f5es de limpeza das floreiras do Parque Linear, na Avenida Brasil, e da Avenida Rui Barbosa, al\u00e9m da retirada de brota\u00e7\u00f5es e manuten\u00e7\u00e3o nos t\u00famulos do Cemit\u00e9rio Santo Ant\u00f4nio.<\/p>\n\n\n\n<p class=\"wp-block-paragraph\">A Secretaria Municipal de Agricultura e Desenvolvimento Rural (SMADER) tamb\u00e9m realiza servi\u00e7os nesta semana, com destaque para a implanta\u00e7\u00e3o e manuten\u00e7\u00e3o da rede de \u00e1gua no Bom Recreio, al\u00e9m de patrolamento na localidade.<br>Tamb\u00e9m est\u00e1 programado servi\u00e7o de canaliza\u00e7\u00e3o no bairro Bela Vista.<br>A Prefeitura refor\u00e7a que a execu\u00e7\u00e3o dos servi\u00e7os pode sofrer altera\u00e7\u00f5es conforme as condi\u00e7\u00f5es clim\u00e1ticas e as necessidades identificadas pelas equipes durante a semana.<\/p>\n","protected":false},"excerpt":{"rendered":"<p>Programa\u00e7\u00e3o desta semana re\u00fane obras, conserva\u00e7\u00e3o, limpeza e melhorias em diferentes regi\u00f5es de Passo Fundo<\/p>\n","protected":false},"author":24,"featured_media":0,"comment_status":"closed","ping_status":"closed","sticky":false,"template":"","format":"standard","meta":{"footnotes":""},"categories":[1],"tags":[],"class_list":["post-1082","post","type-post","status-publish","format-standard","hentry","category-sem-categoria"],"yoast_head":"<!-- This site is optimized with the Yoast SEO plugin v28.1 - https:\/\/yoast.com\/product\/yoast-seo-wordpress\/ -->\n<title>Prefeitura divulga cronograma de servi\u00e7os e a\u00e7\u00f5es de limpeza e manuten\u00e7\u00e3o no munic\u00edpio - Secretaria de Agricultura e Desenvolvimento Rural<\/title>\n<meta name=\"robots\" content=\"index, follow, max-snippet:-1, max-image-preview:large, max-video-preview:-1\" \/>\n<link rel=\"canonical\" href=\"https:\/\/www.pmpf.rs.gov.br\/secretaria-de-agricultura-e-desenvolvimento-rural\/2026\/09\/01\/prefeitura-divulga-cronograma-de-servicos-e-acoes-de-limpeza-e-manutencao-no-municipio\/\" \/>\n<meta property=\"og:locale\" content=\"pt_BR\" \/>\n<meta property=\"og:type\" content=\"article\" \/>\n<meta property=\"og:title\" content=\"Prefeitura divulga cronograma de servi\u00e7os e a\u00e7\u00f5es de limpeza e manuten\u00e7\u00e3o no munic\u00edpio - Secretaria de Agricultura e Desenvolvimento Rural\" \/>\n<meta property=\"og:description\" content=\"Programa\u00e7\u00e3o desta semana re\u00fane obras, conserva\u00e7\u00e3o, limpeza e melhorias em diferentes regi\u00f5es de Passo Fundo\" \/>\n<meta property=\"og:url\" content=\"https:\/\/www.pmpf.rs.gov.br\/secretaria-de-agricultura-e-desenvolvimento-rural\/2026\/09\/01\/prefeitura-divulga-cronograma-de-servicos-e-acoes-de-limpeza-e-manutencao-no-municipio\/\" \/>\n<meta property=\"og:site_name\" content=\"Secretaria de Agricultura e Desenvolvimento Rural\" \/>\n<meta property=\"article:published_time\" content=\"2026-09-01T14:08:12+00:00\" \/>\n<meta property=\"article:modified_time\" content=\"2026-09-01T14:08:17+00:00\" \/>\n<meta name=\"author\" content=\"lilicrivello\" \/>\n<meta name=\"twitter:card\" content=\"summary_large_image\" \/>\n<meta name=\"twitter:label1\" content=\"Escrito por\" \/>\n\t<meta name=\"twitter:data1\" content=\"lilicrivello\" \/>\n\t<meta name=\"twitter:label2\" content=\"Est. tempo de leitura\" \/>\n\t<meta name=\"twitter:data2\" content=\"4 minutos\" \/>\n<script type=\"application\/ld+json\" class=\"yoast-schema-graph\">{\"@context\":\"https:\\\/\\\/schema.org\",\"@graph\":[{\"@type\":\"Article\",\"@id\":\"https:\\\/\\\/www.pmpf.rs.gov.br\\\/secretaria-de-agricultura-e-desenvolvimento-rural\\\/2026\\\/09\\\/01\\\/prefeitura-divulga-cronograma-de-servicos-e-acoes-de-limpeza-e-manutencao-no-municipio\\\/#article\",\"isPartOf\":{\"@id\":\"https:\\\/\\\/www.pmpf.rs.gov.br\\\/secretaria-de-agricultura-e-desenvolvimento-rural\\\/2026\\\/09\\\/01\\\/prefeitura-divulga-cronograma-de-servicos-e-acoes-de-limpeza-e-manutencao-no-municipio\\\/\"},\"author\":{\"name\":\"lilicrivello\",\"@id\":\"https:\\\/\\\/www.pmpf.rs.gov.br\\\/secretaria-de-agricultura-e-desenvolvimento-rural\\\/#\\\/schema\\\/person\\\/6e93b0ab2174b69f691ac4f278ba2d0a\"},\"headline\":\"Prefeitura divulga cronograma de servi\u00e7os e a\u00e7\u00f5es de limpeza e manuten\u00e7\u00e3o no munic\u00edpio\",\"datePublished\":\"2026-09-01T14:08:12+00:00\",\"dateModified\":\"2026-09-01T14:08:17+00:00\",\"mainEntityOfPage\":{\"@id\":\"https:\\\/\\\/www.pmpf.rs.gov.br\\\/secretaria-de-agricultura-e-desenvolvimento-rural\\\/2026\\\/09\\\/01\\\/prefeitura-divulga-cronograma-de-servicos-e-acoes-de-limpeza-e-manutencao-no-municipio\\\/\"},\"wordCount\":728,\"inLanguage\":\"pt-BR\"},{\"@type\":\"WebPage\",\"@id\":\"https:\\\/\\\/www.pmpf.rs.gov.br\\\/secretaria-de-agricultura-e-desenvolvimento-rural\\\/2026\\\/09\\\/01\\\/prefeitura-divulga-cronograma-de-servicos-e-acoes-de-limpeza-e-manutencao-no-municipio\\\/\",\"url\":\"https:\\\/\\\/www.pmpf.rs.gov.br\\\/secretaria-de-agricultura-e-desenvolvimento-rural\\\/2026\\\/09\\\/01\\\/prefeitura-divulga-cronograma-de-servicos-e-acoes-de-limpeza-e-manutencao-no-municipio\\\/\",\"name\":\"Prefeitura divulga cronograma de servi\u00e7os e a\u00e7\u00f5es de limpeza e manuten\u00e7\u00e3o no munic\u00edpio - Secretaria de Agricultura e Desenvolvimento Rural\",\"isPartOf\":{\"@id\":\"https:\\\/\\\/www.pmpf.rs.gov.br\\\/secretaria-de-agricultura-e-desenvolvimento-rural\\\/#website\"},\"datePublished\":\"2026-09-01T14:08:12+00:00\",\"dateModified\":\"2026-09-01T14:08:17+00:00\",\"author\":{\"@id\":\"https:\\\/\\\/www.pmpf.rs.gov.br\\\/secretaria-de-agricultura-e-desenvolvimento-rural\\\/#\\\/schema\\\/person\\\/6e93b0ab2174b69f691ac4f278ba2d0a\"},\"inLanguage\":\"pt-BR\",\"potentialAction\":[{\"@type\":\"ReadAction\",\"target\":[\"https:\\\/\\\/www.pmpf.rs.gov.br\\\/secretaria-de-agricultura-e-desenvolvimento-rural\\\/2026\\\/09\\\/01\\\/prefeitura-divulga-cronograma-de-servicos-e-acoes-de-limpeza-e-manutencao-no-municipio\\\/\"]}]},{\"@type\":\"WebSite\",\"@id\":\"https:\\\/\\\/www.pmpf.rs.gov.br\\\/secretaria-de-agricultura-e-desenvolvimento-rural\\\/#website\",\"url\":\"https:\\\/\\\/www.pmpf.rs.gov.br\\\/secretaria-de-agricultura-e-desenvolvimento-rural\\\/\",\"name\":\"Secretaria de Agricultura e Desenvolvimento Rural\",\"description\":\"S\u00f3 mais um site Prefeitura Municipal de Passo Fundo Sites\",\"potentialAction\":[{\"@type\":\"SearchAction\",\"target\":{\"@type\":\"EntryPoint\",\"urlTemplate\":\"https:\\\/\\\/www.pmpf.rs.gov.br\\\/secretaria-de-agricultura-e-desenvolvimento-rural\\\/?s={search_term_string}\"},\"query-input\":{\"@type\":\"PropertyValueSpecification\",\"valueRequired\":true,\"valueName\":\"search_term_string\"}}],\"inLanguage\":\"pt-BR\"},{\"@type\":\"Person\",\"@id\":\"https:\\\/\\\/www.pmpf.rs.gov.br\\\/secretaria-de-agricultura-e-desenvolvimento-rural\\\/#\\\/schema\\\/person\\\/6e93b0ab2174b69f691ac4f278ba2d0a\",\"name\":\"lilicrivello\",\"image\":{\"@type\":\"ImageObject\",\"inLanguage\":\"pt-BR\",\"@id\":\"https:\\\/\\\/secure.gravatar.com\\\/avatar\\\/2d7d1b74ed39cacb62203880e0370d16df2765b1ae7d6da8beb6c43e087a0b1d?s=96&d=mm&r=g\",\"url\":\"https:\\\/\\\/secure.gravatar.com\\\/avatar\\\/2d7d1b74ed39cacb62203880e0370d16df2765b1ae7d6da8beb6c43e087a0b1d?s=96&d=mm&r=g\",\"contentUrl\":\"https:\\\/\\\/secure.gravatar.com\\\/avatar\\\/2d7d1b74ed39cacb62203880e0370d16df2765b1ae7d6da8beb6c43e087a0b1d?s=96&d=mm&r=g\",\"caption\":\"lilicrivello\"},\"url\":\"https:\\\/\\\/www.pmpf.rs.gov.br\\\/secretaria-de-agricultura-e-desenvolvimento-rural\\\/author\\\/lilicrivello\\\/\"}]}<\/script>\n<!-- \/ Yoast SEO plugin. -->","yoast_head_json":{"title":"Prefeitura divulga cronograma de servi\u00e7os e a\u00e7\u00f5es de limpeza e manuten\u00e7\u00e3o no munic\u00edpio - Secretaria de Agricultura e Desenvolvimento Rural","robots":{"index":"index","follow":"follow","max-snippet":"max-snippet:-1","max-image-preview":"max-image-preview:large","max-video-preview":"max-video-preview:-1"},"canonical":"https:\/\/www.pmpf.rs.gov.br\/secretaria-de-agricultura-e-desenvolvimento-rural\/2026\/09\/01\/prefeitura-divulga-cronograma-de-servicos-e-acoes-de-limpeza-e-manutencao-no-municipio\/","og_locale":"pt_BR","og_type":"article","og_title":"Prefeitura divulga cronograma de servi\u00e7os e a\u00e7\u00f5es de limpeza e manuten\u00e7\u00e3o no munic\u00edpio - Secretaria de Agricultura e Desenvolvimento Rural","og_description":"Programa\u00e7\u00e3o desta semana re\u00fane obras, conserva\u00e7\u00e3o, limpeza e melhorias em diferentes regi\u00f5es de Passo Fundo","og_url":"https:\/\/www.pmpf.rs.gov.br\/secretaria-de-agricultura-e-desenvolvimento-rural\/2026\/09\/01\/prefeitura-divulga-cronograma-de-servicos-e-acoes-de-limpeza-e-manutencao-no-municipio\/","og_site_name":"Secretaria de Agricultura e Desenvolvimento Rural","article_published_time":"2026-09-01T14:08:12+00:00","article_modified_time":"2026-09-01T14:08:17+00:00","author":"lilicrivello","twitter_card":"summary_large_image","twitter_misc":{"Escrito por":"lilicrivello","Est. tempo de leitura":"4 minutos"},"schema":{"@context":"https:\/\/schema.org","@graph":[{"@type":"Article","@id":"https:\/\/www.pmpf.rs.gov.br\/secretaria-de-agricultura-e-desenvolvimento-rural\/2026\/09\/01\/prefeitura-divulga-cronograma-de-servicos-e-acoes-de-limpeza-e-manutencao-no-municipio\/#article","isPartOf":{"@id":"https:\/\/www.pmpf.rs.gov.br\/secretaria-de-agricultura-e-desenvolvimento-rural\/2026\/09\/01\/prefeitura-divulga-cronograma-de-servicos-e-acoes-de-limpeza-e-manutencao-no-municipio\/"},"author":{"name":"lilicrivello","@id":"https:\/\/www.pmpf.rs.gov.br\/secretaria-de-agricultura-e-desenvolvimento-rural\/#\/schema\/person\/6e93b0ab2174b69f691ac4f278ba2d0a"},"headline":"Prefeitura divulga cronograma de servi\u00e7os e a\u00e7\u00f5es de limpeza e manuten\u00e7\u00e3o no munic\u00edpio","datePublished":"2026-09-01T14:08:12+00:00","dateModified":"2026-09-01T14:08:17+00:00","mainEntityOfPage":{"@id":"https:\/\/www.pmpf.rs.gov.br\/secretaria-de-agricultura-e-desenvolvimento-rural\/2026\/09\/01\/prefeitura-divulga-cronograma-de-servicos-e-acoes-de-limpeza-e-manutencao-no-municipio\/"},"wordCount":728,"inLanguage":"pt-BR"},{"@type":"WebPage","@id":"https:\/\/www.pmpf.rs.gov.br\/secretaria-de-agricultura-e-desenvolvimento-rural\/2026\/09\/01\/prefeitura-divulga-cronograma-de-servicos-e-acoes-de-limpeza-e-manutencao-no-municipio\/","url":"https:\/\/www.pmpf.rs.gov.br\/secretaria-de-agricultura-e-desenvolvimento-rural\/2026\/09\/01\/prefeitura-divulga-cronograma-de-servicos-e-acoes-de-limpeza-e-manutencao-no-municipio\/","name":"Prefeitura divulga cronograma de servi\u00e7os e a\u00e7\u00f5es de limpeza e manuten\u00e7\u00e3o no munic\u00edpio - Secretaria de Agricultura e Desenvolvimento Rural","isPartOf":{"@id":"https:\/\/www.pmpf.rs.gov.br\/secretaria-de-agricultura-e-desenvolvimento-rural\/#website"},"datePublished":"2026-09-01T14:08:12+00:00","dateModified":"2026-09-01T14:08:17+00:00","author":{"@id":"https:\/\/www.pmpf.rs.gov.br\/secretaria-de-agricultura-e-desenvolvimento-rural\/#\/schema\/person\/6e93b0ab2174b69f691ac4f278ba2d0a"},"inLanguage":"pt-BR","potentialAction":[{"@type":"ReadAction","target":["https:\/\/www.pmpf.rs.gov.br\/secretaria-de-agricultura-e-desenvolvimento-rural\/2026\/09\/01\/prefeitura-divulga-cronograma-de-servicos-e-acoes-de-limpeza-e-manutencao-no-municipio\/"]}]},{"@type":"WebSite","@id":"https:\/\/www.pmpf.rs.gov.br\/secretaria-de-agricultura-e-desenvolvimento-rural\/#website","url":"https:\/\/www.pmpf.rs.gov.br\/secretaria-de-agricultura-e-desenvolvimento-rural\/","name":"Secretaria de Agricultura e Desenvolvimento Rural","description":"S\u00f3 mais um site Prefeitura Municipal de Passo Fundo Sites","potentialAction":[{"@type":"SearchAction","target":{"@type":"EntryPoint","urlTemplate":"https:\/\/www.pmpf.rs.gov.br\/secretaria-de-agricultura-e-desenvolvimento-rural\/?s={search_term_string}"},"query-input":{"@type":"PropertyValueSpecification","valueRequired":true,"valueName":"search_term_string"}}],"inLanguage":"pt-BR"},{"@type":"Person","@id":"https:\/\/www.pmpf.rs.gov.br\/secretaria-de-agricultura-e-desenvolvimento-rural\/#\/schema\/person\/6e93b0ab2174b69f691ac4f278ba2d0a","name":"lilicrivello","image":{"@type":"ImageObject","inLanguage":"pt-BR","@id":"https:\/\/secure.gravatar.com\/avatar\/2d7d1b74ed39cacb62203880e0370d16df2765b1ae7d6da8beb6c43e087a0b1d?s=96&d=mm&r=g","url":"https:\/\/secure.gravatar.com\/avatar\/2d7d1b74ed39cacb62203880e0370d16df2765b1ae7d6da8beb6c43e087a0b1d?s=96&d=mm&r=g","contentUrl":"https:\/\/secure.gravatar.com\/avatar\/2d7d1b74ed39cacb62203880e0370d16df2765b1ae7d6da8beb6c43e087a0b1d?s=96&d=mm&r=g","caption":"lilicrivello"},"url":"https:\/\/www.pmpf.rs.gov.br\/secretaria-de-agricultura-e-desenvolvimento-rural\/author\/lilicrivello\/"}]}},"_links":{"self":[{"href":"https:\/\/www.pmpf.rs.gov.br\/secretaria-de-agricultura-e-desenvolvimento-rural\/wp-json\/wp\/v2\/posts\/1082","targetHints":{"allow":["GET"]}}],"collection":[{"href":"https:\/\/www.pmpf.rs.gov.br\/secretaria-de-agricultura-e-desenvolvimento-rural\/wp-json\/wp\/v2\/posts"}],"about":[{"href":"https:\/\/www.pmpf.rs.gov.br\/secretaria-de-agricultura-e-desenvolvimento-rural\/wp-json\/wp\/v2\/types\/post"}],"author":[{"embeddable":true,"href":"https:\/\/www.pmpf.rs.gov.br\/secretaria-de-agricultura-e-desenvolvimento-rural\/wp-json\/wp\/v2\/users\/24"}],"replies":[{"embeddable":true,"href":"https:\/\/www.pmpf.rs.gov.br\/secretaria-de-agricultura-e-desenvolvimento-rural\/wp-json\/wp\/v2\/comments?post=1082"}],"version-history":[{"count":1,"href":"https:\/\/www.pmpf.rs.gov.br\/secretaria-de-agricultura-e-desenvolvimento-rural\/wp-json\/wp\/v2\/posts\/1082\/revisions"}],"predecessor-version":[{"id":1083,"href":"https:\/\/www.pmpf.rs.gov.br\/secretaria-de-agricultura-e-desenvolvimento-rural\/wp-json\/wp\/v2\/posts\/1082\/revisions\/1083"}],"wp:attachment":[{"href":"https:\/\/www.pmpf.rs.gov.br\/secretaria-de-agricultura-e-desenvolvimento-rural\/wp-json\/wp\/v2\/media?parent=1082"}],"wp:term":[{"taxonomy":"category","embeddable":true,"href":"https:\/\/www.pmpf.rs.gov.br\/secretaria-de-agricultura-e-desenvolvimento-rural\/wp-json\/wp\/v2\/categories?post=1082"},{"taxonomy":"post_tag","embeddable":true,"href":"https:\/\/www.pmpf.rs.gov.br\/secretaria-de-agricultura-e-desenvolvimento-rural\/wp-json\/wp\/v2\/tags?post=1082"}],"curies":[{"name":"wp","href":"https:\/\/api.w.org\/{rel}","templated":true}]}}