{"id":1007,"date":"2025-10-07T08:31:45","date_gmt":"2025-10-07T11:31:45","guid":{"rendered":"https:\/\/www.pmpf.rs.gov.br\/secretaria-de-agricultura-e-desenvolvimento-rural\/?p=1007"},"modified":"2025-10-08T09:05:15","modified_gmt":"2025-10-08T12:05:15","slug":"evandro-meireles-assume-secretaria-de-agricultura-e-desenvolvimento-rural-em-passo-fundo","status":"publish","type":"post","link":"https:\/\/www.pmpf.rs.gov.br\/secretaria-de-agricultura-e-desenvolvimento-rural\/2025\/10\/07\/evandro-meireles-assume-secretaria-de-agricultura-e-desenvolvimento-rural-em-passo-fundo\/","title":{"rendered":"Evandro Meireles assume Secretaria de Agricultura e Desenvolvimento Rural em Passo Fundo"},"content":{"rendered":"\n<p>A Prefeitura de Passo Fundo anunciou nesta ter\u00e7a-feira (07) a mudan\u00e7a no comando da Secretaria de Agricultura e Desenvolvimento Rural. Jo\u00e3o Bordin deixa a pasta por compromissos pessoais e, em seu lugar, o prefeito Pedro Almeida designou o vereador Evandro Meireles, que passa a responder pela secretaria.<\/p>\n\n\n\n<p>Ao anunciar a troca de comando, o prefeito Pedro Almeida destacou a import\u00e2ncia da secretaria e refor\u00e7ou a confian\u00e7a no novo secret\u00e1rio. \u201cA Secretaria de Desenvolvimento Rural tem um papel fundamental no fortalecimento da agricultura e das comunidades do interior do munic\u00edpio. Agrade\u00e7o ao Jo\u00e3o Bordin pelo trabalho realizado e desejo sucesso ao Evandro Meireles, que chega com muita disposi\u00e7\u00e3o e experi\u00eancia comunit\u00e1ria para dar continuidade e ampliar os projetos\u201d, afirmou o prefeito.<\/p>\n\n\n\n<p>Com a nomea\u00e7\u00e3o, Meireles passa a conciliar sua experi\u00eancia pol\u00edtica e comunit\u00e1ria com a miss\u00e3o de liderar as a\u00e7\u00f5es voltadas ao desenvolvimento rural de Passo Fundo.<\/p>\n\n\n\n<p>Natural de Passo Fundo, Evandro Meireles iniciou sua trajet\u00f3ria pol\u00edtica no movimento comunit\u00e1rio, em 2016, foi eleito vereador com 1.425 votos. Em 2020, foi reeleito com 1.609 votos, e em 2024 conquistou o terceiro mandato consecutivo, pelo PSDB, ampliando sua vota\u00e7\u00e3o para 2.291 votos.<\/p>\n","protected":false},"excerpt":{"rendered":"<p>Com a sa\u00edda de Jo\u00e3o Bordin, que deixa o cargo por compromissos pessoais, o prefeito Pedro Almeida designou o vereador para a fun\u00e7\u00e3o<\/p>\n","protected":false},"author":24,"featured_media":1008,"comment_status":"closed","ping_status":"closed","sticky":false,"template":"","format":"standard","meta":{"footnotes":""},"categories":[1],"tags":[],"class_list":["post-1007","post","type-post","status-publish","format-standard","has-post-thumbnail","hentry","category-sem-categoria"],"yoast_head":"<!-- This site is optimized with the Yoast SEO plugin v23.8 - https:\/\/yoast.com\/wordpress\/plugins\/seo\/ -->\n<title>Evandro Meireles assume Secretaria de Agricultura e Desenvolvimento Rural em Passo Fundo - Secretaria de Agricultura e Desenvolvimento Rural<\/title>\n<meta name=\"robots\" content=\"index, follow, max-snippet:-1, max-image-preview:large, max-video-preview:-1\" \/>\n<link rel=\"canonical\" href=\"https:\/\/www.pmpf.rs.gov.br\/secretaria-de-agricultura-e-desenvolvimento-rural\/2025\/10\/07\/evandro-meireles-assume-secretaria-de-agricultura-e-desenvolvimento-rural-em-passo-fundo\/\" \/>\n<meta property=\"og:locale\" content=\"pt_BR\" \/>\n<meta property=\"og:type\" content=\"article\" \/>\n<meta property=\"og:title\" content=\"Evandro Meireles assume Secretaria de Agricultura e Desenvolvimento Rural em Passo Fundo - Secretaria de Agricultura e Desenvolvimento Rural\" \/>\n<meta property=\"og:description\" content=\"Com a sa\u00edda de Jo\u00e3o Bordin, que deixa o cargo por compromissos pessoais, o prefeito Pedro Almeida designou o vereador para a fun\u00e7\u00e3o\" \/>\n<meta property=\"og:url\" content=\"https:\/\/www.pmpf.rs.gov.br\/secretaria-de-agricultura-e-desenvolvimento-rural\/2025\/10\/07\/evandro-meireles-assume-secretaria-de-agricultura-e-desenvolvimento-rural-em-passo-fundo\/\" \/>\n<meta property=\"og:site_name\" content=\"Secretaria de Agricultura e Desenvolvimento Rural\" \/>\n<meta property=\"article:published_time\" content=\"2025-10-07T11:31:45+00:00\" \/>\n<meta property=\"article:modified_time\" content=\"2025-10-08T12:05:15+00:00\" \/>\n<meta property=\"og:image\" content=\"https:\/\/www.pmpf.rs.gov.br\/secretaria-de-agricultura-e-desenvolvimento-rural\/wp-content\/uploads\/sites\/5\/2025\/10\/Captura-de-tela-2025-10-07-083122.png\" \/>\n\t<meta property=\"og:image:width\" content=\"402\" \/>\n\t<meta property=\"og:image:height\" content=\"367\" \/>\n\t<meta property=\"og:image:type\" content=\"image\/png\" \/>\n<meta name=\"author\" content=\"lilicrivello\" \/>\n<meta name=\"twitter:card\" content=\"summary_large_image\" \/>\n<meta name=\"twitter:label1\" content=\"Escrito por\" \/>\n\t<meta name=\"twitter:data1\" content=\"lilicrivello\" \/>\n\t<meta name=\"twitter:label2\" content=\"Est. tempo de leitura\" \/>\n\t<meta name=\"twitter:data2\" content=\"1 minuto\" \/>\n<script type=\"application\/ld+json\" class=\"yoast-schema-graph\">{\"@context\":\"https:\/\/schema.org\",\"@graph\":[{\"@type\":\"WebPage\",\"@id\":\"https:\/\/www.pmpf.rs.gov.br\/secretaria-de-agricultura-e-desenvolvimento-rural\/2025\/10\/07\/evandro-meireles-assume-secretaria-de-agricultura-e-desenvolvimento-rural-em-passo-fundo\/\",\"url\":\"https:\/\/www.pmpf.rs.gov.br\/secretaria-de-agricultura-e-desenvolvimento-rural\/2025\/10\/07\/evandro-meireles-assume-secretaria-de-agricultura-e-desenvolvimento-rural-em-passo-fundo\/\",\"name\":\"Evandro Meireles assume Secretaria de Agricultura e Desenvolvimento Rural em Passo Fundo - Secretaria de Agricultura e Desenvolvimento Rural\",\"isPartOf\":{\"@id\":\"https:\/\/www.pmpf.rs.gov.br\/secretaria-de-agricultura-e-desenvolvimento-rural\/#website\"},\"primaryImageOfPage\":{\"@id\":\"https:\/\/www.pmpf.rs.gov.br\/secretaria-de-agricultura-e-desenvolvimento-rural\/2025\/10\/07\/evandro-meireles-assume-secretaria-de-agricultura-e-desenvolvimento-rural-em-passo-fundo\/#primaryimage\"},\"image\":{\"@id\":\"https:\/\/www.pmpf.rs.gov.br\/secretaria-de-agricultura-e-desenvolvimento-rural\/2025\/10\/07\/evandro-meireles-assume-secretaria-de-agricultura-e-desenvolvimento-rural-em-passo-fundo\/#primaryimage\"},\"thumbnailUrl\":\"https:\/\/www.pmpf.rs.gov.br\/secretaria-de-agricultura-e-desenvolvimento-rural\/wp-content\/uploads\/sites\/5\/2025\/10\/Captura-de-tela-2025-10-07-083122.png\",\"datePublished\":\"2025-10-07T11:31:45+00:00\",\"dateModified\":\"2025-10-08T12:05:15+00:00\",\"author\":{\"@id\":\"https:\/\/www.pmpf.rs.gov.br\/secretaria-de-agricultura-e-desenvolvimento-rural\/#\/schema\/person\/6e93b0ab2174b69f691ac4f278ba2d0a\"},\"inLanguage\":\"pt-BR\",\"potentialAction\":[{\"@type\":\"ReadAction\",\"target\":[\"https:\/\/www.pmpf.rs.gov.br\/secretaria-de-agricultura-e-desenvolvimento-rural\/2025\/10\/07\/evandro-meireles-assume-secretaria-de-agricultura-e-desenvolvimento-rural-em-passo-fundo\/\"]}]},{\"@type\":\"ImageObject\",\"inLanguage\":\"pt-BR\",\"@id\":\"https:\/\/www.pmpf.rs.gov.br\/secretaria-de-agricultura-e-desenvolvimento-rural\/2025\/10\/07\/evandro-meireles-assume-secretaria-de-agricultura-e-desenvolvimento-rural-em-passo-fundo\/#primaryimage\",\"url\":\"https:\/\/www.pmpf.rs.gov.br\/secretaria-de-agricultura-e-desenvolvimento-rural\/wp-content\/uploads\/sites\/5\/2025\/10\/Captura-de-tela-2025-10-07-083122.png\",\"contentUrl\":\"https:\/\/www.pmpf.rs.gov.br\/secretaria-de-agricultura-e-desenvolvimento-rural\/wp-content\/uploads\/sites\/5\/2025\/10\/Captura-de-tela-2025-10-07-083122.png\",\"width\":402,\"height\":367},{\"@type\":\"WebSite\",\"@id\":\"https:\/\/www.pmpf.rs.gov.br\/secretaria-de-agricultura-e-desenvolvimento-rural\/#website\",\"url\":\"https:\/\/www.pmpf.rs.gov.br\/secretaria-de-agricultura-e-desenvolvimento-rural\/\",\"name\":\"Secretaria de Agricultura e Desenvolvimento Rural\",\"description\":\"S\u00f3 mais um site Prefeitura Municipal de Passo Fundo Sites\",\"potentialAction\":[{\"@type\":\"SearchAction\",\"target\":{\"@type\":\"EntryPoint\",\"urlTemplate\":\"https:\/\/www.pmpf.rs.gov.br\/secretaria-de-agricultura-e-desenvolvimento-rural\/?s={search_term_string}\"},\"query-input\":{\"@type\":\"PropertyValueSpecification\",\"valueRequired\":true,\"valueName\":\"search_term_string\"}}],\"inLanguage\":\"pt-BR\"},{\"@type\":\"Person\",\"@id\":\"https:\/\/www.pmpf.rs.gov.br\/secretaria-de-agricultura-e-desenvolvimento-rural\/#\/schema\/person\/6e93b0ab2174b69f691ac4f278ba2d0a\",\"name\":\"lilicrivello\",\"image\":{\"@type\":\"ImageObject\",\"inLanguage\":\"pt-BR\",\"@id\":\"https:\/\/www.pmpf.rs.gov.br\/secretaria-de-agricultura-e-desenvolvimento-rural\/#\/schema\/person\/image\/\",\"url\":\"https:\/\/secure.gravatar.com\/avatar\/0b546b667388f8edb7b67d70a57b5e46?s=96&d=mm&r=g\",\"contentUrl\":\"https:\/\/secure.gravatar.com\/avatar\/0b546b667388f8edb7b67d70a57b5e46?s=96&d=mm&r=g\",\"caption\":\"lilicrivello\"},\"url\":\"https:\/\/www.pmpf.rs.gov.br\/secretaria-de-agricultura-e-desenvolvimento-rural\/author\/lilicrivello\/\"}]}<\/script>\n<!-- \/ Yoast SEO plugin. -->","yoast_head_json":{"title":"Evandro Meireles assume Secretaria de Agricultura e Desenvolvimento Rural em Passo Fundo - Secretaria de Agricultura e Desenvolvimento Rural","robots":{"index":"index","follow":"follow","max-snippet":"max-snippet:-1","max-image-preview":"max-image-preview:large","max-video-preview":"max-video-preview:-1"},"canonical":"https:\/\/www.pmpf.rs.gov.br\/secretaria-de-agricultura-e-desenvolvimento-rural\/2025\/10\/07\/evandro-meireles-assume-secretaria-de-agricultura-e-desenvolvimento-rural-em-passo-fundo\/","og_locale":"pt_BR","og_type":"article","og_title":"Evandro Meireles assume Secretaria de Agricultura e Desenvolvimento Rural em Passo Fundo - Secretaria de Agricultura e Desenvolvimento Rural","og_description":"Com a sa\u00edda de Jo\u00e3o Bordin, que deixa o cargo por compromissos pessoais, o prefeito Pedro Almeida designou o vereador para a fun\u00e7\u00e3o","og_url":"https:\/\/www.pmpf.rs.gov.br\/secretaria-de-agricultura-e-desenvolvimento-rural\/2025\/10\/07\/evandro-meireles-assume-secretaria-de-agricultura-e-desenvolvimento-rural-em-passo-fundo\/","og_site_name":"Secretaria de Agricultura e Desenvolvimento Rural","article_published_time":"2025-10-07T11:31:45+00:00","article_modified_time":"2025-10-08T12:05:15+00:00","og_image":[{"width":402,"height":367,"url":"https:\/\/www.pmpf.rs.gov.br\/secretaria-de-agricultura-e-desenvolvimento-rural\/wp-content\/uploads\/sites\/5\/2025\/10\/Captura-de-tela-2025-10-07-083122.png","type":"image\/png"}],"author":"lilicrivello","twitter_card":"summary_large_image","twitter_misc":{"Escrito por":"lilicrivello","Est. tempo de leitura":"1 minuto"},"schema":{"@context":"https:\/\/schema.org","@graph":[{"@type":"WebPage","@id":"https:\/\/www.pmpf.rs.gov.br\/secretaria-de-agricultura-e-desenvolvimento-rural\/2025\/10\/07\/evandro-meireles-assume-secretaria-de-agricultura-e-desenvolvimento-rural-em-passo-fundo\/","url":"https:\/\/www.pmpf.rs.gov.br\/secretaria-de-agricultura-e-desenvolvimento-rural\/2025\/10\/07\/evandro-meireles-assume-secretaria-de-agricultura-e-desenvolvimento-rural-em-passo-fundo\/","name":"Evandro Meireles assume Secretaria de Agricultura e Desenvolvimento Rural em Passo Fundo - Secretaria de Agricultura e Desenvolvimento Rural","isPartOf":{"@id":"https:\/\/www.pmpf.rs.gov.br\/secretaria-de-agricultura-e-desenvolvimento-rural\/#website"},"primaryImageOfPage":{"@id":"https:\/\/www.pmpf.rs.gov.br\/secretaria-de-agricultura-e-desenvolvimento-rural\/2025\/10\/07\/evandro-meireles-assume-secretaria-de-agricultura-e-desenvolvimento-rural-em-passo-fundo\/#primaryimage"},"image":{"@id":"https:\/\/www.pmpf.rs.gov.br\/secretaria-de-agricultura-e-desenvolvimento-rural\/2025\/10\/07\/evandro-meireles-assume-secretaria-de-agricultura-e-desenvolvimento-rural-em-passo-fundo\/#primaryimage"},"thumbnailUrl":"https:\/\/www.pmpf.rs.gov.br\/secretaria-de-agricultura-e-desenvolvimento-rural\/wp-content\/uploads\/sites\/5\/2025\/10\/Captura-de-tela-2025-10-07-083122.png","datePublished":"2025-10-07T11:31:45+00:00","dateModified":"2025-10-08T12:05:15+00:00","author":{"@id":"https:\/\/www.pmpf.rs.gov.br\/secretaria-de-agricultura-e-desenvolvimento-rural\/#\/schema\/person\/6e93b0ab2174b69f691ac4f278ba2d0a"},"inLanguage":"pt-BR","potentialAction":[{"@type":"ReadAction","target":["https:\/\/www.pmpf.rs.gov.br\/secretaria-de-agricultura-e-desenvolvimento-rural\/2025\/10\/07\/evandro-meireles-assume-secretaria-de-agricultura-e-desenvolvimento-rural-em-passo-fundo\/"]}]},{"@type":"ImageObject","inLanguage":"pt-BR","@id":"https:\/\/www.pmpf.rs.gov.br\/secretaria-de-agricultura-e-desenvolvimento-rural\/2025\/10\/07\/evandro-meireles-assume-secretaria-de-agricultura-e-desenvolvimento-rural-em-passo-fundo\/#primaryimage","url":"https:\/\/www.pmpf.rs.gov.br\/secretaria-de-agricultura-e-desenvolvimento-rural\/wp-content\/uploads\/sites\/5\/2025\/10\/Captura-de-tela-2025-10-07-083122.png","contentUrl":"https:\/\/www.pmpf.rs.gov.br\/secretaria-de-agricultura-e-desenvolvimento-rural\/wp-content\/uploads\/sites\/5\/2025\/10\/Captura-de-tela-2025-10-07-083122.png","width":402,"height":367},{"@type":"WebSite","@id":"https:\/\/www.pmpf.rs.gov.br\/secretaria-de-agricultura-e-desenvolvimento-rural\/#website","url":"https:\/\/www.pmpf.rs.gov.br\/secretaria-de-agricultura-e-desenvolvimento-rural\/","name":"Secretaria de Agricultura e Desenvolvimento Rural","description":"S\u00f3 mais um site Prefeitura Municipal de Passo Fundo Sites","potentialAction":[{"@type":"SearchAction","target":{"@type":"EntryPoint","urlTemplate":"https:\/\/www.pmpf.rs.gov.br\/secretaria-de-agricultura-e-desenvolvimento-rural\/?s={search_term_string}"},"query-input":{"@type":"PropertyValueSpecification","valueRequired":true,"valueName":"search_term_string"}}],"inLanguage":"pt-BR"},{"@type":"Person","@id":"https:\/\/www.pmpf.rs.gov.br\/secretaria-de-agricultura-e-desenvolvimento-rural\/#\/schema\/person\/6e93b0ab2174b69f691ac4f278ba2d0a","name":"lilicrivello","image":{"@type":"ImageObject","inLanguage":"pt-BR","@id":"https:\/\/www.pmpf.rs.gov.br\/secretaria-de-agricultura-e-desenvolvimento-rural\/#\/schema\/person\/image\/","url":"https:\/\/secure.gravatar.com\/avatar\/0b546b667388f8edb7b67d70a57b5e46?s=96&d=mm&r=g","contentUrl":"https:\/\/secure.gravatar.com\/avatar\/0b546b667388f8edb7b67d70a57b5e46?s=96&d=mm&r=g","caption":"lilicrivello"},"url":"https:\/\/www.pmpf.rs.gov.br\/secretaria-de-agricultura-e-desenvolvimento-rural\/author\/lilicrivello\/"}]}},"_links":{"self":[{"href":"https:\/\/www.pmpf.rs.gov.br\/secretaria-de-agricultura-e-desenvolvimento-rural\/wp-json\/wp\/v2\/posts\/1007"}],"collection":[{"href":"https:\/\/www.pmpf.rs.gov.br\/secretaria-de-agricultura-e-desenvolvimento-rural\/wp-json\/wp\/v2\/posts"}],"about":[{"href":"https:\/\/www.pmpf.rs.gov.br\/secretaria-de-agricultura-e-desenvolvimento-rural\/wp-json\/wp\/v2\/types\/post"}],"author":[{"embeddable":true,"href":"https:\/\/www.pmpf.rs.gov.br\/secretaria-de-agricultura-e-desenvolvimento-rural\/wp-json\/wp\/v2\/users\/24"}],"replies":[{"embeddable":true,"href":"https:\/\/www.pmpf.rs.gov.br\/secretaria-de-agricultura-e-desenvolvimento-rural\/wp-json\/wp\/v2\/comments?post=1007"}],"version-history":[{"count":3,"href":"https:\/\/www.pmpf.rs.gov.br\/secretaria-de-agricultura-e-desenvolvimento-rural\/wp-json\/wp\/v2\/posts\/1007\/revisions"}],"predecessor-version":[{"id":1014,"href":"https:\/\/www.pmpf.rs.gov.br\/secretaria-de-agricultura-e-desenvolvimento-rural\/wp-json\/wp\/v2\/posts\/1007\/revisions\/1014"}],"wp:featuredmedia":[{"embeddable":true,"href":"https:\/\/www.pmpf.rs.gov.br\/secretaria-de-agricultura-e-desenvolvimento-rural\/wp-json\/wp\/v2\/media\/1008"}],"wp:attachment":[{"href":"https:\/\/www.pmpf.rs.gov.br\/secretaria-de-agricultura-e-desenvolvimento-rural\/wp-json\/wp\/v2\/media?parent=1007"}],"wp:term":[{"taxonomy":"category","embeddable":true,"href":"https:\/\/www.pmpf.rs.gov.br\/secretaria-de-agricultura-e-desenvolvimento-rural\/wp-json\/wp\/v2\/categories?post=1007"},{"taxonomy":"post_tag","embeddable":true,"href":"https:\/\/www.pmpf.rs.gov.br\/secretaria-de-agricultura-e-desenvolvimento-rural\/wp-json\/wp\/v2\/tags?post=1007"}],"curies":[{"name":"wp","href":"https:\/\/api.w.org\/{rel}","templated":true}]}}