{"id":2313,"date":"2023-10-31T15:49:41","date_gmt":"2023-10-31T18:49:41","guid":{"rendered":"https:\/\/www.pmpf.rs.gov.br\/secretaria-de-administracao\/?p=2313"},"modified":"2023-10-31T15:49:45","modified_gmt":"2023-10-31T18:49:45","slug":"servicos-do-municipio-terao-horarios-alterados-no-feriado-de-finados","status":"publish","type":"post","link":"https:\/\/www.pmpf.rs.gov.br\/secretaria-de-administracao\/2023\/10\/servicos-do-municipio-terao-horarios-alterados-no-feriado-de-finados\/","title":{"rendered":"Servi\u00e7os do munic\u00edpio ter\u00e3o hor\u00e1rios alterados no feriado de Finados"},"content":{"rendered":"\n<p>Algumas atividades e servi\u00e7os municipais ter\u00e3o hor\u00e1rios de funcionamento alterados, em virtude do feriado de Finados, nesta quinta-feira (2). Ficam exclu\u00eddos apenas os servi\u00e7os essenciais e urgentes de interesse p\u00fablico, em que as secretarias realizaram os servi\u00e7os em escalas de servidores.<\/p>\n\n\n\n<p><strong>\u00c1rea de Sa\u00fade<\/strong><br>A Secretaria de Sa\u00fade ter\u00e1 um hor\u00e1rio diferenciado, com atendimento estendido no CAIS Petr\u00f3polis, funcionando das 07h \u00e0s 20h nesta quinta-feira. O CAIS contar\u00e1 com atendimento m\u00e9dico e enfermagem. As Unidades B\u00e1sicas de Sa\u00fade (UBS\u2019s) e Estrat\u00e9gia da Sa\u00fade da Fam\u00edlia (ESFs) n\u00e3o ter\u00e3o expediente, retornando ao atendimento normal na sexta-feira (3).<br>Em caso de necessidade e emerg\u00eancia no feriado, a comunidade deve procurar o Hospital Dia da Crian\u00e7a e o Pronto Atendimento (adulto) do Hospital Municipal. A Farm\u00e1cia Popular localizada na Avenida Brasil, manter\u00e1 atendimento 24h. Os servi\u00e7os de resgate e atendimento do SAMU funcionam normalmente.<\/p>\n\n\n\n<p><strong>Coleta de Lixo e Transportes<\/strong><br>A coleta de lixo acontecer\u00e1 normalmente na quinta-feira (2). O transporte coletivo (\u00f4nibus) ser\u00e1 realizado com hor\u00e1rios de domingos. A cobran\u00e7a de tarifa do estacionamento rotativo n\u00e3o acontecer\u00e1 e volta \u00e0 normalidade na sexta-feira.<\/p>\n\n\n\n<p><strong>Servi\u00e7os de limpeza<\/strong><br>A secretaria de Transportes e Servi\u00e7os Gerais (STSG) estar\u00e1 com equipes de limpeza nas pra\u00e7as Marechal Floriano (Pra\u00e7a da Cuia), Pra\u00e7a Tochetto, Antonino Xavier (Hospital de Cl\u00ednicas). No Parque da Gare, servi\u00e7os normais de varri\u00e7\u00e3o e recolhimento de res\u00edduos, mantendo a manuten\u00e7\u00e3o durante o fim de semana nos espa\u00e7os do parque.<\/p>\n\n\n\n<p>Os cemit\u00e9rios municipais estar\u00e3o abertos para a visita\u00e7\u00e3o, a partir das 7h at\u00e9 18h de quinta-feira. A Secretaria dever\u00e1 manter dois servidores para atendimento e orienta\u00e7\u00f5es \u00e0 comunidade e para o recolhimento de res\u00edduos e destina\u00e7\u00e3o para os cont\u00eaineres disponibilizados nos cemit\u00e9rios. A Central de \u00f3bitos funcionar\u00e1 em hor\u00e1rio normal.<\/p>\n\n\n\n<p><strong>Ponto Facultativo<\/strong><br>A Prefeitura de Passo Fundo definiu que n\u00e3o far\u00e1 ponto facultativo na sexta-feira(03) como em anos anteriores. O Prefeito Pedro Almeida entende que devido \u00e0s chuvas recentes, que causaram danos estruturais na cidade, a popula\u00e7\u00e3o precisa de celeridade nas a\u00e7\u00f5es de melhorias e no atendimento das demandas pelas secretarias do munic\u00edpio.<\/p>\n","protected":false},"excerpt":{"rendered":"<p>Atividades retornam \u00e0 normalidade na sexta-feira<\/p>\n","protected":false},"author":24,"featured_media":0,"comment_status":"closed","ping_status":"closed","sticky":true,"template":"","format":"standard","meta":{"footnotes":""},"categories":[1],"tags":[],"class_list":["post-2313","post","type-post","status-publish","format-standard","hentry","category-sem-categoria"],"yoast_head":"<!-- This site is optimized with the Yoast SEO plugin v23.8 - https:\/\/yoast.com\/wordpress\/plugins\/seo\/ -->\n<title>Servi\u00e7os do munic\u00edpio ter\u00e3o hor\u00e1rios alterados no feriado de Finados - Secretaria de Administra\u00e7\u00e3o | Prefeitura de Passo Fundo<\/title>\n<meta name=\"robots\" content=\"index, follow, max-snippet:-1, max-image-preview:large, max-video-preview:-1\" \/>\n<link rel=\"canonical\" href=\"https:\/\/www.pmpf.rs.gov.br\/secretaria-de-administracao\/2023\/10\/servicos-do-municipio-terao-horarios-alterados-no-feriado-de-finados\/\" \/>\n<meta property=\"og:locale\" content=\"pt_BR\" \/>\n<meta property=\"og:type\" content=\"article\" \/>\n<meta property=\"og:title\" content=\"Servi\u00e7os do munic\u00edpio ter\u00e3o hor\u00e1rios alterados no feriado de Finados - Secretaria de Administra\u00e7\u00e3o | Prefeitura de Passo Fundo\" \/>\n<meta property=\"og:description\" content=\"Atividades retornam \u00e0 normalidade na sexta-feira\" \/>\n<meta property=\"og:url\" content=\"https:\/\/www.pmpf.rs.gov.br\/secretaria-de-administracao\/2023\/10\/servicos-do-municipio-terao-horarios-alterados-no-feriado-de-finados\/\" \/>\n<meta property=\"og:site_name\" content=\"Secretaria de Administra\u00e7\u00e3o\" \/>\n<meta property=\"article:published_time\" content=\"2023-10-31T18:49:41+00:00\" \/>\n<meta property=\"article:modified_time\" content=\"2023-10-31T18:49:45+00:00\" \/>\n<meta name=\"author\" content=\"lilicrivello\" \/>\n<meta name=\"twitter:card\" content=\"summary_large_image\" \/>\n<meta name=\"twitter:label1\" content=\"Escrito por\" \/>\n\t<meta name=\"twitter:data1\" content=\"lilicrivello\" \/>\n\t<meta name=\"twitter:label2\" content=\"Est. tempo de leitura\" \/>\n\t<meta name=\"twitter:data2\" content=\"2 minutos\" \/>\n<script type=\"application\/ld+json\" class=\"yoast-schema-graph\">{\"@context\":\"https:\/\/schema.org\",\"@graph\":[{\"@type\":\"WebPage\",\"@id\":\"https:\/\/www.pmpf.rs.gov.br\/secretaria-de-administracao\/2023\/10\/servicos-do-municipio-terao-horarios-alterados-no-feriado-de-finados\/\",\"url\":\"https:\/\/www.pmpf.rs.gov.br\/secretaria-de-administracao\/2023\/10\/servicos-do-municipio-terao-horarios-alterados-no-feriado-de-finados\/\",\"name\":\"Servi\u00e7os do munic\u00edpio ter\u00e3o hor\u00e1rios alterados no feriado de Finados - Secretaria de Administra\u00e7\u00e3o | Prefeitura de Passo Fundo\",\"isPartOf\":{\"@id\":\"https:\/\/www.pmpf.rs.gov.br\/secretaria-de-administracao\/#website\"},\"datePublished\":\"2023-10-31T18:49:41+00:00\",\"dateModified\":\"2023-10-31T18:49:45+00:00\",\"author\":{\"@id\":\"https:\/\/www.pmpf.rs.gov.br\/secretaria-de-administracao\/#\/schema\/person\/6e93b0ab2174b69f691ac4f278ba2d0a\"},\"inLanguage\":\"pt-BR\",\"potentialAction\":[{\"@type\":\"ReadAction\",\"target\":[\"https:\/\/www.pmpf.rs.gov.br\/secretaria-de-administracao\/2023\/10\/servicos-do-municipio-terao-horarios-alterados-no-feriado-de-finados\/\"]}]},{\"@type\":\"WebSite\",\"@id\":\"https:\/\/www.pmpf.rs.gov.br\/secretaria-de-administracao\/#website\",\"url\":\"https:\/\/www.pmpf.rs.gov.br\/secretaria-de-administracao\/\",\"name\":\"Secretaria de Administra\u00e7\u00e3o\",\"description\":\"S\u00f3 mais um site Prefeitura Municipal de Passo Fundo Sites\",\"potentialAction\":[{\"@type\":\"SearchAction\",\"target\":{\"@type\":\"EntryPoint\",\"urlTemplate\":\"https:\/\/www.pmpf.rs.gov.br\/secretaria-de-administracao\/?s={search_term_string}\"},\"query-input\":{\"@type\":\"PropertyValueSpecification\",\"valueRequired\":true,\"valueName\":\"search_term_string\"}}],\"inLanguage\":\"pt-BR\"},{\"@type\":\"Person\",\"@id\":\"https:\/\/www.pmpf.rs.gov.br\/secretaria-de-administracao\/#\/schema\/person\/6e93b0ab2174b69f691ac4f278ba2d0a\",\"name\":\"lilicrivello\",\"image\":{\"@type\":\"ImageObject\",\"inLanguage\":\"pt-BR\",\"@id\":\"https:\/\/www.pmpf.rs.gov.br\/secretaria-de-administracao\/#\/schema\/person\/image\/\",\"url\":\"https:\/\/secure.gravatar.com\/avatar\/0b546b667388f8edb7b67d70a57b5e46?s=96&d=mm&r=g\",\"contentUrl\":\"https:\/\/secure.gravatar.com\/avatar\/0b546b667388f8edb7b67d70a57b5e46?s=96&d=mm&r=g\",\"caption\":\"lilicrivello\"},\"url\":\"https:\/\/www.pmpf.rs.gov.br\/secretaria-de-administracao\/author\/lilicrivello\/\"}]}<\/script>\n<!-- \/ Yoast SEO plugin. -->","yoast_head_json":{"title":"Servi\u00e7os do munic\u00edpio ter\u00e3o hor\u00e1rios alterados no feriado de Finados - Secretaria de Administra\u00e7\u00e3o | Prefeitura de Passo Fundo","robots":{"index":"index","follow":"follow","max-snippet":"max-snippet:-1","max-image-preview":"max-image-preview:large","max-video-preview":"max-video-preview:-1"},"canonical":"https:\/\/www.pmpf.rs.gov.br\/secretaria-de-administracao\/2023\/10\/servicos-do-municipio-terao-horarios-alterados-no-feriado-de-finados\/","og_locale":"pt_BR","og_type":"article","og_title":"Servi\u00e7os do munic\u00edpio ter\u00e3o hor\u00e1rios alterados no feriado de Finados - Secretaria de Administra\u00e7\u00e3o | Prefeitura de Passo Fundo","og_description":"Atividades retornam \u00e0 normalidade na sexta-feira","og_url":"https:\/\/www.pmpf.rs.gov.br\/secretaria-de-administracao\/2023\/10\/servicos-do-municipio-terao-horarios-alterados-no-feriado-de-finados\/","og_site_name":"Secretaria de Administra\u00e7\u00e3o","article_published_time":"2023-10-31T18:49:41+00:00","article_modified_time":"2023-10-31T18:49:45+00:00","author":"lilicrivello","twitter_card":"summary_large_image","twitter_misc":{"Escrito por":"lilicrivello","Est. tempo de leitura":"2 minutos"},"schema":{"@context":"https:\/\/schema.org","@graph":[{"@type":"WebPage","@id":"https:\/\/www.pmpf.rs.gov.br\/secretaria-de-administracao\/2023\/10\/servicos-do-municipio-terao-horarios-alterados-no-feriado-de-finados\/","url":"https:\/\/www.pmpf.rs.gov.br\/secretaria-de-administracao\/2023\/10\/servicos-do-municipio-terao-horarios-alterados-no-feriado-de-finados\/","name":"Servi\u00e7os do munic\u00edpio ter\u00e3o hor\u00e1rios alterados no feriado de Finados - Secretaria de Administra\u00e7\u00e3o | Prefeitura de Passo Fundo","isPartOf":{"@id":"https:\/\/www.pmpf.rs.gov.br\/secretaria-de-administracao\/#website"},"datePublished":"2023-10-31T18:49:41+00:00","dateModified":"2023-10-31T18:49:45+00:00","author":{"@id":"https:\/\/www.pmpf.rs.gov.br\/secretaria-de-administracao\/#\/schema\/person\/6e93b0ab2174b69f691ac4f278ba2d0a"},"inLanguage":"pt-BR","potentialAction":[{"@type":"ReadAction","target":["https:\/\/www.pmpf.rs.gov.br\/secretaria-de-administracao\/2023\/10\/servicos-do-municipio-terao-horarios-alterados-no-feriado-de-finados\/"]}]},{"@type":"WebSite","@id":"https:\/\/www.pmpf.rs.gov.br\/secretaria-de-administracao\/#website","url":"https:\/\/www.pmpf.rs.gov.br\/secretaria-de-administracao\/","name":"Secretaria de Administra\u00e7\u00e3o","description":"S\u00f3 mais um site Prefeitura Municipal de Passo Fundo Sites","potentialAction":[{"@type":"SearchAction","target":{"@type":"EntryPoint","urlTemplate":"https:\/\/www.pmpf.rs.gov.br\/secretaria-de-administracao\/?s={search_term_string}"},"query-input":{"@type":"PropertyValueSpecification","valueRequired":true,"valueName":"search_term_string"}}],"inLanguage":"pt-BR"},{"@type":"Person","@id":"https:\/\/www.pmpf.rs.gov.br\/secretaria-de-administracao\/#\/schema\/person\/6e93b0ab2174b69f691ac4f278ba2d0a","name":"lilicrivello","image":{"@type":"ImageObject","inLanguage":"pt-BR","@id":"https:\/\/www.pmpf.rs.gov.br\/secretaria-de-administracao\/#\/schema\/person\/image\/","url":"https:\/\/secure.gravatar.com\/avatar\/0b546b667388f8edb7b67d70a57b5e46?s=96&d=mm&r=g","contentUrl":"https:\/\/secure.gravatar.com\/avatar\/0b546b667388f8edb7b67d70a57b5e46?s=96&d=mm&r=g","caption":"lilicrivello"},"url":"https:\/\/www.pmpf.rs.gov.br\/secretaria-de-administracao\/author\/lilicrivello\/"}]}},"_links":{"self":[{"href":"https:\/\/www.pmpf.rs.gov.br\/secretaria-de-administracao\/wp-json\/wp\/v2\/posts\/2313"}],"collection":[{"href":"https:\/\/www.pmpf.rs.gov.br\/secretaria-de-administracao\/wp-json\/wp\/v2\/posts"}],"about":[{"href":"https:\/\/www.pmpf.rs.gov.br\/secretaria-de-administracao\/wp-json\/wp\/v2\/types\/post"}],"author":[{"embeddable":true,"href":"https:\/\/www.pmpf.rs.gov.br\/secretaria-de-administracao\/wp-json\/wp\/v2\/users\/24"}],"replies":[{"embeddable":true,"href":"https:\/\/www.pmpf.rs.gov.br\/secretaria-de-administracao\/wp-json\/wp\/v2\/comments?post=2313"}],"version-history":[{"count":1,"href":"https:\/\/www.pmpf.rs.gov.br\/secretaria-de-administracao\/wp-json\/wp\/v2\/posts\/2313\/revisions"}],"predecessor-version":[{"id":2314,"href":"https:\/\/www.pmpf.rs.gov.br\/secretaria-de-administracao\/wp-json\/wp\/v2\/posts\/2313\/revisions\/2314"}],"wp:attachment":[{"href":"https:\/\/www.pmpf.rs.gov.br\/secretaria-de-administracao\/wp-json\/wp\/v2\/media?parent=2313"}],"wp:term":[{"taxonomy":"category","embeddable":true,"href":"https:\/\/www.pmpf.rs.gov.br\/secretaria-de-administracao\/wp-json\/wp\/v2\/categories?post=2313"},{"taxonomy":"post_tag","embeddable":true,"href":"https:\/\/www.pmpf.rs.gov.br\/secretaria-de-administracao\/wp-json\/wp\/v2\/tags?post=2313"}],"curies":[{"name":"wp","href":"https:\/\/api.w.org\/{rel}","templated":true}]}}