{"id":2305,"date":"2023-10-03T14:03:16","date_gmt":"2023-10-03T17:03:16","guid":{"rendered":"https:\/\/www.pmpf.rs.gov.br\/secretaria-de-administracao\/?p=2305"},"modified":"2023-10-04T14:10:38","modified_gmt":"2023-10-04T17:10:38","slug":"projeto-de-lei-que-estabelece-novo-plano-de-carreira-dos-servidores-e-aprovado-no-legislativo","status":"publish","type":"post","link":"https:\/\/www.pmpf.rs.gov.br\/secretaria-de-administracao\/2023\/10\/projeto-de-lei-que-estabelece-novo-plano-de-carreira-dos-servidores-e-aprovado-no-legislativo\/","title":{"rendered":"Projeto de Lei que estabelece novo Plano de Carreira dos Servidores \u00e9 aprovado no Legislativo"},"content":{"rendered":"\n<p>O Projeto de Lei Complementar 6\/2023, do Executivo Municipal, que estabelece o novo Plano de Carreira dos Servidores P\u00fablicos Municipais, foi aprovado na Sess\u00e3o Ordin\u00e1ria da C\u00e2mara de Vereadores, na segunda-feira (2). A proposta foi aceita, com tr\u00eas emendas modificativas da Comiss\u00e3o de Constitui\u00e7\u00e3o e Justi\u00e7a e duas retificativas do pr\u00f3prio governo, por 20 votos favor\u00e1veis e um contr\u00e1rio.<\/p>\n\n\n\n<p>O prefeito Pedro Almeida ressalta que os vereadores entenderam a necessidade de moderniza\u00e7\u00e3o da legisla\u00e7\u00e3o atual para possibilitar preencher quadros efetivos em diferentes \u00e1reas da municipalidade. \u201cTivemos mais uma vez a colabora\u00e7\u00e3o e sensibilidade dos vereadores que compreenderam que a moderniza\u00e7\u00e3o da estrutura tornar\u00e1 o servi\u00e7o p\u00fablico mais interessante para que novos profissionais sejam atra\u00eddos para a atividade\u201d, destaca.<\/p>\n\n\n\n<p>Para o presidente do Legislativo, Alberi Grando, dentro da prerrogativa do Executivo, aconteceu o envio do Projeto de Lei ao Legislativo. \u201cAs diversas Comiss\u00f5es avaliaram a proposta, opinaram e mediaram a melhoria do Projeto. Tanto que o Executivo enviou duas mensagens retificativas, at\u00e9 encontrar uma proposta que acolhesse a opini\u00e3o da maioria dos vereadores. Penso que o que pesou muito no voto dos vereadores foi que, aprovado o Projeto, abre a possibilidade de Concurso P\u00fablico, necessidade premente para o Munic\u00edpio\u201d, frisa o vereador.<\/p>\n\n\n\n<p>Os direitos dos servidores que j\u00e1 ocupam cargos p\u00fablicos na Prefeitura est\u00e3o garantidos. Quest\u00f5es como a operacionalidade e a efetividade dos cargos efetivos, assim como as necessidades de cada \u00e1rea da administra\u00e7\u00e3o p\u00fablica est\u00e3o contempladas no novo plano de moderniza\u00e7\u00e3o da legisla\u00e7\u00e3o que consente a abertura de concurso p\u00fablico que permitir\u00e1 refor\u00e7ar a gest\u00e3o em \u00e1reas como Educa\u00e7\u00e3o, Sa\u00fade e Obras para o provimento de mais de 500 vagas no quadro de cargos efetivos da Prefeitura.<\/p>\n","protected":false},"excerpt":{"rendered":"<p>Executivo pode, a partir de agora, reestruturar o atual plano de carreira e o quadro geral de funcion\u00e1rios, bem como abrir concurso p\u00fablico<\/p>\n","protected":false},"author":24,"featured_media":2306,"comment_status":"closed","ping_status":"closed","sticky":true,"template":"","format":"standard","meta":{"footnotes":""},"categories":[1],"tags":[],"class_list":["post-2305","post","type-post","status-publish","format-standard","has-post-thumbnail","hentry","category-sem-categoria"],"yoast_head":"<!-- This site is optimized with the Yoast SEO plugin v23.8 - https:\/\/yoast.com\/wordpress\/plugins\/seo\/ -->\n<title>Projeto de Lei que estabelece novo Plano de Carreira dos Servidores \u00e9 aprovado no Legislativo - Secretaria de Administra\u00e7\u00e3o | Prefeitura de Passo Fundo<\/title>\n<meta name=\"robots\" content=\"index, follow, max-snippet:-1, max-image-preview:large, max-video-preview:-1\" \/>\n<link rel=\"canonical\" href=\"https:\/\/www.pmpf.rs.gov.br\/secretaria-de-administracao\/2023\/10\/projeto-de-lei-que-estabelece-novo-plano-de-carreira-dos-servidores-e-aprovado-no-legislativo\/\" \/>\n<meta property=\"og:locale\" content=\"pt_BR\" \/>\n<meta property=\"og:type\" content=\"article\" \/>\n<meta property=\"og:title\" content=\"Projeto de Lei que estabelece novo Plano de Carreira dos Servidores \u00e9 aprovado no Legislativo - Secretaria de Administra\u00e7\u00e3o | Prefeitura de Passo Fundo\" \/>\n<meta property=\"og:description\" content=\"Executivo pode, a partir de agora, reestruturar o atual plano de carreira e o quadro geral de funcion\u00e1rios, bem como abrir concurso p\u00fablico\" \/>\n<meta property=\"og:url\" content=\"https:\/\/www.pmpf.rs.gov.br\/secretaria-de-administracao\/2023\/10\/projeto-de-lei-que-estabelece-novo-plano-de-carreira-dos-servidores-e-aprovado-no-legislativo\/\" \/>\n<meta property=\"og:site_name\" content=\"Secretaria de Administra\u00e7\u00e3o\" \/>\n<meta property=\"article:published_time\" content=\"2023-10-03T17:03:16+00:00\" \/>\n<meta property=\"article:modified_time\" content=\"2023-10-04T17:10:38+00:00\" \/>\n<meta property=\"og:image\" content=\"https:\/\/www.pmpf.rs.gov.br\/secretaria-de-administracao\/wp-content\/uploads\/sites\/4\/2023\/10\/projeto-servidor-scaled.jpg\" \/>\n\t<meta property=\"og:image:width\" content=\"2560\" \/>\n\t<meta property=\"og:image:height\" content=\"1707\" \/>\n\t<meta property=\"og:image:type\" content=\"image\/jpeg\" \/>\n<meta name=\"author\" content=\"lilicrivello\" \/>\n<meta name=\"twitter:card\" content=\"summary_large_image\" \/>\n<meta name=\"twitter:label1\" content=\"Escrito por\" \/>\n\t<meta name=\"twitter:data1\" content=\"lilicrivello\" \/>\n\t<meta name=\"twitter:label2\" content=\"Est. tempo de leitura\" \/>\n\t<meta name=\"twitter:data2\" content=\"2 minutos\" \/>\n<script type=\"application\/ld+json\" class=\"yoast-schema-graph\">{\"@context\":\"https:\/\/schema.org\",\"@graph\":[{\"@type\":\"WebPage\",\"@id\":\"https:\/\/www.pmpf.rs.gov.br\/secretaria-de-administracao\/2023\/10\/projeto-de-lei-que-estabelece-novo-plano-de-carreira-dos-servidores-e-aprovado-no-legislativo\/\",\"url\":\"https:\/\/www.pmpf.rs.gov.br\/secretaria-de-administracao\/2023\/10\/projeto-de-lei-que-estabelece-novo-plano-de-carreira-dos-servidores-e-aprovado-no-legislativo\/\",\"name\":\"Projeto de Lei que estabelece novo Plano de Carreira dos Servidores \u00e9 aprovado no Legislativo - Secretaria de Administra\u00e7\u00e3o | Prefeitura de Passo Fundo\",\"isPartOf\":{\"@id\":\"https:\/\/www.pmpf.rs.gov.br\/secretaria-de-administracao\/#website\"},\"primaryImageOfPage\":{\"@id\":\"https:\/\/www.pmpf.rs.gov.br\/secretaria-de-administracao\/2023\/10\/projeto-de-lei-que-estabelece-novo-plano-de-carreira-dos-servidores-e-aprovado-no-legislativo\/#primaryimage\"},\"image\":{\"@id\":\"https:\/\/www.pmpf.rs.gov.br\/secretaria-de-administracao\/2023\/10\/projeto-de-lei-que-estabelece-novo-plano-de-carreira-dos-servidores-e-aprovado-no-legislativo\/#primaryimage\"},\"thumbnailUrl\":\"https:\/\/www.pmpf.rs.gov.br\/secretaria-de-administracao\/wp-content\/uploads\/sites\/4\/2023\/10\/projeto-servidor-scaled.jpg\",\"datePublished\":\"2023-10-03T17:03:16+00:00\",\"dateModified\":\"2023-10-04T17:10:38+00:00\",\"author\":{\"@id\":\"https:\/\/www.pmpf.rs.gov.br\/secretaria-de-administracao\/#\/schema\/person\/6e93b0ab2174b69f691ac4f278ba2d0a\"},\"inLanguage\":\"pt-BR\",\"potentialAction\":[{\"@type\":\"ReadAction\",\"target\":[\"https:\/\/www.pmpf.rs.gov.br\/secretaria-de-administracao\/2023\/10\/projeto-de-lei-que-estabelece-novo-plano-de-carreira-dos-servidores-e-aprovado-no-legislativo\/\"]}]},{\"@type\":\"ImageObject\",\"inLanguage\":\"pt-BR\",\"@id\":\"https:\/\/www.pmpf.rs.gov.br\/secretaria-de-administracao\/2023\/10\/projeto-de-lei-que-estabelece-novo-plano-de-carreira-dos-servidores-e-aprovado-no-legislativo\/#primaryimage\",\"url\":\"https:\/\/www.pmpf.rs.gov.br\/secretaria-de-administracao\/wp-content\/uploads\/sites\/4\/2023\/10\/projeto-servidor-scaled.jpg\",\"contentUrl\":\"https:\/\/www.pmpf.rs.gov.br\/secretaria-de-administracao\/wp-content\/uploads\/sites\/4\/2023\/10\/projeto-servidor-scaled.jpg\",\"width\":2560,\"height\":1707},{\"@type\":\"WebSite\",\"@id\":\"https:\/\/www.pmpf.rs.gov.br\/secretaria-de-administracao\/#website\",\"url\":\"https:\/\/www.pmpf.rs.gov.br\/secretaria-de-administracao\/\",\"name\":\"Secretaria de Administra\u00e7\u00e3o\",\"description\":\"S\u00f3 mais um site Prefeitura Municipal de Passo Fundo Sites\",\"potentialAction\":[{\"@type\":\"SearchAction\",\"target\":{\"@type\":\"EntryPoint\",\"urlTemplate\":\"https:\/\/www.pmpf.rs.gov.br\/secretaria-de-administracao\/?s={search_term_string}\"},\"query-input\":{\"@type\":\"PropertyValueSpecification\",\"valueRequired\":true,\"valueName\":\"search_term_string\"}}],\"inLanguage\":\"pt-BR\"},{\"@type\":\"Person\",\"@id\":\"https:\/\/www.pmpf.rs.gov.br\/secretaria-de-administracao\/#\/schema\/person\/6e93b0ab2174b69f691ac4f278ba2d0a\",\"name\":\"lilicrivello\",\"image\":{\"@type\":\"ImageObject\",\"inLanguage\":\"pt-BR\",\"@id\":\"https:\/\/www.pmpf.rs.gov.br\/secretaria-de-administracao\/#\/schema\/person\/image\/\",\"url\":\"https:\/\/secure.gravatar.com\/avatar\/0b546b667388f8edb7b67d70a57b5e46?s=96&d=mm&r=g\",\"contentUrl\":\"https:\/\/secure.gravatar.com\/avatar\/0b546b667388f8edb7b67d70a57b5e46?s=96&d=mm&r=g\",\"caption\":\"lilicrivello\"},\"url\":\"https:\/\/www.pmpf.rs.gov.br\/secretaria-de-administracao\/author\/lilicrivello\/\"}]}<\/script>\n<!-- \/ Yoast SEO plugin. -->","yoast_head_json":{"title":"Projeto de Lei que estabelece novo Plano de Carreira dos Servidores \u00e9 aprovado no Legislativo - Secretaria de Administra\u00e7\u00e3o | Prefeitura de Passo Fundo","robots":{"index":"index","follow":"follow","max-snippet":"max-snippet:-1","max-image-preview":"max-image-preview:large","max-video-preview":"max-video-preview:-1"},"canonical":"https:\/\/www.pmpf.rs.gov.br\/secretaria-de-administracao\/2023\/10\/projeto-de-lei-que-estabelece-novo-plano-de-carreira-dos-servidores-e-aprovado-no-legislativo\/","og_locale":"pt_BR","og_type":"article","og_title":"Projeto de Lei que estabelece novo Plano de Carreira dos Servidores \u00e9 aprovado no Legislativo - Secretaria de Administra\u00e7\u00e3o | Prefeitura de Passo Fundo","og_description":"Executivo pode, a partir de agora, reestruturar o atual plano de carreira e o quadro geral de funcion\u00e1rios, bem como abrir concurso p\u00fablico","og_url":"https:\/\/www.pmpf.rs.gov.br\/secretaria-de-administracao\/2023\/10\/projeto-de-lei-que-estabelece-novo-plano-de-carreira-dos-servidores-e-aprovado-no-legislativo\/","og_site_name":"Secretaria de Administra\u00e7\u00e3o","article_published_time":"2023-10-03T17:03:16+00:00","article_modified_time":"2023-10-04T17:10:38+00:00","og_image":[{"width":2560,"height":1707,"url":"https:\/\/www.pmpf.rs.gov.br\/secretaria-de-administracao\/wp-content\/uploads\/sites\/4\/2023\/10\/projeto-servidor-scaled.jpg","type":"image\/jpeg"}],"author":"lilicrivello","twitter_card":"summary_large_image","twitter_misc":{"Escrito por":"lilicrivello","Est. tempo de leitura":"2 minutos"},"schema":{"@context":"https:\/\/schema.org","@graph":[{"@type":"WebPage","@id":"https:\/\/www.pmpf.rs.gov.br\/secretaria-de-administracao\/2023\/10\/projeto-de-lei-que-estabelece-novo-plano-de-carreira-dos-servidores-e-aprovado-no-legislativo\/","url":"https:\/\/www.pmpf.rs.gov.br\/secretaria-de-administracao\/2023\/10\/projeto-de-lei-que-estabelece-novo-plano-de-carreira-dos-servidores-e-aprovado-no-legislativo\/","name":"Projeto de Lei que estabelece novo Plano de Carreira dos Servidores \u00e9 aprovado no Legislativo - Secretaria de Administra\u00e7\u00e3o | Prefeitura de Passo Fundo","isPartOf":{"@id":"https:\/\/www.pmpf.rs.gov.br\/secretaria-de-administracao\/#website"},"primaryImageOfPage":{"@id":"https:\/\/www.pmpf.rs.gov.br\/secretaria-de-administracao\/2023\/10\/projeto-de-lei-que-estabelece-novo-plano-de-carreira-dos-servidores-e-aprovado-no-legislativo\/#primaryimage"},"image":{"@id":"https:\/\/www.pmpf.rs.gov.br\/secretaria-de-administracao\/2023\/10\/projeto-de-lei-que-estabelece-novo-plano-de-carreira-dos-servidores-e-aprovado-no-legislativo\/#primaryimage"},"thumbnailUrl":"https:\/\/www.pmpf.rs.gov.br\/secretaria-de-administracao\/wp-content\/uploads\/sites\/4\/2023\/10\/projeto-servidor-scaled.jpg","datePublished":"2023-10-03T17:03:16+00:00","dateModified":"2023-10-04T17:10:38+00:00","author":{"@id":"https:\/\/www.pmpf.rs.gov.br\/secretaria-de-administracao\/#\/schema\/person\/6e93b0ab2174b69f691ac4f278ba2d0a"},"inLanguage":"pt-BR","potentialAction":[{"@type":"ReadAction","target":["https:\/\/www.pmpf.rs.gov.br\/secretaria-de-administracao\/2023\/10\/projeto-de-lei-que-estabelece-novo-plano-de-carreira-dos-servidores-e-aprovado-no-legislativo\/"]}]},{"@type":"ImageObject","inLanguage":"pt-BR","@id":"https:\/\/www.pmpf.rs.gov.br\/secretaria-de-administracao\/2023\/10\/projeto-de-lei-que-estabelece-novo-plano-de-carreira-dos-servidores-e-aprovado-no-legislativo\/#primaryimage","url":"https:\/\/www.pmpf.rs.gov.br\/secretaria-de-administracao\/wp-content\/uploads\/sites\/4\/2023\/10\/projeto-servidor-scaled.jpg","contentUrl":"https:\/\/www.pmpf.rs.gov.br\/secretaria-de-administracao\/wp-content\/uploads\/sites\/4\/2023\/10\/projeto-servidor-scaled.jpg","width":2560,"height":1707},{"@type":"WebSite","@id":"https:\/\/www.pmpf.rs.gov.br\/secretaria-de-administracao\/#website","url":"https:\/\/www.pmpf.rs.gov.br\/secretaria-de-administracao\/","name":"Secretaria de Administra\u00e7\u00e3o","description":"S\u00f3 mais um site Prefeitura Municipal de Passo Fundo Sites","potentialAction":[{"@type":"SearchAction","target":{"@type":"EntryPoint","urlTemplate":"https:\/\/www.pmpf.rs.gov.br\/secretaria-de-administracao\/?s={search_term_string}"},"query-input":{"@type":"PropertyValueSpecification","valueRequired":true,"valueName":"search_term_string"}}],"inLanguage":"pt-BR"},{"@type":"Person","@id":"https:\/\/www.pmpf.rs.gov.br\/secretaria-de-administracao\/#\/schema\/person\/6e93b0ab2174b69f691ac4f278ba2d0a","name":"lilicrivello","image":{"@type":"ImageObject","inLanguage":"pt-BR","@id":"https:\/\/www.pmpf.rs.gov.br\/secretaria-de-administracao\/#\/schema\/person\/image\/","url":"https:\/\/secure.gravatar.com\/avatar\/0b546b667388f8edb7b67d70a57b5e46?s=96&d=mm&r=g","contentUrl":"https:\/\/secure.gravatar.com\/avatar\/0b546b667388f8edb7b67d70a57b5e46?s=96&d=mm&r=g","caption":"lilicrivello"},"url":"https:\/\/www.pmpf.rs.gov.br\/secretaria-de-administracao\/author\/lilicrivello\/"}]}},"_links":{"self":[{"href":"https:\/\/www.pmpf.rs.gov.br\/secretaria-de-administracao\/wp-json\/wp\/v2\/posts\/2305"}],"collection":[{"href":"https:\/\/www.pmpf.rs.gov.br\/secretaria-de-administracao\/wp-json\/wp\/v2\/posts"}],"about":[{"href":"https:\/\/www.pmpf.rs.gov.br\/secretaria-de-administracao\/wp-json\/wp\/v2\/types\/post"}],"author":[{"embeddable":true,"href":"https:\/\/www.pmpf.rs.gov.br\/secretaria-de-administracao\/wp-json\/wp\/v2\/users\/24"}],"replies":[{"embeddable":true,"href":"https:\/\/www.pmpf.rs.gov.br\/secretaria-de-administracao\/wp-json\/wp\/v2\/comments?post=2305"}],"version-history":[{"count":1,"href":"https:\/\/www.pmpf.rs.gov.br\/secretaria-de-administracao\/wp-json\/wp\/v2\/posts\/2305\/revisions"}],"predecessor-version":[{"id":2307,"href":"https:\/\/www.pmpf.rs.gov.br\/secretaria-de-administracao\/wp-json\/wp\/v2\/posts\/2305\/revisions\/2307"}],"wp:featuredmedia":[{"embeddable":true,"href":"https:\/\/www.pmpf.rs.gov.br\/secretaria-de-administracao\/wp-json\/wp\/v2\/media\/2306"}],"wp:attachment":[{"href":"https:\/\/www.pmpf.rs.gov.br\/secretaria-de-administracao\/wp-json\/wp\/v2\/media?parent=2305"}],"wp:term":[{"taxonomy":"category","embeddable":true,"href":"https:\/\/www.pmpf.rs.gov.br\/secretaria-de-administracao\/wp-json\/wp\/v2\/categories?post=2305"},{"taxonomy":"post_tag","embeddable":true,"href":"https:\/\/www.pmpf.rs.gov.br\/secretaria-de-administracao\/wp-json\/wp\/v2\/tags?post=2305"}],"curies":[{"name":"wp","href":"https:\/\/api.w.org\/{rel}","templated":true}]}}