{"id":2297,"date":"2023-09-13T14:23:25","date_gmt":"2023-09-13T17:23:25","guid":{"rendered":"https:\/\/www.pmpf.rs.gov.br\/secretaria-de-administracao\/?p=2297"},"modified":"2023-09-13T14:23:28","modified_gmt":"2023-09-13T17:23:28","slug":"eleicoes-para-o-conselho-tutelar-ocorrem-no-dia-1o-de-outubro","status":"publish","type":"post","link":"https:\/\/www.pmpf.rs.gov.br\/secretaria-de-administracao\/2023\/09\/eleicoes-para-o-conselho-tutelar-ocorrem-no-dia-1o-de-outubro\/","title":{"rendered":"Elei\u00e7\u00f5es para o Conselho Tutelar ocorrem no dia 1\u00ba de outubro"},"content":{"rendered":"\n<p><\/p>\n\n\n\n<p><\/p>\n\n\n\n<p>Assegurar que as crian\u00e7as e adolescentes tenham todos os seus direitos respeitados \u00e9 a principal responsabilidade dos conselheiros tutelares, considerados essenciais na prote\u00e7\u00e3o da inf\u00e2ncia e adolesc\u00eancia no Brasil. Em Passo Fundo, no dia 1\u00ba de outubro, das 8h \u00e0s 17h, os eleitores a partir dos 16 anos poder\u00e3o definir quem ser\u00e3o os novos conselheiros tutelares que ir\u00e3o atuar no munic\u00edpio pelos pr\u00f3ximos quatro anos.<\/p>\n\n\n\n<p>Conforme a presidente da Comiss\u00e3o Especial de Elei\u00e7\u00e3o, Maria Lu\u00edsa Paz de Mattos, 21 candidatos disputam as cinco vagas em cada microrregi\u00e3o. Em Passo Fundo, h\u00e1 duas microrregi\u00f5es institu\u00eddas e em que os conselheiros eleitos ter\u00e3o atua\u00e7\u00e3o. Para Maria Lu\u00edsa, a participa\u00e7\u00e3o de todos os passo-fundenses \u00e9 fundamental neste processo. \u201cO conselheiro atua diretamente com a comunidade para cessar qualquer amea\u00e7a ou viola\u00e7\u00e3o dos direitos da crian\u00e7a e do adolescente, originadas de den\u00fancias, reclama\u00e7\u00f5es ou solicita\u00e7\u00f5es. Esse trabalho \u00e9 sens\u00edvel e de extrema import\u00e2ncia j\u00e1 que eles focam em quem \u00e9 mais vulner\u00e1vel em termos de defesa de direitos\u201d, disse ela.<\/p>\n\n\n\n<p>De acordo com Maria Lu\u00edsa, cada microrregi\u00e3o elege cinco conselheiros, os demais candidatos tornam-se suplentes. No munic\u00edpio, as se\u00e7\u00f5es foram eleitorais foram concentradas em cinco regi\u00f5es e definidas escolas como os locais de vota\u00e7\u00e3o para facilitar e estimular a ida dos eleitores no dia da elei\u00e7\u00e3o. S\u00e3o pontos de vota\u00e7\u00e3o as escolas Cecy Leite Costa (com um total de 12 urnas), Fagundes dos Reis (somando 13 urnas), Prot\u00e1sio Alves (com oito urnas), Arco Verde (com sete urnas) e Ernesto Tocchetto (somando 10 urnas).<\/p>\n\n\n\n<p>A listagem completa das se\u00e7\u00f5es em cada um dos cinco col\u00e9gios eleitorais est\u00e1 dispon\u00edvel no site da Prefeitura de Passo Fundo. No dia da elei\u00e7\u00e3o, \u00e9 obrigat\u00f3rio apresentar documento de identifica\u00e7\u00e3o com foto e, facultativo, o t\u00edtulo de eleitor.<\/p>\n","protected":false},"excerpt":{"rendered":"<p>Podem votar eleitores a partir dos 16 anos, apresentando documento com foto e t\u00edtulo de eleitor. Em Passo Fundo, se\u00e7\u00f5es eleitorais foram concentradas em cinco regi\u00f5es da cidade<\/p>\n","protected":false},"author":6,"featured_media":0,"comment_status":"closed","ping_status":"closed","sticky":true,"template":"","format":"standard","meta":{"footnotes":""},"categories":[1],"tags":[],"class_list":["post-2297","post","type-post","status-publish","format-standard","hentry","category-sem-categoria"],"yoast_head":"<!-- This site is optimized with the Yoast SEO plugin v23.8 - https:\/\/yoast.com\/wordpress\/plugins\/seo\/ -->\n<title>Elei\u00e7\u00f5es para o Conselho Tutelar ocorrem no dia 1\u00ba de outubro - Secretaria de Administra\u00e7\u00e3o | Prefeitura de Passo Fundo<\/title>\n<meta name=\"robots\" content=\"index, follow, max-snippet:-1, max-image-preview:large, max-video-preview:-1\" \/>\n<link rel=\"canonical\" href=\"https:\/\/www.pmpf.rs.gov.br\/secretaria-de-administracao\/2023\/09\/eleicoes-para-o-conselho-tutelar-ocorrem-no-dia-1o-de-outubro\/\" \/>\n<meta property=\"og:locale\" content=\"pt_BR\" \/>\n<meta property=\"og:type\" content=\"article\" \/>\n<meta property=\"og:title\" content=\"Elei\u00e7\u00f5es para o Conselho Tutelar ocorrem no dia 1\u00ba de outubro - Secretaria de Administra\u00e7\u00e3o | Prefeitura de Passo Fundo\" \/>\n<meta property=\"og:description\" content=\"Podem votar eleitores a partir dos 16 anos, apresentando documento com foto e t\u00edtulo de eleitor. Em Passo Fundo, se\u00e7\u00f5es eleitorais foram concentradas em cinco regi\u00f5es da cidade\" \/>\n<meta property=\"og:url\" content=\"https:\/\/www.pmpf.rs.gov.br\/secretaria-de-administracao\/2023\/09\/eleicoes-para-o-conselho-tutelar-ocorrem-no-dia-1o-de-outubro\/\" \/>\n<meta property=\"og:site_name\" content=\"Secretaria de Administra\u00e7\u00e3o\" \/>\n<meta property=\"article:published_time\" content=\"2023-09-13T17:23:25+00:00\" \/>\n<meta property=\"article:modified_time\" content=\"2023-09-13T17:23:28+00:00\" \/>\n<meta name=\"author\" content=\"andressazorzetto07\" \/>\n<meta name=\"twitter:card\" content=\"summary_large_image\" \/>\n<meta name=\"twitter:label1\" content=\"Escrito por\" \/>\n\t<meta name=\"twitter:data1\" content=\"andressazorzetto07\" \/>\n\t<meta name=\"twitter:label2\" content=\"Est. tempo de leitura\" \/>\n\t<meta name=\"twitter:data2\" content=\"2 minutos\" \/>\n<script type=\"application\/ld+json\" class=\"yoast-schema-graph\">{\"@context\":\"https:\/\/schema.org\",\"@graph\":[{\"@type\":\"WebPage\",\"@id\":\"https:\/\/www.pmpf.rs.gov.br\/secretaria-de-administracao\/2023\/09\/eleicoes-para-o-conselho-tutelar-ocorrem-no-dia-1o-de-outubro\/\",\"url\":\"https:\/\/www.pmpf.rs.gov.br\/secretaria-de-administracao\/2023\/09\/eleicoes-para-o-conselho-tutelar-ocorrem-no-dia-1o-de-outubro\/\",\"name\":\"Elei\u00e7\u00f5es para o Conselho Tutelar ocorrem no dia 1\u00ba de outubro - Secretaria de Administra\u00e7\u00e3o | Prefeitura de Passo Fundo\",\"isPartOf\":{\"@id\":\"https:\/\/www.pmpf.rs.gov.br\/secretaria-de-administracao\/#website\"},\"datePublished\":\"2023-09-13T17:23:25+00:00\",\"dateModified\":\"2023-09-13T17:23:28+00:00\",\"author\":{\"@id\":\"https:\/\/www.pmpf.rs.gov.br\/secretaria-de-administracao\/#\/schema\/person\/30ee1d1bd74da1469b01fcf086e43351\"},\"inLanguage\":\"pt-BR\",\"potentialAction\":[{\"@type\":\"ReadAction\",\"target\":[\"https:\/\/www.pmpf.rs.gov.br\/secretaria-de-administracao\/2023\/09\/eleicoes-para-o-conselho-tutelar-ocorrem-no-dia-1o-de-outubro\/\"]}]},{\"@type\":\"WebSite\",\"@id\":\"https:\/\/www.pmpf.rs.gov.br\/secretaria-de-administracao\/#website\",\"url\":\"https:\/\/www.pmpf.rs.gov.br\/secretaria-de-administracao\/\",\"name\":\"Secretaria de Administra\u00e7\u00e3o\",\"description\":\"S\u00f3 mais um site Prefeitura Municipal de Passo Fundo Sites\",\"potentialAction\":[{\"@type\":\"SearchAction\",\"target\":{\"@type\":\"EntryPoint\",\"urlTemplate\":\"https:\/\/www.pmpf.rs.gov.br\/secretaria-de-administracao\/?s={search_term_string}\"},\"query-input\":{\"@type\":\"PropertyValueSpecification\",\"valueRequired\":true,\"valueName\":\"search_term_string\"}}],\"inLanguage\":\"pt-BR\"},{\"@type\":\"Person\",\"@id\":\"https:\/\/www.pmpf.rs.gov.br\/secretaria-de-administracao\/#\/schema\/person\/30ee1d1bd74da1469b01fcf086e43351\",\"name\":\"andressazorzetto07\",\"image\":{\"@type\":\"ImageObject\",\"inLanguage\":\"pt-BR\",\"@id\":\"https:\/\/www.pmpf.rs.gov.br\/secretaria-de-administracao\/#\/schema\/person\/image\/\",\"url\":\"https:\/\/secure.gravatar.com\/avatar\/14c5458ed79dc81da99a13b9ff5f9f19?s=96&d=mm&r=g\",\"contentUrl\":\"https:\/\/secure.gravatar.com\/avatar\/14c5458ed79dc81da99a13b9ff5f9f19?s=96&d=mm&r=g\",\"caption\":\"andressazorzetto07\"},\"url\":\"https:\/\/www.pmpf.rs.gov.br\/secretaria-de-administracao\/author\/andressazorzetto07\/\"}]}<\/script>\n<!-- \/ Yoast SEO plugin. -->","yoast_head_json":{"title":"Elei\u00e7\u00f5es para o Conselho Tutelar ocorrem no dia 1\u00ba de outubro - Secretaria de Administra\u00e7\u00e3o | Prefeitura de Passo Fundo","robots":{"index":"index","follow":"follow","max-snippet":"max-snippet:-1","max-image-preview":"max-image-preview:large","max-video-preview":"max-video-preview:-1"},"canonical":"https:\/\/www.pmpf.rs.gov.br\/secretaria-de-administracao\/2023\/09\/eleicoes-para-o-conselho-tutelar-ocorrem-no-dia-1o-de-outubro\/","og_locale":"pt_BR","og_type":"article","og_title":"Elei\u00e7\u00f5es para o Conselho Tutelar ocorrem no dia 1\u00ba de outubro - Secretaria de Administra\u00e7\u00e3o | Prefeitura de Passo Fundo","og_description":"Podem votar eleitores a partir dos 16 anos, apresentando documento com foto e t\u00edtulo de eleitor. Em Passo Fundo, se\u00e7\u00f5es eleitorais foram concentradas em cinco regi\u00f5es da cidade","og_url":"https:\/\/www.pmpf.rs.gov.br\/secretaria-de-administracao\/2023\/09\/eleicoes-para-o-conselho-tutelar-ocorrem-no-dia-1o-de-outubro\/","og_site_name":"Secretaria de Administra\u00e7\u00e3o","article_published_time":"2023-09-13T17:23:25+00:00","article_modified_time":"2023-09-13T17:23:28+00:00","author":"andressazorzetto07","twitter_card":"summary_large_image","twitter_misc":{"Escrito por":"andressazorzetto07","Est. tempo de leitura":"2 minutos"},"schema":{"@context":"https:\/\/schema.org","@graph":[{"@type":"WebPage","@id":"https:\/\/www.pmpf.rs.gov.br\/secretaria-de-administracao\/2023\/09\/eleicoes-para-o-conselho-tutelar-ocorrem-no-dia-1o-de-outubro\/","url":"https:\/\/www.pmpf.rs.gov.br\/secretaria-de-administracao\/2023\/09\/eleicoes-para-o-conselho-tutelar-ocorrem-no-dia-1o-de-outubro\/","name":"Elei\u00e7\u00f5es para o Conselho Tutelar ocorrem no dia 1\u00ba de outubro - Secretaria de Administra\u00e7\u00e3o | Prefeitura de Passo Fundo","isPartOf":{"@id":"https:\/\/www.pmpf.rs.gov.br\/secretaria-de-administracao\/#website"},"datePublished":"2023-09-13T17:23:25+00:00","dateModified":"2023-09-13T17:23:28+00:00","author":{"@id":"https:\/\/www.pmpf.rs.gov.br\/secretaria-de-administracao\/#\/schema\/person\/30ee1d1bd74da1469b01fcf086e43351"},"inLanguage":"pt-BR","potentialAction":[{"@type":"ReadAction","target":["https:\/\/www.pmpf.rs.gov.br\/secretaria-de-administracao\/2023\/09\/eleicoes-para-o-conselho-tutelar-ocorrem-no-dia-1o-de-outubro\/"]}]},{"@type":"WebSite","@id":"https:\/\/www.pmpf.rs.gov.br\/secretaria-de-administracao\/#website","url":"https:\/\/www.pmpf.rs.gov.br\/secretaria-de-administracao\/","name":"Secretaria de Administra\u00e7\u00e3o","description":"S\u00f3 mais um site Prefeitura Municipal de Passo Fundo Sites","potentialAction":[{"@type":"SearchAction","target":{"@type":"EntryPoint","urlTemplate":"https:\/\/www.pmpf.rs.gov.br\/secretaria-de-administracao\/?s={search_term_string}"},"query-input":{"@type":"PropertyValueSpecification","valueRequired":true,"valueName":"search_term_string"}}],"inLanguage":"pt-BR"},{"@type":"Person","@id":"https:\/\/www.pmpf.rs.gov.br\/secretaria-de-administracao\/#\/schema\/person\/30ee1d1bd74da1469b01fcf086e43351","name":"andressazorzetto07","image":{"@type":"ImageObject","inLanguage":"pt-BR","@id":"https:\/\/www.pmpf.rs.gov.br\/secretaria-de-administracao\/#\/schema\/person\/image\/","url":"https:\/\/secure.gravatar.com\/avatar\/14c5458ed79dc81da99a13b9ff5f9f19?s=96&d=mm&r=g","contentUrl":"https:\/\/secure.gravatar.com\/avatar\/14c5458ed79dc81da99a13b9ff5f9f19?s=96&d=mm&r=g","caption":"andressazorzetto07"},"url":"https:\/\/www.pmpf.rs.gov.br\/secretaria-de-administracao\/author\/andressazorzetto07\/"}]}},"_links":{"self":[{"href":"https:\/\/www.pmpf.rs.gov.br\/secretaria-de-administracao\/wp-json\/wp\/v2\/posts\/2297"}],"collection":[{"href":"https:\/\/www.pmpf.rs.gov.br\/secretaria-de-administracao\/wp-json\/wp\/v2\/posts"}],"about":[{"href":"https:\/\/www.pmpf.rs.gov.br\/secretaria-de-administracao\/wp-json\/wp\/v2\/types\/post"}],"author":[{"embeddable":true,"href":"https:\/\/www.pmpf.rs.gov.br\/secretaria-de-administracao\/wp-json\/wp\/v2\/users\/6"}],"replies":[{"embeddable":true,"href":"https:\/\/www.pmpf.rs.gov.br\/secretaria-de-administracao\/wp-json\/wp\/v2\/comments?post=2297"}],"version-history":[{"count":1,"href":"https:\/\/www.pmpf.rs.gov.br\/secretaria-de-administracao\/wp-json\/wp\/v2\/posts\/2297\/revisions"}],"predecessor-version":[{"id":2298,"href":"https:\/\/www.pmpf.rs.gov.br\/secretaria-de-administracao\/wp-json\/wp\/v2\/posts\/2297\/revisions\/2298"}],"wp:attachment":[{"href":"https:\/\/www.pmpf.rs.gov.br\/secretaria-de-administracao\/wp-json\/wp\/v2\/media?parent=2297"}],"wp:term":[{"taxonomy":"category","embeddable":true,"href":"https:\/\/www.pmpf.rs.gov.br\/secretaria-de-administracao\/wp-json\/wp\/v2\/categories?post=2297"},{"taxonomy":"post_tag","embeddable":true,"href":"https:\/\/www.pmpf.rs.gov.br\/secretaria-de-administracao\/wp-json\/wp\/v2\/tags?post=2297"}],"curies":[{"name":"wp","href":"https:\/\/api.w.org\/{rel}","templated":true}]}}