{"id":2294,"date":"2023-09-04T17:00:49","date_gmt":"2023-09-04T20:00:49","guid":{"rendered":"https:\/\/www.pmpf.rs.gov.br\/secretaria-de-administracao\/?p=2294"},"modified":"2023-09-04T17:00:54","modified_gmt":"2023-09-04T20:00:54","slug":"prefeito-decreta-situacao-de-emergencia-em-funcao-das-inundacoes","status":"publish","type":"post","link":"https:\/\/www.pmpf.rs.gov.br\/secretaria-de-administracao\/2023\/09\/prefeito-decreta-situacao-de-emergencia-em-funcao-das-inundacoes\/","title":{"rendered":"Prefeito decreta situa\u00e7\u00e3o de emerg\u00eancia em fun\u00e7\u00e3o das inunda\u00e7\u00f5es"},"content":{"rendered":"\n<p><\/p>\n\n\n\n<p><\/p>\n\n\n\n<p>Ap\u00f3s reunir-se com os \u00f3rg\u00e3os de seguran\u00e7a p\u00fablica, Defesa Civil e secret\u00e1rios municipais, o prefeito de Passo Fundo, Pedro Almeida, confirmou, na tarde de hoje (04), que o Munic\u00edpio ir\u00e1 decretar situa\u00e7\u00e3o de emerg\u00eancia em virtude das chuvas intensas ocorridas entre os dias 02 a 04 de setembro, que provocaram inunda\u00e7\u00f5es. Indicadores apresentados pelos \u00f3rg\u00e3os e entidades envolvidas no enfrentamento aos alagamentos mostram que, entre o s\u00e1bado (02) e o in\u00edcio da tarde desta segunda-feira (04), foram registrados 271 mil\u00edmetros de precipita\u00e7\u00e3o pluviom\u00e9trica.<\/p>\n\n\n\n<p>Conforme o prefeito, o Decreto possibilita ao Munic\u00edpio adotar medidas de resposta \u00e0s demandas comunit\u00e1rias com maior celeridade, al\u00e9m de assegurar a ampla mobiliza\u00e7\u00e3o de todos os \u00f3rg\u00e3os municipais para atuarem, sob a coordena\u00e7\u00e3o da Coordenadoria Municipal da Defesa Civil, nas a\u00e7\u00f5es de conten\u00e7\u00e3o de danos, reabilita\u00e7\u00e3o do cen\u00e1rio e reconstru\u00e7\u00e3o; a convoca\u00e7\u00e3o de volunt\u00e1rios para refor\u00e7ar as campanhas de arrecada\u00e7\u00e3o de recursos junto \u00e0 comunidade, com o objetivo de facilitar as a\u00e7\u00f5es de assist\u00eancia \u00e0 popula\u00e7\u00e3o afetada pelo desastre; e a autoriza\u00e7\u00e3o para que os agentes da Defesa Civil e demais autoridades administrativas ingressem nas casas para prestar socorro ou para determinar pronta evacua\u00e7\u00e3o. \u201cNossas equipes seguem mobilizadas e a prioridade \u00e9 atender a popula\u00e7\u00e3o\u201d, afirmou o prefeito.<\/p>\n\n\n\n<p>Durante a reuni\u00e3o, a Coordenadoria Municipal da Defesa Civil informou que, at\u00e9 o in\u00edcio da tarde desta segunda-feira haviam sido registrados 40 pontos de alagamento em Passo Fundo, 120 fam\u00edlias desalojadas (que acabaram indo para casa de parentes), 15 bocas de lobo desobstru\u00eddas para drenagem de \u00e1gua, sete vias p\u00fablicas interditadas, tr\u00eas riachos desobstru\u00eddos, 17 pessoas resgatadas, 11 pessoas encaminhadas para a Casa de Passagem e 20 casas destelhadas.<\/p>\n\n\n\n<p><strong>Rede municipal<\/strong><\/p>\n\n\n\n<p>Em fun\u00e7\u00e3o da suspens\u00e3o do transporte escolar em algumas localidades do interior, a Secretaria de Educa\u00e7\u00e3o informou que, nesta ter\u00e7a-feira (05), as aulas na EMEF Le\u00e3o Nunes de Castro est\u00e3o canceladas.<\/p>\n","protected":false},"excerpt":{"rendered":"<p>Levantamento dos \u00f3rg\u00e3os de seguran\u00e7a p\u00fablica e Defesa Civil apontam que, at\u00e9 o in\u00edcio da tarde desta segunda-feira (04), haviam 40 pontos de alagamentos e 120 fam\u00edlias desalojadas. Decreto possibilita ao Munic\u00edpio adotar algumas medidas de a\u00e7\u00e3o de resposta para atendimento \u00e0 popula\u00e7\u00e3o<\/p>\n","protected":false},"author":6,"featured_media":0,"comment_status":"closed","ping_status":"closed","sticky":true,"template":"","format":"standard","meta":{"footnotes":""},"categories":[1],"tags":[],"class_list":["post-2294","post","type-post","status-publish","format-standard","hentry","category-sem-categoria"],"yoast_head":"<!-- This site is optimized with the Yoast SEO plugin v23.8 - https:\/\/yoast.com\/wordpress\/plugins\/seo\/ -->\n<title>Prefeito decreta situa\u00e7\u00e3o de emerg\u00eancia em fun\u00e7\u00e3o das inunda\u00e7\u00f5es - Secretaria de Administra\u00e7\u00e3o | Prefeitura de Passo Fundo<\/title>\n<meta name=\"robots\" content=\"index, follow, max-snippet:-1, max-image-preview:large, max-video-preview:-1\" \/>\n<link rel=\"canonical\" href=\"https:\/\/www.pmpf.rs.gov.br\/secretaria-de-administracao\/2023\/09\/prefeito-decreta-situacao-de-emergencia-em-funcao-das-inundacoes\/\" \/>\n<meta property=\"og:locale\" content=\"pt_BR\" \/>\n<meta property=\"og:type\" content=\"article\" \/>\n<meta property=\"og:title\" content=\"Prefeito decreta situa\u00e7\u00e3o de emerg\u00eancia em fun\u00e7\u00e3o das inunda\u00e7\u00f5es - Secretaria de Administra\u00e7\u00e3o | Prefeitura de Passo Fundo\" \/>\n<meta property=\"og:description\" content=\"Levantamento dos \u00f3rg\u00e3os de seguran\u00e7a p\u00fablica e Defesa Civil apontam que, at\u00e9 o in\u00edcio da tarde desta segunda-feira (04), haviam 40 pontos de alagamentos e 120 fam\u00edlias desalojadas. Decreto possibilita ao Munic\u00edpio adotar algumas medidas de a\u00e7\u00e3o de resposta para atendimento \u00e0 popula\u00e7\u00e3o\" \/>\n<meta property=\"og:url\" content=\"https:\/\/www.pmpf.rs.gov.br\/secretaria-de-administracao\/2023\/09\/prefeito-decreta-situacao-de-emergencia-em-funcao-das-inundacoes\/\" \/>\n<meta property=\"og:site_name\" content=\"Secretaria de Administra\u00e7\u00e3o\" \/>\n<meta property=\"article:published_time\" content=\"2023-09-04T20:00:49+00:00\" \/>\n<meta property=\"article:modified_time\" content=\"2023-09-04T20:00:54+00:00\" \/>\n<meta name=\"author\" content=\"andressazorzetto07\" \/>\n<meta name=\"twitter:card\" content=\"summary_large_image\" \/>\n<meta name=\"twitter:label1\" content=\"Escrito por\" \/>\n\t<meta name=\"twitter:data1\" content=\"andressazorzetto07\" \/>\n\t<meta name=\"twitter:label2\" content=\"Est. tempo de leitura\" \/>\n\t<meta name=\"twitter:data2\" content=\"2 minutos\" \/>\n<script type=\"application\/ld+json\" class=\"yoast-schema-graph\">{\"@context\":\"https:\/\/schema.org\",\"@graph\":[{\"@type\":\"WebPage\",\"@id\":\"https:\/\/www.pmpf.rs.gov.br\/secretaria-de-administracao\/2023\/09\/prefeito-decreta-situacao-de-emergencia-em-funcao-das-inundacoes\/\",\"url\":\"https:\/\/www.pmpf.rs.gov.br\/secretaria-de-administracao\/2023\/09\/prefeito-decreta-situacao-de-emergencia-em-funcao-das-inundacoes\/\",\"name\":\"Prefeito decreta situa\u00e7\u00e3o de emerg\u00eancia em fun\u00e7\u00e3o das inunda\u00e7\u00f5es - Secretaria de Administra\u00e7\u00e3o | Prefeitura de Passo Fundo\",\"isPartOf\":{\"@id\":\"https:\/\/www.pmpf.rs.gov.br\/secretaria-de-administracao\/#website\"},\"datePublished\":\"2023-09-04T20:00:49+00:00\",\"dateModified\":\"2023-09-04T20:00:54+00:00\",\"author\":{\"@id\":\"https:\/\/www.pmpf.rs.gov.br\/secretaria-de-administracao\/#\/schema\/person\/30ee1d1bd74da1469b01fcf086e43351\"},\"inLanguage\":\"pt-BR\",\"potentialAction\":[{\"@type\":\"ReadAction\",\"target\":[\"https:\/\/www.pmpf.rs.gov.br\/secretaria-de-administracao\/2023\/09\/prefeito-decreta-situacao-de-emergencia-em-funcao-das-inundacoes\/\"]}]},{\"@type\":\"WebSite\",\"@id\":\"https:\/\/www.pmpf.rs.gov.br\/secretaria-de-administracao\/#website\",\"url\":\"https:\/\/www.pmpf.rs.gov.br\/secretaria-de-administracao\/\",\"name\":\"Secretaria de Administra\u00e7\u00e3o\",\"description\":\"S\u00f3 mais um site Prefeitura Municipal de Passo Fundo Sites\",\"potentialAction\":[{\"@type\":\"SearchAction\",\"target\":{\"@type\":\"EntryPoint\",\"urlTemplate\":\"https:\/\/www.pmpf.rs.gov.br\/secretaria-de-administracao\/?s={search_term_string}\"},\"query-input\":{\"@type\":\"PropertyValueSpecification\",\"valueRequired\":true,\"valueName\":\"search_term_string\"}}],\"inLanguage\":\"pt-BR\"},{\"@type\":\"Person\",\"@id\":\"https:\/\/www.pmpf.rs.gov.br\/secretaria-de-administracao\/#\/schema\/person\/30ee1d1bd74da1469b01fcf086e43351\",\"name\":\"andressazorzetto07\",\"image\":{\"@type\":\"ImageObject\",\"inLanguage\":\"pt-BR\",\"@id\":\"https:\/\/www.pmpf.rs.gov.br\/secretaria-de-administracao\/#\/schema\/person\/image\/\",\"url\":\"https:\/\/secure.gravatar.com\/avatar\/14c5458ed79dc81da99a13b9ff5f9f19?s=96&d=mm&r=g\",\"contentUrl\":\"https:\/\/secure.gravatar.com\/avatar\/14c5458ed79dc81da99a13b9ff5f9f19?s=96&d=mm&r=g\",\"caption\":\"andressazorzetto07\"},\"url\":\"https:\/\/www.pmpf.rs.gov.br\/secretaria-de-administracao\/author\/andressazorzetto07\/\"}]}<\/script>\n<!-- \/ Yoast SEO plugin. -->","yoast_head_json":{"title":"Prefeito decreta situa\u00e7\u00e3o de emerg\u00eancia em fun\u00e7\u00e3o das inunda\u00e7\u00f5es - Secretaria de Administra\u00e7\u00e3o | Prefeitura de Passo Fundo","robots":{"index":"index","follow":"follow","max-snippet":"max-snippet:-1","max-image-preview":"max-image-preview:large","max-video-preview":"max-video-preview:-1"},"canonical":"https:\/\/www.pmpf.rs.gov.br\/secretaria-de-administracao\/2023\/09\/prefeito-decreta-situacao-de-emergencia-em-funcao-das-inundacoes\/","og_locale":"pt_BR","og_type":"article","og_title":"Prefeito decreta situa\u00e7\u00e3o de emerg\u00eancia em fun\u00e7\u00e3o das inunda\u00e7\u00f5es - Secretaria de Administra\u00e7\u00e3o | Prefeitura de Passo Fundo","og_description":"Levantamento dos \u00f3rg\u00e3os de seguran\u00e7a p\u00fablica e Defesa Civil apontam que, at\u00e9 o in\u00edcio da tarde desta segunda-feira (04), haviam 40 pontos de alagamentos e 120 fam\u00edlias desalojadas. Decreto possibilita ao Munic\u00edpio adotar algumas medidas de a\u00e7\u00e3o de resposta para atendimento \u00e0 popula\u00e7\u00e3o","og_url":"https:\/\/www.pmpf.rs.gov.br\/secretaria-de-administracao\/2023\/09\/prefeito-decreta-situacao-de-emergencia-em-funcao-das-inundacoes\/","og_site_name":"Secretaria de Administra\u00e7\u00e3o","article_published_time":"2023-09-04T20:00:49+00:00","article_modified_time":"2023-09-04T20:00:54+00:00","author":"andressazorzetto07","twitter_card":"summary_large_image","twitter_misc":{"Escrito por":"andressazorzetto07","Est. tempo de leitura":"2 minutos"},"schema":{"@context":"https:\/\/schema.org","@graph":[{"@type":"WebPage","@id":"https:\/\/www.pmpf.rs.gov.br\/secretaria-de-administracao\/2023\/09\/prefeito-decreta-situacao-de-emergencia-em-funcao-das-inundacoes\/","url":"https:\/\/www.pmpf.rs.gov.br\/secretaria-de-administracao\/2023\/09\/prefeito-decreta-situacao-de-emergencia-em-funcao-das-inundacoes\/","name":"Prefeito decreta situa\u00e7\u00e3o de emerg\u00eancia em fun\u00e7\u00e3o das inunda\u00e7\u00f5es - Secretaria de Administra\u00e7\u00e3o | Prefeitura de Passo Fundo","isPartOf":{"@id":"https:\/\/www.pmpf.rs.gov.br\/secretaria-de-administracao\/#website"},"datePublished":"2023-09-04T20:00:49+00:00","dateModified":"2023-09-04T20:00:54+00:00","author":{"@id":"https:\/\/www.pmpf.rs.gov.br\/secretaria-de-administracao\/#\/schema\/person\/30ee1d1bd74da1469b01fcf086e43351"},"inLanguage":"pt-BR","potentialAction":[{"@type":"ReadAction","target":["https:\/\/www.pmpf.rs.gov.br\/secretaria-de-administracao\/2023\/09\/prefeito-decreta-situacao-de-emergencia-em-funcao-das-inundacoes\/"]}]},{"@type":"WebSite","@id":"https:\/\/www.pmpf.rs.gov.br\/secretaria-de-administracao\/#website","url":"https:\/\/www.pmpf.rs.gov.br\/secretaria-de-administracao\/","name":"Secretaria de Administra\u00e7\u00e3o","description":"S\u00f3 mais um site Prefeitura Municipal de Passo Fundo Sites","potentialAction":[{"@type":"SearchAction","target":{"@type":"EntryPoint","urlTemplate":"https:\/\/www.pmpf.rs.gov.br\/secretaria-de-administracao\/?s={search_term_string}"},"query-input":{"@type":"PropertyValueSpecification","valueRequired":true,"valueName":"search_term_string"}}],"inLanguage":"pt-BR"},{"@type":"Person","@id":"https:\/\/www.pmpf.rs.gov.br\/secretaria-de-administracao\/#\/schema\/person\/30ee1d1bd74da1469b01fcf086e43351","name":"andressazorzetto07","image":{"@type":"ImageObject","inLanguage":"pt-BR","@id":"https:\/\/www.pmpf.rs.gov.br\/secretaria-de-administracao\/#\/schema\/person\/image\/","url":"https:\/\/secure.gravatar.com\/avatar\/14c5458ed79dc81da99a13b9ff5f9f19?s=96&d=mm&r=g","contentUrl":"https:\/\/secure.gravatar.com\/avatar\/14c5458ed79dc81da99a13b9ff5f9f19?s=96&d=mm&r=g","caption":"andressazorzetto07"},"url":"https:\/\/www.pmpf.rs.gov.br\/secretaria-de-administracao\/author\/andressazorzetto07\/"}]}},"_links":{"self":[{"href":"https:\/\/www.pmpf.rs.gov.br\/secretaria-de-administracao\/wp-json\/wp\/v2\/posts\/2294"}],"collection":[{"href":"https:\/\/www.pmpf.rs.gov.br\/secretaria-de-administracao\/wp-json\/wp\/v2\/posts"}],"about":[{"href":"https:\/\/www.pmpf.rs.gov.br\/secretaria-de-administracao\/wp-json\/wp\/v2\/types\/post"}],"author":[{"embeddable":true,"href":"https:\/\/www.pmpf.rs.gov.br\/secretaria-de-administracao\/wp-json\/wp\/v2\/users\/6"}],"replies":[{"embeddable":true,"href":"https:\/\/www.pmpf.rs.gov.br\/secretaria-de-administracao\/wp-json\/wp\/v2\/comments?post=2294"}],"version-history":[{"count":1,"href":"https:\/\/www.pmpf.rs.gov.br\/secretaria-de-administracao\/wp-json\/wp\/v2\/posts\/2294\/revisions"}],"predecessor-version":[{"id":2295,"href":"https:\/\/www.pmpf.rs.gov.br\/secretaria-de-administracao\/wp-json\/wp\/v2\/posts\/2294\/revisions\/2295"}],"wp:attachment":[{"href":"https:\/\/www.pmpf.rs.gov.br\/secretaria-de-administracao\/wp-json\/wp\/v2\/media?parent=2294"}],"wp:term":[{"taxonomy":"category","embeddable":true,"href":"https:\/\/www.pmpf.rs.gov.br\/secretaria-de-administracao\/wp-json\/wp\/v2\/categories?post=2294"},{"taxonomy":"post_tag","embeddable":true,"href":"https:\/\/www.pmpf.rs.gov.br\/secretaria-de-administracao\/wp-json\/wp\/v2\/tags?post=2294"}],"curies":[{"name":"wp","href":"https:\/\/api.w.org\/{rel}","templated":true}]}}