{"id":2281,"date":"2023-08-08T16:04:02","date_gmt":"2023-08-08T19:04:02","guid":{"rendered":"https:\/\/www.pmpf.rs.gov.br\/secretaria-de-administracao\/?p=2281"},"modified":"2023-08-08T16:11:02","modified_gmt":"2023-08-08T19:11:02","slug":"prefeitura-encaminhara-a-camara-projeto-de-lei-que-vai-permitir-a-realizacao-de-concurso-publico","status":"publish","type":"post","link":"https:\/\/www.pmpf.rs.gov.br\/secretaria-de-administracao\/2023\/08\/prefeitura-encaminhara-a-camara-projeto-de-lei-que-vai-permitir-a-realizacao-de-concurso-publico\/","title":{"rendered":"Prefeitura encaminhar\u00e1 \u00e0 C\u00e2mara projeto de lei que vai permitir a realiza\u00e7\u00e3o de concurso p\u00fablico"},"content":{"rendered":"\n<p><\/p>\n\n\n\n<p>O prefeito de Passo Fundo, Pedro Almeida, confirmou, na manh\u00e3 desta ter\u00e7a-feira (08), durante reuni\u00e3o com a diretoria do Sindicato dos Servidores P\u00fablicos Municipais de Passo Fundo (Simpasso), o envio de um Projeto de Lei (PL) ao Legislativo para adequa\u00e7\u00e3o da legisla\u00e7\u00e3o sobre os servidores do Quadro Geral do Executivo. Essa moderniza\u00e7\u00e3o da legisla\u00e7\u00e3o vai permitir que, t\u00e3o logo seja aprovada pela C\u00e2mara, possa ocorrer a abertura de concurso p\u00fablico que permitir\u00e1 refor\u00e7ar a gest\u00e3o em \u00e1reas como Educa\u00e7\u00e3o, Sa\u00fade e Obras. O objetivo da iniciativa, defendeu o gestor municipal, \u00e9 possibilitar a moderniza\u00e7\u00e3o da estrutura administrativa da Prefeitura, garantindo, com isso, a realiza\u00e7\u00e3o de concurso para o provimento de mais de 500 vagas no quadro de cargos efetivos da Prefeitura.<\/p>\n\n\n\n<p>O prefeito Pedro observou que h\u00e1 necessidade de preencher quadros efetivos em diferentes \u00e1reas da municipalidade. \u201cO concurso p\u00fablico \u00e9 uma demanda que h\u00e1 muito tempo vem sendo reivindicada, mas que estava impedido de ser feito em fun\u00e7\u00e3o de quest\u00f5es or\u00e7ament\u00e1rias e legais. Os esfor\u00e7os da Prefeitura nos \u00faltimos dez anos para redu\u00e7\u00e3o do \u00edndice de gastos com pessoal foram o principal motivo para se chegar neste momento e conseguir realizar um concurso para tantas vagas\u201d, comentou Pedro. Ele disse esperar que o projeto tramite rapidamente na C\u00e2mara Municipal, possibilitando a abertura do concurso no in\u00edcio do ano que vem.<\/p>\n\n\n\n<p>Ao se reunir com o Simpasso, que participou da constru\u00e7\u00e3o do projeto de lei, o Munic\u00edpio destacou que os direitos dos servidores estar\u00e3o garantidos. \u201cNosso objetivo \u00e9 assegurar que n\u00e3o haja preju\u00edzo aos nossos servidores, possibilitando, inclusive, que a moderniza\u00e7\u00e3o da estrutura torne o servi\u00e7o p\u00fablico mais interessante para que novos profissionais sejam atra\u00eddos para as atividades que tanto impactam a vida dos passo-fundenses\u201d, disse Pedro.<\/p>\n\n\n\n<p>No texto discutido com o Sindicato, o prefeito reitera o compromisso de valorizar o trabalho e a atua\u00e7\u00e3o dos servidores do quadro, qualificando as condi\u00e7\u00f5es de trabalho e fomentando avan\u00e7os para as carreiras p\u00fablicas. Al\u00e9m disso, declarou Pedro, uma das solicita\u00e7\u00f5es feitas pelo Simpasso foi atendida pela Administra\u00e7\u00e3o, resultando na manuten\u00e7\u00e3o de todos os direitos dos servidores que atualmente exercem suas fun\u00e7\u00f5es na Prefeitura Municipal: \u201cTamb\u00e9m, demanda antiga das entidades sindicais, estamos promovendo a altera\u00e7\u00e3o para redu\u00e7\u00e3o da carga hor\u00e1ria de algumas fun\u00e7\u00f5es, tendo em vista que tal provid\u00eancia n\u00e3o prejudicar\u00e1 a execu\u00e7\u00e3o dos servi\u00e7os p\u00fablicos prestados e, ao mesmo tempo, permitir\u00e1 que aqueles servidores que cumpriam jornadas el\u00e1sticas tenham melhores condi\u00e7\u00f5es de trabalho e possam desfrutar de mais tempo com seus familiares\u201d, ponderou o chefe do Executivo.<\/p>\n\n\n\n<p>Conforme a Secretaria de Administra\u00e7\u00e3o, para a elabora\u00e7\u00e3o do documento que ser\u00e1 analisado pelos vereadores foram discutidas quest\u00f5es como a operacionalidade e a efetividade dos cargos efetivos, assim como as necessidades de cada \u00e1rea da administra\u00e7\u00e3o p\u00fablica. A partir disso, o concurso p\u00fablico previsto pelo Munic\u00edpio dever\u00e1 preencher vagas nas \u00e1reas de gest\u00e3o, sa\u00fade, educa\u00e7\u00e3o, obras, seguran\u00e7a p\u00fablica e tr\u00e2nsito e operacional. \u201cA maior parte das fun\u00e7\u00f5es ser\u00e1 de n\u00edvel m\u00e9dio, mas tamb\u00e9m deveremos abrir para o provimento de quadros de n\u00edvel superior e para a contrata\u00e7\u00e3o de professores de ensino infantil e fundamental\u201d, observou o secret\u00e1rio da pasta, Fernando Boeira.<\/p>\n","protected":false},"excerpt":{"rendered":"<p>A proposta prev\u00ea a adequa\u00e7\u00e3o da legisla\u00e7\u00e3o que trata dos direitos dos servidores municipais<\/p>\n","protected":false},"author":6,"featured_media":2282,"comment_status":"closed","ping_status":"closed","sticky":true,"template":"","format":"standard","meta":{"footnotes":""},"categories":[1],"tags":[],"class_list":["post-2281","post","type-post","status-publish","format-standard","has-post-thumbnail","hentry","category-sem-categoria"],"yoast_head":"<!-- This site is optimized with the Yoast SEO plugin v23.8 - https:\/\/yoast.com\/wordpress\/plugins\/seo\/ -->\n<title>Prefeitura encaminhar\u00e1 \u00e0 C\u00e2mara projeto de lei que vai permitir a realiza\u00e7\u00e3o de concurso p\u00fablico - Secretaria de Administra\u00e7\u00e3o | Prefeitura de Passo Fundo<\/title>\n<meta name=\"robots\" content=\"index, follow, max-snippet:-1, max-image-preview:large, max-video-preview:-1\" \/>\n<link rel=\"canonical\" href=\"https:\/\/www.pmpf.rs.gov.br\/secretaria-de-administracao\/2023\/08\/prefeitura-encaminhara-a-camara-projeto-de-lei-que-vai-permitir-a-realizacao-de-concurso-publico\/\" \/>\n<meta property=\"og:locale\" content=\"pt_BR\" \/>\n<meta property=\"og:type\" content=\"article\" \/>\n<meta property=\"og:title\" content=\"Prefeitura encaminhar\u00e1 \u00e0 C\u00e2mara projeto de lei que vai permitir a realiza\u00e7\u00e3o de concurso p\u00fablico - Secretaria de Administra\u00e7\u00e3o | Prefeitura de Passo Fundo\" \/>\n<meta property=\"og:description\" content=\"A proposta prev\u00ea a adequa\u00e7\u00e3o da legisla\u00e7\u00e3o que trata dos direitos dos servidores municipais\" \/>\n<meta property=\"og:url\" content=\"https:\/\/www.pmpf.rs.gov.br\/secretaria-de-administracao\/2023\/08\/prefeitura-encaminhara-a-camara-projeto-de-lei-que-vai-permitir-a-realizacao-de-concurso-publico\/\" \/>\n<meta property=\"og:site_name\" content=\"Secretaria de Administra\u00e7\u00e3o\" \/>\n<meta property=\"article:published_time\" content=\"2023-08-08T19:04:02+00:00\" \/>\n<meta property=\"article:modified_time\" content=\"2023-08-08T19:11:02+00:00\" \/>\n<meta property=\"og:image\" content=\"https:\/\/www.pmpf.rs.gov.br\/secretaria-de-administracao\/wp-content\/uploads\/sites\/4\/2023\/08\/concurso.jpg\" \/>\n\t<meta property=\"og:image:width\" content=\"1600\" \/>\n\t<meta property=\"og:image:height\" content=\"1066\" \/>\n\t<meta property=\"og:image:type\" content=\"image\/jpeg\" \/>\n<meta name=\"author\" content=\"andressazorzetto07\" \/>\n<meta name=\"twitter:card\" content=\"summary_large_image\" \/>\n<meta name=\"twitter:label1\" content=\"Escrito por\" \/>\n\t<meta name=\"twitter:data1\" content=\"andressazorzetto07\" \/>\n\t<meta name=\"twitter:label2\" content=\"Est. tempo de leitura\" \/>\n\t<meta name=\"twitter:data2\" content=\"3 minutos\" \/>\n<script type=\"application\/ld+json\" class=\"yoast-schema-graph\">{\"@context\":\"https:\/\/schema.org\",\"@graph\":[{\"@type\":\"WebPage\",\"@id\":\"https:\/\/www.pmpf.rs.gov.br\/secretaria-de-administracao\/2023\/08\/prefeitura-encaminhara-a-camara-projeto-de-lei-que-vai-permitir-a-realizacao-de-concurso-publico\/\",\"url\":\"https:\/\/www.pmpf.rs.gov.br\/secretaria-de-administracao\/2023\/08\/prefeitura-encaminhara-a-camara-projeto-de-lei-que-vai-permitir-a-realizacao-de-concurso-publico\/\",\"name\":\"Prefeitura encaminhar\u00e1 \u00e0 C\u00e2mara projeto de lei que vai permitir a realiza\u00e7\u00e3o de concurso p\u00fablico - Secretaria de Administra\u00e7\u00e3o | Prefeitura de Passo Fundo\",\"isPartOf\":{\"@id\":\"https:\/\/www.pmpf.rs.gov.br\/secretaria-de-administracao\/#website\"},\"primaryImageOfPage\":{\"@id\":\"https:\/\/www.pmpf.rs.gov.br\/secretaria-de-administracao\/2023\/08\/prefeitura-encaminhara-a-camara-projeto-de-lei-que-vai-permitir-a-realizacao-de-concurso-publico\/#primaryimage\"},\"image\":{\"@id\":\"https:\/\/www.pmpf.rs.gov.br\/secretaria-de-administracao\/2023\/08\/prefeitura-encaminhara-a-camara-projeto-de-lei-que-vai-permitir-a-realizacao-de-concurso-publico\/#primaryimage\"},\"thumbnailUrl\":\"https:\/\/www.pmpf.rs.gov.br\/secretaria-de-administracao\/wp-content\/uploads\/sites\/4\/2023\/08\/concurso.jpg\",\"datePublished\":\"2023-08-08T19:04:02+00:00\",\"dateModified\":\"2023-08-08T19:11:02+00:00\",\"author\":{\"@id\":\"https:\/\/www.pmpf.rs.gov.br\/secretaria-de-administracao\/#\/schema\/person\/30ee1d1bd74da1469b01fcf086e43351\"},\"inLanguage\":\"pt-BR\",\"potentialAction\":[{\"@type\":\"ReadAction\",\"target\":[\"https:\/\/www.pmpf.rs.gov.br\/secretaria-de-administracao\/2023\/08\/prefeitura-encaminhara-a-camara-projeto-de-lei-que-vai-permitir-a-realizacao-de-concurso-publico\/\"]}]},{\"@type\":\"ImageObject\",\"inLanguage\":\"pt-BR\",\"@id\":\"https:\/\/www.pmpf.rs.gov.br\/secretaria-de-administracao\/2023\/08\/prefeitura-encaminhara-a-camara-projeto-de-lei-que-vai-permitir-a-realizacao-de-concurso-publico\/#primaryimage\",\"url\":\"https:\/\/www.pmpf.rs.gov.br\/secretaria-de-administracao\/wp-content\/uploads\/sites\/4\/2023\/08\/concurso.jpg\",\"contentUrl\":\"https:\/\/www.pmpf.rs.gov.br\/secretaria-de-administracao\/wp-content\/uploads\/sites\/4\/2023\/08\/concurso.jpg\",\"width\":1600,\"height\":1066},{\"@type\":\"WebSite\",\"@id\":\"https:\/\/www.pmpf.rs.gov.br\/secretaria-de-administracao\/#website\",\"url\":\"https:\/\/www.pmpf.rs.gov.br\/secretaria-de-administracao\/\",\"name\":\"Secretaria de Administra\u00e7\u00e3o\",\"description\":\"S\u00f3 mais um site Prefeitura Municipal de Passo Fundo Sites\",\"potentialAction\":[{\"@type\":\"SearchAction\",\"target\":{\"@type\":\"EntryPoint\",\"urlTemplate\":\"https:\/\/www.pmpf.rs.gov.br\/secretaria-de-administracao\/?s={search_term_string}\"},\"query-input\":{\"@type\":\"PropertyValueSpecification\",\"valueRequired\":true,\"valueName\":\"search_term_string\"}}],\"inLanguage\":\"pt-BR\"},{\"@type\":\"Person\",\"@id\":\"https:\/\/www.pmpf.rs.gov.br\/secretaria-de-administracao\/#\/schema\/person\/30ee1d1bd74da1469b01fcf086e43351\",\"name\":\"andressazorzetto07\",\"image\":{\"@type\":\"ImageObject\",\"inLanguage\":\"pt-BR\",\"@id\":\"https:\/\/www.pmpf.rs.gov.br\/secretaria-de-administracao\/#\/schema\/person\/image\/\",\"url\":\"https:\/\/secure.gravatar.com\/avatar\/14c5458ed79dc81da99a13b9ff5f9f19?s=96&d=mm&r=g\",\"contentUrl\":\"https:\/\/secure.gravatar.com\/avatar\/14c5458ed79dc81da99a13b9ff5f9f19?s=96&d=mm&r=g\",\"caption\":\"andressazorzetto07\"},\"url\":\"https:\/\/www.pmpf.rs.gov.br\/secretaria-de-administracao\/author\/andressazorzetto07\/\"}]}<\/script>\n<!-- \/ Yoast SEO plugin. -->","yoast_head_json":{"title":"Prefeitura encaminhar\u00e1 \u00e0 C\u00e2mara projeto de lei que vai permitir a realiza\u00e7\u00e3o de concurso p\u00fablico - Secretaria de Administra\u00e7\u00e3o | Prefeitura de Passo Fundo","robots":{"index":"index","follow":"follow","max-snippet":"max-snippet:-1","max-image-preview":"max-image-preview:large","max-video-preview":"max-video-preview:-1"},"canonical":"https:\/\/www.pmpf.rs.gov.br\/secretaria-de-administracao\/2023\/08\/prefeitura-encaminhara-a-camara-projeto-de-lei-que-vai-permitir-a-realizacao-de-concurso-publico\/","og_locale":"pt_BR","og_type":"article","og_title":"Prefeitura encaminhar\u00e1 \u00e0 C\u00e2mara projeto de lei que vai permitir a realiza\u00e7\u00e3o de concurso p\u00fablico - Secretaria de Administra\u00e7\u00e3o | Prefeitura de Passo Fundo","og_description":"A proposta prev\u00ea a adequa\u00e7\u00e3o da legisla\u00e7\u00e3o que trata dos direitos dos servidores municipais","og_url":"https:\/\/www.pmpf.rs.gov.br\/secretaria-de-administracao\/2023\/08\/prefeitura-encaminhara-a-camara-projeto-de-lei-que-vai-permitir-a-realizacao-de-concurso-publico\/","og_site_name":"Secretaria de Administra\u00e7\u00e3o","article_published_time":"2023-08-08T19:04:02+00:00","article_modified_time":"2023-08-08T19:11:02+00:00","og_image":[{"width":1600,"height":1066,"url":"https:\/\/www.pmpf.rs.gov.br\/secretaria-de-administracao\/wp-content\/uploads\/sites\/4\/2023\/08\/concurso.jpg","type":"image\/jpeg"}],"author":"andressazorzetto07","twitter_card":"summary_large_image","twitter_misc":{"Escrito por":"andressazorzetto07","Est. tempo de leitura":"3 minutos"},"schema":{"@context":"https:\/\/schema.org","@graph":[{"@type":"WebPage","@id":"https:\/\/www.pmpf.rs.gov.br\/secretaria-de-administracao\/2023\/08\/prefeitura-encaminhara-a-camara-projeto-de-lei-que-vai-permitir-a-realizacao-de-concurso-publico\/","url":"https:\/\/www.pmpf.rs.gov.br\/secretaria-de-administracao\/2023\/08\/prefeitura-encaminhara-a-camara-projeto-de-lei-que-vai-permitir-a-realizacao-de-concurso-publico\/","name":"Prefeitura encaminhar\u00e1 \u00e0 C\u00e2mara projeto de lei que vai permitir a realiza\u00e7\u00e3o de concurso p\u00fablico - Secretaria de Administra\u00e7\u00e3o | Prefeitura de Passo Fundo","isPartOf":{"@id":"https:\/\/www.pmpf.rs.gov.br\/secretaria-de-administracao\/#website"},"primaryImageOfPage":{"@id":"https:\/\/www.pmpf.rs.gov.br\/secretaria-de-administracao\/2023\/08\/prefeitura-encaminhara-a-camara-projeto-de-lei-que-vai-permitir-a-realizacao-de-concurso-publico\/#primaryimage"},"image":{"@id":"https:\/\/www.pmpf.rs.gov.br\/secretaria-de-administracao\/2023\/08\/prefeitura-encaminhara-a-camara-projeto-de-lei-que-vai-permitir-a-realizacao-de-concurso-publico\/#primaryimage"},"thumbnailUrl":"https:\/\/www.pmpf.rs.gov.br\/secretaria-de-administracao\/wp-content\/uploads\/sites\/4\/2023\/08\/concurso.jpg","datePublished":"2023-08-08T19:04:02+00:00","dateModified":"2023-08-08T19:11:02+00:00","author":{"@id":"https:\/\/www.pmpf.rs.gov.br\/secretaria-de-administracao\/#\/schema\/person\/30ee1d1bd74da1469b01fcf086e43351"},"inLanguage":"pt-BR","potentialAction":[{"@type":"ReadAction","target":["https:\/\/www.pmpf.rs.gov.br\/secretaria-de-administracao\/2023\/08\/prefeitura-encaminhara-a-camara-projeto-de-lei-que-vai-permitir-a-realizacao-de-concurso-publico\/"]}]},{"@type":"ImageObject","inLanguage":"pt-BR","@id":"https:\/\/www.pmpf.rs.gov.br\/secretaria-de-administracao\/2023\/08\/prefeitura-encaminhara-a-camara-projeto-de-lei-que-vai-permitir-a-realizacao-de-concurso-publico\/#primaryimage","url":"https:\/\/www.pmpf.rs.gov.br\/secretaria-de-administracao\/wp-content\/uploads\/sites\/4\/2023\/08\/concurso.jpg","contentUrl":"https:\/\/www.pmpf.rs.gov.br\/secretaria-de-administracao\/wp-content\/uploads\/sites\/4\/2023\/08\/concurso.jpg","width":1600,"height":1066},{"@type":"WebSite","@id":"https:\/\/www.pmpf.rs.gov.br\/secretaria-de-administracao\/#website","url":"https:\/\/www.pmpf.rs.gov.br\/secretaria-de-administracao\/","name":"Secretaria de Administra\u00e7\u00e3o","description":"S\u00f3 mais um site Prefeitura Municipal de Passo Fundo Sites","potentialAction":[{"@type":"SearchAction","target":{"@type":"EntryPoint","urlTemplate":"https:\/\/www.pmpf.rs.gov.br\/secretaria-de-administracao\/?s={search_term_string}"},"query-input":{"@type":"PropertyValueSpecification","valueRequired":true,"valueName":"search_term_string"}}],"inLanguage":"pt-BR"},{"@type":"Person","@id":"https:\/\/www.pmpf.rs.gov.br\/secretaria-de-administracao\/#\/schema\/person\/30ee1d1bd74da1469b01fcf086e43351","name":"andressazorzetto07","image":{"@type":"ImageObject","inLanguage":"pt-BR","@id":"https:\/\/www.pmpf.rs.gov.br\/secretaria-de-administracao\/#\/schema\/person\/image\/","url":"https:\/\/secure.gravatar.com\/avatar\/14c5458ed79dc81da99a13b9ff5f9f19?s=96&d=mm&r=g","contentUrl":"https:\/\/secure.gravatar.com\/avatar\/14c5458ed79dc81da99a13b9ff5f9f19?s=96&d=mm&r=g","caption":"andressazorzetto07"},"url":"https:\/\/www.pmpf.rs.gov.br\/secretaria-de-administracao\/author\/andressazorzetto07\/"}]}},"_links":{"self":[{"href":"https:\/\/www.pmpf.rs.gov.br\/secretaria-de-administracao\/wp-json\/wp\/v2\/posts\/2281"}],"collection":[{"href":"https:\/\/www.pmpf.rs.gov.br\/secretaria-de-administracao\/wp-json\/wp\/v2\/posts"}],"about":[{"href":"https:\/\/www.pmpf.rs.gov.br\/secretaria-de-administracao\/wp-json\/wp\/v2\/types\/post"}],"author":[{"embeddable":true,"href":"https:\/\/www.pmpf.rs.gov.br\/secretaria-de-administracao\/wp-json\/wp\/v2\/users\/6"}],"replies":[{"embeddable":true,"href":"https:\/\/www.pmpf.rs.gov.br\/secretaria-de-administracao\/wp-json\/wp\/v2\/comments?post=2281"}],"version-history":[{"count":2,"href":"https:\/\/www.pmpf.rs.gov.br\/secretaria-de-administracao\/wp-json\/wp\/v2\/posts\/2281\/revisions"}],"predecessor-version":[{"id":2284,"href":"https:\/\/www.pmpf.rs.gov.br\/secretaria-de-administracao\/wp-json\/wp\/v2\/posts\/2281\/revisions\/2284"}],"wp:featuredmedia":[{"embeddable":true,"href":"https:\/\/www.pmpf.rs.gov.br\/secretaria-de-administracao\/wp-json\/wp\/v2\/media\/2282"}],"wp:attachment":[{"href":"https:\/\/www.pmpf.rs.gov.br\/secretaria-de-administracao\/wp-json\/wp\/v2\/media?parent=2281"}],"wp:term":[{"taxonomy":"category","embeddable":true,"href":"https:\/\/www.pmpf.rs.gov.br\/secretaria-de-administracao\/wp-json\/wp\/v2\/categories?post=2281"},{"taxonomy":"post_tag","embeddable":true,"href":"https:\/\/www.pmpf.rs.gov.br\/secretaria-de-administracao\/wp-json\/wp\/v2\/tags?post=2281"}],"curies":[{"name":"wp","href":"https:\/\/api.w.org\/{rel}","templated":true}]}}