{"id":2269,"date":"2023-06-01T09:06:55","date_gmt":"2023-06-01T12:06:55","guid":{"rendered":"https:\/\/www.pmpf.rs.gov.br\/secretaria-de-administracao\/?p=2269"},"modified":"2023-06-01T09:06:56","modified_gmt":"2023-06-01T12:06:56","slug":"neste-sabado-havera-bairro-a-bairro-na-vila-ricci","status":"publish","type":"post","link":"https:\/\/www.pmpf.rs.gov.br\/secretaria-de-administracao\/2023\/06\/neste-sabado-havera-bairro-a-bairro-na-vila-ricci\/","title":{"rendered":"Neste s\u00e1bado, haver\u00e1 \u201cBairro a Bairro\u201d na Vila Ricci"},"content":{"rendered":"\n<p><br>No pr\u00f3ximo s\u00e1bado, 3 de junho, acontecer\u00e1 mais uma edi\u00e7\u00e3o do programa Bairro a Bairro, evento da Prefeitura de Passo Fundo, na Vila Ricci. Ser\u00e1 junto \u00e0 Escola Municipal de Ensino Fundamental Santo Ant\u00f4nio, na Rua Dirceu Sander, n\u00famero 816, das 9h ao meio-dia. Nesta edi\u00e7\u00e3o tradicional do Bairro a Bairro, ser\u00e3o disponibilizados diversos servi\u00e7os municipais, atendimento em sa\u00fade, atra\u00e7\u00f5es art\u00edsticas e oficinas para popula\u00e7\u00e3o pelas secretarias municipais e empresas parceiras.<\/p>\n\n\n\n<p>Haver\u00e1 a presen\u00e7a dos programas Caf\u00e9 com Emprego, Meu Bairro, Meu Neg\u00f3cio, \u00c9 o Bicho, Escola das Profiss\u00f5es com os cursos de Barbeiro, Est\u00e9tica Facial, Manicure e Cabeleireiro, atra\u00e7\u00f5es culturais da Escola P\u00fablica Yamand\u00fa Costa, CRAS Itinerante e Cad\u00danico, avalia\u00e7\u00f5es e orienta\u00e7\u00f5es f\u00edsicas. Ainda, servi\u00e7os de sa\u00fade como verifica\u00e7\u00e3o de press\u00e3o arterial, testes HGT, avalia\u00e7\u00e3o odontol\u00f3gica na unidade m\u00f3vel do programa Passo Fundo Sorri), pesagem IGD, orienta\u00e7\u00f5es preventivas sobre dengue e ISTs e Farm\u00e1cia M\u00f3vel. Para as crian\u00e7as, brinquedos infl\u00e1veis e a Escolinha de Tr\u00e2nsito.<\/p>\n\n\n\n<p>O Bairro a Bairro da Vila Ricci contar\u00e1 com os servi\u00e7os de parceiros como Faculdade IDEAU, Laborat\u00f3rio Popular, Brigada Militar \/3RPMon com 3\u00ba Batalh\u00e3o de Pol\u00edcia Ambiental, CORSAN, ONG Amor e Escola Cethise<\/p>\n\n\n\n<p>Durante esta semana, est\u00e3o sendo finalizadas as a\u00e7\u00f5es de infraestrutura feitas no bairro pelas secretarias de Obras, de Transportes e Servi\u00e7os Gerais e de Seguran\u00e7a P\u00fablica.<\/p>\n","protected":false},"excerpt":{"rendered":"<p>Ser\u00e1 junto \u00e0 Escola Municipal de Ensino Fundamental Santo Ant\u00f4nio, na Rua Dirceu Sander, n\u00famero 816, das 9h ao meio-dia<\/p>\n","protected":false},"author":6,"featured_media":0,"comment_status":"closed","ping_status":"closed","sticky":true,"template":"","format":"standard","meta":{"footnotes":""},"categories":[1],"tags":[],"class_list":["post-2269","post","type-post","status-publish","format-standard","hentry","category-sem-categoria"],"yoast_head":"<!-- This site is optimized with the Yoast SEO plugin v23.8 - https:\/\/yoast.com\/wordpress\/plugins\/seo\/ -->\n<title>Neste s\u00e1bado, haver\u00e1 \u201cBairro a Bairro\u201d na Vila Ricci - Secretaria de Administra\u00e7\u00e3o | Prefeitura de Passo Fundo<\/title>\n<meta name=\"robots\" content=\"index, follow, max-snippet:-1, max-image-preview:large, max-video-preview:-1\" \/>\n<link rel=\"canonical\" href=\"https:\/\/www.pmpf.rs.gov.br\/secretaria-de-administracao\/2023\/06\/neste-sabado-havera-bairro-a-bairro-na-vila-ricci\/\" \/>\n<meta property=\"og:locale\" content=\"pt_BR\" \/>\n<meta property=\"og:type\" content=\"article\" \/>\n<meta property=\"og:title\" content=\"Neste s\u00e1bado, haver\u00e1 \u201cBairro a Bairro\u201d na Vila Ricci - Secretaria de Administra\u00e7\u00e3o | Prefeitura de Passo Fundo\" \/>\n<meta property=\"og:description\" content=\"Ser\u00e1 junto \u00e0 Escola Municipal de Ensino Fundamental Santo Ant\u00f4nio, na Rua Dirceu Sander, n\u00famero 816, das 9h ao meio-dia\" \/>\n<meta property=\"og:url\" content=\"https:\/\/www.pmpf.rs.gov.br\/secretaria-de-administracao\/2023\/06\/neste-sabado-havera-bairro-a-bairro-na-vila-ricci\/\" \/>\n<meta property=\"og:site_name\" content=\"Secretaria de Administra\u00e7\u00e3o\" \/>\n<meta property=\"article:published_time\" content=\"2023-06-01T12:06:55+00:00\" \/>\n<meta property=\"article:modified_time\" content=\"2023-06-01T12:06:56+00:00\" \/>\n<meta name=\"author\" content=\"andressazorzetto07\" \/>\n<meta name=\"twitter:card\" content=\"summary_large_image\" \/>\n<meta name=\"twitter:label1\" content=\"Escrito por\" \/>\n\t<meta name=\"twitter:data1\" content=\"andressazorzetto07\" \/>\n\t<meta name=\"twitter:label2\" content=\"Est. tempo de leitura\" \/>\n\t<meta name=\"twitter:data2\" content=\"1 minuto\" \/>\n<script type=\"application\/ld+json\" class=\"yoast-schema-graph\">{\"@context\":\"https:\/\/schema.org\",\"@graph\":[{\"@type\":\"WebPage\",\"@id\":\"https:\/\/www.pmpf.rs.gov.br\/secretaria-de-administracao\/2023\/06\/neste-sabado-havera-bairro-a-bairro-na-vila-ricci\/\",\"url\":\"https:\/\/www.pmpf.rs.gov.br\/secretaria-de-administracao\/2023\/06\/neste-sabado-havera-bairro-a-bairro-na-vila-ricci\/\",\"name\":\"Neste s\u00e1bado, haver\u00e1 \u201cBairro a Bairro\u201d na Vila Ricci - Secretaria de Administra\u00e7\u00e3o | Prefeitura de Passo Fundo\",\"isPartOf\":{\"@id\":\"https:\/\/www.pmpf.rs.gov.br\/secretaria-de-administracao\/#website\"},\"datePublished\":\"2023-06-01T12:06:55+00:00\",\"dateModified\":\"2023-06-01T12:06:56+00:00\",\"author\":{\"@id\":\"https:\/\/www.pmpf.rs.gov.br\/secretaria-de-administracao\/#\/schema\/person\/30ee1d1bd74da1469b01fcf086e43351\"},\"inLanguage\":\"pt-BR\",\"potentialAction\":[{\"@type\":\"ReadAction\",\"target\":[\"https:\/\/www.pmpf.rs.gov.br\/secretaria-de-administracao\/2023\/06\/neste-sabado-havera-bairro-a-bairro-na-vila-ricci\/\"]}]},{\"@type\":\"WebSite\",\"@id\":\"https:\/\/www.pmpf.rs.gov.br\/secretaria-de-administracao\/#website\",\"url\":\"https:\/\/www.pmpf.rs.gov.br\/secretaria-de-administracao\/\",\"name\":\"Secretaria de Administra\u00e7\u00e3o\",\"description\":\"S\u00f3 mais um site Prefeitura Municipal de Passo Fundo Sites\",\"potentialAction\":[{\"@type\":\"SearchAction\",\"target\":{\"@type\":\"EntryPoint\",\"urlTemplate\":\"https:\/\/www.pmpf.rs.gov.br\/secretaria-de-administracao\/?s={search_term_string}\"},\"query-input\":{\"@type\":\"PropertyValueSpecification\",\"valueRequired\":true,\"valueName\":\"search_term_string\"}}],\"inLanguage\":\"pt-BR\"},{\"@type\":\"Person\",\"@id\":\"https:\/\/www.pmpf.rs.gov.br\/secretaria-de-administracao\/#\/schema\/person\/30ee1d1bd74da1469b01fcf086e43351\",\"name\":\"andressazorzetto07\",\"image\":{\"@type\":\"ImageObject\",\"inLanguage\":\"pt-BR\",\"@id\":\"https:\/\/www.pmpf.rs.gov.br\/secretaria-de-administracao\/#\/schema\/person\/image\/\",\"url\":\"https:\/\/secure.gravatar.com\/avatar\/14c5458ed79dc81da99a13b9ff5f9f19?s=96&d=mm&r=g\",\"contentUrl\":\"https:\/\/secure.gravatar.com\/avatar\/14c5458ed79dc81da99a13b9ff5f9f19?s=96&d=mm&r=g\",\"caption\":\"andressazorzetto07\"},\"url\":\"https:\/\/www.pmpf.rs.gov.br\/secretaria-de-administracao\/author\/andressazorzetto07\/\"}]}<\/script>\n<!-- \/ Yoast SEO plugin. -->","yoast_head_json":{"title":"Neste s\u00e1bado, haver\u00e1 \u201cBairro a Bairro\u201d na Vila Ricci - Secretaria de Administra\u00e7\u00e3o | Prefeitura de Passo Fundo","robots":{"index":"index","follow":"follow","max-snippet":"max-snippet:-1","max-image-preview":"max-image-preview:large","max-video-preview":"max-video-preview:-1"},"canonical":"https:\/\/www.pmpf.rs.gov.br\/secretaria-de-administracao\/2023\/06\/neste-sabado-havera-bairro-a-bairro-na-vila-ricci\/","og_locale":"pt_BR","og_type":"article","og_title":"Neste s\u00e1bado, haver\u00e1 \u201cBairro a Bairro\u201d na Vila Ricci - Secretaria de Administra\u00e7\u00e3o | Prefeitura de Passo Fundo","og_description":"Ser\u00e1 junto \u00e0 Escola Municipal de Ensino Fundamental Santo Ant\u00f4nio, na Rua Dirceu Sander, n\u00famero 816, das 9h ao meio-dia","og_url":"https:\/\/www.pmpf.rs.gov.br\/secretaria-de-administracao\/2023\/06\/neste-sabado-havera-bairro-a-bairro-na-vila-ricci\/","og_site_name":"Secretaria de Administra\u00e7\u00e3o","article_published_time":"2023-06-01T12:06:55+00:00","article_modified_time":"2023-06-01T12:06:56+00:00","author":"andressazorzetto07","twitter_card":"summary_large_image","twitter_misc":{"Escrito por":"andressazorzetto07","Est. tempo de leitura":"1 minuto"},"schema":{"@context":"https:\/\/schema.org","@graph":[{"@type":"WebPage","@id":"https:\/\/www.pmpf.rs.gov.br\/secretaria-de-administracao\/2023\/06\/neste-sabado-havera-bairro-a-bairro-na-vila-ricci\/","url":"https:\/\/www.pmpf.rs.gov.br\/secretaria-de-administracao\/2023\/06\/neste-sabado-havera-bairro-a-bairro-na-vila-ricci\/","name":"Neste s\u00e1bado, haver\u00e1 \u201cBairro a Bairro\u201d na Vila Ricci - Secretaria de Administra\u00e7\u00e3o | Prefeitura de Passo Fundo","isPartOf":{"@id":"https:\/\/www.pmpf.rs.gov.br\/secretaria-de-administracao\/#website"},"datePublished":"2023-06-01T12:06:55+00:00","dateModified":"2023-06-01T12:06:56+00:00","author":{"@id":"https:\/\/www.pmpf.rs.gov.br\/secretaria-de-administracao\/#\/schema\/person\/30ee1d1bd74da1469b01fcf086e43351"},"inLanguage":"pt-BR","potentialAction":[{"@type":"ReadAction","target":["https:\/\/www.pmpf.rs.gov.br\/secretaria-de-administracao\/2023\/06\/neste-sabado-havera-bairro-a-bairro-na-vila-ricci\/"]}]},{"@type":"WebSite","@id":"https:\/\/www.pmpf.rs.gov.br\/secretaria-de-administracao\/#website","url":"https:\/\/www.pmpf.rs.gov.br\/secretaria-de-administracao\/","name":"Secretaria de Administra\u00e7\u00e3o","description":"S\u00f3 mais um site Prefeitura Municipal de Passo Fundo Sites","potentialAction":[{"@type":"SearchAction","target":{"@type":"EntryPoint","urlTemplate":"https:\/\/www.pmpf.rs.gov.br\/secretaria-de-administracao\/?s={search_term_string}"},"query-input":{"@type":"PropertyValueSpecification","valueRequired":true,"valueName":"search_term_string"}}],"inLanguage":"pt-BR"},{"@type":"Person","@id":"https:\/\/www.pmpf.rs.gov.br\/secretaria-de-administracao\/#\/schema\/person\/30ee1d1bd74da1469b01fcf086e43351","name":"andressazorzetto07","image":{"@type":"ImageObject","inLanguage":"pt-BR","@id":"https:\/\/www.pmpf.rs.gov.br\/secretaria-de-administracao\/#\/schema\/person\/image\/","url":"https:\/\/secure.gravatar.com\/avatar\/14c5458ed79dc81da99a13b9ff5f9f19?s=96&d=mm&r=g","contentUrl":"https:\/\/secure.gravatar.com\/avatar\/14c5458ed79dc81da99a13b9ff5f9f19?s=96&d=mm&r=g","caption":"andressazorzetto07"},"url":"https:\/\/www.pmpf.rs.gov.br\/secretaria-de-administracao\/author\/andressazorzetto07\/"}]}},"_links":{"self":[{"href":"https:\/\/www.pmpf.rs.gov.br\/secretaria-de-administracao\/wp-json\/wp\/v2\/posts\/2269"}],"collection":[{"href":"https:\/\/www.pmpf.rs.gov.br\/secretaria-de-administracao\/wp-json\/wp\/v2\/posts"}],"about":[{"href":"https:\/\/www.pmpf.rs.gov.br\/secretaria-de-administracao\/wp-json\/wp\/v2\/types\/post"}],"author":[{"embeddable":true,"href":"https:\/\/www.pmpf.rs.gov.br\/secretaria-de-administracao\/wp-json\/wp\/v2\/users\/6"}],"replies":[{"embeddable":true,"href":"https:\/\/www.pmpf.rs.gov.br\/secretaria-de-administracao\/wp-json\/wp\/v2\/comments?post=2269"}],"version-history":[{"count":1,"href":"https:\/\/www.pmpf.rs.gov.br\/secretaria-de-administracao\/wp-json\/wp\/v2\/posts\/2269\/revisions"}],"predecessor-version":[{"id":2270,"href":"https:\/\/www.pmpf.rs.gov.br\/secretaria-de-administracao\/wp-json\/wp\/v2\/posts\/2269\/revisions\/2270"}],"wp:attachment":[{"href":"https:\/\/www.pmpf.rs.gov.br\/secretaria-de-administracao\/wp-json\/wp\/v2\/media?parent=2269"}],"wp:term":[{"taxonomy":"category","embeddable":true,"href":"https:\/\/www.pmpf.rs.gov.br\/secretaria-de-administracao\/wp-json\/wp\/v2\/categories?post=2269"},{"taxonomy":"post_tag","embeddable":true,"href":"https:\/\/www.pmpf.rs.gov.br\/secretaria-de-administracao\/wp-json\/wp\/v2\/tags?post=2269"}],"curies":[{"name":"wp","href":"https:\/\/api.w.org\/{rel}","templated":true}]}}