{"id":2180,"date":"2023-04-10T15:08:28","date_gmt":"2023-04-10T18:08:28","guid":{"rendered":"https:\/\/www.pmpf.rs.gov.br\/secretaria-de-administracao\/?p=2180"},"modified":"2023-04-10T15:08:30","modified_gmt":"2023-04-10T18:08:30","slug":"sabado-e-dia-de-bairro-a-bairro-na-vila-ipiranga","status":"publish","type":"post","link":"https:\/\/www.pmpf.rs.gov.br\/secretaria-de-administracao\/2023\/04\/sabado-e-dia-de-bairro-a-bairro-na-vila-ipiranga\/","title":{"rendered":"S\u00e1bado \u00e9 dia de Bairro a Bairro na Vila Ipiranga"},"content":{"rendered":"\n<p><\/p>\n\n\n\n<p>No pr\u00f3ximo s\u00e1bado, dia 15 de abril, acontecer\u00e1 mais uma edi\u00e7\u00e3o do programa Bairro a Bairro. Muitos servi\u00e7os da Prefeitura e atividades estar\u00e3o concentrados na Vila Ipiranga, na Escola Municipal de Ensino Fundamental Irm\u00e3 Maria Catarina, das 9h at\u00e9 o meio-dia.<\/p>\n\n\n\n<p>Ser\u00e3o oferecidas para a comunidade iniciativas como: vagas do Caf\u00e9 com Emprego; atendimento de beleza com a Escola das Profiss\u00f5es; Programa Meu Bairro Meu Neg\u00f3cio; Programa \u00c9 o Bicho; CRAS Itinerante; avalia\u00e7\u00f5es e orienta\u00e7\u00f5es f\u00edsicas; verifica\u00e7\u00e3o de press\u00e3o arterial; testes HGT; avalia\u00e7\u00e3o odontol\u00f3gica na unidade m\u00f3vel do Programa Passo Fundo Sorri); retirada de medicamentos com a unidade m\u00f3vel do Programa Farm\u00e1cia Mais Perto; e muito mais. Al\u00e9m disso, haver\u00e1 apresenta\u00e7\u00f5es culturais da Escola P\u00fablica de M\u00fasica Yamandu Costa e brinquedos para as crian\u00e7as.<\/p>\n\n\n\n<p>O Bairro a Bairro da Vila Ipiranga tamb\u00e9m contar\u00e1 com os servi\u00e7os dos parceiros Faculdade Anhanguera, Faculdade IDEAU, Laborat\u00f3rio Popular, Brigada Militar \/Patrulha Maria da Penha ou Proerd, Instituto Mix e CORSAN.<\/p>\n\n\n\n<p><strong>Obras e interven\u00e7\u00f5es<br><\/strong>Durante a semana, a\u00e7\u00f5es de infraestrutura ser\u00e3o realizadas pela secretaria de Obras (SMO) como limpeza e a constru\u00e7\u00e3o de novas bocas de lobo e realiza\u00e7\u00e3o de manuten\u00e7\u00e3o das ruas da Vila Ipiranga com Opera\u00e7\u00e3o Tapa Buracos. Recentemente, a Prefeitura entregou a pavimenta\u00e7\u00e3o asf\u00e1ltica da Rua Luiz L\u00e2ngaro, entre a Avenida Brasil e a Rua Lambari, em seis quadras.<\/p>\n\n\n\n<p>A Secretaria de Transportes e Servi\u00e7os Gerais (STSG) realizar\u00e1 a\u00e7\u00f5es de ro\u00e7adas e limpeza das ruas no bairro Xangril\u00e1\/Ipiranga, recolhimento de res\u00edduos nas \u00e1reas p\u00fablicas, capina nas cal\u00e7adas e meio-fio e poda de \u00e1rvores. Em parceria com a Secretaria de Seguran\u00e7a, far\u00e1 a instala\u00e7\u00e3o de 77 placas, repintura de sinaliza\u00e7\u00f5es de tr\u00e2nsito horizontal de pare, lombada, faixa de travessia de pedestres, divis\u00f3rias de pista e faixas de reten\u00e7\u00e3o.<\/p>\n\n\n\n<p>Dentro da moderniza\u00e7\u00e3o da ilumina\u00e7\u00e3o p\u00fablica, ser\u00e1 implantado na Vila Ipiranga o novo sistema de ilumina\u00e7\u00e3o com a tecnologia em LED com 390 novas lumin\u00e1rias, em substitui\u00e7\u00e3o das l\u00e2mpadas vapor de s\u00f3dio.<\/p>\n","protected":false},"excerpt":{"rendered":"<p>Servi\u00e7os da prefeitura estar\u00e3o a disposi\u00e7\u00e3o a partir das 9h, Escola Municipal de Ensino Fundamental Irm\u00e3 Maria Catarina<\/p>\n","protected":false},"author":6,"featured_media":2182,"comment_status":"closed","ping_status":"closed","sticky":true,"template":"","format":"standard","meta":{"footnotes":""},"categories":[1],"tags":[],"class_list":["post-2180","post","type-post","status-publish","format-standard","has-post-thumbnail","hentry","category-sem-categoria"],"yoast_head":"<!-- This site is optimized with the Yoast SEO plugin v23.8 - https:\/\/yoast.com\/wordpress\/plugins\/seo\/ -->\n<title>S\u00e1bado \u00e9 dia de Bairro a Bairro na Vila Ipiranga - Secretaria de Administra\u00e7\u00e3o | Prefeitura de Passo Fundo<\/title>\n<meta name=\"robots\" content=\"index, follow, max-snippet:-1, max-image-preview:large, max-video-preview:-1\" \/>\n<link rel=\"canonical\" href=\"https:\/\/www.pmpf.rs.gov.br\/secretaria-de-administracao\/2023\/04\/sabado-e-dia-de-bairro-a-bairro-na-vila-ipiranga\/\" \/>\n<meta property=\"og:locale\" content=\"pt_BR\" \/>\n<meta property=\"og:type\" content=\"article\" \/>\n<meta property=\"og:title\" content=\"S\u00e1bado \u00e9 dia de Bairro a Bairro na Vila Ipiranga - Secretaria de Administra\u00e7\u00e3o | Prefeitura de Passo Fundo\" \/>\n<meta property=\"og:description\" content=\"Servi\u00e7os da prefeitura estar\u00e3o a disposi\u00e7\u00e3o a partir das 9h, Escola Municipal de Ensino Fundamental Irm\u00e3 Maria Catarina\" \/>\n<meta property=\"og:url\" content=\"https:\/\/www.pmpf.rs.gov.br\/secretaria-de-administracao\/2023\/04\/sabado-e-dia-de-bairro-a-bairro-na-vila-ipiranga\/\" \/>\n<meta property=\"og:site_name\" content=\"Secretaria de Administra\u00e7\u00e3o\" \/>\n<meta property=\"article:published_time\" content=\"2023-04-10T18:08:28+00:00\" \/>\n<meta property=\"article:modified_time\" content=\"2023-04-10T18:08:30+00:00\" \/>\n<meta name=\"author\" content=\"andressazorzetto07\" \/>\n<meta name=\"twitter:card\" content=\"summary_large_image\" \/>\n<meta name=\"twitter:label1\" content=\"Escrito por\" \/>\n\t<meta name=\"twitter:data1\" content=\"andressazorzetto07\" \/>\n\t<meta name=\"twitter:label2\" content=\"Est. tempo de leitura\" \/>\n\t<meta name=\"twitter:data2\" content=\"2 minutos\" \/>\n<script type=\"application\/ld+json\" class=\"yoast-schema-graph\">{\"@context\":\"https:\/\/schema.org\",\"@graph\":[{\"@type\":\"WebPage\",\"@id\":\"https:\/\/www.pmpf.rs.gov.br\/secretaria-de-administracao\/2023\/04\/sabado-e-dia-de-bairro-a-bairro-na-vila-ipiranga\/\",\"url\":\"https:\/\/www.pmpf.rs.gov.br\/secretaria-de-administracao\/2023\/04\/sabado-e-dia-de-bairro-a-bairro-na-vila-ipiranga\/\",\"name\":\"S\u00e1bado \u00e9 dia de Bairro a Bairro na Vila Ipiranga - Secretaria de Administra\u00e7\u00e3o | Prefeitura de Passo Fundo\",\"isPartOf\":{\"@id\":\"https:\/\/www.pmpf.rs.gov.br\/secretaria-de-administracao\/#website\"},\"primaryImageOfPage\":{\"@id\":\"https:\/\/www.pmpf.rs.gov.br\/secretaria-de-administracao\/2023\/04\/sabado-e-dia-de-bairro-a-bairro-na-vila-ipiranga\/#primaryimage\"},\"image\":{\"@id\":\"https:\/\/www.pmpf.rs.gov.br\/secretaria-de-administracao\/2023\/04\/sabado-e-dia-de-bairro-a-bairro-na-vila-ipiranga\/#primaryimage\"},\"thumbnailUrl\":\"https:\/\/www.pmpf.rs.gov.br\/secretaria-de-administracao\/wp-content\/uploads\/sites\/4\/2023\/04\/bairro-a-bairro-2.jpeg\",\"datePublished\":\"2023-04-10T18:08:28+00:00\",\"dateModified\":\"2023-04-10T18:08:30+00:00\",\"author\":{\"@id\":\"https:\/\/www.pmpf.rs.gov.br\/secretaria-de-administracao\/#\/schema\/person\/30ee1d1bd74da1469b01fcf086e43351\"},\"inLanguage\":\"pt-BR\",\"potentialAction\":[{\"@type\":\"ReadAction\",\"target\":[\"https:\/\/www.pmpf.rs.gov.br\/secretaria-de-administracao\/2023\/04\/sabado-e-dia-de-bairro-a-bairro-na-vila-ipiranga\/\"]}]},{\"@type\":\"ImageObject\",\"inLanguage\":\"pt-BR\",\"@id\":\"https:\/\/www.pmpf.rs.gov.br\/secretaria-de-administracao\/2023\/04\/sabado-e-dia-de-bairro-a-bairro-na-vila-ipiranga\/#primaryimage\",\"url\":\"https:\/\/www.pmpf.rs.gov.br\/secretaria-de-administracao\/wp-content\/uploads\/sites\/4\/2023\/04\/bairro-a-bairro-2.jpeg\",\"contentUrl\":\"https:\/\/www.pmpf.rs.gov.br\/secretaria-de-administracao\/wp-content\/uploads\/sites\/4\/2023\/04\/bairro-a-bairro-2.jpeg\",\"width\":842,\"height\":669},{\"@type\":\"WebSite\",\"@id\":\"https:\/\/www.pmpf.rs.gov.br\/secretaria-de-administracao\/#website\",\"url\":\"https:\/\/www.pmpf.rs.gov.br\/secretaria-de-administracao\/\",\"name\":\"Secretaria de Administra\u00e7\u00e3o\",\"description\":\"S\u00f3 mais um site Prefeitura Municipal de Passo Fundo Sites\",\"potentialAction\":[{\"@type\":\"SearchAction\",\"target\":{\"@type\":\"EntryPoint\",\"urlTemplate\":\"https:\/\/www.pmpf.rs.gov.br\/secretaria-de-administracao\/?s={search_term_string}\"},\"query-input\":{\"@type\":\"PropertyValueSpecification\",\"valueRequired\":true,\"valueName\":\"search_term_string\"}}],\"inLanguage\":\"pt-BR\"},{\"@type\":\"Person\",\"@id\":\"https:\/\/www.pmpf.rs.gov.br\/secretaria-de-administracao\/#\/schema\/person\/30ee1d1bd74da1469b01fcf086e43351\",\"name\":\"andressazorzetto07\",\"image\":{\"@type\":\"ImageObject\",\"inLanguage\":\"pt-BR\",\"@id\":\"https:\/\/www.pmpf.rs.gov.br\/secretaria-de-administracao\/#\/schema\/person\/image\/\",\"url\":\"https:\/\/secure.gravatar.com\/avatar\/14c5458ed79dc81da99a13b9ff5f9f19?s=96&d=mm&r=g\",\"contentUrl\":\"https:\/\/secure.gravatar.com\/avatar\/14c5458ed79dc81da99a13b9ff5f9f19?s=96&d=mm&r=g\",\"caption\":\"andressazorzetto07\"},\"url\":\"https:\/\/www.pmpf.rs.gov.br\/secretaria-de-administracao\/author\/andressazorzetto07\/\"}]}<\/script>\n<!-- \/ Yoast SEO plugin. -->","yoast_head_json":{"title":"S\u00e1bado \u00e9 dia de Bairro a Bairro na Vila Ipiranga - Secretaria de Administra\u00e7\u00e3o | Prefeitura de Passo Fundo","robots":{"index":"index","follow":"follow","max-snippet":"max-snippet:-1","max-image-preview":"max-image-preview:large","max-video-preview":"max-video-preview:-1"},"canonical":"https:\/\/www.pmpf.rs.gov.br\/secretaria-de-administracao\/2023\/04\/sabado-e-dia-de-bairro-a-bairro-na-vila-ipiranga\/","og_locale":"pt_BR","og_type":"article","og_title":"S\u00e1bado \u00e9 dia de Bairro a Bairro na Vila Ipiranga - Secretaria de Administra\u00e7\u00e3o | Prefeitura de Passo Fundo","og_description":"Servi\u00e7os da prefeitura estar\u00e3o a disposi\u00e7\u00e3o a partir das 9h, Escola Municipal de Ensino Fundamental Irm\u00e3 Maria Catarina","og_url":"https:\/\/www.pmpf.rs.gov.br\/secretaria-de-administracao\/2023\/04\/sabado-e-dia-de-bairro-a-bairro-na-vila-ipiranga\/","og_site_name":"Secretaria de Administra\u00e7\u00e3o","article_published_time":"2023-04-10T18:08:28+00:00","article_modified_time":"2023-04-10T18:08:30+00:00","author":"andressazorzetto07","twitter_card":"summary_large_image","twitter_misc":{"Escrito por":"andressazorzetto07","Est. tempo de leitura":"2 minutos"},"schema":{"@context":"https:\/\/schema.org","@graph":[{"@type":"WebPage","@id":"https:\/\/www.pmpf.rs.gov.br\/secretaria-de-administracao\/2023\/04\/sabado-e-dia-de-bairro-a-bairro-na-vila-ipiranga\/","url":"https:\/\/www.pmpf.rs.gov.br\/secretaria-de-administracao\/2023\/04\/sabado-e-dia-de-bairro-a-bairro-na-vila-ipiranga\/","name":"S\u00e1bado \u00e9 dia de Bairro a Bairro na Vila Ipiranga - Secretaria de Administra\u00e7\u00e3o | Prefeitura de Passo Fundo","isPartOf":{"@id":"https:\/\/www.pmpf.rs.gov.br\/secretaria-de-administracao\/#website"},"primaryImageOfPage":{"@id":"https:\/\/www.pmpf.rs.gov.br\/secretaria-de-administracao\/2023\/04\/sabado-e-dia-de-bairro-a-bairro-na-vila-ipiranga\/#primaryimage"},"image":{"@id":"https:\/\/www.pmpf.rs.gov.br\/secretaria-de-administracao\/2023\/04\/sabado-e-dia-de-bairro-a-bairro-na-vila-ipiranga\/#primaryimage"},"thumbnailUrl":"https:\/\/www.pmpf.rs.gov.br\/secretaria-de-administracao\/wp-content\/uploads\/sites\/4\/2023\/04\/bairro-a-bairro-2.jpeg","datePublished":"2023-04-10T18:08:28+00:00","dateModified":"2023-04-10T18:08:30+00:00","author":{"@id":"https:\/\/www.pmpf.rs.gov.br\/secretaria-de-administracao\/#\/schema\/person\/30ee1d1bd74da1469b01fcf086e43351"},"inLanguage":"pt-BR","potentialAction":[{"@type":"ReadAction","target":["https:\/\/www.pmpf.rs.gov.br\/secretaria-de-administracao\/2023\/04\/sabado-e-dia-de-bairro-a-bairro-na-vila-ipiranga\/"]}]},{"@type":"ImageObject","inLanguage":"pt-BR","@id":"https:\/\/www.pmpf.rs.gov.br\/secretaria-de-administracao\/2023\/04\/sabado-e-dia-de-bairro-a-bairro-na-vila-ipiranga\/#primaryimage","url":"https:\/\/www.pmpf.rs.gov.br\/secretaria-de-administracao\/wp-content\/uploads\/sites\/4\/2023\/04\/bairro-a-bairro-2.jpeg","contentUrl":"https:\/\/www.pmpf.rs.gov.br\/secretaria-de-administracao\/wp-content\/uploads\/sites\/4\/2023\/04\/bairro-a-bairro-2.jpeg","width":842,"height":669},{"@type":"WebSite","@id":"https:\/\/www.pmpf.rs.gov.br\/secretaria-de-administracao\/#website","url":"https:\/\/www.pmpf.rs.gov.br\/secretaria-de-administracao\/","name":"Secretaria de Administra\u00e7\u00e3o","description":"S\u00f3 mais um site Prefeitura Municipal de Passo Fundo Sites","potentialAction":[{"@type":"SearchAction","target":{"@type":"EntryPoint","urlTemplate":"https:\/\/www.pmpf.rs.gov.br\/secretaria-de-administracao\/?s={search_term_string}"},"query-input":{"@type":"PropertyValueSpecification","valueRequired":true,"valueName":"search_term_string"}}],"inLanguage":"pt-BR"},{"@type":"Person","@id":"https:\/\/www.pmpf.rs.gov.br\/secretaria-de-administracao\/#\/schema\/person\/30ee1d1bd74da1469b01fcf086e43351","name":"andressazorzetto07","image":{"@type":"ImageObject","inLanguage":"pt-BR","@id":"https:\/\/www.pmpf.rs.gov.br\/secretaria-de-administracao\/#\/schema\/person\/image\/","url":"https:\/\/secure.gravatar.com\/avatar\/14c5458ed79dc81da99a13b9ff5f9f19?s=96&d=mm&r=g","contentUrl":"https:\/\/secure.gravatar.com\/avatar\/14c5458ed79dc81da99a13b9ff5f9f19?s=96&d=mm&r=g","caption":"andressazorzetto07"},"url":"https:\/\/www.pmpf.rs.gov.br\/secretaria-de-administracao\/author\/andressazorzetto07\/"}]}},"_links":{"self":[{"href":"https:\/\/www.pmpf.rs.gov.br\/secretaria-de-administracao\/wp-json\/wp\/v2\/posts\/2180"}],"collection":[{"href":"https:\/\/www.pmpf.rs.gov.br\/secretaria-de-administracao\/wp-json\/wp\/v2\/posts"}],"about":[{"href":"https:\/\/www.pmpf.rs.gov.br\/secretaria-de-administracao\/wp-json\/wp\/v2\/types\/post"}],"author":[{"embeddable":true,"href":"https:\/\/www.pmpf.rs.gov.br\/secretaria-de-administracao\/wp-json\/wp\/v2\/users\/6"}],"replies":[{"embeddable":true,"href":"https:\/\/www.pmpf.rs.gov.br\/secretaria-de-administracao\/wp-json\/wp\/v2\/comments?post=2180"}],"version-history":[{"count":1,"href":"https:\/\/www.pmpf.rs.gov.br\/secretaria-de-administracao\/wp-json\/wp\/v2\/posts\/2180\/revisions"}],"predecessor-version":[{"id":2183,"href":"https:\/\/www.pmpf.rs.gov.br\/secretaria-de-administracao\/wp-json\/wp\/v2\/posts\/2180\/revisions\/2183"}],"wp:featuredmedia":[{"embeddable":true,"href":"https:\/\/www.pmpf.rs.gov.br\/secretaria-de-administracao\/wp-json\/wp\/v2\/media\/2182"}],"wp:attachment":[{"href":"https:\/\/www.pmpf.rs.gov.br\/secretaria-de-administracao\/wp-json\/wp\/v2\/media?parent=2180"}],"wp:term":[{"taxonomy":"category","embeddable":true,"href":"https:\/\/www.pmpf.rs.gov.br\/secretaria-de-administracao\/wp-json\/wp\/v2\/categories?post=2180"},{"taxonomy":"post_tag","embeddable":true,"href":"https:\/\/www.pmpf.rs.gov.br\/secretaria-de-administracao\/wp-json\/wp\/v2\/tags?post=2180"}],"curies":[{"name":"wp","href":"https:\/\/api.w.org\/{rel}","templated":true}]}}