{"id":2174,"date":"2023-03-09T10:35:52","date_gmt":"2023-03-09T13:35:52","guid":{"rendered":"https:\/\/www.pmpf.rs.gov.br\/secretaria-de-administracao\/?p=2174"},"modified":"2023-03-09T10:35:53","modified_gmt":"2023-03-09T13:35:53","slug":"bairro-a-bairro-da-saude-tera-muitos-servicos-a-populacao","status":"publish","type":"post","link":"https:\/\/www.pmpf.rs.gov.br\/secretaria-de-administracao\/2023\/03\/bairro-a-bairro-da-saude-tera-muitos-servicos-a-populacao\/","title":{"rendered":"<strong>Bairro a Bairro da Sa\u00fade ter\u00e1 muitos servi\u00e7os \u00e0 popula\u00e7\u00e3o<\/strong>"},"content":{"rendered":"\n<p><\/p>\n\n\n\n<p><\/p>\n\n\n\n<p>A Prefeitura realizar\u00e1, neste s\u00e1bado (11), a primeira edi\u00e7\u00e3o do programa Bairro a Bairro do ano. Em uma proposta diferente, a iniciativa ser\u00e1 focada na \u00e1rea da Sa\u00fade, com muitos servi\u00e7os gratuitos oferecidos para a popula\u00e7\u00e3o. No p\u00e1tio do Hospital Municipal e na rua lateral, que passa em frente ao Ambulat\u00f3rio de Especialidades, das 9h \u00e0s 15h, a comunidade poder\u00e1 realizar testes r\u00e1pidos, exames, adquirir medicamentos e receber orienta\u00e7\u00f5es de especialistas, por exemplo, al\u00e9m de ter acesso a outros servi\u00e7os de secretarias da Prefeitura.<\/p>\n\n\n\n<p>Conforme o prefeito de Passo Fundo, Pedro Almeida, o foco em uma \u00e1rea espec\u00edfica busca aproximar a popula\u00e7\u00e3o dos servi\u00e7os oferecidos pela Prefeitura. \u201cO Bairro a Bairro j\u00e1 \u00e9 um programa consolidado na cidade, que leva as a\u00e7\u00f5es da Prefeitura para perto das pessoas. Essa ser\u00e1 a nossa primeira edi\u00e7\u00e3o tem\u00e1tica, concentrando servi\u00e7os de Sa\u00fade do Munic\u00edpio no entorno do Hospital Municipal. O objetivo \u00e9 que a comunidade busque os servi\u00e7os e tamb\u00e9m conhe\u00e7a os programas e a\u00e7\u00f5es da Prefeitura\u201d, destaca, enfatizando que as pr\u00f3ximas edi\u00e7\u00f5es ter\u00e3o foco em outras \u00e1reas, como Educa\u00e7\u00e3o, Esporte, Trabalho e Assist\u00eancia Social.<\/p>\n\n\n\n<p><strong>Saiba mais sobre os servi\u00e7os que ser\u00e3o oferecidos<\/strong><\/p>\n\n\n\n<p>Bairro a Bairro da Sa\u00fade<br>Quando: 11 de mar\u00e7o (s\u00e1bado), das 9h \u00e0s 15h<br>Onde: P\u00e1tio do Hospital Municipal<br><br><em><strong>Servi\u00e7os e programas da Prefeitura<\/strong><\/em><br><br><\/p>\n\n\n\n<p>Programa Meu beb\u00ea, Meu Tesouro \u2013 Realiza\u00e7\u00e3o de novos cadastros, exposi\u00e7\u00e3o de enxovais e informa\u00e7\u00f5es sobre o funcionamento do programa.<br><br>Sons do Mundo \u2013 Avalia\u00e7\u00e3o fonoaudiol\u00f3gica.<br><br>Farm\u00e1cia Mais Perto \u2013 Entrega de medicamentos mediante apresenta\u00e7\u00e3o de receitas.<br><br>Caminhos da Sa\u00fade \u2013 Informa\u00e7\u00f5es sobre os servi\u00e7os oferecidos pelo Sistema de Sa\u00fade Municipal.<br><br>Vacina\u00e7\u00e3o \u2013 Oferta de vacinas de todo o calend\u00e1rio vacinal e aplica\u00e7\u00e3o da vacina bivalente contra a Covid-19 para a popula\u00e7\u00e3o com mais de 70 anos (Sala de Vacinas do Ambulat\u00f3rio de Especialidades).<br><br>Vigil\u00e2ncia Sanit\u00e1ria \u2013 Informa\u00e7\u00f5es sobre a campanha e cuidados com a Dengue.<br><br>Ambulat\u00f3rio Qualidade de Vida \u2013 Informa\u00e7\u00f5es sobre preven\u00e7\u00e3o e interven\u00e7\u00e3o de obesidade e atendimentos com nutricionistas.<br><br>SAE \u2013 Testagem r\u00e1pida para HIV\/S\u00edfilis.<br><br>Sa\u00fade da Mulher \u2013 Coleta de preventivo com atendimento por demanda espont\u00e2nea.<br><br>Exames \u2013 Eletrocardiograma no Ambulat\u00f3rio de Especialidade e exames laboratoriais e de imagem, por meio de agenda, no Hospital Municipal.<br><br>Consultas com Vascular \u2013 por demanda espont\u00e2nea (somente pela manh\u00e3).<\/p>\n\n\n\n<p>Consultas com Cardiologista \u2013 por demanda espont\u00e2nea.<br><br>Consultas com Cl\u00ednico \u2013 por demanda espont\u00e2nea.<br><br><br><em><strong>Servi\u00e7os de parceiros<\/strong><\/em><br><\/p>\n\n\n\n<p>Hospital S\u00e3o Vicente de Paulo \u2013 Controle de press\u00e3o, teste de glicemia capilar (HGT)<\/p>\n\n\n\n<p>Fisio Vita \u2013 Avalia\u00e7\u00e3o para dores miofasciais, ventosaterapia, terapia manual, aula de pilates e alongamento<\/p>\n\n\n\n<p>Servi\u00e7o Social CACC \u2013 Oficinas e presen\u00e7a do mascote Cakito<\/p>\n\n\n\n<p>Rotary Club Passo Fundo \u2013 Conscientiza\u00e7\u00e3o Polio Zero, doces, verifica\u00e7\u00e3o de press\u00e3o arterial<\/p>\n\n\n\n<p>Laborat\u00f3rio Widal Pacheco \u2013 Exames gerais no Centro de Diagn\u00f3sticos com pacientes agendados e participantes do Bairro a Bairro, HGT gratuito<\/p>\n\n\n\n<p>AAPECAN \u2013 Oficina de conscientiza\u00e7\u00e3o sobre o c\u00e2ncer<\/p>\n\n\n\n<p>Biocito Laborat\u00f3rio \u2013 Conscientiza\u00e7\u00e3o sobre a preven\u00e7\u00e3o do c\u00e2ncer de colo de \u00fatero<\/p>\n\n\n\n<p>Curso de Odontologia da UPF \u2013 Escova\u00e7\u00e3o, triagem dental, orienta\u00e7\u00f5es em sa\u00fade<\/p>\n\n\n\n<p>Kozma \u2013 Exames de ultrassom de mama<\/p>\n\n\n\n<p>Laborat\u00f3rio Popular \u2013 Tipagem sangu\u00ednea<\/p>\n\n\n\n<p>Endodiagn\u00f3stico \u2013 Orienta\u00e7\u00f5es sobre exames de endo e colonoscopia e sobre como prevenir doen\u00e7as<\/p>\n\n\n\n<p>Lions Clube Internacional \u2013 Campanha contra o c\u00e2ncer de pele, avalia\u00e7\u00e3o com dermatologista<\/p>\n\n\n\n<p>Curso de Farm\u00e1cia da Faculdade Ideau \u2013 Orienta\u00e7\u00f5es sobre o uso de medicamentos<\/p>\n\n\n\n<p>Hospital de Cl\u00ednicas \u2013 Parceria com a Vigil\u00e2ncia Sanit\u00e1rias para a\u00e7\u00f5es<\/p>\n\n\n\n<p>Boehringer \u2013 Espirometria<\/p>\n\n\n\n<p>APAE \u2013 Presen\u00e7a do servi\u00e7o de c\u00e3o terapia, programa TEAcolhe, cadastramento da CIPTEA, calend\u00e1rios da APAE<\/p>\n\n\n\n<p>Anhanguera \u2013 Verifica\u00e7\u00e3o de press\u00e3o arterial, teste de HGT<br><br><br><em><strong>Meu Bairro, Meu Neg\u00f3cio<\/strong><\/em><\/p>\n\n\n\n<p>Presen\u00e7a de expositores de produtos terap\u00eauticos, alimentos funcionais, terapias hol\u00edsticas e complementares<br><br>Chef de Aromas<br>Alecrim Art e Costura OFC<br>Gio Velas e Aromas<br>Lilium Produtos Terap\u00eauticos<br>Flor de Oliva Cosm\u00e9ticos Naturais<br>Aline Vinil e Ecoabsorventes<br>Pamela Soap<br>VitaFood<br>DoTerra \u00f3leos essenciais<br>Herbalife<\/p>\n","protected":false},"excerpt":{"rendered":"<p>A primeira edi\u00e7\u00e3o do Bairro a Bairro do ano ser\u00e1 realizada neste s\u00e1bado (11) com uma proposta diferente, focada na \u00e1rea da Sa\u00fade. Muitos servi\u00e7os gratuitos ser\u00e3o disponibilizados para a comunidade no entorno do Hospital Municipal, das 9h \u00e0s 15h<\/p>\n","protected":false},"author":6,"featured_media":0,"comment_status":"closed","ping_status":"closed","sticky":true,"template":"","format":"standard","meta":{"footnotes":""},"categories":[1],"tags":[],"class_list":["post-2174","post","type-post","status-publish","format-standard","hentry","category-sem-categoria"],"yoast_head":"<!-- This site is optimized with the Yoast SEO plugin v23.8 - https:\/\/yoast.com\/wordpress\/plugins\/seo\/ -->\n<title>Bairro a Bairro da Sa\u00fade ter\u00e1 muitos servi\u00e7os \u00e0 popula\u00e7\u00e3o - Secretaria de Administra\u00e7\u00e3o | Prefeitura de Passo Fundo<\/title>\n<meta name=\"robots\" content=\"index, follow, max-snippet:-1, max-image-preview:large, max-video-preview:-1\" \/>\n<link rel=\"canonical\" href=\"https:\/\/www.pmpf.rs.gov.br\/secretaria-de-administracao\/2023\/03\/bairro-a-bairro-da-saude-tera-muitos-servicos-a-populacao\/\" \/>\n<meta property=\"og:locale\" content=\"pt_BR\" \/>\n<meta property=\"og:type\" content=\"article\" \/>\n<meta property=\"og:title\" content=\"Bairro a Bairro da Sa\u00fade ter\u00e1 muitos servi\u00e7os \u00e0 popula\u00e7\u00e3o - Secretaria de Administra\u00e7\u00e3o | Prefeitura de Passo Fundo\" \/>\n<meta property=\"og:description\" content=\"A primeira edi\u00e7\u00e3o do Bairro a Bairro do ano ser\u00e1 realizada neste s\u00e1bado (11) com uma proposta diferente, focada na \u00e1rea da Sa\u00fade. Muitos servi\u00e7os gratuitos ser\u00e3o disponibilizados para a comunidade no entorno do Hospital Municipal, das 9h \u00e0s 15h\" \/>\n<meta property=\"og:url\" content=\"https:\/\/www.pmpf.rs.gov.br\/secretaria-de-administracao\/2023\/03\/bairro-a-bairro-da-saude-tera-muitos-servicos-a-populacao\/\" \/>\n<meta property=\"og:site_name\" content=\"Secretaria de Administra\u00e7\u00e3o\" \/>\n<meta property=\"article:published_time\" content=\"2023-03-09T13:35:52+00:00\" \/>\n<meta property=\"article:modified_time\" content=\"2023-03-09T13:35:53+00:00\" \/>\n<meta name=\"author\" content=\"andressazorzetto07\" \/>\n<meta name=\"twitter:card\" content=\"summary_large_image\" \/>\n<meta name=\"twitter:label1\" content=\"Escrito por\" \/>\n\t<meta name=\"twitter:data1\" content=\"andressazorzetto07\" \/>\n\t<meta name=\"twitter:label2\" content=\"Est. tempo de leitura\" \/>\n\t<meta name=\"twitter:data2\" content=\"4 minutos\" \/>\n<script type=\"application\/ld+json\" class=\"yoast-schema-graph\">{\"@context\":\"https:\/\/schema.org\",\"@graph\":[{\"@type\":\"WebPage\",\"@id\":\"https:\/\/www.pmpf.rs.gov.br\/secretaria-de-administracao\/2023\/03\/bairro-a-bairro-da-saude-tera-muitos-servicos-a-populacao\/\",\"url\":\"https:\/\/www.pmpf.rs.gov.br\/secretaria-de-administracao\/2023\/03\/bairro-a-bairro-da-saude-tera-muitos-servicos-a-populacao\/\",\"name\":\"Bairro a Bairro da Sa\u00fade ter\u00e1 muitos servi\u00e7os \u00e0 popula\u00e7\u00e3o - Secretaria de Administra\u00e7\u00e3o | Prefeitura de Passo Fundo\",\"isPartOf\":{\"@id\":\"https:\/\/www.pmpf.rs.gov.br\/secretaria-de-administracao\/#website\"},\"datePublished\":\"2023-03-09T13:35:52+00:00\",\"dateModified\":\"2023-03-09T13:35:53+00:00\",\"author\":{\"@id\":\"https:\/\/www.pmpf.rs.gov.br\/secretaria-de-administracao\/#\/schema\/person\/30ee1d1bd74da1469b01fcf086e43351\"},\"inLanguage\":\"pt-BR\",\"potentialAction\":[{\"@type\":\"ReadAction\",\"target\":[\"https:\/\/www.pmpf.rs.gov.br\/secretaria-de-administracao\/2023\/03\/bairro-a-bairro-da-saude-tera-muitos-servicos-a-populacao\/\"]}]},{\"@type\":\"WebSite\",\"@id\":\"https:\/\/www.pmpf.rs.gov.br\/secretaria-de-administracao\/#website\",\"url\":\"https:\/\/www.pmpf.rs.gov.br\/secretaria-de-administracao\/\",\"name\":\"Secretaria de Administra\u00e7\u00e3o\",\"description\":\"S\u00f3 mais um site Prefeitura Municipal de Passo Fundo Sites\",\"potentialAction\":[{\"@type\":\"SearchAction\",\"target\":{\"@type\":\"EntryPoint\",\"urlTemplate\":\"https:\/\/www.pmpf.rs.gov.br\/secretaria-de-administracao\/?s={search_term_string}\"},\"query-input\":{\"@type\":\"PropertyValueSpecification\",\"valueRequired\":true,\"valueName\":\"search_term_string\"}}],\"inLanguage\":\"pt-BR\"},{\"@type\":\"Person\",\"@id\":\"https:\/\/www.pmpf.rs.gov.br\/secretaria-de-administracao\/#\/schema\/person\/30ee1d1bd74da1469b01fcf086e43351\",\"name\":\"andressazorzetto07\",\"image\":{\"@type\":\"ImageObject\",\"inLanguage\":\"pt-BR\",\"@id\":\"https:\/\/www.pmpf.rs.gov.br\/secretaria-de-administracao\/#\/schema\/person\/image\/\",\"url\":\"https:\/\/secure.gravatar.com\/avatar\/14c5458ed79dc81da99a13b9ff5f9f19?s=96&d=mm&r=g\",\"contentUrl\":\"https:\/\/secure.gravatar.com\/avatar\/14c5458ed79dc81da99a13b9ff5f9f19?s=96&d=mm&r=g\",\"caption\":\"andressazorzetto07\"},\"url\":\"https:\/\/www.pmpf.rs.gov.br\/secretaria-de-administracao\/author\/andressazorzetto07\/\"}]}<\/script>\n<!-- \/ Yoast SEO plugin. -->","yoast_head_json":{"title":"Bairro a Bairro da Sa\u00fade ter\u00e1 muitos servi\u00e7os \u00e0 popula\u00e7\u00e3o - Secretaria de Administra\u00e7\u00e3o | Prefeitura de Passo Fundo","robots":{"index":"index","follow":"follow","max-snippet":"max-snippet:-1","max-image-preview":"max-image-preview:large","max-video-preview":"max-video-preview:-1"},"canonical":"https:\/\/www.pmpf.rs.gov.br\/secretaria-de-administracao\/2023\/03\/bairro-a-bairro-da-saude-tera-muitos-servicos-a-populacao\/","og_locale":"pt_BR","og_type":"article","og_title":"Bairro a Bairro da Sa\u00fade ter\u00e1 muitos servi\u00e7os \u00e0 popula\u00e7\u00e3o - Secretaria de Administra\u00e7\u00e3o | Prefeitura de Passo Fundo","og_description":"A primeira edi\u00e7\u00e3o do Bairro a Bairro do ano ser\u00e1 realizada neste s\u00e1bado (11) com uma proposta diferente, focada na \u00e1rea da Sa\u00fade. Muitos servi\u00e7os gratuitos ser\u00e3o disponibilizados para a comunidade no entorno do Hospital Municipal, das 9h \u00e0s 15h","og_url":"https:\/\/www.pmpf.rs.gov.br\/secretaria-de-administracao\/2023\/03\/bairro-a-bairro-da-saude-tera-muitos-servicos-a-populacao\/","og_site_name":"Secretaria de Administra\u00e7\u00e3o","article_published_time":"2023-03-09T13:35:52+00:00","article_modified_time":"2023-03-09T13:35:53+00:00","author":"andressazorzetto07","twitter_card":"summary_large_image","twitter_misc":{"Escrito por":"andressazorzetto07","Est. tempo de leitura":"4 minutos"},"schema":{"@context":"https:\/\/schema.org","@graph":[{"@type":"WebPage","@id":"https:\/\/www.pmpf.rs.gov.br\/secretaria-de-administracao\/2023\/03\/bairro-a-bairro-da-saude-tera-muitos-servicos-a-populacao\/","url":"https:\/\/www.pmpf.rs.gov.br\/secretaria-de-administracao\/2023\/03\/bairro-a-bairro-da-saude-tera-muitos-servicos-a-populacao\/","name":"Bairro a Bairro da Sa\u00fade ter\u00e1 muitos servi\u00e7os \u00e0 popula\u00e7\u00e3o - Secretaria de Administra\u00e7\u00e3o | Prefeitura de Passo Fundo","isPartOf":{"@id":"https:\/\/www.pmpf.rs.gov.br\/secretaria-de-administracao\/#website"},"datePublished":"2023-03-09T13:35:52+00:00","dateModified":"2023-03-09T13:35:53+00:00","author":{"@id":"https:\/\/www.pmpf.rs.gov.br\/secretaria-de-administracao\/#\/schema\/person\/30ee1d1bd74da1469b01fcf086e43351"},"inLanguage":"pt-BR","potentialAction":[{"@type":"ReadAction","target":["https:\/\/www.pmpf.rs.gov.br\/secretaria-de-administracao\/2023\/03\/bairro-a-bairro-da-saude-tera-muitos-servicos-a-populacao\/"]}]},{"@type":"WebSite","@id":"https:\/\/www.pmpf.rs.gov.br\/secretaria-de-administracao\/#website","url":"https:\/\/www.pmpf.rs.gov.br\/secretaria-de-administracao\/","name":"Secretaria de Administra\u00e7\u00e3o","description":"S\u00f3 mais um site Prefeitura Municipal de Passo Fundo Sites","potentialAction":[{"@type":"SearchAction","target":{"@type":"EntryPoint","urlTemplate":"https:\/\/www.pmpf.rs.gov.br\/secretaria-de-administracao\/?s={search_term_string}"},"query-input":{"@type":"PropertyValueSpecification","valueRequired":true,"valueName":"search_term_string"}}],"inLanguage":"pt-BR"},{"@type":"Person","@id":"https:\/\/www.pmpf.rs.gov.br\/secretaria-de-administracao\/#\/schema\/person\/30ee1d1bd74da1469b01fcf086e43351","name":"andressazorzetto07","image":{"@type":"ImageObject","inLanguage":"pt-BR","@id":"https:\/\/www.pmpf.rs.gov.br\/secretaria-de-administracao\/#\/schema\/person\/image\/","url":"https:\/\/secure.gravatar.com\/avatar\/14c5458ed79dc81da99a13b9ff5f9f19?s=96&d=mm&r=g","contentUrl":"https:\/\/secure.gravatar.com\/avatar\/14c5458ed79dc81da99a13b9ff5f9f19?s=96&d=mm&r=g","caption":"andressazorzetto07"},"url":"https:\/\/www.pmpf.rs.gov.br\/secretaria-de-administracao\/author\/andressazorzetto07\/"}]}},"_links":{"self":[{"href":"https:\/\/www.pmpf.rs.gov.br\/secretaria-de-administracao\/wp-json\/wp\/v2\/posts\/2174"}],"collection":[{"href":"https:\/\/www.pmpf.rs.gov.br\/secretaria-de-administracao\/wp-json\/wp\/v2\/posts"}],"about":[{"href":"https:\/\/www.pmpf.rs.gov.br\/secretaria-de-administracao\/wp-json\/wp\/v2\/types\/post"}],"author":[{"embeddable":true,"href":"https:\/\/www.pmpf.rs.gov.br\/secretaria-de-administracao\/wp-json\/wp\/v2\/users\/6"}],"replies":[{"embeddable":true,"href":"https:\/\/www.pmpf.rs.gov.br\/secretaria-de-administracao\/wp-json\/wp\/v2\/comments?post=2174"}],"version-history":[{"count":1,"href":"https:\/\/www.pmpf.rs.gov.br\/secretaria-de-administracao\/wp-json\/wp\/v2\/posts\/2174\/revisions"}],"predecessor-version":[{"id":2175,"href":"https:\/\/www.pmpf.rs.gov.br\/secretaria-de-administracao\/wp-json\/wp\/v2\/posts\/2174\/revisions\/2175"}],"wp:attachment":[{"href":"https:\/\/www.pmpf.rs.gov.br\/secretaria-de-administracao\/wp-json\/wp\/v2\/media?parent=2174"}],"wp:term":[{"taxonomy":"category","embeddable":true,"href":"https:\/\/www.pmpf.rs.gov.br\/secretaria-de-administracao\/wp-json\/wp\/v2\/categories?post=2174"},{"taxonomy":"post_tag","embeddable":true,"href":"https:\/\/www.pmpf.rs.gov.br\/secretaria-de-administracao\/wp-json\/wp\/v2\/tags?post=2174"}],"curies":[{"name":"wp","href":"https:\/\/api.w.org\/{rel}","templated":true}]}}