{"id":2158,"date":"2022-12-12T16:50:25","date_gmt":"2022-12-12T19:50:25","guid":{"rendered":"https:\/\/www.pmpf.rs.gov.br\/secretaria-de-administracao\/?p=2158"},"modified":"2022-12-12T16:50:25","modified_gmt":"2022-12-12T19:50:25","slug":"codepas-afirma-que-pl-do-subsidio-ao-transporte-coletivo-vai-garantir-a-viabilidade-da-prestacao-do-servico-no-municipio","status":"publish","type":"post","link":"https:\/\/www.pmpf.rs.gov.br\/secretaria-de-administracao\/2022\/12\/codepas-afirma-que-pl-do-subsidio-ao-transporte-coletivo-vai-garantir-a-viabilidade-da-prestacao-do-servico-no-municipio\/","title":{"rendered":"Codepas afirma que PL do subs\u00eddio ao transporte coletivo vai garantir a viabilidade da presta\u00e7\u00e3o do servi\u00e7o no munic\u00edpio"},"content":{"rendered":"\n<p><\/p>\n\n\n\n<p><\/p>\n\n\n\n<p>A Companhia de Desenvolvimento de Passo Fundo \u2013 Codepas informou, na tarde desta segunda-feira (12), que a aprova\u00e7\u00e3o do projeto de Lei que trata do subs\u00eddio ao transporte p\u00fablico coletivo no munic\u00edpio \u00e9 essencial para a viabilidade das opera\u00e7\u00f5es da autarquia. Em nota, a dire\u00e7\u00e3o da Codepas argumentou que est\u00e1 acompanhando todos os desdobramentos que o projeto recebeu at\u00e9 o momento e que, a exemplo do que j\u00e1 ocorreu em outros munic\u00edpios que discutiram o tema, a efetiva\u00e7\u00e3o do repasse destes recursos federais \u201cs\u00e3o imprescind\u00edveis para garantir o equil\u00edbrio dos servi\u00e7os prestados\u201d.<\/p>\n\n\n\n<p>De acordo com o administrador da Codepas, Aislan Freitas, as empresas que operam o transporte p\u00fablico apresentam grandes dificuldades financeiras, mesmo antes da chegada da pandemia, tendo custos elevados e com a redu\u00e7\u00e3o do n\u00famero de passageiros que utilizam este servi\u00e7o. \u201cPara a Companhia o cen\u00e1rio n\u00e3o foi diferente, sendo a opera\u00e7\u00e3o do transporte prejudicada ainda mais a partir de 2020, em raz\u00e3o da pandemia que apresenta reflexos at\u00e9 o presente momento\u201d, disse ele, comentando que a autarquia vem implementando novos modelos de gest\u00e3o prospectando uma reestrutura\u00e7\u00e3o administrativa e financeira com o objetivo de reduzir os custos operacionais, que permanecem elevados em decorr\u00eancia do aumento no valor dos insumos diretamente relacionados ao servi\u00e7o, como pneus, lubrificantes, combust\u00edveis, despesas com pessoal e manuten\u00e7\u00e3o dos ve\u00edculos.<\/p>\n\n\n\n<p>Para a Codepas, o projeto de Lei que apresenta a possibilidade de o Executivo efetivar repasse de recursos destinados especificamente ao servi\u00e7o de transporte p\u00fablico, neste momento, se apresenta como a \u00fanica possibilidade de viabilizar a manuten\u00e7\u00e3o deste servi\u00e7o, tendo em vista todo o cen\u00e1rio apresentando at\u00e9 aqui para o servi\u00e7o de transporte. \u201cConsiderando que in\u00fameros outros munic\u00edpios j\u00e1 aderiram ao modelo de subs\u00eddio para manter o transporte p\u00fablico em opera\u00e7\u00e3o, a Companhia aguarda atentamente a aprova\u00e7\u00e3o do projeto para receber o benef\u00edcio e, desta forma, buscar o equil\u00edbrio para este servi\u00e7o\u201d, informou Freitas.<\/p>\n","protected":false},"excerpt":{"rendered":"<p>Em nota, dire\u00e7\u00e3o da Companhia destaca que os reflexos da pandemia na operacionaliza\u00e7\u00e3o e nos custos do transporte p\u00fablico de passageiros ainda precisam ser superados e que os recursos federais s\u00e3o importantes para assegurar a sustentabilidade financeira da autarquia<\/p>\n","protected":false},"author":6,"featured_media":0,"comment_status":"closed","ping_status":"closed","sticky":true,"template":"","format":"standard","meta":{"footnotes":""},"categories":[1],"tags":[],"class_list":["post-2158","post","type-post","status-publish","format-standard","hentry","category-sem-categoria"],"yoast_head":"<!-- This site is optimized with the Yoast SEO plugin v23.8 - https:\/\/yoast.com\/wordpress\/plugins\/seo\/ -->\n<title>Codepas afirma que PL do subs\u00eddio ao transporte coletivo vai garantir a viabilidade da presta\u00e7\u00e3o do servi\u00e7o no munic\u00edpio - Secretaria de Administra\u00e7\u00e3o | Prefeitura de Passo Fundo<\/title>\n<meta name=\"robots\" content=\"index, follow, max-snippet:-1, max-image-preview:large, max-video-preview:-1\" \/>\n<link rel=\"canonical\" href=\"https:\/\/www.pmpf.rs.gov.br\/secretaria-de-administracao\/2022\/12\/codepas-afirma-que-pl-do-subsidio-ao-transporte-coletivo-vai-garantir-a-viabilidade-da-prestacao-do-servico-no-municipio\/\" \/>\n<meta property=\"og:locale\" content=\"pt_BR\" \/>\n<meta property=\"og:type\" content=\"article\" \/>\n<meta property=\"og:title\" content=\"Codepas afirma que PL do subs\u00eddio ao transporte coletivo vai garantir a viabilidade da presta\u00e7\u00e3o do servi\u00e7o no munic\u00edpio - Secretaria de Administra\u00e7\u00e3o | Prefeitura de Passo Fundo\" \/>\n<meta property=\"og:description\" content=\"Em nota, dire\u00e7\u00e3o da Companhia destaca que os reflexos da pandemia na operacionaliza\u00e7\u00e3o e nos custos do transporte p\u00fablico de passageiros ainda precisam ser superados e que os recursos federais s\u00e3o importantes para assegurar a sustentabilidade financeira da autarquia\" \/>\n<meta property=\"og:url\" content=\"https:\/\/www.pmpf.rs.gov.br\/secretaria-de-administracao\/2022\/12\/codepas-afirma-que-pl-do-subsidio-ao-transporte-coletivo-vai-garantir-a-viabilidade-da-prestacao-do-servico-no-municipio\/\" \/>\n<meta property=\"og:site_name\" content=\"Secretaria de Administra\u00e7\u00e3o\" \/>\n<meta property=\"article:published_time\" content=\"2022-12-12T19:50:25+00:00\" \/>\n<meta name=\"author\" content=\"andressazorzetto07\" \/>\n<meta name=\"twitter:card\" content=\"summary_large_image\" \/>\n<meta name=\"twitter:label1\" content=\"Escrito por\" \/>\n\t<meta name=\"twitter:data1\" content=\"andressazorzetto07\" \/>\n\t<meta name=\"twitter:label2\" content=\"Est. tempo de leitura\" \/>\n\t<meta name=\"twitter:data2\" content=\"2 minutos\" \/>\n<script type=\"application\/ld+json\" class=\"yoast-schema-graph\">{\"@context\":\"https:\/\/schema.org\",\"@graph\":[{\"@type\":\"WebPage\",\"@id\":\"https:\/\/www.pmpf.rs.gov.br\/secretaria-de-administracao\/2022\/12\/codepas-afirma-que-pl-do-subsidio-ao-transporte-coletivo-vai-garantir-a-viabilidade-da-prestacao-do-servico-no-municipio\/\",\"url\":\"https:\/\/www.pmpf.rs.gov.br\/secretaria-de-administracao\/2022\/12\/codepas-afirma-que-pl-do-subsidio-ao-transporte-coletivo-vai-garantir-a-viabilidade-da-prestacao-do-servico-no-municipio\/\",\"name\":\"Codepas afirma que PL do subs\u00eddio ao transporte coletivo vai garantir a viabilidade da presta\u00e7\u00e3o do servi\u00e7o no munic\u00edpio - Secretaria de Administra\u00e7\u00e3o | Prefeitura de Passo Fundo\",\"isPartOf\":{\"@id\":\"https:\/\/www.pmpf.rs.gov.br\/secretaria-de-administracao\/#website\"},\"datePublished\":\"2022-12-12T19:50:25+00:00\",\"dateModified\":\"2022-12-12T19:50:25+00:00\",\"author\":{\"@id\":\"https:\/\/www.pmpf.rs.gov.br\/secretaria-de-administracao\/#\/schema\/person\/30ee1d1bd74da1469b01fcf086e43351\"},\"inLanguage\":\"pt-BR\",\"potentialAction\":[{\"@type\":\"ReadAction\",\"target\":[\"https:\/\/www.pmpf.rs.gov.br\/secretaria-de-administracao\/2022\/12\/codepas-afirma-que-pl-do-subsidio-ao-transporte-coletivo-vai-garantir-a-viabilidade-da-prestacao-do-servico-no-municipio\/\"]}]},{\"@type\":\"WebSite\",\"@id\":\"https:\/\/www.pmpf.rs.gov.br\/secretaria-de-administracao\/#website\",\"url\":\"https:\/\/www.pmpf.rs.gov.br\/secretaria-de-administracao\/\",\"name\":\"Secretaria de Administra\u00e7\u00e3o\",\"description\":\"S\u00f3 mais um site Prefeitura Municipal de Passo Fundo Sites\",\"potentialAction\":[{\"@type\":\"SearchAction\",\"target\":{\"@type\":\"EntryPoint\",\"urlTemplate\":\"https:\/\/www.pmpf.rs.gov.br\/secretaria-de-administracao\/?s={search_term_string}\"},\"query-input\":{\"@type\":\"PropertyValueSpecification\",\"valueRequired\":true,\"valueName\":\"search_term_string\"}}],\"inLanguage\":\"pt-BR\"},{\"@type\":\"Person\",\"@id\":\"https:\/\/www.pmpf.rs.gov.br\/secretaria-de-administracao\/#\/schema\/person\/30ee1d1bd74da1469b01fcf086e43351\",\"name\":\"andressazorzetto07\",\"image\":{\"@type\":\"ImageObject\",\"inLanguage\":\"pt-BR\",\"@id\":\"https:\/\/www.pmpf.rs.gov.br\/secretaria-de-administracao\/#\/schema\/person\/image\/\",\"url\":\"https:\/\/secure.gravatar.com\/avatar\/14c5458ed79dc81da99a13b9ff5f9f19?s=96&d=mm&r=g\",\"contentUrl\":\"https:\/\/secure.gravatar.com\/avatar\/14c5458ed79dc81da99a13b9ff5f9f19?s=96&d=mm&r=g\",\"caption\":\"andressazorzetto07\"},\"url\":\"https:\/\/www.pmpf.rs.gov.br\/secretaria-de-administracao\/author\/andressazorzetto07\/\"}]}<\/script>\n<!-- \/ Yoast SEO plugin. -->","yoast_head_json":{"title":"Codepas afirma que PL do subs\u00eddio ao transporte coletivo vai garantir a viabilidade da presta\u00e7\u00e3o do servi\u00e7o no munic\u00edpio - Secretaria de Administra\u00e7\u00e3o | Prefeitura de Passo Fundo","robots":{"index":"index","follow":"follow","max-snippet":"max-snippet:-1","max-image-preview":"max-image-preview:large","max-video-preview":"max-video-preview:-1"},"canonical":"https:\/\/www.pmpf.rs.gov.br\/secretaria-de-administracao\/2022\/12\/codepas-afirma-que-pl-do-subsidio-ao-transporte-coletivo-vai-garantir-a-viabilidade-da-prestacao-do-servico-no-municipio\/","og_locale":"pt_BR","og_type":"article","og_title":"Codepas afirma que PL do subs\u00eddio ao transporte coletivo vai garantir a viabilidade da presta\u00e7\u00e3o do servi\u00e7o no munic\u00edpio - Secretaria de Administra\u00e7\u00e3o | Prefeitura de Passo Fundo","og_description":"Em nota, dire\u00e7\u00e3o da Companhia destaca que os reflexos da pandemia na operacionaliza\u00e7\u00e3o e nos custos do transporte p\u00fablico de passageiros ainda precisam ser superados e que os recursos federais s\u00e3o importantes para assegurar a sustentabilidade financeira da autarquia","og_url":"https:\/\/www.pmpf.rs.gov.br\/secretaria-de-administracao\/2022\/12\/codepas-afirma-que-pl-do-subsidio-ao-transporte-coletivo-vai-garantir-a-viabilidade-da-prestacao-do-servico-no-municipio\/","og_site_name":"Secretaria de Administra\u00e7\u00e3o","article_published_time":"2022-12-12T19:50:25+00:00","author":"andressazorzetto07","twitter_card":"summary_large_image","twitter_misc":{"Escrito por":"andressazorzetto07","Est. tempo de leitura":"2 minutos"},"schema":{"@context":"https:\/\/schema.org","@graph":[{"@type":"WebPage","@id":"https:\/\/www.pmpf.rs.gov.br\/secretaria-de-administracao\/2022\/12\/codepas-afirma-que-pl-do-subsidio-ao-transporte-coletivo-vai-garantir-a-viabilidade-da-prestacao-do-servico-no-municipio\/","url":"https:\/\/www.pmpf.rs.gov.br\/secretaria-de-administracao\/2022\/12\/codepas-afirma-que-pl-do-subsidio-ao-transporte-coletivo-vai-garantir-a-viabilidade-da-prestacao-do-servico-no-municipio\/","name":"Codepas afirma que PL do subs\u00eddio ao transporte coletivo vai garantir a viabilidade da presta\u00e7\u00e3o do servi\u00e7o no munic\u00edpio - Secretaria de Administra\u00e7\u00e3o | Prefeitura de Passo Fundo","isPartOf":{"@id":"https:\/\/www.pmpf.rs.gov.br\/secretaria-de-administracao\/#website"},"datePublished":"2022-12-12T19:50:25+00:00","dateModified":"2022-12-12T19:50:25+00:00","author":{"@id":"https:\/\/www.pmpf.rs.gov.br\/secretaria-de-administracao\/#\/schema\/person\/30ee1d1bd74da1469b01fcf086e43351"},"inLanguage":"pt-BR","potentialAction":[{"@type":"ReadAction","target":["https:\/\/www.pmpf.rs.gov.br\/secretaria-de-administracao\/2022\/12\/codepas-afirma-que-pl-do-subsidio-ao-transporte-coletivo-vai-garantir-a-viabilidade-da-prestacao-do-servico-no-municipio\/"]}]},{"@type":"WebSite","@id":"https:\/\/www.pmpf.rs.gov.br\/secretaria-de-administracao\/#website","url":"https:\/\/www.pmpf.rs.gov.br\/secretaria-de-administracao\/","name":"Secretaria de Administra\u00e7\u00e3o","description":"S\u00f3 mais um site Prefeitura Municipal de Passo Fundo Sites","potentialAction":[{"@type":"SearchAction","target":{"@type":"EntryPoint","urlTemplate":"https:\/\/www.pmpf.rs.gov.br\/secretaria-de-administracao\/?s={search_term_string}"},"query-input":{"@type":"PropertyValueSpecification","valueRequired":true,"valueName":"search_term_string"}}],"inLanguage":"pt-BR"},{"@type":"Person","@id":"https:\/\/www.pmpf.rs.gov.br\/secretaria-de-administracao\/#\/schema\/person\/30ee1d1bd74da1469b01fcf086e43351","name":"andressazorzetto07","image":{"@type":"ImageObject","inLanguage":"pt-BR","@id":"https:\/\/www.pmpf.rs.gov.br\/secretaria-de-administracao\/#\/schema\/person\/image\/","url":"https:\/\/secure.gravatar.com\/avatar\/14c5458ed79dc81da99a13b9ff5f9f19?s=96&d=mm&r=g","contentUrl":"https:\/\/secure.gravatar.com\/avatar\/14c5458ed79dc81da99a13b9ff5f9f19?s=96&d=mm&r=g","caption":"andressazorzetto07"},"url":"https:\/\/www.pmpf.rs.gov.br\/secretaria-de-administracao\/author\/andressazorzetto07\/"}]}},"_links":{"self":[{"href":"https:\/\/www.pmpf.rs.gov.br\/secretaria-de-administracao\/wp-json\/wp\/v2\/posts\/2158"}],"collection":[{"href":"https:\/\/www.pmpf.rs.gov.br\/secretaria-de-administracao\/wp-json\/wp\/v2\/posts"}],"about":[{"href":"https:\/\/www.pmpf.rs.gov.br\/secretaria-de-administracao\/wp-json\/wp\/v2\/types\/post"}],"author":[{"embeddable":true,"href":"https:\/\/www.pmpf.rs.gov.br\/secretaria-de-administracao\/wp-json\/wp\/v2\/users\/6"}],"replies":[{"embeddable":true,"href":"https:\/\/www.pmpf.rs.gov.br\/secretaria-de-administracao\/wp-json\/wp\/v2\/comments?post=2158"}],"version-history":[{"count":1,"href":"https:\/\/www.pmpf.rs.gov.br\/secretaria-de-administracao\/wp-json\/wp\/v2\/posts\/2158\/revisions"}],"predecessor-version":[{"id":2159,"href":"https:\/\/www.pmpf.rs.gov.br\/secretaria-de-administracao\/wp-json\/wp\/v2\/posts\/2158\/revisions\/2159"}],"wp:attachment":[{"href":"https:\/\/www.pmpf.rs.gov.br\/secretaria-de-administracao\/wp-json\/wp\/v2\/media?parent=2158"}],"wp:term":[{"taxonomy":"category","embeddable":true,"href":"https:\/\/www.pmpf.rs.gov.br\/secretaria-de-administracao\/wp-json\/wp\/v2\/categories?post=2158"},{"taxonomy":"post_tag","embeddable":true,"href":"https:\/\/www.pmpf.rs.gov.br\/secretaria-de-administracao\/wp-json\/wp\/v2\/tags?post=2158"}],"curies":[{"name":"wp","href":"https:\/\/api.w.org\/{rel}","templated":true}]}}