{"id":2156,"date":"2022-12-12T10:58:20","date_gmt":"2022-12-12T13:58:20","guid":{"rendered":"https:\/\/www.pmpf.rs.gov.br\/secretaria-de-administracao\/?p=2156"},"modified":"2022-12-12T10:58:21","modified_gmt":"2022-12-12T13:58:21","slug":"prefeito-pedro-afirma-que-nao-havera-reajuste-nas-tarifas-do-transporte-coletivo-em-2023-se-a-camara-aprovar-projeto-de-subsidio","status":"publish","type":"post","link":"https:\/\/www.pmpf.rs.gov.br\/secretaria-de-administracao\/2022\/12\/prefeito-pedro-afirma-que-nao-havera-reajuste-nas-tarifas-do-transporte-coletivo-em-2023-se-a-camara-aprovar-projeto-de-subsidio\/","title":{"rendered":"Prefeito Pedro afirma que n\u00e3o haver\u00e1 reajuste nas tarifas do transporte coletivo em 2023, se a C\u00e2mara aprovar projeto de subs\u00eddio"},"content":{"rendered":"\n<p><\/p>\n\n\n\n<p>A garantia de que a tarifa aplicada ao transporte p\u00fablico coletivo em Passo Fundo n\u00e3o sofrer\u00e1 reajuste em 2023, se os vereadores aprovarem o Projeto de Lei que trata do subs\u00eddio federal e que h\u00e1 mais de 60 dias tramita no Legislativo, foi anunciada pelo prefeito, Pedro Almeida, em nota divulgada na manh\u00e3 desta segunda-feira (12).<\/p>\n\n\n\n<p>De acordo com o prefeito, o Munic\u00edpio tem feito um esfor\u00e7o para discutir o assunto com os vereadores, compreendendo as diferentes preocupa\u00e7\u00f5es manifestadas pelos parlamentares. &#8220;Este \u00e9 um projeto de lei que foi encaminhado h\u00e1 mais de 60 dias e que reverte em benef\u00edcios para a comunidade, uma vez que subsidia o transporte coletivo a partir de recursos federais. Algumas das manifesta\u00e7\u00f5es dos vereadores s\u00e3o leg\u00edtimas e estamos firmando este compromisso de n\u00e3o reajustar o valor da passagem no ano de 2023 havendo a aprova\u00e7\u00e3o do projeto&#8221;, disse Pedro.<\/p>\n\n\n\n<p>Recentemente, em outra manifesta\u00e7\u00e3o, o prefeito j\u00e1 havia sinalizado que com a destina\u00e7\u00e3o destes valores pela Uni\u00e3o para o subs\u00eddio do setor, a tarifa do pr\u00f3ximo ano n\u00e3o deveria sofrer reajuste. &#8220;Dezenas de munic\u00edpios foram contemplados com este recurso oriundo do Governo Federal. Como \u00e9 de conhecimento p\u00fablico, o setor atravessa sua maior crise, agravada pela Pandemia da COVID-19 e a participa\u00e7\u00e3o dos entes p\u00fablicos \u00e9 fundamental para que se mantenha um servi\u00e7o de qualidade com uma tarifa mais barata&#8221;, argumentou Pedro, refor\u00e7ando que a inten\u00e7\u00e3o do Projeto de Lei \u00e9 permitir, al\u00e9m da continuidade do servi\u00e7os, principalmente, &#8220;possibilitar que a passagem seja mantidas nos atuais patamares ou ainda sejam reduzidas, a exemplo do que j\u00e1 fizeram outras cidades&#8221;.<\/p>\n","protected":false},"excerpt":{"rendered":"<p>Em nota, chefe do Executivo Municipal destaca que a tarifa atual do transporte p\u00fablico ser\u00e1 mantida nos mesmos patamares se o Legislativo avan\u00e7ar na aprova\u00e7\u00e3o do PL que tramita h\u00e1 mais de 60 dias no parlamento<\/p>\n","protected":false},"author":6,"featured_media":0,"comment_status":"closed","ping_status":"closed","sticky":true,"template":"","format":"standard","meta":{"footnotes":""},"categories":[1],"tags":[],"class_list":["post-2156","post","type-post","status-publish","format-standard","hentry","category-sem-categoria"],"yoast_head":"<!-- This site is optimized with the Yoast SEO plugin v23.8 - https:\/\/yoast.com\/wordpress\/plugins\/seo\/ -->\n<title>Prefeito Pedro afirma que n\u00e3o haver\u00e1 reajuste nas tarifas do transporte coletivo em 2023, se a C\u00e2mara aprovar projeto de subs\u00eddio - Secretaria de Administra\u00e7\u00e3o | Prefeitura de Passo Fundo<\/title>\n<meta name=\"robots\" content=\"index, follow, max-snippet:-1, max-image-preview:large, max-video-preview:-1\" \/>\n<link rel=\"canonical\" href=\"https:\/\/www.pmpf.rs.gov.br\/secretaria-de-administracao\/2022\/12\/prefeito-pedro-afirma-que-nao-havera-reajuste-nas-tarifas-do-transporte-coletivo-em-2023-se-a-camara-aprovar-projeto-de-subsidio\/\" \/>\n<meta property=\"og:locale\" content=\"pt_BR\" \/>\n<meta property=\"og:type\" content=\"article\" \/>\n<meta property=\"og:title\" content=\"Prefeito Pedro afirma que n\u00e3o haver\u00e1 reajuste nas tarifas do transporte coletivo em 2023, se a C\u00e2mara aprovar projeto de subs\u00eddio - Secretaria de Administra\u00e7\u00e3o | Prefeitura de Passo Fundo\" \/>\n<meta property=\"og:description\" content=\"Em nota, chefe do Executivo Municipal destaca que a tarifa atual do transporte p\u00fablico ser\u00e1 mantida nos mesmos patamares se o Legislativo avan\u00e7ar na aprova\u00e7\u00e3o do PL que tramita h\u00e1 mais de 60 dias no parlamento\" \/>\n<meta property=\"og:url\" content=\"https:\/\/www.pmpf.rs.gov.br\/secretaria-de-administracao\/2022\/12\/prefeito-pedro-afirma-que-nao-havera-reajuste-nas-tarifas-do-transporte-coletivo-em-2023-se-a-camara-aprovar-projeto-de-subsidio\/\" \/>\n<meta property=\"og:site_name\" content=\"Secretaria de Administra\u00e7\u00e3o\" \/>\n<meta property=\"article:published_time\" content=\"2022-12-12T13:58:20+00:00\" \/>\n<meta property=\"article:modified_time\" content=\"2022-12-12T13:58:21+00:00\" \/>\n<meta name=\"author\" content=\"andressazorzetto07\" \/>\n<meta name=\"twitter:card\" content=\"summary_large_image\" \/>\n<meta name=\"twitter:label1\" content=\"Escrito por\" \/>\n\t<meta name=\"twitter:data1\" content=\"andressazorzetto07\" \/>\n\t<meta name=\"twitter:label2\" content=\"Est. tempo de leitura\" \/>\n\t<meta name=\"twitter:data2\" content=\"1 minuto\" \/>\n<script type=\"application\/ld+json\" class=\"yoast-schema-graph\">{\"@context\":\"https:\/\/schema.org\",\"@graph\":[{\"@type\":\"WebPage\",\"@id\":\"https:\/\/www.pmpf.rs.gov.br\/secretaria-de-administracao\/2022\/12\/prefeito-pedro-afirma-que-nao-havera-reajuste-nas-tarifas-do-transporte-coletivo-em-2023-se-a-camara-aprovar-projeto-de-subsidio\/\",\"url\":\"https:\/\/www.pmpf.rs.gov.br\/secretaria-de-administracao\/2022\/12\/prefeito-pedro-afirma-que-nao-havera-reajuste-nas-tarifas-do-transporte-coletivo-em-2023-se-a-camara-aprovar-projeto-de-subsidio\/\",\"name\":\"Prefeito Pedro afirma que n\u00e3o haver\u00e1 reajuste nas tarifas do transporte coletivo em 2023, se a C\u00e2mara aprovar projeto de subs\u00eddio - Secretaria de Administra\u00e7\u00e3o | Prefeitura de Passo Fundo\",\"isPartOf\":{\"@id\":\"https:\/\/www.pmpf.rs.gov.br\/secretaria-de-administracao\/#website\"},\"datePublished\":\"2022-12-12T13:58:20+00:00\",\"dateModified\":\"2022-12-12T13:58:21+00:00\",\"author\":{\"@id\":\"https:\/\/www.pmpf.rs.gov.br\/secretaria-de-administracao\/#\/schema\/person\/30ee1d1bd74da1469b01fcf086e43351\"},\"inLanguage\":\"pt-BR\",\"potentialAction\":[{\"@type\":\"ReadAction\",\"target\":[\"https:\/\/www.pmpf.rs.gov.br\/secretaria-de-administracao\/2022\/12\/prefeito-pedro-afirma-que-nao-havera-reajuste-nas-tarifas-do-transporte-coletivo-em-2023-se-a-camara-aprovar-projeto-de-subsidio\/\"]}]},{\"@type\":\"WebSite\",\"@id\":\"https:\/\/www.pmpf.rs.gov.br\/secretaria-de-administracao\/#website\",\"url\":\"https:\/\/www.pmpf.rs.gov.br\/secretaria-de-administracao\/\",\"name\":\"Secretaria de Administra\u00e7\u00e3o\",\"description\":\"S\u00f3 mais um site Prefeitura Municipal de Passo Fundo Sites\",\"potentialAction\":[{\"@type\":\"SearchAction\",\"target\":{\"@type\":\"EntryPoint\",\"urlTemplate\":\"https:\/\/www.pmpf.rs.gov.br\/secretaria-de-administracao\/?s={search_term_string}\"},\"query-input\":{\"@type\":\"PropertyValueSpecification\",\"valueRequired\":true,\"valueName\":\"search_term_string\"}}],\"inLanguage\":\"pt-BR\"},{\"@type\":\"Person\",\"@id\":\"https:\/\/www.pmpf.rs.gov.br\/secretaria-de-administracao\/#\/schema\/person\/30ee1d1bd74da1469b01fcf086e43351\",\"name\":\"andressazorzetto07\",\"image\":{\"@type\":\"ImageObject\",\"inLanguage\":\"pt-BR\",\"@id\":\"https:\/\/www.pmpf.rs.gov.br\/secretaria-de-administracao\/#\/schema\/person\/image\/\",\"url\":\"https:\/\/secure.gravatar.com\/avatar\/14c5458ed79dc81da99a13b9ff5f9f19?s=96&d=mm&r=g\",\"contentUrl\":\"https:\/\/secure.gravatar.com\/avatar\/14c5458ed79dc81da99a13b9ff5f9f19?s=96&d=mm&r=g\",\"caption\":\"andressazorzetto07\"},\"url\":\"https:\/\/www.pmpf.rs.gov.br\/secretaria-de-administracao\/author\/andressazorzetto07\/\"}]}<\/script>\n<!-- \/ Yoast SEO plugin. -->","yoast_head_json":{"title":"Prefeito Pedro afirma que n\u00e3o haver\u00e1 reajuste nas tarifas do transporte coletivo em 2023, se a C\u00e2mara aprovar projeto de subs\u00eddio - Secretaria de Administra\u00e7\u00e3o | Prefeitura de Passo Fundo","robots":{"index":"index","follow":"follow","max-snippet":"max-snippet:-1","max-image-preview":"max-image-preview:large","max-video-preview":"max-video-preview:-1"},"canonical":"https:\/\/www.pmpf.rs.gov.br\/secretaria-de-administracao\/2022\/12\/prefeito-pedro-afirma-que-nao-havera-reajuste-nas-tarifas-do-transporte-coletivo-em-2023-se-a-camara-aprovar-projeto-de-subsidio\/","og_locale":"pt_BR","og_type":"article","og_title":"Prefeito Pedro afirma que n\u00e3o haver\u00e1 reajuste nas tarifas do transporte coletivo em 2023, se a C\u00e2mara aprovar projeto de subs\u00eddio - Secretaria de Administra\u00e7\u00e3o | Prefeitura de Passo Fundo","og_description":"Em nota, chefe do Executivo Municipal destaca que a tarifa atual do transporte p\u00fablico ser\u00e1 mantida nos mesmos patamares se o Legislativo avan\u00e7ar na aprova\u00e7\u00e3o do PL que tramita h\u00e1 mais de 60 dias no parlamento","og_url":"https:\/\/www.pmpf.rs.gov.br\/secretaria-de-administracao\/2022\/12\/prefeito-pedro-afirma-que-nao-havera-reajuste-nas-tarifas-do-transporte-coletivo-em-2023-se-a-camara-aprovar-projeto-de-subsidio\/","og_site_name":"Secretaria de Administra\u00e7\u00e3o","article_published_time":"2022-12-12T13:58:20+00:00","article_modified_time":"2022-12-12T13:58:21+00:00","author":"andressazorzetto07","twitter_card":"summary_large_image","twitter_misc":{"Escrito por":"andressazorzetto07","Est. tempo de leitura":"1 minuto"},"schema":{"@context":"https:\/\/schema.org","@graph":[{"@type":"WebPage","@id":"https:\/\/www.pmpf.rs.gov.br\/secretaria-de-administracao\/2022\/12\/prefeito-pedro-afirma-que-nao-havera-reajuste-nas-tarifas-do-transporte-coletivo-em-2023-se-a-camara-aprovar-projeto-de-subsidio\/","url":"https:\/\/www.pmpf.rs.gov.br\/secretaria-de-administracao\/2022\/12\/prefeito-pedro-afirma-que-nao-havera-reajuste-nas-tarifas-do-transporte-coletivo-em-2023-se-a-camara-aprovar-projeto-de-subsidio\/","name":"Prefeito Pedro afirma que n\u00e3o haver\u00e1 reajuste nas tarifas do transporte coletivo em 2023, se a C\u00e2mara aprovar projeto de subs\u00eddio - Secretaria de Administra\u00e7\u00e3o | Prefeitura de Passo Fundo","isPartOf":{"@id":"https:\/\/www.pmpf.rs.gov.br\/secretaria-de-administracao\/#website"},"datePublished":"2022-12-12T13:58:20+00:00","dateModified":"2022-12-12T13:58:21+00:00","author":{"@id":"https:\/\/www.pmpf.rs.gov.br\/secretaria-de-administracao\/#\/schema\/person\/30ee1d1bd74da1469b01fcf086e43351"},"inLanguage":"pt-BR","potentialAction":[{"@type":"ReadAction","target":["https:\/\/www.pmpf.rs.gov.br\/secretaria-de-administracao\/2022\/12\/prefeito-pedro-afirma-que-nao-havera-reajuste-nas-tarifas-do-transporte-coletivo-em-2023-se-a-camara-aprovar-projeto-de-subsidio\/"]}]},{"@type":"WebSite","@id":"https:\/\/www.pmpf.rs.gov.br\/secretaria-de-administracao\/#website","url":"https:\/\/www.pmpf.rs.gov.br\/secretaria-de-administracao\/","name":"Secretaria de Administra\u00e7\u00e3o","description":"S\u00f3 mais um site Prefeitura Municipal de Passo Fundo Sites","potentialAction":[{"@type":"SearchAction","target":{"@type":"EntryPoint","urlTemplate":"https:\/\/www.pmpf.rs.gov.br\/secretaria-de-administracao\/?s={search_term_string}"},"query-input":{"@type":"PropertyValueSpecification","valueRequired":true,"valueName":"search_term_string"}}],"inLanguage":"pt-BR"},{"@type":"Person","@id":"https:\/\/www.pmpf.rs.gov.br\/secretaria-de-administracao\/#\/schema\/person\/30ee1d1bd74da1469b01fcf086e43351","name":"andressazorzetto07","image":{"@type":"ImageObject","inLanguage":"pt-BR","@id":"https:\/\/www.pmpf.rs.gov.br\/secretaria-de-administracao\/#\/schema\/person\/image\/","url":"https:\/\/secure.gravatar.com\/avatar\/14c5458ed79dc81da99a13b9ff5f9f19?s=96&d=mm&r=g","contentUrl":"https:\/\/secure.gravatar.com\/avatar\/14c5458ed79dc81da99a13b9ff5f9f19?s=96&d=mm&r=g","caption":"andressazorzetto07"},"url":"https:\/\/www.pmpf.rs.gov.br\/secretaria-de-administracao\/author\/andressazorzetto07\/"}]}},"_links":{"self":[{"href":"https:\/\/www.pmpf.rs.gov.br\/secretaria-de-administracao\/wp-json\/wp\/v2\/posts\/2156"}],"collection":[{"href":"https:\/\/www.pmpf.rs.gov.br\/secretaria-de-administracao\/wp-json\/wp\/v2\/posts"}],"about":[{"href":"https:\/\/www.pmpf.rs.gov.br\/secretaria-de-administracao\/wp-json\/wp\/v2\/types\/post"}],"author":[{"embeddable":true,"href":"https:\/\/www.pmpf.rs.gov.br\/secretaria-de-administracao\/wp-json\/wp\/v2\/users\/6"}],"replies":[{"embeddable":true,"href":"https:\/\/www.pmpf.rs.gov.br\/secretaria-de-administracao\/wp-json\/wp\/v2\/comments?post=2156"}],"version-history":[{"count":1,"href":"https:\/\/www.pmpf.rs.gov.br\/secretaria-de-administracao\/wp-json\/wp\/v2\/posts\/2156\/revisions"}],"predecessor-version":[{"id":2157,"href":"https:\/\/www.pmpf.rs.gov.br\/secretaria-de-administracao\/wp-json\/wp\/v2\/posts\/2156\/revisions\/2157"}],"wp:attachment":[{"href":"https:\/\/www.pmpf.rs.gov.br\/secretaria-de-administracao\/wp-json\/wp\/v2\/media?parent=2156"}],"wp:term":[{"taxonomy":"category","embeddable":true,"href":"https:\/\/www.pmpf.rs.gov.br\/secretaria-de-administracao\/wp-json\/wp\/v2\/categories?post=2156"},{"taxonomy":"post_tag","embeddable":true,"href":"https:\/\/www.pmpf.rs.gov.br\/secretaria-de-administracao\/wp-json\/wp\/v2\/tags?post=2156"}],"curies":[{"name":"wp","href":"https:\/\/api.w.org\/{rel}","templated":true}]}}