{"id":2125,"date":"2022-10-27T15:57:30","date_gmt":"2022-10-27T18:57:30","guid":{"rendered":"https:\/\/www.pmpf.rs.gov.br\/secretaria-de-administracao\/?p=2125"},"modified":"2022-10-27T15:57:31","modified_gmt":"2022-10-27T18:57:31","slug":"prefeito-pedro-almeida-anuncia-auxilio-financeiro-para-aperfeicoamento-dos-servidores","status":"publish","type":"post","link":"https:\/\/www.pmpf.rs.gov.br\/secretaria-de-administracao\/2022\/10\/prefeito-pedro-almeida-anuncia-auxilio-financeiro-para-aperfeicoamento-dos-servidores\/","title":{"rendered":"Prefeito Pedro Almeida anuncia aux\u00edlio financeiro para aperfei\u00e7oamento dos servidores"},"content":{"rendered":"\n<p><\/p>\n\n\n\n<p><\/p>\n\n\n\n<p>Com foco na valoriza\u00e7\u00e3o dos servidores municipais e na qualidade do servi\u00e7o p\u00fablico, o prefeito de Passo Fundo, Pedro Almeida, anunciou que o Munic\u00edpio voltar\u00e1 a oferecer bolsas de estudos de at\u00e9 50% em gradua\u00e7\u00e3o e educa\u00e7\u00e3o tecnol\u00f3gica aos profissionais estatu\u00e1rios e est\u00e1veis. A concess\u00e3o do aux\u00edlio ser\u00e1 v\u00e1lida para cursos que tenham rela\u00e7\u00e3o com as fun\u00e7\u00f5es desempenhadas pelos servidores.<\/p>\n\n\n\n<p>Para o prefeito, \u00e9 fundamental que o Munic\u00edpio regulamente de forma efetiva programas que incentivem os servidores e, ao mesmo tempo, contribuam com o atendimento das demandas da comunidade. \u201cS\u00e3o os servidores que entregam o servi\u00e7o p\u00fablico e fazem as estruturas da Prefeitura funcionarem. Por isso, por meio de um decreto, estabelecemos a bolsa e os crit\u00e9rios para que os nossos profissionais possam buscar a capacita\u00e7\u00e3o. \u00c9 mais um compromisso e um gesto de reconhecimento \u00e0 dedica\u00e7\u00e3o exercida\u201d, afirmou.<\/p>\n\n\n\n<p>O decreto que trata da concess\u00e3o da bolsa j\u00e1 est\u00e1 vigente. Os pedidos de aux\u00edlio financeiro pelos servidores interessados dever\u00e3o ser formalizados entre os meses de janeiro e fevereiro caso iniciem o curso no primeiro semestre do ano ou no per\u00edodo de julho a agosto se o curso come\u00e7ar no segundo semestre do ano. O curso de gradua\u00e7\u00e3o ou superior de educa\u00e7\u00e3o tecnol\u00f3gica dever\u00e1 estar relacionado com o trabalho do profissional na esfera municipal e ser reconhecido pelo Minist\u00e9rio da Educa\u00e7\u00e3o.<\/p>\n\n\n\n<p>De acordo com o secret\u00e1rio de Administra\u00e7\u00e3o, Fernando Boeira, o percentual de apoio financeiro depender\u00e1 de alguns crit\u00e9rios, como o tempo de ingresso no cargo e a condi\u00e7\u00e3o de o servidor j\u00e1 ter ou n\u00e3o realizado algum curso de gradua\u00e7\u00e3o. \u201cO aux\u00edlio ser\u00e1 retomado com uma regulamenta\u00e7\u00e3o necess\u00e1ria. Alteramos a forma de solicita\u00e7\u00e3o, permitindo processo eletr\u00f4nico, e inserimos regras e limites que, antes, n\u00e3o existiam. Isso garantir\u00e1 a sua manuten\u00e7\u00e3o futura\u201d, pontuou.<\/p>\n","protected":false},"excerpt":{"rendered":"<p>Bolsas de at\u00e9 50% voltar\u00e3o a ser fornecidas pelo Munic\u00edpio aos servidores estatu\u00e1rios e est\u00e1veis em cursos de gradua\u00e7\u00e3o e de educa\u00e7\u00e3o tecnol\u00f3gica relacionados \u00e0 sua \u00e1rea de atua\u00e7\u00e3o<\/p>\n","protected":false},"author":6,"featured_media":0,"comment_status":"closed","ping_status":"closed","sticky":true,"template":"","format":"standard","meta":{"footnotes":""},"categories":[1],"tags":[],"class_list":["post-2125","post","type-post","status-publish","format-standard","hentry","category-sem-categoria"],"yoast_head":"<!-- This site is optimized with the Yoast SEO plugin v23.8 - https:\/\/yoast.com\/wordpress\/plugins\/seo\/ -->\n<title>Prefeito Pedro Almeida anuncia aux\u00edlio financeiro para aperfei\u00e7oamento dos servidores - Secretaria de Administra\u00e7\u00e3o | Prefeitura de Passo Fundo<\/title>\n<meta name=\"robots\" content=\"index, follow, max-snippet:-1, max-image-preview:large, max-video-preview:-1\" \/>\n<link rel=\"canonical\" href=\"https:\/\/www.pmpf.rs.gov.br\/secretaria-de-administracao\/2022\/10\/prefeito-pedro-almeida-anuncia-auxilio-financeiro-para-aperfeicoamento-dos-servidores\/\" \/>\n<meta property=\"og:locale\" content=\"pt_BR\" \/>\n<meta property=\"og:type\" content=\"article\" \/>\n<meta property=\"og:title\" content=\"Prefeito Pedro Almeida anuncia aux\u00edlio financeiro para aperfei\u00e7oamento dos servidores - Secretaria de Administra\u00e7\u00e3o | Prefeitura de Passo Fundo\" \/>\n<meta property=\"og:description\" content=\"Bolsas de at\u00e9 50% voltar\u00e3o a ser fornecidas pelo Munic\u00edpio aos servidores estatu\u00e1rios e est\u00e1veis em cursos de gradua\u00e7\u00e3o e de educa\u00e7\u00e3o tecnol\u00f3gica relacionados \u00e0 sua \u00e1rea de atua\u00e7\u00e3o\" \/>\n<meta property=\"og:url\" content=\"https:\/\/www.pmpf.rs.gov.br\/secretaria-de-administracao\/2022\/10\/prefeito-pedro-almeida-anuncia-auxilio-financeiro-para-aperfeicoamento-dos-servidores\/\" \/>\n<meta property=\"og:site_name\" content=\"Secretaria de Administra\u00e7\u00e3o\" \/>\n<meta property=\"article:published_time\" content=\"2022-10-27T18:57:30+00:00\" \/>\n<meta property=\"article:modified_time\" content=\"2022-10-27T18:57:31+00:00\" \/>\n<meta name=\"author\" content=\"andressazorzetto07\" \/>\n<meta name=\"twitter:card\" content=\"summary_large_image\" \/>\n<meta name=\"twitter:label1\" content=\"Escrito por\" \/>\n\t<meta name=\"twitter:data1\" content=\"andressazorzetto07\" \/>\n\t<meta name=\"twitter:label2\" content=\"Est. tempo de leitura\" \/>\n\t<meta name=\"twitter:data2\" content=\"2 minutos\" \/>\n<script type=\"application\/ld+json\" class=\"yoast-schema-graph\">{\"@context\":\"https:\/\/schema.org\",\"@graph\":[{\"@type\":\"WebPage\",\"@id\":\"https:\/\/www.pmpf.rs.gov.br\/secretaria-de-administracao\/2022\/10\/prefeito-pedro-almeida-anuncia-auxilio-financeiro-para-aperfeicoamento-dos-servidores\/\",\"url\":\"https:\/\/www.pmpf.rs.gov.br\/secretaria-de-administracao\/2022\/10\/prefeito-pedro-almeida-anuncia-auxilio-financeiro-para-aperfeicoamento-dos-servidores\/\",\"name\":\"Prefeito Pedro Almeida anuncia aux\u00edlio financeiro para aperfei\u00e7oamento dos servidores - Secretaria de Administra\u00e7\u00e3o | Prefeitura de Passo Fundo\",\"isPartOf\":{\"@id\":\"https:\/\/www.pmpf.rs.gov.br\/secretaria-de-administracao\/#website\"},\"datePublished\":\"2022-10-27T18:57:30+00:00\",\"dateModified\":\"2022-10-27T18:57:31+00:00\",\"author\":{\"@id\":\"https:\/\/www.pmpf.rs.gov.br\/secretaria-de-administracao\/#\/schema\/person\/30ee1d1bd74da1469b01fcf086e43351\"},\"inLanguage\":\"pt-BR\",\"potentialAction\":[{\"@type\":\"ReadAction\",\"target\":[\"https:\/\/www.pmpf.rs.gov.br\/secretaria-de-administracao\/2022\/10\/prefeito-pedro-almeida-anuncia-auxilio-financeiro-para-aperfeicoamento-dos-servidores\/\"]}]},{\"@type\":\"WebSite\",\"@id\":\"https:\/\/www.pmpf.rs.gov.br\/secretaria-de-administracao\/#website\",\"url\":\"https:\/\/www.pmpf.rs.gov.br\/secretaria-de-administracao\/\",\"name\":\"Secretaria de Administra\u00e7\u00e3o\",\"description\":\"S\u00f3 mais um site Prefeitura Municipal de Passo Fundo Sites\",\"potentialAction\":[{\"@type\":\"SearchAction\",\"target\":{\"@type\":\"EntryPoint\",\"urlTemplate\":\"https:\/\/www.pmpf.rs.gov.br\/secretaria-de-administracao\/?s={search_term_string}\"},\"query-input\":{\"@type\":\"PropertyValueSpecification\",\"valueRequired\":true,\"valueName\":\"search_term_string\"}}],\"inLanguage\":\"pt-BR\"},{\"@type\":\"Person\",\"@id\":\"https:\/\/www.pmpf.rs.gov.br\/secretaria-de-administracao\/#\/schema\/person\/30ee1d1bd74da1469b01fcf086e43351\",\"name\":\"andressazorzetto07\",\"image\":{\"@type\":\"ImageObject\",\"inLanguage\":\"pt-BR\",\"@id\":\"https:\/\/www.pmpf.rs.gov.br\/secretaria-de-administracao\/#\/schema\/person\/image\/\",\"url\":\"https:\/\/secure.gravatar.com\/avatar\/14c5458ed79dc81da99a13b9ff5f9f19?s=96&d=mm&r=g\",\"contentUrl\":\"https:\/\/secure.gravatar.com\/avatar\/14c5458ed79dc81da99a13b9ff5f9f19?s=96&d=mm&r=g\",\"caption\":\"andressazorzetto07\"},\"url\":\"https:\/\/www.pmpf.rs.gov.br\/secretaria-de-administracao\/author\/andressazorzetto07\/\"}]}<\/script>\n<!-- \/ Yoast SEO plugin. -->","yoast_head_json":{"title":"Prefeito Pedro Almeida anuncia aux\u00edlio financeiro para aperfei\u00e7oamento dos servidores - Secretaria de Administra\u00e7\u00e3o | Prefeitura de Passo Fundo","robots":{"index":"index","follow":"follow","max-snippet":"max-snippet:-1","max-image-preview":"max-image-preview:large","max-video-preview":"max-video-preview:-1"},"canonical":"https:\/\/www.pmpf.rs.gov.br\/secretaria-de-administracao\/2022\/10\/prefeito-pedro-almeida-anuncia-auxilio-financeiro-para-aperfeicoamento-dos-servidores\/","og_locale":"pt_BR","og_type":"article","og_title":"Prefeito Pedro Almeida anuncia aux\u00edlio financeiro para aperfei\u00e7oamento dos servidores - Secretaria de Administra\u00e7\u00e3o | Prefeitura de Passo Fundo","og_description":"Bolsas de at\u00e9 50% voltar\u00e3o a ser fornecidas pelo Munic\u00edpio aos servidores estatu\u00e1rios e est\u00e1veis em cursos de gradua\u00e7\u00e3o e de educa\u00e7\u00e3o tecnol\u00f3gica relacionados \u00e0 sua \u00e1rea de atua\u00e7\u00e3o","og_url":"https:\/\/www.pmpf.rs.gov.br\/secretaria-de-administracao\/2022\/10\/prefeito-pedro-almeida-anuncia-auxilio-financeiro-para-aperfeicoamento-dos-servidores\/","og_site_name":"Secretaria de Administra\u00e7\u00e3o","article_published_time":"2022-10-27T18:57:30+00:00","article_modified_time":"2022-10-27T18:57:31+00:00","author":"andressazorzetto07","twitter_card":"summary_large_image","twitter_misc":{"Escrito por":"andressazorzetto07","Est. tempo de leitura":"2 minutos"},"schema":{"@context":"https:\/\/schema.org","@graph":[{"@type":"WebPage","@id":"https:\/\/www.pmpf.rs.gov.br\/secretaria-de-administracao\/2022\/10\/prefeito-pedro-almeida-anuncia-auxilio-financeiro-para-aperfeicoamento-dos-servidores\/","url":"https:\/\/www.pmpf.rs.gov.br\/secretaria-de-administracao\/2022\/10\/prefeito-pedro-almeida-anuncia-auxilio-financeiro-para-aperfeicoamento-dos-servidores\/","name":"Prefeito Pedro Almeida anuncia aux\u00edlio financeiro para aperfei\u00e7oamento dos servidores - Secretaria de Administra\u00e7\u00e3o | Prefeitura de Passo Fundo","isPartOf":{"@id":"https:\/\/www.pmpf.rs.gov.br\/secretaria-de-administracao\/#website"},"datePublished":"2022-10-27T18:57:30+00:00","dateModified":"2022-10-27T18:57:31+00:00","author":{"@id":"https:\/\/www.pmpf.rs.gov.br\/secretaria-de-administracao\/#\/schema\/person\/30ee1d1bd74da1469b01fcf086e43351"},"inLanguage":"pt-BR","potentialAction":[{"@type":"ReadAction","target":["https:\/\/www.pmpf.rs.gov.br\/secretaria-de-administracao\/2022\/10\/prefeito-pedro-almeida-anuncia-auxilio-financeiro-para-aperfeicoamento-dos-servidores\/"]}]},{"@type":"WebSite","@id":"https:\/\/www.pmpf.rs.gov.br\/secretaria-de-administracao\/#website","url":"https:\/\/www.pmpf.rs.gov.br\/secretaria-de-administracao\/","name":"Secretaria de Administra\u00e7\u00e3o","description":"S\u00f3 mais um site Prefeitura Municipal de Passo Fundo Sites","potentialAction":[{"@type":"SearchAction","target":{"@type":"EntryPoint","urlTemplate":"https:\/\/www.pmpf.rs.gov.br\/secretaria-de-administracao\/?s={search_term_string}"},"query-input":{"@type":"PropertyValueSpecification","valueRequired":true,"valueName":"search_term_string"}}],"inLanguage":"pt-BR"},{"@type":"Person","@id":"https:\/\/www.pmpf.rs.gov.br\/secretaria-de-administracao\/#\/schema\/person\/30ee1d1bd74da1469b01fcf086e43351","name":"andressazorzetto07","image":{"@type":"ImageObject","inLanguage":"pt-BR","@id":"https:\/\/www.pmpf.rs.gov.br\/secretaria-de-administracao\/#\/schema\/person\/image\/","url":"https:\/\/secure.gravatar.com\/avatar\/14c5458ed79dc81da99a13b9ff5f9f19?s=96&d=mm&r=g","contentUrl":"https:\/\/secure.gravatar.com\/avatar\/14c5458ed79dc81da99a13b9ff5f9f19?s=96&d=mm&r=g","caption":"andressazorzetto07"},"url":"https:\/\/www.pmpf.rs.gov.br\/secretaria-de-administracao\/author\/andressazorzetto07\/"}]}},"_links":{"self":[{"href":"https:\/\/www.pmpf.rs.gov.br\/secretaria-de-administracao\/wp-json\/wp\/v2\/posts\/2125"}],"collection":[{"href":"https:\/\/www.pmpf.rs.gov.br\/secretaria-de-administracao\/wp-json\/wp\/v2\/posts"}],"about":[{"href":"https:\/\/www.pmpf.rs.gov.br\/secretaria-de-administracao\/wp-json\/wp\/v2\/types\/post"}],"author":[{"embeddable":true,"href":"https:\/\/www.pmpf.rs.gov.br\/secretaria-de-administracao\/wp-json\/wp\/v2\/users\/6"}],"replies":[{"embeddable":true,"href":"https:\/\/www.pmpf.rs.gov.br\/secretaria-de-administracao\/wp-json\/wp\/v2\/comments?post=2125"}],"version-history":[{"count":1,"href":"https:\/\/www.pmpf.rs.gov.br\/secretaria-de-administracao\/wp-json\/wp\/v2\/posts\/2125\/revisions"}],"predecessor-version":[{"id":2126,"href":"https:\/\/www.pmpf.rs.gov.br\/secretaria-de-administracao\/wp-json\/wp\/v2\/posts\/2125\/revisions\/2126"}],"wp:attachment":[{"href":"https:\/\/www.pmpf.rs.gov.br\/secretaria-de-administracao\/wp-json\/wp\/v2\/media?parent=2125"}],"wp:term":[{"taxonomy":"category","embeddable":true,"href":"https:\/\/www.pmpf.rs.gov.br\/secretaria-de-administracao\/wp-json\/wp\/v2\/categories?post=2125"},{"taxonomy":"post_tag","embeddable":true,"href":"https:\/\/www.pmpf.rs.gov.br\/secretaria-de-administracao\/wp-json\/wp\/v2\/tags?post=2125"}],"curies":[{"name":"wp","href":"https:\/\/api.w.org\/{rel}","templated":true}]}}