{"id":2119,"date":"2022-10-25T16:53:15","date_gmt":"2022-10-25T19:53:15","guid":{"rendered":"https:\/\/www.pmpf.rs.gov.br\/secretaria-de-administracao\/?p=2119"},"modified":"2022-10-25T16:53:16","modified_gmt":"2022-10-25T19:53:16","slug":"prefeitura-anuncia-coordenador-do-bairro-a-bairro-e-confirma-data-do-evento-para-novembro","status":"publish","type":"post","link":"https:\/\/www.pmpf.rs.gov.br\/secretaria-de-administracao\/2022\/10\/prefeitura-anuncia-coordenador-do-bairro-a-bairro-e-confirma-data-do-evento-para-novembro\/","title":{"rendered":"Prefeitura anuncia coordenador do Bairro a Bairro e confirma data do evento para novembro"},"content":{"rendered":"\n<p><br><br>O prefeito de Passo Fundo, Pedro Almeida, anunciou nesta ter\u00e7a-feira (25), o nome do novo coordenador do programa Bairro a Bairro e tamb\u00e9m confirmou que o programa ser\u00e1 retomado com duas edi\u00e7\u00f5es at\u00e9 o fim do ano, nos meses de novembro e dezembro. Para gerir as demandas e articular as a\u00e7\u00f5es entre os diferentes setores da Prefeitura que atuam no projeto, o prefeito nomeou Daisson de Andrade da Silva, que assume j\u00e1 com a tarefa de organizar a realiza\u00e7\u00e3o do segundo Bairro a Bairro de 2022, previsto para ocorrer no dia 26 de novembro, no bairro Vila Nova.<\/p>\n\n\n\n<p>De acordo com Pedro, a nomea\u00e7\u00e3o de Daisson para a fun\u00e7\u00e3o atende a necessidade de dar mais agilidade \u00e0 tramita\u00e7\u00e3o dos servi\u00e7os que integram o programa, como a realiza\u00e7\u00e3o de obras de pavimenta\u00e7\u00e3o e tapa-buracos, limpeza e manuten\u00e7\u00e3o das vias p\u00fablicas e tamb\u00e9m a oferta de atendimentos ao p\u00fablico que participa do evento. \u201cA coordena\u00e7\u00e3o do Bairro a Bairro precisa estar articulada com os secret\u00e1rios municipais e com a Coordenadoria de Movimentos Populares. Esse di\u00e1logo \u00e9 essencial para otimizar o programa e tamb\u00e9m garantir que a comunidade receba a\u00e7\u00f5es concretas em seu bairro\u201d, explicou o prefeito.<\/p>\n\n\n\n<p>Segundo ele, o primeiro desafio de Daisson ser\u00e1 a retomada das edi\u00e7\u00f5es do Bairro em Bairro, marcada para o dia 26 de novembro, no bairro Vila Nova, ao lado da Unidade B\u00e1sica de Sa\u00fade (UBS). \u201cRealizamos uma primeira edi\u00e7\u00e3o em junho, na regi\u00e3o da grande Santa Marta, com muita participa\u00e7\u00e3o popular. Agora, vamos ampliar o programa para outras localidades e construir maneiras de fomentar ainda mais a intera\u00e7\u00e3o dos passo-fundenses com a estrutura da Prefeitura e todos os seus servi\u00e7os\u201d, avaliou o prefeito.<\/p>\n\n\n\n<p>Entre as iniciativas que ser\u00e3o desenvolvidas para a comunidade est\u00e3o corte de cabelo gratuito, oferta de vagas de trabalho atrav\u00e9s do Caf\u00e9 com Emprego, acesso ao programa \u00c9 o Bicho e cuidados preventivos em sa\u00fade, al\u00e9m de apresenta\u00e7\u00f5es art\u00edsticas e culturais. Ainda de acordo com o prefeito, uma terceira edi\u00e7\u00e3o do programa tamb\u00e9m est\u00e1 programada para ser realizada em dezembro, atendendo a comunidade do bairro Valinhos.<\/p>\n\n\n\n<p>Para o novo coordenador do Bairro a Bairro, estreitar a rela\u00e7\u00e3o do Poder P\u00fablico com as comunidades \u00e9 o desafio do programa. \u201cPor isso, assumo a fun\u00e7\u00e3o com o grande objetivo de ampliar esse di\u00e1logo entre as demandas da popula\u00e7\u00e3o e os servi\u00e7os da Prefeitura\u201d, comentou Silva, que trabalhou por 35 anos na Brigada Militar e que, nos \u00faltimos anos, vinha exercendo as fun\u00e7\u00f5es no policiamento comunit\u00e1rio e na Patrulha Maria da Penha.<\/p>\n","protected":false},"excerpt":{"rendered":"<p>Pr\u00f3xima edi\u00e7\u00e3o do programa vai ocorrer no dia 26 de novembro, no bairro Vila Nova, ao lado da Unidade B\u00e1sica de Sa\u00fade (UBS). Daisson de Andrade da Silva ser\u00e1 o coordenador geral das a\u00e7\u00f5es do Bairro a Bairro<\/p>\n","protected":false},"author":6,"featured_media":2120,"comment_status":"closed","ping_status":"closed","sticky":true,"template":"","format":"standard","meta":{"footnotes":""},"categories":[24],"tags":[],"class_list":["post-2119","post","type-post","status-publish","format-standard","has-post-thumbnail","hentry","category-bairro-a-bairro"],"yoast_head":"<!-- This site is optimized with the Yoast SEO plugin v23.8 - https:\/\/yoast.com\/wordpress\/plugins\/seo\/ -->\n<title>Prefeitura anuncia coordenador do Bairro a Bairro e confirma data do evento para novembro - Secretaria de Administra\u00e7\u00e3o | Prefeitura de Passo Fundo<\/title>\n<meta name=\"robots\" content=\"index, follow, max-snippet:-1, max-image-preview:large, max-video-preview:-1\" \/>\n<link rel=\"canonical\" href=\"https:\/\/www.pmpf.rs.gov.br\/secretaria-de-administracao\/2022\/10\/prefeitura-anuncia-coordenador-do-bairro-a-bairro-e-confirma-data-do-evento-para-novembro\/\" \/>\n<meta property=\"og:locale\" content=\"pt_BR\" \/>\n<meta property=\"og:type\" content=\"article\" \/>\n<meta property=\"og:title\" content=\"Prefeitura anuncia coordenador do Bairro a Bairro e confirma data do evento para novembro - Secretaria de Administra\u00e7\u00e3o | Prefeitura de Passo Fundo\" \/>\n<meta property=\"og:description\" content=\"Pr\u00f3xima edi\u00e7\u00e3o do programa vai ocorrer no dia 26 de novembro, no bairro Vila Nova, ao lado da Unidade B\u00e1sica de Sa\u00fade (UBS). Daisson de Andrade da Silva ser\u00e1 o coordenador geral das a\u00e7\u00f5es do Bairro a Bairro\" \/>\n<meta property=\"og:url\" content=\"https:\/\/www.pmpf.rs.gov.br\/secretaria-de-administracao\/2022\/10\/prefeitura-anuncia-coordenador-do-bairro-a-bairro-e-confirma-data-do-evento-para-novembro\/\" \/>\n<meta property=\"og:site_name\" content=\"Secretaria de Administra\u00e7\u00e3o\" \/>\n<meta property=\"article:published_time\" content=\"2022-10-25T19:53:15+00:00\" \/>\n<meta property=\"article:modified_time\" content=\"2022-10-25T19:53:16+00:00\" \/>\n<meta name=\"author\" content=\"andressazorzetto07\" \/>\n<meta name=\"twitter:card\" content=\"summary_large_image\" \/>\n<meta name=\"twitter:label1\" content=\"Escrito por\" \/>\n\t<meta name=\"twitter:data1\" content=\"andressazorzetto07\" \/>\n\t<meta name=\"twitter:label2\" content=\"Est. tempo de leitura\" \/>\n\t<meta name=\"twitter:data2\" content=\"2 minutos\" \/>\n<script type=\"application\/ld+json\" class=\"yoast-schema-graph\">{\"@context\":\"https:\/\/schema.org\",\"@graph\":[{\"@type\":\"WebPage\",\"@id\":\"https:\/\/www.pmpf.rs.gov.br\/secretaria-de-administracao\/2022\/10\/prefeitura-anuncia-coordenador-do-bairro-a-bairro-e-confirma-data-do-evento-para-novembro\/\",\"url\":\"https:\/\/www.pmpf.rs.gov.br\/secretaria-de-administracao\/2022\/10\/prefeitura-anuncia-coordenador-do-bairro-a-bairro-e-confirma-data-do-evento-para-novembro\/\",\"name\":\"Prefeitura anuncia coordenador do Bairro a Bairro e confirma data do evento para novembro - Secretaria de Administra\u00e7\u00e3o | Prefeitura de Passo Fundo\",\"isPartOf\":{\"@id\":\"https:\/\/www.pmpf.rs.gov.br\/secretaria-de-administracao\/#website\"},\"primaryImageOfPage\":{\"@id\":\"https:\/\/www.pmpf.rs.gov.br\/secretaria-de-administracao\/2022\/10\/prefeitura-anuncia-coordenador-do-bairro-a-bairro-e-confirma-data-do-evento-para-novembro\/#primaryimage\"},\"image\":{\"@id\":\"https:\/\/www.pmpf.rs.gov.br\/secretaria-de-administracao\/2022\/10\/prefeitura-anuncia-coordenador-do-bairro-a-bairro-e-confirma-data-do-evento-para-novembro\/#primaryimage\"},\"thumbnailUrl\":\"https:\/\/www.pmpf.rs.gov.br\/secretaria-de-administracao\/wp-content\/uploads\/sites\/4\/2022\/10\/bairro-a-bairro.jpg\",\"datePublished\":\"2022-10-25T19:53:15+00:00\",\"dateModified\":\"2022-10-25T19:53:16+00:00\",\"author\":{\"@id\":\"https:\/\/www.pmpf.rs.gov.br\/secretaria-de-administracao\/#\/schema\/person\/30ee1d1bd74da1469b01fcf086e43351\"},\"inLanguage\":\"pt-BR\",\"potentialAction\":[{\"@type\":\"ReadAction\",\"target\":[\"https:\/\/www.pmpf.rs.gov.br\/secretaria-de-administracao\/2022\/10\/prefeitura-anuncia-coordenador-do-bairro-a-bairro-e-confirma-data-do-evento-para-novembro\/\"]}]},{\"@type\":\"ImageObject\",\"inLanguage\":\"pt-BR\",\"@id\":\"https:\/\/www.pmpf.rs.gov.br\/secretaria-de-administracao\/2022\/10\/prefeitura-anuncia-coordenador-do-bairro-a-bairro-e-confirma-data-do-evento-para-novembro\/#primaryimage\",\"url\":\"https:\/\/www.pmpf.rs.gov.br\/secretaria-de-administracao\/wp-content\/uploads\/sites\/4\/2022\/10\/bairro-a-bairro.jpg\",\"contentUrl\":\"https:\/\/www.pmpf.rs.gov.br\/secretaria-de-administracao\/wp-content\/uploads\/sites\/4\/2022\/10\/bairro-a-bairro.jpg\",\"width\":720,\"height\":1280},{\"@type\":\"WebSite\",\"@id\":\"https:\/\/www.pmpf.rs.gov.br\/secretaria-de-administracao\/#website\",\"url\":\"https:\/\/www.pmpf.rs.gov.br\/secretaria-de-administracao\/\",\"name\":\"Secretaria de Administra\u00e7\u00e3o\",\"description\":\"S\u00f3 mais um site Prefeitura Municipal de Passo Fundo Sites\",\"potentialAction\":[{\"@type\":\"SearchAction\",\"target\":{\"@type\":\"EntryPoint\",\"urlTemplate\":\"https:\/\/www.pmpf.rs.gov.br\/secretaria-de-administracao\/?s={search_term_string}\"},\"query-input\":{\"@type\":\"PropertyValueSpecification\",\"valueRequired\":true,\"valueName\":\"search_term_string\"}}],\"inLanguage\":\"pt-BR\"},{\"@type\":\"Person\",\"@id\":\"https:\/\/www.pmpf.rs.gov.br\/secretaria-de-administracao\/#\/schema\/person\/30ee1d1bd74da1469b01fcf086e43351\",\"name\":\"andressazorzetto07\",\"image\":{\"@type\":\"ImageObject\",\"inLanguage\":\"pt-BR\",\"@id\":\"https:\/\/www.pmpf.rs.gov.br\/secretaria-de-administracao\/#\/schema\/person\/image\/\",\"url\":\"https:\/\/secure.gravatar.com\/avatar\/14c5458ed79dc81da99a13b9ff5f9f19?s=96&d=mm&r=g\",\"contentUrl\":\"https:\/\/secure.gravatar.com\/avatar\/14c5458ed79dc81da99a13b9ff5f9f19?s=96&d=mm&r=g\",\"caption\":\"andressazorzetto07\"},\"url\":\"https:\/\/www.pmpf.rs.gov.br\/secretaria-de-administracao\/author\/andressazorzetto07\/\"}]}<\/script>\n<!-- \/ Yoast SEO plugin. -->","yoast_head_json":{"title":"Prefeitura anuncia coordenador do Bairro a Bairro e confirma data do evento para novembro - Secretaria de Administra\u00e7\u00e3o | Prefeitura de Passo Fundo","robots":{"index":"index","follow":"follow","max-snippet":"max-snippet:-1","max-image-preview":"max-image-preview:large","max-video-preview":"max-video-preview:-1"},"canonical":"https:\/\/www.pmpf.rs.gov.br\/secretaria-de-administracao\/2022\/10\/prefeitura-anuncia-coordenador-do-bairro-a-bairro-e-confirma-data-do-evento-para-novembro\/","og_locale":"pt_BR","og_type":"article","og_title":"Prefeitura anuncia coordenador do Bairro a Bairro e confirma data do evento para novembro - Secretaria de Administra\u00e7\u00e3o | Prefeitura de Passo Fundo","og_description":"Pr\u00f3xima edi\u00e7\u00e3o do programa vai ocorrer no dia 26 de novembro, no bairro Vila Nova, ao lado da Unidade B\u00e1sica de Sa\u00fade (UBS). Daisson de Andrade da Silva ser\u00e1 o coordenador geral das a\u00e7\u00f5es do Bairro a Bairro","og_url":"https:\/\/www.pmpf.rs.gov.br\/secretaria-de-administracao\/2022\/10\/prefeitura-anuncia-coordenador-do-bairro-a-bairro-e-confirma-data-do-evento-para-novembro\/","og_site_name":"Secretaria de Administra\u00e7\u00e3o","article_published_time":"2022-10-25T19:53:15+00:00","article_modified_time":"2022-10-25T19:53:16+00:00","author":"andressazorzetto07","twitter_card":"summary_large_image","twitter_misc":{"Escrito por":"andressazorzetto07","Est. tempo de leitura":"2 minutos"},"schema":{"@context":"https:\/\/schema.org","@graph":[{"@type":"WebPage","@id":"https:\/\/www.pmpf.rs.gov.br\/secretaria-de-administracao\/2022\/10\/prefeitura-anuncia-coordenador-do-bairro-a-bairro-e-confirma-data-do-evento-para-novembro\/","url":"https:\/\/www.pmpf.rs.gov.br\/secretaria-de-administracao\/2022\/10\/prefeitura-anuncia-coordenador-do-bairro-a-bairro-e-confirma-data-do-evento-para-novembro\/","name":"Prefeitura anuncia coordenador do Bairro a Bairro e confirma data do evento para novembro - Secretaria de Administra\u00e7\u00e3o | Prefeitura de Passo Fundo","isPartOf":{"@id":"https:\/\/www.pmpf.rs.gov.br\/secretaria-de-administracao\/#website"},"primaryImageOfPage":{"@id":"https:\/\/www.pmpf.rs.gov.br\/secretaria-de-administracao\/2022\/10\/prefeitura-anuncia-coordenador-do-bairro-a-bairro-e-confirma-data-do-evento-para-novembro\/#primaryimage"},"image":{"@id":"https:\/\/www.pmpf.rs.gov.br\/secretaria-de-administracao\/2022\/10\/prefeitura-anuncia-coordenador-do-bairro-a-bairro-e-confirma-data-do-evento-para-novembro\/#primaryimage"},"thumbnailUrl":"https:\/\/www.pmpf.rs.gov.br\/secretaria-de-administracao\/wp-content\/uploads\/sites\/4\/2022\/10\/bairro-a-bairro.jpg","datePublished":"2022-10-25T19:53:15+00:00","dateModified":"2022-10-25T19:53:16+00:00","author":{"@id":"https:\/\/www.pmpf.rs.gov.br\/secretaria-de-administracao\/#\/schema\/person\/30ee1d1bd74da1469b01fcf086e43351"},"inLanguage":"pt-BR","potentialAction":[{"@type":"ReadAction","target":["https:\/\/www.pmpf.rs.gov.br\/secretaria-de-administracao\/2022\/10\/prefeitura-anuncia-coordenador-do-bairro-a-bairro-e-confirma-data-do-evento-para-novembro\/"]}]},{"@type":"ImageObject","inLanguage":"pt-BR","@id":"https:\/\/www.pmpf.rs.gov.br\/secretaria-de-administracao\/2022\/10\/prefeitura-anuncia-coordenador-do-bairro-a-bairro-e-confirma-data-do-evento-para-novembro\/#primaryimage","url":"https:\/\/www.pmpf.rs.gov.br\/secretaria-de-administracao\/wp-content\/uploads\/sites\/4\/2022\/10\/bairro-a-bairro.jpg","contentUrl":"https:\/\/www.pmpf.rs.gov.br\/secretaria-de-administracao\/wp-content\/uploads\/sites\/4\/2022\/10\/bairro-a-bairro.jpg","width":720,"height":1280},{"@type":"WebSite","@id":"https:\/\/www.pmpf.rs.gov.br\/secretaria-de-administracao\/#website","url":"https:\/\/www.pmpf.rs.gov.br\/secretaria-de-administracao\/","name":"Secretaria de Administra\u00e7\u00e3o","description":"S\u00f3 mais um site Prefeitura Municipal de Passo Fundo Sites","potentialAction":[{"@type":"SearchAction","target":{"@type":"EntryPoint","urlTemplate":"https:\/\/www.pmpf.rs.gov.br\/secretaria-de-administracao\/?s={search_term_string}"},"query-input":{"@type":"PropertyValueSpecification","valueRequired":true,"valueName":"search_term_string"}}],"inLanguage":"pt-BR"},{"@type":"Person","@id":"https:\/\/www.pmpf.rs.gov.br\/secretaria-de-administracao\/#\/schema\/person\/30ee1d1bd74da1469b01fcf086e43351","name":"andressazorzetto07","image":{"@type":"ImageObject","inLanguage":"pt-BR","@id":"https:\/\/www.pmpf.rs.gov.br\/secretaria-de-administracao\/#\/schema\/person\/image\/","url":"https:\/\/secure.gravatar.com\/avatar\/14c5458ed79dc81da99a13b9ff5f9f19?s=96&d=mm&r=g","contentUrl":"https:\/\/secure.gravatar.com\/avatar\/14c5458ed79dc81da99a13b9ff5f9f19?s=96&d=mm&r=g","caption":"andressazorzetto07"},"url":"https:\/\/www.pmpf.rs.gov.br\/secretaria-de-administracao\/author\/andressazorzetto07\/"}]}},"_links":{"self":[{"href":"https:\/\/www.pmpf.rs.gov.br\/secretaria-de-administracao\/wp-json\/wp\/v2\/posts\/2119"}],"collection":[{"href":"https:\/\/www.pmpf.rs.gov.br\/secretaria-de-administracao\/wp-json\/wp\/v2\/posts"}],"about":[{"href":"https:\/\/www.pmpf.rs.gov.br\/secretaria-de-administracao\/wp-json\/wp\/v2\/types\/post"}],"author":[{"embeddable":true,"href":"https:\/\/www.pmpf.rs.gov.br\/secretaria-de-administracao\/wp-json\/wp\/v2\/users\/6"}],"replies":[{"embeddable":true,"href":"https:\/\/www.pmpf.rs.gov.br\/secretaria-de-administracao\/wp-json\/wp\/v2\/comments?post=2119"}],"version-history":[{"count":1,"href":"https:\/\/www.pmpf.rs.gov.br\/secretaria-de-administracao\/wp-json\/wp\/v2\/posts\/2119\/revisions"}],"predecessor-version":[{"id":2121,"href":"https:\/\/www.pmpf.rs.gov.br\/secretaria-de-administracao\/wp-json\/wp\/v2\/posts\/2119\/revisions\/2121"}],"wp:featuredmedia":[{"embeddable":true,"href":"https:\/\/www.pmpf.rs.gov.br\/secretaria-de-administracao\/wp-json\/wp\/v2\/media\/2120"}],"wp:attachment":[{"href":"https:\/\/www.pmpf.rs.gov.br\/secretaria-de-administracao\/wp-json\/wp\/v2\/media?parent=2119"}],"wp:term":[{"taxonomy":"category","embeddable":true,"href":"https:\/\/www.pmpf.rs.gov.br\/secretaria-de-administracao\/wp-json\/wp\/v2\/categories?post=2119"},{"taxonomy":"post_tag","embeddable":true,"href":"https:\/\/www.pmpf.rs.gov.br\/secretaria-de-administracao\/wp-json\/wp\/v2\/tags?post=2119"}],"curies":[{"name":"wp","href":"https:\/\/api.w.org\/{rel}","templated":true}]}}