{"id":2099,"date":"2022-08-31T16:26:38","date_gmt":"2022-08-31T19:26:38","guid":{"rendered":"https:\/\/www.pmpf.rs.gov.br\/secretaria-de-administracao\/?p=2099"},"modified":"2022-08-31T16:26:38","modified_gmt":"2022-08-31T19:26:38","slug":"prefeitura-homenageia-entidades-e-instituicoes-por-servicos-prestados-a-comunidade","status":"publish","type":"post","link":"https:\/\/www.pmpf.rs.gov.br\/secretaria-de-administracao\/2022\/08\/prefeitura-homenageia-entidades-e-instituicoes-por-servicos-prestados-a-comunidade\/","title":{"rendered":"Prefeitura homenageia entidades e institui\u00e7\u00f5es por servi\u00e7os prestados \u00e0 comunidade"},"content":{"rendered":"\n<p><\/p>\n\n\n\n<p><\/p>\n\n\n\n<p>Reconhecendo o esfor\u00e7o e a dedica\u00e7\u00e3o de diferentes entidades e institui\u00e7\u00f5es que atuam no munic\u00edpio e que comemoram suas datas de funda\u00e7\u00e3o neste ano em que Passo Fundo celebrou 165 anos, o prefeito Pedro Almeida entregou, na tarde desta quarta-feira (31), as comendas pelos anivers\u00e1rios de 60 anos da C\u00e1ritas Diocesana, 60 anos do Sindicato dos Trabalhadores Rurais, 50 anos do Senai, 45 anos do Museu Hist\u00f3rico Regional e 20 anos da Casa Vita.<\/p>\n\n\n\n<p>As homenagens, destacou o prefeito, tem o objetivo de valorizar a atua\u00e7\u00e3o social, assistencial, hist\u00f3rica e educacional destas entidades e sua rela\u00e7\u00e3o com a comunidade. \u201cPasso Fundo comemorou, em 2022, seus 165 anos com diversas atividades que marcaram esta data como uma celebra\u00e7\u00e3o de todos os passo-fundenses. Reconhecer as entidades que fazem parte desta hist\u00f3ria \u00e9 tamb\u00e9m um gesto importante para refor\u00e7ar o quanto a soma de esfor\u00e7os em diversas \u00e1reas promove o desenvolvimento social do munic\u00edpio\u201d, observou Pedro.<\/p>\n\n\n\n<p>Ao destacar os indicadores sociais e econ\u00f4micos registrados pelo munic\u00edpio neste ano, o prefeito ainda agradeceu a parceria das entidades nas a\u00e7\u00f5es que promovem avan\u00e7os no munic\u00edpio. \u201cPasso Fundo \u00e9 constru\u00edda por milhares de pessoas. Nada mais justo que, ao comemorar o anivers\u00e1rio da cidade, a gente enalte\u00e7a quem faz a diferen\u00e7a\u201d, disse Pedro. A entrega das placas comemorativas foi acompanhada pela secret\u00e1ria de Cultura, Miri\u00ea Tedesco; e pelos secret\u00e1rios de Cidadania e Assist\u00eancia Social, Saul Spinelli; e de Agricultura e Desenvolvimento Rural, Cristiam Thans.<\/p>\n\n\n\n<p>Para o presidente da Casa Vita, Iber\u00ea Alves, esta homenagem \u00e9 um reconhecimento aos servi\u00e7os e a atua\u00e7\u00e3o da entidade em Passo Fundo no acolhimento e recupera\u00e7\u00e3o de pessoas com depend\u00eancia qu\u00edmica. A presidente do Sindicato dos Trabalhadores Rurais, Marin\u00eas Scapini Penz, tamb\u00e9m comentou que a entidade tem uma forte rela\u00e7\u00e3o com as iniciativas do munic\u00edpio e que este reconhecimento fortalece o papel do Sindicato e da Prefeitura junto aos agricultores e trabalhadores rurais. \u201cFicamos muito felizes por este reconhecimento, porque demonstra que a Administra\u00e7\u00e3o est\u00e1 olhando com aten\u00e7\u00e3o tamb\u00e9m para o meio rural\u201d, argumentou.<\/p>\n\n\n\n<p>Al\u00e9m destas entidades, a Prefeitura tamb\u00e9m homenageou o Senac, pelo anivers\u00e1rio de 30 anos; a Unimed, pelo anivers\u00e1rio de 50 anos; a Faculdade de Artes e Comunica\u00e7\u00e3o (FAC), pelos 70 anos; a APAE, pelos 55 anos e o Sicredi, pelos 40 anos.<\/p>\n","protected":false},"excerpt":{"rendered":"<p>Entrega das comendas integrou as programa\u00e7\u00f5es alusivas ao anivers\u00e1rio de 165 anos de Passo Fundo, celebradas durante este m\u00eas de agosto<\/p>\n","protected":false},"author":6,"featured_media":0,"comment_status":"closed","ping_status":"closed","sticky":true,"template":"","format":"standard","meta":{"footnotes":""},"categories":[28],"tags":[],"class_list":["post-2099","post","type-post","status-publish","format-standard","hentry","category-eu-amo-passo-fundo"],"yoast_head":"<!-- This site is optimized with the Yoast SEO plugin v23.8 - https:\/\/yoast.com\/wordpress\/plugins\/seo\/ -->\n<title>Prefeitura homenageia entidades e institui\u00e7\u00f5es por servi\u00e7os prestados \u00e0 comunidade - Secretaria de Administra\u00e7\u00e3o | Prefeitura de Passo Fundo<\/title>\n<meta name=\"robots\" content=\"index, follow, max-snippet:-1, max-image-preview:large, max-video-preview:-1\" \/>\n<link rel=\"canonical\" href=\"https:\/\/www.pmpf.rs.gov.br\/secretaria-de-administracao\/2022\/08\/prefeitura-homenageia-entidades-e-instituicoes-por-servicos-prestados-a-comunidade\/\" \/>\n<meta property=\"og:locale\" content=\"pt_BR\" \/>\n<meta property=\"og:type\" content=\"article\" \/>\n<meta property=\"og:title\" content=\"Prefeitura homenageia entidades e institui\u00e7\u00f5es por servi\u00e7os prestados \u00e0 comunidade - Secretaria de Administra\u00e7\u00e3o | Prefeitura de Passo Fundo\" \/>\n<meta property=\"og:description\" content=\"Entrega das comendas integrou as programa\u00e7\u00f5es alusivas ao anivers\u00e1rio de 165 anos de Passo Fundo, celebradas durante este m\u00eas de agosto\" \/>\n<meta property=\"og:url\" content=\"https:\/\/www.pmpf.rs.gov.br\/secretaria-de-administracao\/2022\/08\/prefeitura-homenageia-entidades-e-instituicoes-por-servicos-prestados-a-comunidade\/\" \/>\n<meta property=\"og:site_name\" content=\"Secretaria de Administra\u00e7\u00e3o\" \/>\n<meta property=\"article:published_time\" content=\"2022-08-31T19:26:38+00:00\" \/>\n<meta name=\"author\" content=\"andressazorzetto07\" \/>\n<meta name=\"twitter:card\" content=\"summary_large_image\" \/>\n<meta name=\"twitter:label1\" content=\"Escrito por\" \/>\n\t<meta name=\"twitter:data1\" content=\"andressazorzetto07\" \/>\n\t<meta name=\"twitter:label2\" content=\"Est. tempo de leitura\" \/>\n\t<meta name=\"twitter:data2\" content=\"2 minutos\" \/>\n<script type=\"application\/ld+json\" class=\"yoast-schema-graph\">{\"@context\":\"https:\/\/schema.org\",\"@graph\":[{\"@type\":\"WebPage\",\"@id\":\"https:\/\/www.pmpf.rs.gov.br\/secretaria-de-administracao\/2022\/08\/prefeitura-homenageia-entidades-e-instituicoes-por-servicos-prestados-a-comunidade\/\",\"url\":\"https:\/\/www.pmpf.rs.gov.br\/secretaria-de-administracao\/2022\/08\/prefeitura-homenageia-entidades-e-instituicoes-por-servicos-prestados-a-comunidade\/\",\"name\":\"Prefeitura homenageia entidades e institui\u00e7\u00f5es por servi\u00e7os prestados \u00e0 comunidade - Secretaria de Administra\u00e7\u00e3o | Prefeitura de Passo Fundo\",\"isPartOf\":{\"@id\":\"https:\/\/www.pmpf.rs.gov.br\/secretaria-de-administracao\/#website\"},\"datePublished\":\"2022-08-31T19:26:38+00:00\",\"dateModified\":\"2022-08-31T19:26:38+00:00\",\"author\":{\"@id\":\"https:\/\/www.pmpf.rs.gov.br\/secretaria-de-administracao\/#\/schema\/person\/30ee1d1bd74da1469b01fcf086e43351\"},\"inLanguage\":\"pt-BR\",\"potentialAction\":[{\"@type\":\"ReadAction\",\"target\":[\"https:\/\/www.pmpf.rs.gov.br\/secretaria-de-administracao\/2022\/08\/prefeitura-homenageia-entidades-e-instituicoes-por-servicos-prestados-a-comunidade\/\"]}]},{\"@type\":\"WebSite\",\"@id\":\"https:\/\/www.pmpf.rs.gov.br\/secretaria-de-administracao\/#website\",\"url\":\"https:\/\/www.pmpf.rs.gov.br\/secretaria-de-administracao\/\",\"name\":\"Secretaria de Administra\u00e7\u00e3o\",\"description\":\"S\u00f3 mais um site Prefeitura Municipal de Passo Fundo Sites\",\"potentialAction\":[{\"@type\":\"SearchAction\",\"target\":{\"@type\":\"EntryPoint\",\"urlTemplate\":\"https:\/\/www.pmpf.rs.gov.br\/secretaria-de-administracao\/?s={search_term_string}\"},\"query-input\":{\"@type\":\"PropertyValueSpecification\",\"valueRequired\":true,\"valueName\":\"search_term_string\"}}],\"inLanguage\":\"pt-BR\"},{\"@type\":\"Person\",\"@id\":\"https:\/\/www.pmpf.rs.gov.br\/secretaria-de-administracao\/#\/schema\/person\/30ee1d1bd74da1469b01fcf086e43351\",\"name\":\"andressazorzetto07\",\"image\":{\"@type\":\"ImageObject\",\"inLanguage\":\"pt-BR\",\"@id\":\"https:\/\/www.pmpf.rs.gov.br\/secretaria-de-administracao\/#\/schema\/person\/image\/\",\"url\":\"https:\/\/secure.gravatar.com\/avatar\/14c5458ed79dc81da99a13b9ff5f9f19?s=96&d=mm&r=g\",\"contentUrl\":\"https:\/\/secure.gravatar.com\/avatar\/14c5458ed79dc81da99a13b9ff5f9f19?s=96&d=mm&r=g\",\"caption\":\"andressazorzetto07\"},\"url\":\"https:\/\/www.pmpf.rs.gov.br\/secretaria-de-administracao\/author\/andressazorzetto07\/\"}]}<\/script>\n<!-- \/ Yoast SEO plugin. -->","yoast_head_json":{"title":"Prefeitura homenageia entidades e institui\u00e7\u00f5es por servi\u00e7os prestados \u00e0 comunidade - Secretaria de Administra\u00e7\u00e3o | Prefeitura de Passo Fundo","robots":{"index":"index","follow":"follow","max-snippet":"max-snippet:-1","max-image-preview":"max-image-preview:large","max-video-preview":"max-video-preview:-1"},"canonical":"https:\/\/www.pmpf.rs.gov.br\/secretaria-de-administracao\/2022\/08\/prefeitura-homenageia-entidades-e-instituicoes-por-servicos-prestados-a-comunidade\/","og_locale":"pt_BR","og_type":"article","og_title":"Prefeitura homenageia entidades e institui\u00e7\u00f5es por servi\u00e7os prestados \u00e0 comunidade - Secretaria de Administra\u00e7\u00e3o | Prefeitura de Passo Fundo","og_description":"Entrega das comendas integrou as programa\u00e7\u00f5es alusivas ao anivers\u00e1rio de 165 anos de Passo Fundo, celebradas durante este m\u00eas de agosto","og_url":"https:\/\/www.pmpf.rs.gov.br\/secretaria-de-administracao\/2022\/08\/prefeitura-homenageia-entidades-e-instituicoes-por-servicos-prestados-a-comunidade\/","og_site_name":"Secretaria de Administra\u00e7\u00e3o","article_published_time":"2022-08-31T19:26:38+00:00","author":"andressazorzetto07","twitter_card":"summary_large_image","twitter_misc":{"Escrito por":"andressazorzetto07","Est. tempo de leitura":"2 minutos"},"schema":{"@context":"https:\/\/schema.org","@graph":[{"@type":"WebPage","@id":"https:\/\/www.pmpf.rs.gov.br\/secretaria-de-administracao\/2022\/08\/prefeitura-homenageia-entidades-e-instituicoes-por-servicos-prestados-a-comunidade\/","url":"https:\/\/www.pmpf.rs.gov.br\/secretaria-de-administracao\/2022\/08\/prefeitura-homenageia-entidades-e-instituicoes-por-servicos-prestados-a-comunidade\/","name":"Prefeitura homenageia entidades e institui\u00e7\u00f5es por servi\u00e7os prestados \u00e0 comunidade - Secretaria de Administra\u00e7\u00e3o | Prefeitura de Passo Fundo","isPartOf":{"@id":"https:\/\/www.pmpf.rs.gov.br\/secretaria-de-administracao\/#website"},"datePublished":"2022-08-31T19:26:38+00:00","dateModified":"2022-08-31T19:26:38+00:00","author":{"@id":"https:\/\/www.pmpf.rs.gov.br\/secretaria-de-administracao\/#\/schema\/person\/30ee1d1bd74da1469b01fcf086e43351"},"inLanguage":"pt-BR","potentialAction":[{"@type":"ReadAction","target":["https:\/\/www.pmpf.rs.gov.br\/secretaria-de-administracao\/2022\/08\/prefeitura-homenageia-entidades-e-instituicoes-por-servicos-prestados-a-comunidade\/"]}]},{"@type":"WebSite","@id":"https:\/\/www.pmpf.rs.gov.br\/secretaria-de-administracao\/#website","url":"https:\/\/www.pmpf.rs.gov.br\/secretaria-de-administracao\/","name":"Secretaria de Administra\u00e7\u00e3o","description":"S\u00f3 mais um site Prefeitura Municipal de Passo Fundo Sites","potentialAction":[{"@type":"SearchAction","target":{"@type":"EntryPoint","urlTemplate":"https:\/\/www.pmpf.rs.gov.br\/secretaria-de-administracao\/?s={search_term_string}"},"query-input":{"@type":"PropertyValueSpecification","valueRequired":true,"valueName":"search_term_string"}}],"inLanguage":"pt-BR"},{"@type":"Person","@id":"https:\/\/www.pmpf.rs.gov.br\/secretaria-de-administracao\/#\/schema\/person\/30ee1d1bd74da1469b01fcf086e43351","name":"andressazorzetto07","image":{"@type":"ImageObject","inLanguage":"pt-BR","@id":"https:\/\/www.pmpf.rs.gov.br\/secretaria-de-administracao\/#\/schema\/person\/image\/","url":"https:\/\/secure.gravatar.com\/avatar\/14c5458ed79dc81da99a13b9ff5f9f19?s=96&d=mm&r=g","contentUrl":"https:\/\/secure.gravatar.com\/avatar\/14c5458ed79dc81da99a13b9ff5f9f19?s=96&d=mm&r=g","caption":"andressazorzetto07"},"url":"https:\/\/www.pmpf.rs.gov.br\/secretaria-de-administracao\/author\/andressazorzetto07\/"}]}},"_links":{"self":[{"href":"https:\/\/www.pmpf.rs.gov.br\/secretaria-de-administracao\/wp-json\/wp\/v2\/posts\/2099"}],"collection":[{"href":"https:\/\/www.pmpf.rs.gov.br\/secretaria-de-administracao\/wp-json\/wp\/v2\/posts"}],"about":[{"href":"https:\/\/www.pmpf.rs.gov.br\/secretaria-de-administracao\/wp-json\/wp\/v2\/types\/post"}],"author":[{"embeddable":true,"href":"https:\/\/www.pmpf.rs.gov.br\/secretaria-de-administracao\/wp-json\/wp\/v2\/users\/6"}],"replies":[{"embeddable":true,"href":"https:\/\/www.pmpf.rs.gov.br\/secretaria-de-administracao\/wp-json\/wp\/v2\/comments?post=2099"}],"version-history":[{"count":2,"href":"https:\/\/www.pmpf.rs.gov.br\/secretaria-de-administracao\/wp-json\/wp\/v2\/posts\/2099\/revisions"}],"predecessor-version":[{"id":2102,"href":"https:\/\/www.pmpf.rs.gov.br\/secretaria-de-administracao\/wp-json\/wp\/v2\/posts\/2099\/revisions\/2102"}],"wp:attachment":[{"href":"https:\/\/www.pmpf.rs.gov.br\/secretaria-de-administracao\/wp-json\/wp\/v2\/media?parent=2099"}],"wp:term":[{"taxonomy":"category","embeddable":true,"href":"https:\/\/www.pmpf.rs.gov.br\/secretaria-de-administracao\/wp-json\/wp\/v2\/categories?post=2099"},{"taxonomy":"post_tag","embeddable":true,"href":"https:\/\/www.pmpf.rs.gov.br\/secretaria-de-administracao\/wp-json\/wp\/v2\/tags?post=2099"}],"curies":[{"name":"wp","href":"https:\/\/api.w.org\/{rel}","templated":true}]}}