{"id":2071,"date":"2022-08-01T11:21:35","date_gmt":"2022-08-01T14:21:35","guid":{"rendered":"https:\/\/www.pmpf.rs.gov.br\/secretaria-de-administracao\/?p=2071"},"modified":"2022-08-01T11:21:36","modified_gmt":"2022-08-01T14:21:36","slug":"prefeitura-vai-capacitar-servidores-para-melhorar-atendimento-a-pessoas-surdas","status":"publish","type":"post","link":"https:\/\/www.pmpf.rs.gov.br\/secretaria-de-administracao\/2022\/08\/prefeitura-vai-capacitar-servidores-para-melhorar-atendimento-a-pessoas-surdas\/","title":{"rendered":"Prefeitura vai capacitar servidores para melhorar atendimento a pessoas surdas"},"content":{"rendered":"\n<p><br>Na manh\u00e3 desta segunda-feira (1), a Prefeitura e a Associa\u00e7\u00e3o de Pais e Amigos dos Surdos (APAS) deram um importante passo para a qualifica\u00e7\u00e3o das pol\u00edticas p\u00fablicas voltadas a essa popula\u00e7\u00e3o. Um conv\u00eanio assegura a capacita\u00e7\u00e3o dos servidores municipais, que vai promover um atendimento eficaz e a inclus\u00e3o social.<\/p>\n\n\n\n<p>O prefeito, Pedro Almeida, enfatizou a import\u00e2ncia da iniciativa para garantir que todo cidad\u00e3o seja bem atendido nas secretarias municipais. \u201cFicamos muito felizes por, no in\u00edcio da Semana do Munic\u00edpio, estar avan\u00e7ando em pol\u00edticas p\u00fablicas de inclus\u00e3o. Precisamos trabalhar na capacita\u00e7\u00e3o dos servidores para a popula\u00e7\u00e3o, pois eles s\u00e3o os intermediadores dos servi\u00e7os da Prefeitura\u201d, considerou.<\/p>\n\n\n\n<p>Por meio do conv\u00eanio, a Apas ministrar\u00e1 um curso de libras com os servidores. A partir do dia 5 de agosto, 20 profissionais que trabalham diretamente do o p\u00fablico passar\u00e3o pela capacita\u00e7\u00e3o. As atividades ser\u00e3o realizadas nas sextas-feiras, das 13h30 \u00e0s 17h, no pr\u00e9dio do Garra Pr\u00e9-Vestibular, e ter\u00e3o dura\u00e7\u00e3o de dois anos.<\/p>\n\n\n\n<p>Para a presidente da APAS, Marinez Debiasi, a iniciativa do Munic\u00edpio deve contribuir\u00e1 com a importante luta dos surdos e dos deficientes auditivos na busca por um atendimento humanizado no setor p\u00fablico. \u201cEstamos muito satisfeitos com o dia de hoje. Nossa entidade foi fundada em 1991 por pais preocupados com a educa\u00e7\u00e3o de seus filhos. Desde ent\u00e3o, temos atuado na defesa e garantia de direitos das pessoas com surdez\u201d, afirmou.<\/p>\n\n\n\n<p><strong>Foto: Michel Sanderi<\/strong><\/p>\n","protected":false},"excerpt":{"rendered":"<p>Conv\u00eanio com Associa\u00e7\u00e3o de Pais e Amigos dos Surdos busca promover a inclus\u00e3o social<\/p>\n","protected":false},"author":6,"featured_media":2072,"comment_status":"closed","ping_status":"closed","sticky":true,"template":"","format":"standard","meta":{"footnotes":""},"categories":[1],"tags":[],"class_list":["post-2071","post","type-post","status-publish","format-standard","has-post-thumbnail","hentry","category-sem-categoria"],"yoast_head":"<!-- This site is optimized with the Yoast SEO plugin v23.8 - https:\/\/yoast.com\/wordpress\/plugins\/seo\/ -->\n<title>Prefeitura vai capacitar servidores para melhorar atendimento a pessoas surdas - Secretaria de Administra\u00e7\u00e3o | Prefeitura de Passo Fundo<\/title>\n<meta name=\"robots\" content=\"index, follow, max-snippet:-1, max-image-preview:large, max-video-preview:-1\" \/>\n<link rel=\"canonical\" href=\"https:\/\/www.pmpf.rs.gov.br\/secretaria-de-administracao\/2022\/08\/prefeitura-vai-capacitar-servidores-para-melhorar-atendimento-a-pessoas-surdas\/\" \/>\n<meta property=\"og:locale\" content=\"pt_BR\" \/>\n<meta property=\"og:type\" content=\"article\" \/>\n<meta property=\"og:title\" content=\"Prefeitura vai capacitar servidores para melhorar atendimento a pessoas surdas - Secretaria de Administra\u00e7\u00e3o | Prefeitura de Passo Fundo\" \/>\n<meta property=\"og:description\" content=\"Conv\u00eanio com Associa\u00e7\u00e3o de Pais e Amigos dos Surdos busca promover a inclus\u00e3o social\" \/>\n<meta property=\"og:url\" content=\"https:\/\/www.pmpf.rs.gov.br\/secretaria-de-administracao\/2022\/08\/prefeitura-vai-capacitar-servidores-para-melhorar-atendimento-a-pessoas-surdas\/\" \/>\n<meta property=\"og:site_name\" content=\"Secretaria de Administra\u00e7\u00e3o\" \/>\n<meta property=\"article:published_time\" content=\"2022-08-01T14:21:35+00:00\" \/>\n<meta property=\"article:modified_time\" content=\"2022-08-01T14:21:36+00:00\" \/>\n<meta name=\"author\" content=\"andressazorzetto07\" \/>\n<meta name=\"twitter:card\" content=\"summary_large_image\" \/>\n<meta name=\"twitter:label1\" content=\"Escrito por\" \/>\n\t<meta name=\"twitter:data1\" content=\"andressazorzetto07\" \/>\n\t<meta name=\"twitter:label2\" content=\"Est. tempo de leitura\" \/>\n\t<meta name=\"twitter:data2\" content=\"1 minuto\" \/>\n<script type=\"application\/ld+json\" class=\"yoast-schema-graph\">{\"@context\":\"https:\/\/schema.org\",\"@graph\":[{\"@type\":\"WebPage\",\"@id\":\"https:\/\/www.pmpf.rs.gov.br\/secretaria-de-administracao\/2022\/08\/prefeitura-vai-capacitar-servidores-para-melhorar-atendimento-a-pessoas-surdas\/\",\"url\":\"https:\/\/www.pmpf.rs.gov.br\/secretaria-de-administracao\/2022\/08\/prefeitura-vai-capacitar-servidores-para-melhorar-atendimento-a-pessoas-surdas\/\",\"name\":\"Prefeitura vai capacitar servidores para melhorar atendimento a pessoas surdas - Secretaria de Administra\u00e7\u00e3o | Prefeitura de Passo Fundo\",\"isPartOf\":{\"@id\":\"https:\/\/www.pmpf.rs.gov.br\/secretaria-de-administracao\/#website\"},\"primaryImageOfPage\":{\"@id\":\"https:\/\/www.pmpf.rs.gov.br\/secretaria-de-administracao\/2022\/08\/prefeitura-vai-capacitar-servidores-para-melhorar-atendimento-a-pessoas-surdas\/#primaryimage\"},\"image\":{\"@id\":\"https:\/\/www.pmpf.rs.gov.br\/secretaria-de-administracao\/2022\/08\/prefeitura-vai-capacitar-servidores-para-melhorar-atendimento-a-pessoas-surdas\/#primaryimage\"},\"thumbnailUrl\":\"https:\/\/www.pmpf.rs.gov.br\/secretaria-de-administracao\/wp-content\/uploads\/sites\/4\/2022\/08\/apas1.jpg\",\"datePublished\":\"2022-08-01T14:21:35+00:00\",\"dateModified\":\"2022-08-01T14:21:36+00:00\",\"author\":{\"@id\":\"https:\/\/www.pmpf.rs.gov.br\/secretaria-de-administracao\/#\/schema\/person\/30ee1d1bd74da1469b01fcf086e43351\"},\"inLanguage\":\"pt-BR\",\"potentialAction\":[{\"@type\":\"ReadAction\",\"target\":[\"https:\/\/www.pmpf.rs.gov.br\/secretaria-de-administracao\/2022\/08\/prefeitura-vai-capacitar-servidores-para-melhorar-atendimento-a-pessoas-surdas\/\"]}]},{\"@type\":\"ImageObject\",\"inLanguage\":\"pt-BR\",\"@id\":\"https:\/\/www.pmpf.rs.gov.br\/secretaria-de-administracao\/2022\/08\/prefeitura-vai-capacitar-servidores-para-melhorar-atendimento-a-pessoas-surdas\/#primaryimage\",\"url\":\"https:\/\/www.pmpf.rs.gov.br\/secretaria-de-administracao\/wp-content\/uploads\/sites\/4\/2022\/08\/apas1.jpg\",\"contentUrl\":\"https:\/\/www.pmpf.rs.gov.br\/secretaria-de-administracao\/wp-content\/uploads\/sites\/4\/2022\/08\/apas1.jpg\",\"width\":1024,\"height\":576},{\"@type\":\"WebSite\",\"@id\":\"https:\/\/www.pmpf.rs.gov.br\/secretaria-de-administracao\/#website\",\"url\":\"https:\/\/www.pmpf.rs.gov.br\/secretaria-de-administracao\/\",\"name\":\"Secretaria de Administra\u00e7\u00e3o\",\"description\":\"S\u00f3 mais um site Prefeitura Municipal de Passo Fundo Sites\",\"potentialAction\":[{\"@type\":\"SearchAction\",\"target\":{\"@type\":\"EntryPoint\",\"urlTemplate\":\"https:\/\/www.pmpf.rs.gov.br\/secretaria-de-administracao\/?s={search_term_string}\"},\"query-input\":{\"@type\":\"PropertyValueSpecification\",\"valueRequired\":true,\"valueName\":\"search_term_string\"}}],\"inLanguage\":\"pt-BR\"},{\"@type\":\"Person\",\"@id\":\"https:\/\/www.pmpf.rs.gov.br\/secretaria-de-administracao\/#\/schema\/person\/30ee1d1bd74da1469b01fcf086e43351\",\"name\":\"andressazorzetto07\",\"image\":{\"@type\":\"ImageObject\",\"inLanguage\":\"pt-BR\",\"@id\":\"https:\/\/www.pmpf.rs.gov.br\/secretaria-de-administracao\/#\/schema\/person\/image\/\",\"url\":\"https:\/\/secure.gravatar.com\/avatar\/14c5458ed79dc81da99a13b9ff5f9f19?s=96&d=mm&r=g\",\"contentUrl\":\"https:\/\/secure.gravatar.com\/avatar\/14c5458ed79dc81da99a13b9ff5f9f19?s=96&d=mm&r=g\",\"caption\":\"andressazorzetto07\"},\"url\":\"https:\/\/www.pmpf.rs.gov.br\/secretaria-de-administracao\/author\/andressazorzetto07\/\"}]}<\/script>\n<!-- \/ Yoast SEO plugin. -->","yoast_head_json":{"title":"Prefeitura vai capacitar servidores para melhorar atendimento a pessoas surdas - Secretaria de Administra\u00e7\u00e3o | Prefeitura de Passo Fundo","robots":{"index":"index","follow":"follow","max-snippet":"max-snippet:-1","max-image-preview":"max-image-preview:large","max-video-preview":"max-video-preview:-1"},"canonical":"https:\/\/www.pmpf.rs.gov.br\/secretaria-de-administracao\/2022\/08\/prefeitura-vai-capacitar-servidores-para-melhorar-atendimento-a-pessoas-surdas\/","og_locale":"pt_BR","og_type":"article","og_title":"Prefeitura vai capacitar servidores para melhorar atendimento a pessoas surdas - Secretaria de Administra\u00e7\u00e3o | Prefeitura de Passo Fundo","og_description":"Conv\u00eanio com Associa\u00e7\u00e3o de Pais e Amigos dos Surdos busca promover a inclus\u00e3o social","og_url":"https:\/\/www.pmpf.rs.gov.br\/secretaria-de-administracao\/2022\/08\/prefeitura-vai-capacitar-servidores-para-melhorar-atendimento-a-pessoas-surdas\/","og_site_name":"Secretaria de Administra\u00e7\u00e3o","article_published_time":"2022-08-01T14:21:35+00:00","article_modified_time":"2022-08-01T14:21:36+00:00","author":"andressazorzetto07","twitter_card":"summary_large_image","twitter_misc":{"Escrito por":"andressazorzetto07","Est. tempo de leitura":"1 minuto"},"schema":{"@context":"https:\/\/schema.org","@graph":[{"@type":"WebPage","@id":"https:\/\/www.pmpf.rs.gov.br\/secretaria-de-administracao\/2022\/08\/prefeitura-vai-capacitar-servidores-para-melhorar-atendimento-a-pessoas-surdas\/","url":"https:\/\/www.pmpf.rs.gov.br\/secretaria-de-administracao\/2022\/08\/prefeitura-vai-capacitar-servidores-para-melhorar-atendimento-a-pessoas-surdas\/","name":"Prefeitura vai capacitar servidores para melhorar atendimento a pessoas surdas - Secretaria de Administra\u00e7\u00e3o | Prefeitura de Passo Fundo","isPartOf":{"@id":"https:\/\/www.pmpf.rs.gov.br\/secretaria-de-administracao\/#website"},"primaryImageOfPage":{"@id":"https:\/\/www.pmpf.rs.gov.br\/secretaria-de-administracao\/2022\/08\/prefeitura-vai-capacitar-servidores-para-melhorar-atendimento-a-pessoas-surdas\/#primaryimage"},"image":{"@id":"https:\/\/www.pmpf.rs.gov.br\/secretaria-de-administracao\/2022\/08\/prefeitura-vai-capacitar-servidores-para-melhorar-atendimento-a-pessoas-surdas\/#primaryimage"},"thumbnailUrl":"https:\/\/www.pmpf.rs.gov.br\/secretaria-de-administracao\/wp-content\/uploads\/sites\/4\/2022\/08\/apas1.jpg","datePublished":"2022-08-01T14:21:35+00:00","dateModified":"2022-08-01T14:21:36+00:00","author":{"@id":"https:\/\/www.pmpf.rs.gov.br\/secretaria-de-administracao\/#\/schema\/person\/30ee1d1bd74da1469b01fcf086e43351"},"inLanguage":"pt-BR","potentialAction":[{"@type":"ReadAction","target":["https:\/\/www.pmpf.rs.gov.br\/secretaria-de-administracao\/2022\/08\/prefeitura-vai-capacitar-servidores-para-melhorar-atendimento-a-pessoas-surdas\/"]}]},{"@type":"ImageObject","inLanguage":"pt-BR","@id":"https:\/\/www.pmpf.rs.gov.br\/secretaria-de-administracao\/2022\/08\/prefeitura-vai-capacitar-servidores-para-melhorar-atendimento-a-pessoas-surdas\/#primaryimage","url":"https:\/\/www.pmpf.rs.gov.br\/secretaria-de-administracao\/wp-content\/uploads\/sites\/4\/2022\/08\/apas1.jpg","contentUrl":"https:\/\/www.pmpf.rs.gov.br\/secretaria-de-administracao\/wp-content\/uploads\/sites\/4\/2022\/08\/apas1.jpg","width":1024,"height":576},{"@type":"WebSite","@id":"https:\/\/www.pmpf.rs.gov.br\/secretaria-de-administracao\/#website","url":"https:\/\/www.pmpf.rs.gov.br\/secretaria-de-administracao\/","name":"Secretaria de Administra\u00e7\u00e3o","description":"S\u00f3 mais um site Prefeitura Municipal de Passo Fundo Sites","potentialAction":[{"@type":"SearchAction","target":{"@type":"EntryPoint","urlTemplate":"https:\/\/www.pmpf.rs.gov.br\/secretaria-de-administracao\/?s={search_term_string}"},"query-input":{"@type":"PropertyValueSpecification","valueRequired":true,"valueName":"search_term_string"}}],"inLanguage":"pt-BR"},{"@type":"Person","@id":"https:\/\/www.pmpf.rs.gov.br\/secretaria-de-administracao\/#\/schema\/person\/30ee1d1bd74da1469b01fcf086e43351","name":"andressazorzetto07","image":{"@type":"ImageObject","inLanguage":"pt-BR","@id":"https:\/\/www.pmpf.rs.gov.br\/secretaria-de-administracao\/#\/schema\/person\/image\/","url":"https:\/\/secure.gravatar.com\/avatar\/14c5458ed79dc81da99a13b9ff5f9f19?s=96&d=mm&r=g","contentUrl":"https:\/\/secure.gravatar.com\/avatar\/14c5458ed79dc81da99a13b9ff5f9f19?s=96&d=mm&r=g","caption":"andressazorzetto07"},"url":"https:\/\/www.pmpf.rs.gov.br\/secretaria-de-administracao\/author\/andressazorzetto07\/"}]}},"_links":{"self":[{"href":"https:\/\/www.pmpf.rs.gov.br\/secretaria-de-administracao\/wp-json\/wp\/v2\/posts\/2071"}],"collection":[{"href":"https:\/\/www.pmpf.rs.gov.br\/secretaria-de-administracao\/wp-json\/wp\/v2\/posts"}],"about":[{"href":"https:\/\/www.pmpf.rs.gov.br\/secretaria-de-administracao\/wp-json\/wp\/v2\/types\/post"}],"author":[{"embeddable":true,"href":"https:\/\/www.pmpf.rs.gov.br\/secretaria-de-administracao\/wp-json\/wp\/v2\/users\/6"}],"replies":[{"embeddable":true,"href":"https:\/\/www.pmpf.rs.gov.br\/secretaria-de-administracao\/wp-json\/wp\/v2\/comments?post=2071"}],"version-history":[{"count":1,"href":"https:\/\/www.pmpf.rs.gov.br\/secretaria-de-administracao\/wp-json\/wp\/v2\/posts\/2071\/revisions"}],"predecessor-version":[{"id":2073,"href":"https:\/\/www.pmpf.rs.gov.br\/secretaria-de-administracao\/wp-json\/wp\/v2\/posts\/2071\/revisions\/2073"}],"wp:featuredmedia":[{"embeddable":true,"href":"https:\/\/www.pmpf.rs.gov.br\/secretaria-de-administracao\/wp-json\/wp\/v2\/media\/2072"}],"wp:attachment":[{"href":"https:\/\/www.pmpf.rs.gov.br\/secretaria-de-administracao\/wp-json\/wp\/v2\/media?parent=2071"}],"wp:term":[{"taxonomy":"category","embeddable":true,"href":"https:\/\/www.pmpf.rs.gov.br\/secretaria-de-administracao\/wp-json\/wp\/v2\/categories?post=2071"},{"taxonomy":"post_tag","embeddable":true,"href":"https:\/\/www.pmpf.rs.gov.br\/secretaria-de-administracao\/wp-json\/wp\/v2\/tags?post=2071"}],"curies":[{"name":"wp","href":"https:\/\/api.w.org\/{rel}","templated":true}]}}