{"id":2067,"date":"2022-07-29T14:16:29","date_gmt":"2022-07-29T17:16:29","guid":{"rendered":"https:\/\/www.pmpf.rs.gov.br\/secretaria-de-administracao\/?p=2067"},"modified":"2022-07-29T14:42:36","modified_gmt":"2022-07-29T17:42:36","slug":"passo-fundo-faz-165-anos-semana-do-municipio-tera-programacao-especial","status":"publish","type":"post","link":"https:\/\/www.pmpf.rs.gov.br\/secretaria-de-administracao\/2022\/07\/passo-fundo-faz-165-anos-semana-do-municipio-tera-programacao-especial\/","title":{"rendered":"Passo Fundo faz 165 anos: Semana do Munic\u00edpio ter\u00e1 programa\u00e7\u00e3o especial"},"content":{"rendered":"\n<p><\/p>\n\n\n\n<p>Passo Fundo celebrar\u00e1, no dia 7 de agosto, 165 anos. Para marcar a Semana do Munic\u00edpio, a Prefeitura organizou uma programa\u00e7\u00e3o especial, que acontecer\u00e1 em muitos espa\u00e7os. O in\u00edcio ser\u00e1 neste domingo, 31 de julho, no Parque da Gare, com atividades abertas a toda comunidade.<\/p>\n\n\n\n<p>O prefeito, Pedro Almeida, enfatiza que as a\u00e7\u00f5es t\u00eam como objetivo envolver os passo-fundenses na comemora\u00e7\u00e3o do anivers\u00e1rio da cidade. \u201cA hist\u00f3ria de Passo Fundo \u00e9 feita pelas pessoas. E, por isso, queremos convidar a popula\u00e7\u00e3o para participar. Teremos muitas atividades abertas e, al\u00e9m da festa que marca a data, entregas e an\u00fancios importantes para o futuro do munic\u00edpio\u201d, disse.<\/p>\n\n\n\n<p>A abertura oficial contar\u00e1 com apresenta\u00e7\u00f5es art\u00edsticas, m\u00fasica, homenagens e servi\u00e7os. Tamb\u00e9m ter\u00e1 o lan\u00e7amento da campanha Eu Amo Passo Fundo, com a venda de camisetas feitas por entidades socioassistenciais e a inaugura\u00e7\u00e3o do letreiro que refor\u00e7a o amor pela cidade. As atividades seguir\u00e3o at\u00e9 o dia 7 de agosto, sendo conectadas com o XV Festival Internacional de Folclore, que ir\u00e1 de 4 a 12 de agosto. O calend\u00e1rio completo pode ser conferido em: https:\/\/www.pmpf.rs.gov.br\/165\/.<\/p>\n\n\n\n<p>Programa\u00e7\u00e3o da abertura oficial<br>Data: 31 de julho (domingo)<br>Local: Parque da Gare<br>13h30min<br>Orquestra Jovem Feliz &#8211; FM Escola de M\u00fasica<\/p>\n\n\n\n<p>14h<br>Timbre de Galo<\/p>\n\n\n\n<p>14h30min<br>Os Peraltas<\/p>\n\n\n\n<p>15h30min<br>Protocolo<br>Banda do Col\u00e9gio Tiradentes<br>Homenagem a entidades (30 anos do Senac, 50 anos da Unimed, 70 anos da FAC\/UPF, 55 anos da APAE, 40 anos Sicredi)<br>Jingle Eu Amo Passo Fundo com o m\u00fasico Ma\u00edti<br>Foto oficial no letreiro Eu Amo Passo Fundo<\/p>\n\n\n\n<p>17h<br>Show Samba da Nata<\/p>\n\n\n\n<p>A partir das 13h30min<br>Aventuras &#8211; experi\u00eancias narrativas no Prisma Espa\u00e7o Geek<br>\u00d4nibus do Programa \u00c9 O BICHO<br>Atendimento cl\u00ednico veterin\u00e1rio<br>Lan\u00e7amento do Evento NOS ARES<br>Feira de Artesanato &#8211; Coordenadoria da Mulher &#8211; sala do antigo caf\u00e9<br>Brindes \u00e0 venda da campanha Eu Amo Passo Fundo<br>Batalha de MCs &#8211; Antigo caf\u00e9<br>Roda de Capoeira &#8211; Ao lado do deck pr\u00f3ximo ao Lago<br>Brinquedos infl\u00e1veis &#8211; Anfiteatro do Parque<br>Treino livre de skate &#8211; Pista de Skate<br>Mateada<br>Pipoca<\/p>\n","protected":false},"excerpt":{"rendered":"<p>Abertura oficial ser\u00e1 realizada neste domingo, 31 de julho, no Parque da Gare, com muitas atra\u00e7\u00f5es<\/p>\n","protected":false},"author":6,"featured_media":2068,"comment_status":"closed","ping_status":"closed","sticky":true,"template":"","format":"standard","meta":{"footnotes":""},"categories":[27],"tags":[],"class_list":["post-2067","post","type-post","status-publish","format-standard","has-post-thumbnail","hentry","category-semana-do-municipio"],"yoast_head":"<!-- This site is optimized with the Yoast SEO plugin v23.8 - https:\/\/yoast.com\/wordpress\/plugins\/seo\/ -->\n<title>Passo Fundo faz 165 anos: Semana do Munic\u00edpio ter\u00e1 programa\u00e7\u00e3o especial - Secretaria de Administra\u00e7\u00e3o | Prefeitura de Passo Fundo<\/title>\n<meta name=\"robots\" content=\"index, follow, max-snippet:-1, max-image-preview:large, max-video-preview:-1\" \/>\n<link rel=\"canonical\" href=\"https:\/\/www.pmpf.rs.gov.br\/secretaria-de-administracao\/2022\/07\/passo-fundo-faz-165-anos-semana-do-municipio-tera-programacao-especial\/\" \/>\n<meta property=\"og:locale\" content=\"pt_BR\" \/>\n<meta property=\"og:type\" content=\"article\" \/>\n<meta property=\"og:title\" content=\"Passo Fundo faz 165 anos: Semana do Munic\u00edpio ter\u00e1 programa\u00e7\u00e3o especial - Secretaria de Administra\u00e7\u00e3o | Prefeitura de Passo Fundo\" \/>\n<meta property=\"og:description\" content=\"Abertura oficial ser\u00e1 realizada neste domingo, 31 de julho, no Parque da Gare, com muitas atra\u00e7\u00f5es\" \/>\n<meta property=\"og:url\" content=\"https:\/\/www.pmpf.rs.gov.br\/secretaria-de-administracao\/2022\/07\/passo-fundo-faz-165-anos-semana-do-municipio-tera-programacao-especial\/\" \/>\n<meta property=\"og:site_name\" content=\"Secretaria de Administra\u00e7\u00e3o\" \/>\n<meta property=\"article:published_time\" content=\"2022-07-29T17:16:29+00:00\" \/>\n<meta property=\"article:modified_time\" content=\"2022-07-29T17:42:36+00:00\" \/>\n<meta property=\"og:image\" content=\"https:\/\/www.pmpf.rs.gov.br\/secretaria-de-administracao\/wp-content\/uploads\/sites\/4\/2022\/07\/cidade.jpg\" \/>\n\t<meta property=\"og:image:width\" content=\"1280\" \/>\n\t<meta property=\"og:image:height\" content=\"854\" \/>\n\t<meta property=\"og:image:type\" content=\"image\/jpeg\" \/>\n<meta name=\"author\" content=\"andressazorzetto07\" \/>\n<meta name=\"twitter:card\" content=\"summary_large_image\" \/>\n<meta name=\"twitter:label1\" content=\"Escrito por\" \/>\n\t<meta name=\"twitter:data1\" content=\"andressazorzetto07\" \/>\n\t<meta name=\"twitter:label2\" content=\"Est. tempo de leitura\" \/>\n\t<meta name=\"twitter:data2\" content=\"2 minutos\" \/>\n<script type=\"application\/ld+json\" class=\"yoast-schema-graph\">{\"@context\":\"https:\/\/schema.org\",\"@graph\":[{\"@type\":\"WebPage\",\"@id\":\"https:\/\/www.pmpf.rs.gov.br\/secretaria-de-administracao\/2022\/07\/passo-fundo-faz-165-anos-semana-do-municipio-tera-programacao-especial\/\",\"url\":\"https:\/\/www.pmpf.rs.gov.br\/secretaria-de-administracao\/2022\/07\/passo-fundo-faz-165-anos-semana-do-municipio-tera-programacao-especial\/\",\"name\":\"Passo Fundo faz 165 anos: Semana do Munic\u00edpio ter\u00e1 programa\u00e7\u00e3o especial - Secretaria de Administra\u00e7\u00e3o | Prefeitura de Passo Fundo\",\"isPartOf\":{\"@id\":\"https:\/\/www.pmpf.rs.gov.br\/secretaria-de-administracao\/#website\"},\"primaryImageOfPage\":{\"@id\":\"https:\/\/www.pmpf.rs.gov.br\/secretaria-de-administracao\/2022\/07\/passo-fundo-faz-165-anos-semana-do-municipio-tera-programacao-especial\/#primaryimage\"},\"image\":{\"@id\":\"https:\/\/www.pmpf.rs.gov.br\/secretaria-de-administracao\/2022\/07\/passo-fundo-faz-165-anos-semana-do-municipio-tera-programacao-especial\/#primaryimage\"},\"thumbnailUrl\":\"https:\/\/www.pmpf.rs.gov.br\/secretaria-de-administracao\/wp-content\/uploads\/sites\/4\/2022\/07\/cidade.jpg\",\"datePublished\":\"2022-07-29T17:16:29+00:00\",\"dateModified\":\"2022-07-29T17:42:36+00:00\",\"author\":{\"@id\":\"https:\/\/www.pmpf.rs.gov.br\/secretaria-de-administracao\/#\/schema\/person\/30ee1d1bd74da1469b01fcf086e43351\"},\"inLanguage\":\"pt-BR\",\"potentialAction\":[{\"@type\":\"ReadAction\",\"target\":[\"https:\/\/www.pmpf.rs.gov.br\/secretaria-de-administracao\/2022\/07\/passo-fundo-faz-165-anos-semana-do-municipio-tera-programacao-especial\/\"]}]},{\"@type\":\"ImageObject\",\"inLanguage\":\"pt-BR\",\"@id\":\"https:\/\/www.pmpf.rs.gov.br\/secretaria-de-administracao\/2022\/07\/passo-fundo-faz-165-anos-semana-do-municipio-tera-programacao-especial\/#primaryimage\",\"url\":\"https:\/\/www.pmpf.rs.gov.br\/secretaria-de-administracao\/wp-content\/uploads\/sites\/4\/2022\/07\/cidade.jpg\",\"contentUrl\":\"https:\/\/www.pmpf.rs.gov.br\/secretaria-de-administracao\/wp-content\/uploads\/sites\/4\/2022\/07\/cidade.jpg\",\"width\":1280,\"height\":854},{\"@type\":\"WebSite\",\"@id\":\"https:\/\/www.pmpf.rs.gov.br\/secretaria-de-administracao\/#website\",\"url\":\"https:\/\/www.pmpf.rs.gov.br\/secretaria-de-administracao\/\",\"name\":\"Secretaria de Administra\u00e7\u00e3o\",\"description\":\"S\u00f3 mais um site Prefeitura Municipal de Passo Fundo Sites\",\"potentialAction\":[{\"@type\":\"SearchAction\",\"target\":{\"@type\":\"EntryPoint\",\"urlTemplate\":\"https:\/\/www.pmpf.rs.gov.br\/secretaria-de-administracao\/?s={search_term_string}\"},\"query-input\":{\"@type\":\"PropertyValueSpecification\",\"valueRequired\":true,\"valueName\":\"search_term_string\"}}],\"inLanguage\":\"pt-BR\"},{\"@type\":\"Person\",\"@id\":\"https:\/\/www.pmpf.rs.gov.br\/secretaria-de-administracao\/#\/schema\/person\/30ee1d1bd74da1469b01fcf086e43351\",\"name\":\"andressazorzetto07\",\"image\":{\"@type\":\"ImageObject\",\"inLanguage\":\"pt-BR\",\"@id\":\"https:\/\/www.pmpf.rs.gov.br\/secretaria-de-administracao\/#\/schema\/person\/image\/\",\"url\":\"https:\/\/secure.gravatar.com\/avatar\/14c5458ed79dc81da99a13b9ff5f9f19?s=96&d=mm&r=g\",\"contentUrl\":\"https:\/\/secure.gravatar.com\/avatar\/14c5458ed79dc81da99a13b9ff5f9f19?s=96&d=mm&r=g\",\"caption\":\"andressazorzetto07\"},\"url\":\"https:\/\/www.pmpf.rs.gov.br\/secretaria-de-administracao\/author\/andressazorzetto07\/\"}]}<\/script>\n<!-- \/ Yoast SEO plugin. -->","yoast_head_json":{"title":"Passo Fundo faz 165 anos: Semana do Munic\u00edpio ter\u00e1 programa\u00e7\u00e3o especial - Secretaria de Administra\u00e7\u00e3o | Prefeitura de Passo Fundo","robots":{"index":"index","follow":"follow","max-snippet":"max-snippet:-1","max-image-preview":"max-image-preview:large","max-video-preview":"max-video-preview:-1"},"canonical":"https:\/\/www.pmpf.rs.gov.br\/secretaria-de-administracao\/2022\/07\/passo-fundo-faz-165-anos-semana-do-municipio-tera-programacao-especial\/","og_locale":"pt_BR","og_type":"article","og_title":"Passo Fundo faz 165 anos: Semana do Munic\u00edpio ter\u00e1 programa\u00e7\u00e3o especial - Secretaria de Administra\u00e7\u00e3o | Prefeitura de Passo Fundo","og_description":"Abertura oficial ser\u00e1 realizada neste domingo, 31 de julho, no Parque da Gare, com muitas atra\u00e7\u00f5es","og_url":"https:\/\/www.pmpf.rs.gov.br\/secretaria-de-administracao\/2022\/07\/passo-fundo-faz-165-anos-semana-do-municipio-tera-programacao-especial\/","og_site_name":"Secretaria de Administra\u00e7\u00e3o","article_published_time":"2022-07-29T17:16:29+00:00","article_modified_time":"2022-07-29T17:42:36+00:00","og_image":[{"width":1280,"height":854,"url":"https:\/\/www.pmpf.rs.gov.br\/secretaria-de-administracao\/wp-content\/uploads\/sites\/4\/2022\/07\/cidade.jpg","type":"image\/jpeg"}],"author":"andressazorzetto07","twitter_card":"summary_large_image","twitter_misc":{"Escrito por":"andressazorzetto07","Est. tempo de leitura":"2 minutos"},"schema":{"@context":"https:\/\/schema.org","@graph":[{"@type":"WebPage","@id":"https:\/\/www.pmpf.rs.gov.br\/secretaria-de-administracao\/2022\/07\/passo-fundo-faz-165-anos-semana-do-municipio-tera-programacao-especial\/","url":"https:\/\/www.pmpf.rs.gov.br\/secretaria-de-administracao\/2022\/07\/passo-fundo-faz-165-anos-semana-do-municipio-tera-programacao-especial\/","name":"Passo Fundo faz 165 anos: Semana do Munic\u00edpio ter\u00e1 programa\u00e7\u00e3o especial - Secretaria de Administra\u00e7\u00e3o | Prefeitura de Passo Fundo","isPartOf":{"@id":"https:\/\/www.pmpf.rs.gov.br\/secretaria-de-administracao\/#website"},"primaryImageOfPage":{"@id":"https:\/\/www.pmpf.rs.gov.br\/secretaria-de-administracao\/2022\/07\/passo-fundo-faz-165-anos-semana-do-municipio-tera-programacao-especial\/#primaryimage"},"image":{"@id":"https:\/\/www.pmpf.rs.gov.br\/secretaria-de-administracao\/2022\/07\/passo-fundo-faz-165-anos-semana-do-municipio-tera-programacao-especial\/#primaryimage"},"thumbnailUrl":"https:\/\/www.pmpf.rs.gov.br\/secretaria-de-administracao\/wp-content\/uploads\/sites\/4\/2022\/07\/cidade.jpg","datePublished":"2022-07-29T17:16:29+00:00","dateModified":"2022-07-29T17:42:36+00:00","author":{"@id":"https:\/\/www.pmpf.rs.gov.br\/secretaria-de-administracao\/#\/schema\/person\/30ee1d1bd74da1469b01fcf086e43351"},"inLanguage":"pt-BR","potentialAction":[{"@type":"ReadAction","target":["https:\/\/www.pmpf.rs.gov.br\/secretaria-de-administracao\/2022\/07\/passo-fundo-faz-165-anos-semana-do-municipio-tera-programacao-especial\/"]}]},{"@type":"ImageObject","inLanguage":"pt-BR","@id":"https:\/\/www.pmpf.rs.gov.br\/secretaria-de-administracao\/2022\/07\/passo-fundo-faz-165-anos-semana-do-municipio-tera-programacao-especial\/#primaryimage","url":"https:\/\/www.pmpf.rs.gov.br\/secretaria-de-administracao\/wp-content\/uploads\/sites\/4\/2022\/07\/cidade.jpg","contentUrl":"https:\/\/www.pmpf.rs.gov.br\/secretaria-de-administracao\/wp-content\/uploads\/sites\/4\/2022\/07\/cidade.jpg","width":1280,"height":854},{"@type":"WebSite","@id":"https:\/\/www.pmpf.rs.gov.br\/secretaria-de-administracao\/#website","url":"https:\/\/www.pmpf.rs.gov.br\/secretaria-de-administracao\/","name":"Secretaria de Administra\u00e7\u00e3o","description":"S\u00f3 mais um site Prefeitura Municipal de Passo Fundo Sites","potentialAction":[{"@type":"SearchAction","target":{"@type":"EntryPoint","urlTemplate":"https:\/\/www.pmpf.rs.gov.br\/secretaria-de-administracao\/?s={search_term_string}"},"query-input":{"@type":"PropertyValueSpecification","valueRequired":true,"valueName":"search_term_string"}}],"inLanguage":"pt-BR"},{"@type":"Person","@id":"https:\/\/www.pmpf.rs.gov.br\/secretaria-de-administracao\/#\/schema\/person\/30ee1d1bd74da1469b01fcf086e43351","name":"andressazorzetto07","image":{"@type":"ImageObject","inLanguage":"pt-BR","@id":"https:\/\/www.pmpf.rs.gov.br\/secretaria-de-administracao\/#\/schema\/person\/image\/","url":"https:\/\/secure.gravatar.com\/avatar\/14c5458ed79dc81da99a13b9ff5f9f19?s=96&d=mm&r=g","contentUrl":"https:\/\/secure.gravatar.com\/avatar\/14c5458ed79dc81da99a13b9ff5f9f19?s=96&d=mm&r=g","caption":"andressazorzetto07"},"url":"https:\/\/www.pmpf.rs.gov.br\/secretaria-de-administracao\/author\/andressazorzetto07\/"}]}},"_links":{"self":[{"href":"https:\/\/www.pmpf.rs.gov.br\/secretaria-de-administracao\/wp-json\/wp\/v2\/posts\/2067"}],"collection":[{"href":"https:\/\/www.pmpf.rs.gov.br\/secretaria-de-administracao\/wp-json\/wp\/v2\/posts"}],"about":[{"href":"https:\/\/www.pmpf.rs.gov.br\/secretaria-de-administracao\/wp-json\/wp\/v2\/types\/post"}],"author":[{"embeddable":true,"href":"https:\/\/www.pmpf.rs.gov.br\/secretaria-de-administracao\/wp-json\/wp\/v2\/users\/6"}],"replies":[{"embeddable":true,"href":"https:\/\/www.pmpf.rs.gov.br\/secretaria-de-administracao\/wp-json\/wp\/v2\/comments?post=2067"}],"version-history":[{"count":1,"href":"https:\/\/www.pmpf.rs.gov.br\/secretaria-de-administracao\/wp-json\/wp\/v2\/posts\/2067\/revisions"}],"predecessor-version":[{"id":2069,"href":"https:\/\/www.pmpf.rs.gov.br\/secretaria-de-administracao\/wp-json\/wp\/v2\/posts\/2067\/revisions\/2069"}],"wp:featuredmedia":[{"embeddable":true,"href":"https:\/\/www.pmpf.rs.gov.br\/secretaria-de-administracao\/wp-json\/wp\/v2\/media\/2068"}],"wp:attachment":[{"href":"https:\/\/www.pmpf.rs.gov.br\/secretaria-de-administracao\/wp-json\/wp\/v2\/media?parent=2067"}],"wp:term":[{"taxonomy":"category","embeddable":true,"href":"https:\/\/www.pmpf.rs.gov.br\/secretaria-de-administracao\/wp-json\/wp\/v2\/categories?post=2067"},{"taxonomy":"post_tag","embeddable":true,"href":"https:\/\/www.pmpf.rs.gov.br\/secretaria-de-administracao\/wp-json\/wp\/v2\/tags?post=2067"}],"curies":[{"name":"wp","href":"https:\/\/api.w.org\/{rel}","templated":true}]}}