{"id":2043,"date":"2022-07-21T14:08:19","date_gmt":"2022-07-21T17:08:19","guid":{"rendered":"https:\/\/www.pmpf.rs.gov.br\/secretaria-de-administracao\/?p=2043"},"modified":"2022-07-26T15:47:03","modified_gmt":"2022-07-26T18:47:03","slug":"prefeitura-divulga-programacao-do-aniversario-de-165-anos-de-passo-fundo","status":"publish","type":"post","link":"https:\/\/www.pmpf.rs.gov.br\/secretaria-de-administracao\/2022\/07\/prefeitura-divulga-programacao-do-aniversario-de-165-anos-de-passo-fundo\/","title":{"rendered":"Prefeitura divulga programa\u00e7\u00e3o do anivers\u00e1rio de 165 anos de Passo Fundo"},"content":{"rendered":"\n<p>O anivers\u00e1rio de 165 anos de Passo Fundo ser\u00e1 celebrado com muitas atividades culturais, art\u00edsticas e folcl\u00f3ricas, envolvendo toda a popula\u00e7\u00e3o nas comemora\u00e7\u00f5es. \u00c9 o que afirma o prefeito, Pedro Almeida, ao apresentar a programa\u00e7\u00e3o oficial alusiva \u00e0 data, nesta quinta-feira (21). \u201cVamos iniciar estas a\u00e7\u00f5es reunindo a popula\u00e7\u00e3o no Parque da Gare, no domingo, dia 31 de julho, para uma confraterniza\u00e7\u00e3o especial que dar\u00e1 in\u00edcio a Semana do Munic\u00edpio\u201d, antecipou Pedro.<\/p>\n\n\n\n<p>No domingo, a partir das 13h30min, no anfiteatro da Gare, ser\u00e3o realizadas apresenta\u00e7\u00f5es de artistas locais e oficinas para a comunidade, movimentando diversas \u00e1reas do Parque. Ainda durante a tarde est\u00e1 prevista a entrega de um letreiro que marcar\u00e1 o lan\u00e7amento da campanha \u2018Eu Amo Passo Fundo\u2019, idealizada pela Prefeitura como um gesto de carinho e afeto com a cidade. \u201cPrecisamos resgatar o sentimento de pertencimento dos passo-fundenses. Somos uma das principais cidades do Estado em diversos setores e, recentemente, fomos escolhidas como a 39\u00aa Melhor Cidade para se Viver, conforme ranking da revista Isto \u00c9, entre mais de cinco mil localidades em todo o Brasil. S\u00e3o motivos de orgulho e que merecem ser valorizados. Por isso, a campanha \u00e9 um ato coletivo de cuidado com Passo Fundo\u201d, explicou o prefeito.<\/p>\n\n\n\n<p>Para ampliar a ades\u00e3o a campanha, a Prefeitura firmou uma parceria com as entidades representativas de classe para estimular a participa\u00e7\u00e3o de diferentes setores da sociedade. Estas entidades, comentou o prefeito, doar\u00e3o camisetas com o logo da iniciativa para organiza\u00e7\u00f5es sociais que poder\u00e3o comercializar os produtos, arrecadando recursos para serem utilizados em suas atividades. \u201c\u00c9 uma corrente de solidariedade que ganha cada vez mais ades\u00e3o. Vamos promover muitas atividades semelhantes para disseminar este amor por Passo Fundo\u201d, reiterou.<\/p>\n\n\n\n<p>Ainda no domingo, a Prefeitura far\u00e1 homenagens a cinco entidades que completam anivers\u00e1rio em 2022: o SENAC (30 anos); UNIMED (50 anos); Faculdade de Artes e Comunica\u00e7\u00e3o da UPF (70 anos); APAE (55 anos); e o Sicredi (40 anos).<\/p>\n\n\n\n<p><strong>Programa\u00e7\u00e3o at\u00e9 07 de agosto<br><\/strong>Com lan\u00e7amento marcado para o dia 31 de julho, a programa\u00e7\u00e3o dos 165 anos de Passo Fundo se estende at\u00e9 07 de agosto, com eventos envolvendo todas as secretarias municipais e a presta\u00e7\u00e3o de servi\u00e7os para a comunidade. Confira a programa\u00e7\u00e3o completa no site da Prefeitura: <a href=\"https:\/\/www.pmpf.rs.gov.br\/165\/\">www.pmpf.rs.gov.br\/165<\/a>.<\/p>\n\n\n\n<p><strong>XV Festival Internacional de Folclore<br><\/strong>Inserido nas comemora\u00e7\u00f5es da Semana de anivers\u00e1rio de 165 anos de Passo Fundo, o XV Festival Internacional de Folclore ocorre entre os dias 04 a 12 de agosto, movimentando a cidade com espet\u00e1culos folcl\u00f3ricos apresentados a pre\u00e7os populares, no CTG Lalau Miranda e em diferentes bairros.<\/p>\n\n\n\n<div style=\"height:10px\" aria-hidden=\"true\" class=\"wp-block-spacer\"><\/div>\n\n\n\n<p><\/p>\n","protected":false},"excerpt":{"rendered":"<p>Lan\u00e7amento das festividades ocorre no domingo, 31 de julho, no Parque da Gare com o lan\u00e7amento da campanha \u201cEu Amo Passo Fundo\u201d<\/p>\n","protected":false},"author":6,"featured_media":2045,"comment_status":"closed","ping_status":"closed","sticky":true,"template":"","format":"standard","meta":{"footnotes":""},"categories":[27],"tags":[],"class_list":["post-2043","post","type-post","status-publish","format-standard","has-post-thumbnail","hentry","category-semana-do-municipio"],"yoast_head":"<!-- This site is optimized with the Yoast SEO plugin v23.8 - https:\/\/yoast.com\/wordpress\/plugins\/seo\/ -->\n<title>Prefeitura divulga programa\u00e7\u00e3o do anivers\u00e1rio de 165 anos de Passo Fundo - Secretaria de Administra\u00e7\u00e3o | Prefeitura de Passo Fundo<\/title>\n<meta name=\"robots\" content=\"index, follow, max-snippet:-1, max-image-preview:large, max-video-preview:-1\" \/>\n<link rel=\"canonical\" href=\"https:\/\/www.pmpf.rs.gov.br\/secretaria-de-administracao\/2022\/07\/prefeitura-divulga-programacao-do-aniversario-de-165-anos-de-passo-fundo\/\" \/>\n<meta property=\"og:locale\" content=\"pt_BR\" \/>\n<meta property=\"og:type\" content=\"article\" \/>\n<meta property=\"og:title\" content=\"Prefeitura divulga programa\u00e7\u00e3o do anivers\u00e1rio de 165 anos de Passo Fundo - Secretaria de Administra\u00e7\u00e3o | Prefeitura de Passo Fundo\" \/>\n<meta property=\"og:description\" content=\"Lan\u00e7amento das festividades ocorre no domingo, 31 de julho, no Parque da Gare com o lan\u00e7amento da campanha \u201cEu Amo Passo Fundo\u201d\" \/>\n<meta property=\"og:url\" content=\"https:\/\/www.pmpf.rs.gov.br\/secretaria-de-administracao\/2022\/07\/prefeitura-divulga-programacao-do-aniversario-de-165-anos-de-passo-fundo\/\" \/>\n<meta property=\"og:site_name\" content=\"Secretaria de Administra\u00e7\u00e3o\" \/>\n<meta property=\"article:published_time\" content=\"2022-07-21T17:08:19+00:00\" \/>\n<meta property=\"article:modified_time\" content=\"2022-07-26T18:47:03+00:00\" \/>\n<meta property=\"og:image\" content=\"https:\/\/www.pmpf.rs.gov.br\/secretaria-de-administracao\/wp-content\/uploads\/sites\/4\/2022\/07\/semana-do-municipio.jpg\" \/>\n\t<meta property=\"og:image:width\" content=\"1280\" \/>\n\t<meta property=\"og:image:height\" content=\"853\" \/>\n\t<meta property=\"og:image:type\" content=\"image\/jpeg\" \/>\n<meta name=\"author\" content=\"andressazorzetto07\" \/>\n<meta name=\"twitter:card\" content=\"summary_large_image\" \/>\n<meta name=\"twitter:label1\" content=\"Escrito por\" \/>\n\t<meta name=\"twitter:data1\" content=\"andressazorzetto07\" \/>\n\t<meta name=\"twitter:label2\" content=\"Est. tempo de leitura\" \/>\n\t<meta name=\"twitter:data2\" content=\"2 minutos\" \/>\n<script type=\"application\/ld+json\" class=\"yoast-schema-graph\">{\"@context\":\"https:\/\/schema.org\",\"@graph\":[{\"@type\":\"WebPage\",\"@id\":\"https:\/\/www.pmpf.rs.gov.br\/secretaria-de-administracao\/2022\/07\/prefeitura-divulga-programacao-do-aniversario-de-165-anos-de-passo-fundo\/\",\"url\":\"https:\/\/www.pmpf.rs.gov.br\/secretaria-de-administracao\/2022\/07\/prefeitura-divulga-programacao-do-aniversario-de-165-anos-de-passo-fundo\/\",\"name\":\"Prefeitura divulga programa\u00e7\u00e3o do anivers\u00e1rio de 165 anos de Passo Fundo - Secretaria de Administra\u00e7\u00e3o | Prefeitura de Passo Fundo\",\"isPartOf\":{\"@id\":\"https:\/\/www.pmpf.rs.gov.br\/secretaria-de-administracao\/#website\"},\"primaryImageOfPage\":{\"@id\":\"https:\/\/www.pmpf.rs.gov.br\/secretaria-de-administracao\/2022\/07\/prefeitura-divulga-programacao-do-aniversario-de-165-anos-de-passo-fundo\/#primaryimage\"},\"image\":{\"@id\":\"https:\/\/www.pmpf.rs.gov.br\/secretaria-de-administracao\/2022\/07\/prefeitura-divulga-programacao-do-aniversario-de-165-anos-de-passo-fundo\/#primaryimage\"},\"thumbnailUrl\":\"https:\/\/www.pmpf.rs.gov.br\/secretaria-de-administracao\/wp-content\/uploads\/sites\/4\/2022\/07\/semana-do-municipio.jpg\",\"datePublished\":\"2022-07-21T17:08:19+00:00\",\"dateModified\":\"2022-07-26T18:47:03+00:00\",\"author\":{\"@id\":\"https:\/\/www.pmpf.rs.gov.br\/secretaria-de-administracao\/#\/schema\/person\/30ee1d1bd74da1469b01fcf086e43351\"},\"inLanguage\":\"pt-BR\",\"potentialAction\":[{\"@type\":\"ReadAction\",\"target\":[\"https:\/\/www.pmpf.rs.gov.br\/secretaria-de-administracao\/2022\/07\/prefeitura-divulga-programacao-do-aniversario-de-165-anos-de-passo-fundo\/\"]}]},{\"@type\":\"ImageObject\",\"inLanguage\":\"pt-BR\",\"@id\":\"https:\/\/www.pmpf.rs.gov.br\/secretaria-de-administracao\/2022\/07\/prefeitura-divulga-programacao-do-aniversario-de-165-anos-de-passo-fundo\/#primaryimage\",\"url\":\"https:\/\/www.pmpf.rs.gov.br\/secretaria-de-administracao\/wp-content\/uploads\/sites\/4\/2022\/07\/semana-do-municipio.jpg\",\"contentUrl\":\"https:\/\/www.pmpf.rs.gov.br\/secretaria-de-administracao\/wp-content\/uploads\/sites\/4\/2022\/07\/semana-do-municipio.jpg\",\"width\":1280,\"height\":853},{\"@type\":\"WebSite\",\"@id\":\"https:\/\/www.pmpf.rs.gov.br\/secretaria-de-administracao\/#website\",\"url\":\"https:\/\/www.pmpf.rs.gov.br\/secretaria-de-administracao\/\",\"name\":\"Secretaria de Administra\u00e7\u00e3o\",\"description\":\"S\u00f3 mais um site Prefeitura Municipal de Passo Fundo Sites\",\"potentialAction\":[{\"@type\":\"SearchAction\",\"target\":{\"@type\":\"EntryPoint\",\"urlTemplate\":\"https:\/\/www.pmpf.rs.gov.br\/secretaria-de-administracao\/?s={search_term_string}\"},\"query-input\":{\"@type\":\"PropertyValueSpecification\",\"valueRequired\":true,\"valueName\":\"search_term_string\"}}],\"inLanguage\":\"pt-BR\"},{\"@type\":\"Person\",\"@id\":\"https:\/\/www.pmpf.rs.gov.br\/secretaria-de-administracao\/#\/schema\/person\/30ee1d1bd74da1469b01fcf086e43351\",\"name\":\"andressazorzetto07\",\"image\":{\"@type\":\"ImageObject\",\"inLanguage\":\"pt-BR\",\"@id\":\"https:\/\/www.pmpf.rs.gov.br\/secretaria-de-administracao\/#\/schema\/person\/image\/\",\"url\":\"https:\/\/secure.gravatar.com\/avatar\/14c5458ed79dc81da99a13b9ff5f9f19?s=96&d=mm&r=g\",\"contentUrl\":\"https:\/\/secure.gravatar.com\/avatar\/14c5458ed79dc81da99a13b9ff5f9f19?s=96&d=mm&r=g\",\"caption\":\"andressazorzetto07\"},\"url\":\"https:\/\/www.pmpf.rs.gov.br\/secretaria-de-administracao\/author\/andressazorzetto07\/\"}]}<\/script>\n<!-- \/ Yoast SEO plugin. -->","yoast_head_json":{"title":"Prefeitura divulga programa\u00e7\u00e3o do anivers\u00e1rio de 165 anos de Passo Fundo - Secretaria de Administra\u00e7\u00e3o | Prefeitura de Passo Fundo","robots":{"index":"index","follow":"follow","max-snippet":"max-snippet:-1","max-image-preview":"max-image-preview:large","max-video-preview":"max-video-preview:-1"},"canonical":"https:\/\/www.pmpf.rs.gov.br\/secretaria-de-administracao\/2022\/07\/prefeitura-divulga-programacao-do-aniversario-de-165-anos-de-passo-fundo\/","og_locale":"pt_BR","og_type":"article","og_title":"Prefeitura divulga programa\u00e7\u00e3o do anivers\u00e1rio de 165 anos de Passo Fundo - Secretaria de Administra\u00e7\u00e3o | Prefeitura de Passo Fundo","og_description":"Lan\u00e7amento das festividades ocorre no domingo, 31 de julho, no Parque da Gare com o lan\u00e7amento da campanha \u201cEu Amo Passo Fundo\u201d","og_url":"https:\/\/www.pmpf.rs.gov.br\/secretaria-de-administracao\/2022\/07\/prefeitura-divulga-programacao-do-aniversario-de-165-anos-de-passo-fundo\/","og_site_name":"Secretaria de Administra\u00e7\u00e3o","article_published_time":"2022-07-21T17:08:19+00:00","article_modified_time":"2022-07-26T18:47:03+00:00","og_image":[{"width":1280,"height":853,"url":"https:\/\/www.pmpf.rs.gov.br\/secretaria-de-administracao\/wp-content\/uploads\/sites\/4\/2022\/07\/semana-do-municipio.jpg","type":"image\/jpeg"}],"author":"andressazorzetto07","twitter_card":"summary_large_image","twitter_misc":{"Escrito por":"andressazorzetto07","Est. tempo de leitura":"2 minutos"},"schema":{"@context":"https:\/\/schema.org","@graph":[{"@type":"WebPage","@id":"https:\/\/www.pmpf.rs.gov.br\/secretaria-de-administracao\/2022\/07\/prefeitura-divulga-programacao-do-aniversario-de-165-anos-de-passo-fundo\/","url":"https:\/\/www.pmpf.rs.gov.br\/secretaria-de-administracao\/2022\/07\/prefeitura-divulga-programacao-do-aniversario-de-165-anos-de-passo-fundo\/","name":"Prefeitura divulga programa\u00e7\u00e3o do anivers\u00e1rio de 165 anos de Passo Fundo - Secretaria de Administra\u00e7\u00e3o | Prefeitura de Passo Fundo","isPartOf":{"@id":"https:\/\/www.pmpf.rs.gov.br\/secretaria-de-administracao\/#website"},"primaryImageOfPage":{"@id":"https:\/\/www.pmpf.rs.gov.br\/secretaria-de-administracao\/2022\/07\/prefeitura-divulga-programacao-do-aniversario-de-165-anos-de-passo-fundo\/#primaryimage"},"image":{"@id":"https:\/\/www.pmpf.rs.gov.br\/secretaria-de-administracao\/2022\/07\/prefeitura-divulga-programacao-do-aniversario-de-165-anos-de-passo-fundo\/#primaryimage"},"thumbnailUrl":"https:\/\/www.pmpf.rs.gov.br\/secretaria-de-administracao\/wp-content\/uploads\/sites\/4\/2022\/07\/semana-do-municipio.jpg","datePublished":"2022-07-21T17:08:19+00:00","dateModified":"2022-07-26T18:47:03+00:00","author":{"@id":"https:\/\/www.pmpf.rs.gov.br\/secretaria-de-administracao\/#\/schema\/person\/30ee1d1bd74da1469b01fcf086e43351"},"inLanguage":"pt-BR","potentialAction":[{"@type":"ReadAction","target":["https:\/\/www.pmpf.rs.gov.br\/secretaria-de-administracao\/2022\/07\/prefeitura-divulga-programacao-do-aniversario-de-165-anos-de-passo-fundo\/"]}]},{"@type":"ImageObject","inLanguage":"pt-BR","@id":"https:\/\/www.pmpf.rs.gov.br\/secretaria-de-administracao\/2022\/07\/prefeitura-divulga-programacao-do-aniversario-de-165-anos-de-passo-fundo\/#primaryimage","url":"https:\/\/www.pmpf.rs.gov.br\/secretaria-de-administracao\/wp-content\/uploads\/sites\/4\/2022\/07\/semana-do-municipio.jpg","contentUrl":"https:\/\/www.pmpf.rs.gov.br\/secretaria-de-administracao\/wp-content\/uploads\/sites\/4\/2022\/07\/semana-do-municipio.jpg","width":1280,"height":853},{"@type":"WebSite","@id":"https:\/\/www.pmpf.rs.gov.br\/secretaria-de-administracao\/#website","url":"https:\/\/www.pmpf.rs.gov.br\/secretaria-de-administracao\/","name":"Secretaria de Administra\u00e7\u00e3o","description":"S\u00f3 mais um site Prefeitura Municipal de Passo Fundo Sites","potentialAction":[{"@type":"SearchAction","target":{"@type":"EntryPoint","urlTemplate":"https:\/\/www.pmpf.rs.gov.br\/secretaria-de-administracao\/?s={search_term_string}"},"query-input":{"@type":"PropertyValueSpecification","valueRequired":true,"valueName":"search_term_string"}}],"inLanguage":"pt-BR"},{"@type":"Person","@id":"https:\/\/www.pmpf.rs.gov.br\/secretaria-de-administracao\/#\/schema\/person\/30ee1d1bd74da1469b01fcf086e43351","name":"andressazorzetto07","image":{"@type":"ImageObject","inLanguage":"pt-BR","@id":"https:\/\/www.pmpf.rs.gov.br\/secretaria-de-administracao\/#\/schema\/person\/image\/","url":"https:\/\/secure.gravatar.com\/avatar\/14c5458ed79dc81da99a13b9ff5f9f19?s=96&d=mm&r=g","contentUrl":"https:\/\/secure.gravatar.com\/avatar\/14c5458ed79dc81da99a13b9ff5f9f19?s=96&d=mm&r=g","caption":"andressazorzetto07"},"url":"https:\/\/www.pmpf.rs.gov.br\/secretaria-de-administracao\/author\/andressazorzetto07\/"}]}},"_links":{"self":[{"href":"https:\/\/www.pmpf.rs.gov.br\/secretaria-de-administracao\/wp-json\/wp\/v2\/posts\/2043"}],"collection":[{"href":"https:\/\/www.pmpf.rs.gov.br\/secretaria-de-administracao\/wp-json\/wp\/v2\/posts"}],"about":[{"href":"https:\/\/www.pmpf.rs.gov.br\/secretaria-de-administracao\/wp-json\/wp\/v2\/types\/post"}],"author":[{"embeddable":true,"href":"https:\/\/www.pmpf.rs.gov.br\/secretaria-de-administracao\/wp-json\/wp\/v2\/users\/6"}],"replies":[{"embeddable":true,"href":"https:\/\/www.pmpf.rs.gov.br\/secretaria-de-administracao\/wp-json\/wp\/v2\/comments?post=2043"}],"version-history":[{"count":13,"href":"https:\/\/www.pmpf.rs.gov.br\/secretaria-de-administracao\/wp-json\/wp\/v2\/posts\/2043\/revisions"}],"predecessor-version":[{"id":2059,"href":"https:\/\/www.pmpf.rs.gov.br\/secretaria-de-administracao\/wp-json\/wp\/v2\/posts\/2043\/revisions\/2059"}],"wp:featuredmedia":[{"embeddable":true,"href":"https:\/\/www.pmpf.rs.gov.br\/secretaria-de-administracao\/wp-json\/wp\/v2\/media\/2045"}],"wp:attachment":[{"href":"https:\/\/www.pmpf.rs.gov.br\/secretaria-de-administracao\/wp-json\/wp\/v2\/media?parent=2043"}],"wp:term":[{"taxonomy":"category","embeddable":true,"href":"https:\/\/www.pmpf.rs.gov.br\/secretaria-de-administracao\/wp-json\/wp\/v2\/categories?post=2043"},{"taxonomy":"post_tag","embeddable":true,"href":"https:\/\/www.pmpf.rs.gov.br\/secretaria-de-administracao\/wp-json\/wp\/v2\/tags?post=2043"}],"curies":[{"name":"wp","href":"https:\/\/api.w.org\/{rel}","templated":true}]}}