{"id":2039,"date":"2022-07-18T09:03:00","date_gmt":"2022-07-18T12:03:00","guid":{"rendered":"https:\/\/www.pmpf.rs.gov.br\/secretaria-de-administracao\/?p=2039"},"modified":"2022-07-18T09:03:01","modified_gmt":"2022-07-18T12:03:01","slug":"prefeito-pedro-cobra-avancos-da-equipe-de-governo-em-reuniao-com-secretariado","status":"publish","type":"post","link":"https:\/\/www.pmpf.rs.gov.br\/secretaria-de-administracao\/2022\/07\/prefeito-pedro-cobra-avancos-da-equipe-de-governo-em-reuniao-com-secretariado\/","title":{"rendered":"Prefeito Pedro cobra avan\u00e7os da equipe de governo em reuni\u00e3o com secretariado"},"content":{"rendered":"\n<p><\/p>\n\n\n\n<p><\/p>\n\n\n\n<p>Em reuni\u00e3o com os secret\u00e1rios de Governo, o prefeito de Passo Fundo, Pedro Almeida, destacou, na manh\u00e3 desta sexta-feira (15), os avan\u00e7os registrados desde o in\u00edcio da Administra\u00e7\u00e3o Municipal, enumerando as propostas elencadas no Plano de Governo apresentado \u00e0 comunidade no processo eleitoral de 2020 e os compromissos que j\u00e1 foram executados. \u201cNosso trabalho tem sido direcionado para cumprir aquilo que acordamos com a comunidade, buscando sempre fazer mais e ir al\u00e9m do que prev\u00edamos, melhorando a cidade e a qualidade de vida dos passo-fundenses\u201d, afirmou.<\/p>\n\n\n\n<p>Durante a atividade, que ocorre a cada tr\u00eas meses com o objetivo de alinhas as estrat\u00e9gias e cobrar dos secret\u00e1rios iniciativas que garantam que as metas da gest\u00e3o sejam cumpridas, o prefeito ainda falou dos indicadores dos servi\u00e7os, as percep\u00e7\u00f5es da popula\u00e7\u00e3o sobre o atendimento p\u00fablico e os projetos e programas previstos para serem realizados nos pr\u00f3ximos per\u00edodos do governo.<\/p>\n\n\n\n<p>Conforme Pedro, entre as a\u00e7\u00f5es priorit\u00e1rias est\u00e3o a Escola das Profiss\u00f5es, que vai contribuir para a forma\u00e7\u00e3o e a capacita\u00e7\u00e3o da m\u00e3o de obra em diversas \u00e1reas, e o Hospital Dia da Crian\u00e7a, que vai melhorar o atendimento pedi\u00e1trico oferecido a popula\u00e7\u00e3o. \u201cS\u00e3o duas importantes \u00e1reas que est\u00e3o exigindo uma grande dedica\u00e7\u00e3o do nosso governo, mas que certamente trar\u00e3o resultados positivos para todos os passo-fundenses\u201d, resumiu o prefeito.<\/p>\n","protected":false},"excerpt":{"rendered":"<p>Indicadores da gest\u00e3o e novos projetos tamb\u00e9m foram pautados pelo chefe do Executivo, durante encontro trimestral com os secret\u00e1rios municipais<\/p>\n","protected":false},"author":6,"featured_media":2040,"comment_status":"closed","ping_status":"closed","sticky":true,"template":"","format":"standard","meta":{"footnotes":""},"categories":[1],"tags":[],"class_list":["post-2039","post","type-post","status-publish","format-standard","has-post-thumbnail","hentry","category-sem-categoria"],"yoast_head":"<!-- This site is optimized with the Yoast SEO plugin v23.8 - https:\/\/yoast.com\/wordpress\/plugins\/seo\/ -->\n<title>Prefeito Pedro cobra avan\u00e7os da equipe de governo em reuni\u00e3o com secretariado - Secretaria de Administra\u00e7\u00e3o | Prefeitura de Passo Fundo<\/title>\n<meta name=\"robots\" content=\"index, follow, max-snippet:-1, max-image-preview:large, max-video-preview:-1\" \/>\n<link rel=\"canonical\" href=\"https:\/\/www.pmpf.rs.gov.br\/secretaria-de-administracao\/2022\/07\/prefeito-pedro-cobra-avancos-da-equipe-de-governo-em-reuniao-com-secretariado\/\" \/>\n<meta property=\"og:locale\" content=\"pt_BR\" \/>\n<meta property=\"og:type\" content=\"article\" \/>\n<meta property=\"og:title\" content=\"Prefeito Pedro cobra avan\u00e7os da equipe de governo em reuni\u00e3o com secretariado - Secretaria de Administra\u00e7\u00e3o | Prefeitura de Passo Fundo\" \/>\n<meta property=\"og:description\" content=\"Indicadores da gest\u00e3o e novos projetos tamb\u00e9m foram pautados pelo chefe do Executivo, durante encontro trimestral com os secret\u00e1rios municipais\" \/>\n<meta property=\"og:url\" content=\"https:\/\/www.pmpf.rs.gov.br\/secretaria-de-administracao\/2022\/07\/prefeito-pedro-cobra-avancos-da-equipe-de-governo-em-reuniao-com-secretariado\/\" \/>\n<meta property=\"og:site_name\" content=\"Secretaria de Administra\u00e7\u00e3o\" \/>\n<meta property=\"article:published_time\" content=\"2022-07-18T12:03:00+00:00\" \/>\n<meta property=\"article:modified_time\" content=\"2022-07-18T12:03:01+00:00\" \/>\n<meta name=\"author\" content=\"andressazorzetto07\" \/>\n<meta name=\"twitter:card\" content=\"summary_large_image\" \/>\n<meta name=\"twitter:label1\" content=\"Escrito por\" \/>\n\t<meta name=\"twitter:data1\" content=\"andressazorzetto07\" \/>\n\t<meta name=\"twitter:label2\" content=\"Est. tempo de leitura\" \/>\n\t<meta name=\"twitter:data2\" content=\"1 minuto\" \/>\n<script type=\"application\/ld+json\" class=\"yoast-schema-graph\">{\"@context\":\"https:\/\/schema.org\",\"@graph\":[{\"@type\":\"WebPage\",\"@id\":\"https:\/\/www.pmpf.rs.gov.br\/secretaria-de-administracao\/2022\/07\/prefeito-pedro-cobra-avancos-da-equipe-de-governo-em-reuniao-com-secretariado\/\",\"url\":\"https:\/\/www.pmpf.rs.gov.br\/secretaria-de-administracao\/2022\/07\/prefeito-pedro-cobra-avancos-da-equipe-de-governo-em-reuniao-com-secretariado\/\",\"name\":\"Prefeito Pedro cobra avan\u00e7os da equipe de governo em reuni\u00e3o com secretariado - Secretaria de Administra\u00e7\u00e3o | Prefeitura de Passo Fundo\",\"isPartOf\":{\"@id\":\"https:\/\/www.pmpf.rs.gov.br\/secretaria-de-administracao\/#website\"},\"primaryImageOfPage\":{\"@id\":\"https:\/\/www.pmpf.rs.gov.br\/secretaria-de-administracao\/2022\/07\/prefeito-pedro-cobra-avancos-da-equipe-de-governo-em-reuniao-com-secretariado\/#primaryimage\"},\"image\":{\"@id\":\"https:\/\/www.pmpf.rs.gov.br\/secretaria-de-administracao\/2022\/07\/prefeito-pedro-cobra-avancos-da-equipe-de-governo-em-reuniao-com-secretariado\/#primaryimage\"},\"thumbnailUrl\":\"https:\/\/www.pmpf.rs.gov.br\/secretaria-de-administracao\/wp-content\/uploads\/sites\/4\/2022\/07\/99d70395-2b67-46f1-852d-f7a6f67fd7ef.jpg\",\"datePublished\":\"2022-07-18T12:03:00+00:00\",\"dateModified\":\"2022-07-18T12:03:01+00:00\",\"author\":{\"@id\":\"https:\/\/www.pmpf.rs.gov.br\/secretaria-de-administracao\/#\/schema\/person\/30ee1d1bd74da1469b01fcf086e43351\"},\"inLanguage\":\"pt-BR\",\"potentialAction\":[{\"@type\":\"ReadAction\",\"target\":[\"https:\/\/www.pmpf.rs.gov.br\/secretaria-de-administracao\/2022\/07\/prefeito-pedro-cobra-avancos-da-equipe-de-governo-em-reuniao-com-secretariado\/\"]}]},{\"@type\":\"ImageObject\",\"inLanguage\":\"pt-BR\",\"@id\":\"https:\/\/www.pmpf.rs.gov.br\/secretaria-de-administracao\/2022\/07\/prefeito-pedro-cobra-avancos-da-equipe-de-governo-em-reuniao-com-secretariado\/#primaryimage\",\"url\":\"https:\/\/www.pmpf.rs.gov.br\/secretaria-de-administracao\/wp-content\/uploads\/sites\/4\/2022\/07\/99d70395-2b67-46f1-852d-f7a6f67fd7ef.jpg\",\"contentUrl\":\"https:\/\/www.pmpf.rs.gov.br\/secretaria-de-administracao\/wp-content\/uploads\/sites\/4\/2022\/07\/99d70395-2b67-46f1-852d-f7a6f67fd7ef.jpg\",\"width\":1600,\"height\":898},{\"@type\":\"WebSite\",\"@id\":\"https:\/\/www.pmpf.rs.gov.br\/secretaria-de-administracao\/#website\",\"url\":\"https:\/\/www.pmpf.rs.gov.br\/secretaria-de-administracao\/\",\"name\":\"Secretaria de Administra\u00e7\u00e3o\",\"description\":\"S\u00f3 mais um site Prefeitura Municipal de Passo Fundo Sites\",\"potentialAction\":[{\"@type\":\"SearchAction\",\"target\":{\"@type\":\"EntryPoint\",\"urlTemplate\":\"https:\/\/www.pmpf.rs.gov.br\/secretaria-de-administracao\/?s={search_term_string}\"},\"query-input\":{\"@type\":\"PropertyValueSpecification\",\"valueRequired\":true,\"valueName\":\"search_term_string\"}}],\"inLanguage\":\"pt-BR\"},{\"@type\":\"Person\",\"@id\":\"https:\/\/www.pmpf.rs.gov.br\/secretaria-de-administracao\/#\/schema\/person\/30ee1d1bd74da1469b01fcf086e43351\",\"name\":\"andressazorzetto07\",\"image\":{\"@type\":\"ImageObject\",\"inLanguage\":\"pt-BR\",\"@id\":\"https:\/\/www.pmpf.rs.gov.br\/secretaria-de-administracao\/#\/schema\/person\/image\/\",\"url\":\"https:\/\/secure.gravatar.com\/avatar\/14c5458ed79dc81da99a13b9ff5f9f19?s=96&d=mm&r=g\",\"contentUrl\":\"https:\/\/secure.gravatar.com\/avatar\/14c5458ed79dc81da99a13b9ff5f9f19?s=96&d=mm&r=g\",\"caption\":\"andressazorzetto07\"},\"url\":\"https:\/\/www.pmpf.rs.gov.br\/secretaria-de-administracao\/author\/andressazorzetto07\/\"}]}<\/script>\n<!-- \/ Yoast SEO plugin. -->","yoast_head_json":{"title":"Prefeito Pedro cobra avan\u00e7os da equipe de governo em reuni\u00e3o com secretariado - Secretaria de Administra\u00e7\u00e3o | Prefeitura de Passo Fundo","robots":{"index":"index","follow":"follow","max-snippet":"max-snippet:-1","max-image-preview":"max-image-preview:large","max-video-preview":"max-video-preview:-1"},"canonical":"https:\/\/www.pmpf.rs.gov.br\/secretaria-de-administracao\/2022\/07\/prefeito-pedro-cobra-avancos-da-equipe-de-governo-em-reuniao-com-secretariado\/","og_locale":"pt_BR","og_type":"article","og_title":"Prefeito Pedro cobra avan\u00e7os da equipe de governo em reuni\u00e3o com secretariado - Secretaria de Administra\u00e7\u00e3o | Prefeitura de Passo Fundo","og_description":"Indicadores da gest\u00e3o e novos projetos tamb\u00e9m foram pautados pelo chefe do Executivo, durante encontro trimestral com os secret\u00e1rios municipais","og_url":"https:\/\/www.pmpf.rs.gov.br\/secretaria-de-administracao\/2022\/07\/prefeito-pedro-cobra-avancos-da-equipe-de-governo-em-reuniao-com-secretariado\/","og_site_name":"Secretaria de Administra\u00e7\u00e3o","article_published_time":"2022-07-18T12:03:00+00:00","article_modified_time":"2022-07-18T12:03:01+00:00","author":"andressazorzetto07","twitter_card":"summary_large_image","twitter_misc":{"Escrito por":"andressazorzetto07","Est. tempo de leitura":"1 minuto"},"schema":{"@context":"https:\/\/schema.org","@graph":[{"@type":"WebPage","@id":"https:\/\/www.pmpf.rs.gov.br\/secretaria-de-administracao\/2022\/07\/prefeito-pedro-cobra-avancos-da-equipe-de-governo-em-reuniao-com-secretariado\/","url":"https:\/\/www.pmpf.rs.gov.br\/secretaria-de-administracao\/2022\/07\/prefeito-pedro-cobra-avancos-da-equipe-de-governo-em-reuniao-com-secretariado\/","name":"Prefeito Pedro cobra avan\u00e7os da equipe de governo em reuni\u00e3o com secretariado - Secretaria de Administra\u00e7\u00e3o | Prefeitura de Passo Fundo","isPartOf":{"@id":"https:\/\/www.pmpf.rs.gov.br\/secretaria-de-administracao\/#website"},"primaryImageOfPage":{"@id":"https:\/\/www.pmpf.rs.gov.br\/secretaria-de-administracao\/2022\/07\/prefeito-pedro-cobra-avancos-da-equipe-de-governo-em-reuniao-com-secretariado\/#primaryimage"},"image":{"@id":"https:\/\/www.pmpf.rs.gov.br\/secretaria-de-administracao\/2022\/07\/prefeito-pedro-cobra-avancos-da-equipe-de-governo-em-reuniao-com-secretariado\/#primaryimage"},"thumbnailUrl":"https:\/\/www.pmpf.rs.gov.br\/secretaria-de-administracao\/wp-content\/uploads\/sites\/4\/2022\/07\/99d70395-2b67-46f1-852d-f7a6f67fd7ef.jpg","datePublished":"2022-07-18T12:03:00+00:00","dateModified":"2022-07-18T12:03:01+00:00","author":{"@id":"https:\/\/www.pmpf.rs.gov.br\/secretaria-de-administracao\/#\/schema\/person\/30ee1d1bd74da1469b01fcf086e43351"},"inLanguage":"pt-BR","potentialAction":[{"@type":"ReadAction","target":["https:\/\/www.pmpf.rs.gov.br\/secretaria-de-administracao\/2022\/07\/prefeito-pedro-cobra-avancos-da-equipe-de-governo-em-reuniao-com-secretariado\/"]}]},{"@type":"ImageObject","inLanguage":"pt-BR","@id":"https:\/\/www.pmpf.rs.gov.br\/secretaria-de-administracao\/2022\/07\/prefeito-pedro-cobra-avancos-da-equipe-de-governo-em-reuniao-com-secretariado\/#primaryimage","url":"https:\/\/www.pmpf.rs.gov.br\/secretaria-de-administracao\/wp-content\/uploads\/sites\/4\/2022\/07\/99d70395-2b67-46f1-852d-f7a6f67fd7ef.jpg","contentUrl":"https:\/\/www.pmpf.rs.gov.br\/secretaria-de-administracao\/wp-content\/uploads\/sites\/4\/2022\/07\/99d70395-2b67-46f1-852d-f7a6f67fd7ef.jpg","width":1600,"height":898},{"@type":"WebSite","@id":"https:\/\/www.pmpf.rs.gov.br\/secretaria-de-administracao\/#website","url":"https:\/\/www.pmpf.rs.gov.br\/secretaria-de-administracao\/","name":"Secretaria de Administra\u00e7\u00e3o","description":"S\u00f3 mais um site Prefeitura Municipal de Passo Fundo Sites","potentialAction":[{"@type":"SearchAction","target":{"@type":"EntryPoint","urlTemplate":"https:\/\/www.pmpf.rs.gov.br\/secretaria-de-administracao\/?s={search_term_string}"},"query-input":{"@type":"PropertyValueSpecification","valueRequired":true,"valueName":"search_term_string"}}],"inLanguage":"pt-BR"},{"@type":"Person","@id":"https:\/\/www.pmpf.rs.gov.br\/secretaria-de-administracao\/#\/schema\/person\/30ee1d1bd74da1469b01fcf086e43351","name":"andressazorzetto07","image":{"@type":"ImageObject","inLanguage":"pt-BR","@id":"https:\/\/www.pmpf.rs.gov.br\/secretaria-de-administracao\/#\/schema\/person\/image\/","url":"https:\/\/secure.gravatar.com\/avatar\/14c5458ed79dc81da99a13b9ff5f9f19?s=96&d=mm&r=g","contentUrl":"https:\/\/secure.gravatar.com\/avatar\/14c5458ed79dc81da99a13b9ff5f9f19?s=96&d=mm&r=g","caption":"andressazorzetto07"},"url":"https:\/\/www.pmpf.rs.gov.br\/secretaria-de-administracao\/author\/andressazorzetto07\/"}]}},"_links":{"self":[{"href":"https:\/\/www.pmpf.rs.gov.br\/secretaria-de-administracao\/wp-json\/wp\/v2\/posts\/2039"}],"collection":[{"href":"https:\/\/www.pmpf.rs.gov.br\/secretaria-de-administracao\/wp-json\/wp\/v2\/posts"}],"about":[{"href":"https:\/\/www.pmpf.rs.gov.br\/secretaria-de-administracao\/wp-json\/wp\/v2\/types\/post"}],"author":[{"embeddable":true,"href":"https:\/\/www.pmpf.rs.gov.br\/secretaria-de-administracao\/wp-json\/wp\/v2\/users\/6"}],"replies":[{"embeddable":true,"href":"https:\/\/www.pmpf.rs.gov.br\/secretaria-de-administracao\/wp-json\/wp\/v2\/comments?post=2039"}],"version-history":[{"count":1,"href":"https:\/\/www.pmpf.rs.gov.br\/secretaria-de-administracao\/wp-json\/wp\/v2\/posts\/2039\/revisions"}],"predecessor-version":[{"id":2041,"href":"https:\/\/www.pmpf.rs.gov.br\/secretaria-de-administracao\/wp-json\/wp\/v2\/posts\/2039\/revisions\/2041"}],"wp:featuredmedia":[{"embeddable":true,"href":"https:\/\/www.pmpf.rs.gov.br\/secretaria-de-administracao\/wp-json\/wp\/v2\/media\/2040"}],"wp:attachment":[{"href":"https:\/\/www.pmpf.rs.gov.br\/secretaria-de-administracao\/wp-json\/wp\/v2\/media?parent=2039"}],"wp:term":[{"taxonomy":"category","embeddable":true,"href":"https:\/\/www.pmpf.rs.gov.br\/secretaria-de-administracao\/wp-json\/wp\/v2\/categories?post=2039"},{"taxonomy":"post_tag","embeddable":true,"href":"https:\/\/www.pmpf.rs.gov.br\/secretaria-de-administracao\/wp-json\/wp\/v2\/tags?post=2039"}],"curies":[{"name":"wp","href":"https:\/\/api.w.org\/{rel}","templated":true}]}}