{"id":2034,"date":"2022-07-06T14:28:17","date_gmt":"2022-07-06T17:28:17","guid":{"rendered":"https:\/\/www.pmpf.rs.gov.br\/secretaria-de-administracao\/?p=2034"},"modified":"2022-07-06T14:28:18","modified_gmt":"2022-07-06T17:28:18","slug":"cidades-inteligentes-prefeito-visita-espaco-de-inovacao-e-tecnologias-aplicadas-aos-servicos-publicos","status":"publish","type":"post","link":"https:\/\/www.pmpf.rs.gov.br\/secretaria-de-administracao\/2022\/07\/cidades-inteligentes-prefeito-visita-espaco-de-inovacao-e-tecnologias-aplicadas-aos-servicos-publicos\/","title":{"rendered":"Cidades Inteligentes: prefeito visita espa\u00e7o de inova\u00e7\u00e3o e tecnologias aplicadas aos servi\u00e7os p\u00fablicos"},"content":{"rendered":"\n<p><br><br>Buscar novas ferramentas de gest\u00e3o para otimizar os processos administrativos e contribuir com o ecossistema de inova\u00e7\u00e3o empreendedora local estiveram entre os objetivos da visita do prefeito de Passo Fundo, Pedro Almeida, ao Smart Campus Facens, nesta quarta-feira (06). Instalado no munic\u00edpio paulista de Sorocaba, o espa\u00e7o tornou-se refer\u00eancia para o desenvolvimento de a\u00e7\u00f5es inovadoras prospectando o uso da tecnologia na constru\u00e7\u00e3o de cidades mais inteligentes.<\/p>\n\n\n\n<p>O conceito, explica o prefeito, refere-se \u00e0&nbsp;capacidade de as cidades tornarem-se mais digitais, melhorando os servi\u00e7os p\u00fablicos oferecidos aos cidad\u00e3os. \u201cUm exemplo concreto disso e que j\u00e1 \u00e9 parte da nossa realidade \u00e9 o aplicativo Cidad\u00e3o Online Passo Fundo, que permite que todas as pessoas enviem demandas para a Prefeitura por meio de seus smartphones. O campus da Facens, em S\u00e3o Paulo, \u00e9 um modelo de como podemos implementar a inova\u00e7\u00e3o no cotidiano do nosso munic\u00edpio\u201d, destacou Pedro.<\/p>\n\n\n\n<p>Neste sentido, o prefeito salientou ainda como as ferramentas digitais est\u00e3o contribuindo com a desburocratiza\u00e7\u00e3o dos servi\u00e7os da Prefeitura. \u201cJ\u00e1 implementemos mais de 100 processos virtuais que tornam mais c\u00e9lere a tramita\u00e7\u00e3o das demandas da popula\u00e7\u00e3o, como \u00e9 o caso do Alvar\u00e1 Online. Em um ano de funcionamento, foram mais de sete mil solicita\u00e7\u00f5es, sendo mais de 6.300 emitidas\u201d, resumiu.<\/p>\n\n\n\n<p>Cumprindo agendas em S\u00e3o Paulo, o prefeito esteve acompanhado do secret\u00e1rio Municipal de Educa\u00e7\u00e3o, Adriano Canabarro Teixeira, que aproveitou para refor\u00e7ar a import\u00e2ncia da tecnologia na efetiva\u00e7\u00e3o dos projetos pedag\u00f3gicos promovidos pela rede municipal de ensino. \u201cUm dos espa\u00e7os visitados foi a f\u00e1brica-laborat\u00f3rio da Facens, que ser\u00e1 utilizado na nossa Escola das Profiss\u00f5es. \u00c9 a educa\u00e7\u00e3o do futuro sendo constru\u00edda todos os dias\u201d, comentou Teixeira.<\/p>\n\n\n\n<p>Para o prefeito, estes projetos executados em outras regi\u00f5es congregam diferentes possibilidades que podem servir de modelo para iniciativas locais. \u201cEstamos trabalhando bastante na formata\u00e7\u00e3o de bons programas voltados para a inova\u00e7\u00e3o e para o uso da tecnologia. Acreditamos que a educa\u00e7\u00e3o e a capacita\u00e7\u00e3o profissional podem ser extremamente beneficiadas por estas ferramentas e queremos expandir isso para toda a cidade\u201d, finalizou Pedro.<\/p>\n","protected":false},"excerpt":{"rendered":"<p>Cumprindo agendas em S\u00e3o Paulo, Pedro Almeida esteve no Smart Campus Facens, em Sorocaba, considerado um dos principais modelos para o desenvolvimento de a\u00e7\u00f5es em inova\u00e7\u00e3o no pa\u00eds<\/p>\n","protected":false},"author":6,"featured_media":2035,"comment_status":"closed","ping_status":"closed","sticky":true,"template":"","format":"standard","meta":{"footnotes":""},"categories":[1],"tags":[],"class_list":["post-2034","post","type-post","status-publish","format-standard","has-post-thumbnail","hentry","category-sem-categoria"],"yoast_head":"<!-- This site is optimized with the Yoast SEO plugin v23.8 - https:\/\/yoast.com\/wordpress\/plugins\/seo\/ -->\n<title>Cidades Inteligentes: prefeito visita espa\u00e7o de inova\u00e7\u00e3o e tecnologias aplicadas aos servi\u00e7os p\u00fablicos - Secretaria de Administra\u00e7\u00e3o | Prefeitura de Passo Fundo<\/title>\n<meta name=\"robots\" content=\"index, follow, max-snippet:-1, max-image-preview:large, max-video-preview:-1\" \/>\n<link rel=\"canonical\" href=\"https:\/\/www.pmpf.rs.gov.br\/secretaria-de-administracao\/2022\/07\/cidades-inteligentes-prefeito-visita-espaco-de-inovacao-e-tecnologias-aplicadas-aos-servicos-publicos\/\" \/>\n<meta property=\"og:locale\" content=\"pt_BR\" \/>\n<meta property=\"og:type\" content=\"article\" \/>\n<meta property=\"og:title\" content=\"Cidades Inteligentes: prefeito visita espa\u00e7o de inova\u00e7\u00e3o e tecnologias aplicadas aos servi\u00e7os p\u00fablicos - Secretaria de Administra\u00e7\u00e3o | Prefeitura de Passo Fundo\" \/>\n<meta property=\"og:description\" content=\"Cumprindo agendas em S\u00e3o Paulo, Pedro Almeida esteve no Smart Campus Facens, em Sorocaba, considerado um dos principais modelos para o desenvolvimento de a\u00e7\u00f5es em inova\u00e7\u00e3o no pa\u00eds\" \/>\n<meta property=\"og:url\" content=\"https:\/\/www.pmpf.rs.gov.br\/secretaria-de-administracao\/2022\/07\/cidades-inteligentes-prefeito-visita-espaco-de-inovacao-e-tecnologias-aplicadas-aos-servicos-publicos\/\" \/>\n<meta property=\"og:site_name\" content=\"Secretaria de Administra\u00e7\u00e3o\" \/>\n<meta property=\"article:published_time\" content=\"2022-07-06T17:28:17+00:00\" \/>\n<meta property=\"article:modified_time\" content=\"2022-07-06T17:28:18+00:00\" \/>\n<meta name=\"author\" content=\"andressazorzetto07\" \/>\n<meta name=\"twitter:card\" content=\"summary_large_image\" \/>\n<meta name=\"twitter:label1\" content=\"Escrito por\" \/>\n\t<meta name=\"twitter:data1\" content=\"andressazorzetto07\" \/>\n\t<meta name=\"twitter:label2\" content=\"Est. tempo de leitura\" \/>\n\t<meta name=\"twitter:data2\" content=\"2 minutos\" \/>\n<script type=\"application\/ld+json\" class=\"yoast-schema-graph\">{\"@context\":\"https:\/\/schema.org\",\"@graph\":[{\"@type\":\"WebPage\",\"@id\":\"https:\/\/www.pmpf.rs.gov.br\/secretaria-de-administracao\/2022\/07\/cidades-inteligentes-prefeito-visita-espaco-de-inovacao-e-tecnologias-aplicadas-aos-servicos-publicos\/\",\"url\":\"https:\/\/www.pmpf.rs.gov.br\/secretaria-de-administracao\/2022\/07\/cidades-inteligentes-prefeito-visita-espaco-de-inovacao-e-tecnologias-aplicadas-aos-servicos-publicos\/\",\"name\":\"Cidades Inteligentes: prefeito visita espa\u00e7o de inova\u00e7\u00e3o e tecnologias aplicadas aos servi\u00e7os p\u00fablicos - Secretaria de Administra\u00e7\u00e3o | Prefeitura de Passo Fundo\",\"isPartOf\":{\"@id\":\"https:\/\/www.pmpf.rs.gov.br\/secretaria-de-administracao\/#website\"},\"primaryImageOfPage\":{\"@id\":\"https:\/\/www.pmpf.rs.gov.br\/secretaria-de-administracao\/2022\/07\/cidades-inteligentes-prefeito-visita-espaco-de-inovacao-e-tecnologias-aplicadas-aos-servicos-publicos\/#primaryimage\"},\"image\":{\"@id\":\"https:\/\/www.pmpf.rs.gov.br\/secretaria-de-administracao\/2022\/07\/cidades-inteligentes-prefeito-visita-espaco-de-inovacao-e-tecnologias-aplicadas-aos-servicos-publicos\/#primaryimage\"},\"thumbnailUrl\":\"https:\/\/www.pmpf.rs.gov.br\/secretaria-de-administracao\/wp-content\/uploads\/sites\/4\/2022\/07\/cidades-inteligentes-2.jpg\",\"datePublished\":\"2022-07-06T17:28:17+00:00\",\"dateModified\":\"2022-07-06T17:28:18+00:00\",\"author\":{\"@id\":\"https:\/\/www.pmpf.rs.gov.br\/secretaria-de-administracao\/#\/schema\/person\/30ee1d1bd74da1469b01fcf086e43351\"},\"inLanguage\":\"pt-BR\",\"potentialAction\":[{\"@type\":\"ReadAction\",\"target\":[\"https:\/\/www.pmpf.rs.gov.br\/secretaria-de-administracao\/2022\/07\/cidades-inteligentes-prefeito-visita-espaco-de-inovacao-e-tecnologias-aplicadas-aos-servicos-publicos\/\"]}]},{\"@type\":\"ImageObject\",\"inLanguage\":\"pt-BR\",\"@id\":\"https:\/\/www.pmpf.rs.gov.br\/secretaria-de-administracao\/2022\/07\/cidades-inteligentes-prefeito-visita-espaco-de-inovacao-e-tecnologias-aplicadas-aos-servicos-publicos\/#primaryimage\",\"url\":\"https:\/\/www.pmpf.rs.gov.br\/secretaria-de-administracao\/wp-content\/uploads\/sites\/4\/2022\/07\/cidades-inteligentes-2.jpg\",\"contentUrl\":\"https:\/\/www.pmpf.rs.gov.br\/secretaria-de-administracao\/wp-content\/uploads\/sites\/4\/2022\/07\/cidades-inteligentes-2.jpg\",\"width\":1280,\"height\":960},{\"@type\":\"WebSite\",\"@id\":\"https:\/\/www.pmpf.rs.gov.br\/secretaria-de-administracao\/#website\",\"url\":\"https:\/\/www.pmpf.rs.gov.br\/secretaria-de-administracao\/\",\"name\":\"Secretaria de Administra\u00e7\u00e3o\",\"description\":\"S\u00f3 mais um site Prefeitura Municipal de Passo Fundo Sites\",\"potentialAction\":[{\"@type\":\"SearchAction\",\"target\":{\"@type\":\"EntryPoint\",\"urlTemplate\":\"https:\/\/www.pmpf.rs.gov.br\/secretaria-de-administracao\/?s={search_term_string}\"},\"query-input\":{\"@type\":\"PropertyValueSpecification\",\"valueRequired\":true,\"valueName\":\"search_term_string\"}}],\"inLanguage\":\"pt-BR\"},{\"@type\":\"Person\",\"@id\":\"https:\/\/www.pmpf.rs.gov.br\/secretaria-de-administracao\/#\/schema\/person\/30ee1d1bd74da1469b01fcf086e43351\",\"name\":\"andressazorzetto07\",\"image\":{\"@type\":\"ImageObject\",\"inLanguage\":\"pt-BR\",\"@id\":\"https:\/\/www.pmpf.rs.gov.br\/secretaria-de-administracao\/#\/schema\/person\/image\/\",\"url\":\"https:\/\/secure.gravatar.com\/avatar\/14c5458ed79dc81da99a13b9ff5f9f19?s=96&d=mm&r=g\",\"contentUrl\":\"https:\/\/secure.gravatar.com\/avatar\/14c5458ed79dc81da99a13b9ff5f9f19?s=96&d=mm&r=g\",\"caption\":\"andressazorzetto07\"},\"url\":\"https:\/\/www.pmpf.rs.gov.br\/secretaria-de-administracao\/author\/andressazorzetto07\/\"}]}<\/script>\n<!-- \/ Yoast SEO plugin. -->","yoast_head_json":{"title":"Cidades Inteligentes: prefeito visita espa\u00e7o de inova\u00e7\u00e3o e tecnologias aplicadas aos servi\u00e7os p\u00fablicos - Secretaria de Administra\u00e7\u00e3o | Prefeitura de Passo Fundo","robots":{"index":"index","follow":"follow","max-snippet":"max-snippet:-1","max-image-preview":"max-image-preview:large","max-video-preview":"max-video-preview:-1"},"canonical":"https:\/\/www.pmpf.rs.gov.br\/secretaria-de-administracao\/2022\/07\/cidades-inteligentes-prefeito-visita-espaco-de-inovacao-e-tecnologias-aplicadas-aos-servicos-publicos\/","og_locale":"pt_BR","og_type":"article","og_title":"Cidades Inteligentes: prefeito visita espa\u00e7o de inova\u00e7\u00e3o e tecnologias aplicadas aos servi\u00e7os p\u00fablicos - Secretaria de Administra\u00e7\u00e3o | Prefeitura de Passo Fundo","og_description":"Cumprindo agendas em S\u00e3o Paulo, Pedro Almeida esteve no Smart Campus Facens, em Sorocaba, considerado um dos principais modelos para o desenvolvimento de a\u00e7\u00f5es em inova\u00e7\u00e3o no pa\u00eds","og_url":"https:\/\/www.pmpf.rs.gov.br\/secretaria-de-administracao\/2022\/07\/cidades-inteligentes-prefeito-visita-espaco-de-inovacao-e-tecnologias-aplicadas-aos-servicos-publicos\/","og_site_name":"Secretaria de Administra\u00e7\u00e3o","article_published_time":"2022-07-06T17:28:17+00:00","article_modified_time":"2022-07-06T17:28:18+00:00","author":"andressazorzetto07","twitter_card":"summary_large_image","twitter_misc":{"Escrito por":"andressazorzetto07","Est. tempo de leitura":"2 minutos"},"schema":{"@context":"https:\/\/schema.org","@graph":[{"@type":"WebPage","@id":"https:\/\/www.pmpf.rs.gov.br\/secretaria-de-administracao\/2022\/07\/cidades-inteligentes-prefeito-visita-espaco-de-inovacao-e-tecnologias-aplicadas-aos-servicos-publicos\/","url":"https:\/\/www.pmpf.rs.gov.br\/secretaria-de-administracao\/2022\/07\/cidades-inteligentes-prefeito-visita-espaco-de-inovacao-e-tecnologias-aplicadas-aos-servicos-publicos\/","name":"Cidades Inteligentes: prefeito visita espa\u00e7o de inova\u00e7\u00e3o e tecnologias aplicadas aos servi\u00e7os p\u00fablicos - Secretaria de Administra\u00e7\u00e3o | Prefeitura de Passo Fundo","isPartOf":{"@id":"https:\/\/www.pmpf.rs.gov.br\/secretaria-de-administracao\/#website"},"primaryImageOfPage":{"@id":"https:\/\/www.pmpf.rs.gov.br\/secretaria-de-administracao\/2022\/07\/cidades-inteligentes-prefeito-visita-espaco-de-inovacao-e-tecnologias-aplicadas-aos-servicos-publicos\/#primaryimage"},"image":{"@id":"https:\/\/www.pmpf.rs.gov.br\/secretaria-de-administracao\/2022\/07\/cidades-inteligentes-prefeito-visita-espaco-de-inovacao-e-tecnologias-aplicadas-aos-servicos-publicos\/#primaryimage"},"thumbnailUrl":"https:\/\/www.pmpf.rs.gov.br\/secretaria-de-administracao\/wp-content\/uploads\/sites\/4\/2022\/07\/cidades-inteligentes-2.jpg","datePublished":"2022-07-06T17:28:17+00:00","dateModified":"2022-07-06T17:28:18+00:00","author":{"@id":"https:\/\/www.pmpf.rs.gov.br\/secretaria-de-administracao\/#\/schema\/person\/30ee1d1bd74da1469b01fcf086e43351"},"inLanguage":"pt-BR","potentialAction":[{"@type":"ReadAction","target":["https:\/\/www.pmpf.rs.gov.br\/secretaria-de-administracao\/2022\/07\/cidades-inteligentes-prefeito-visita-espaco-de-inovacao-e-tecnologias-aplicadas-aos-servicos-publicos\/"]}]},{"@type":"ImageObject","inLanguage":"pt-BR","@id":"https:\/\/www.pmpf.rs.gov.br\/secretaria-de-administracao\/2022\/07\/cidades-inteligentes-prefeito-visita-espaco-de-inovacao-e-tecnologias-aplicadas-aos-servicos-publicos\/#primaryimage","url":"https:\/\/www.pmpf.rs.gov.br\/secretaria-de-administracao\/wp-content\/uploads\/sites\/4\/2022\/07\/cidades-inteligentes-2.jpg","contentUrl":"https:\/\/www.pmpf.rs.gov.br\/secretaria-de-administracao\/wp-content\/uploads\/sites\/4\/2022\/07\/cidades-inteligentes-2.jpg","width":1280,"height":960},{"@type":"WebSite","@id":"https:\/\/www.pmpf.rs.gov.br\/secretaria-de-administracao\/#website","url":"https:\/\/www.pmpf.rs.gov.br\/secretaria-de-administracao\/","name":"Secretaria de Administra\u00e7\u00e3o","description":"S\u00f3 mais um site Prefeitura Municipal de Passo Fundo Sites","potentialAction":[{"@type":"SearchAction","target":{"@type":"EntryPoint","urlTemplate":"https:\/\/www.pmpf.rs.gov.br\/secretaria-de-administracao\/?s={search_term_string}"},"query-input":{"@type":"PropertyValueSpecification","valueRequired":true,"valueName":"search_term_string"}}],"inLanguage":"pt-BR"},{"@type":"Person","@id":"https:\/\/www.pmpf.rs.gov.br\/secretaria-de-administracao\/#\/schema\/person\/30ee1d1bd74da1469b01fcf086e43351","name":"andressazorzetto07","image":{"@type":"ImageObject","inLanguage":"pt-BR","@id":"https:\/\/www.pmpf.rs.gov.br\/secretaria-de-administracao\/#\/schema\/person\/image\/","url":"https:\/\/secure.gravatar.com\/avatar\/14c5458ed79dc81da99a13b9ff5f9f19?s=96&d=mm&r=g","contentUrl":"https:\/\/secure.gravatar.com\/avatar\/14c5458ed79dc81da99a13b9ff5f9f19?s=96&d=mm&r=g","caption":"andressazorzetto07"},"url":"https:\/\/www.pmpf.rs.gov.br\/secretaria-de-administracao\/author\/andressazorzetto07\/"}]}},"_links":{"self":[{"href":"https:\/\/www.pmpf.rs.gov.br\/secretaria-de-administracao\/wp-json\/wp\/v2\/posts\/2034"}],"collection":[{"href":"https:\/\/www.pmpf.rs.gov.br\/secretaria-de-administracao\/wp-json\/wp\/v2\/posts"}],"about":[{"href":"https:\/\/www.pmpf.rs.gov.br\/secretaria-de-administracao\/wp-json\/wp\/v2\/types\/post"}],"author":[{"embeddable":true,"href":"https:\/\/www.pmpf.rs.gov.br\/secretaria-de-administracao\/wp-json\/wp\/v2\/users\/6"}],"replies":[{"embeddable":true,"href":"https:\/\/www.pmpf.rs.gov.br\/secretaria-de-administracao\/wp-json\/wp\/v2\/comments?post=2034"}],"version-history":[{"count":1,"href":"https:\/\/www.pmpf.rs.gov.br\/secretaria-de-administracao\/wp-json\/wp\/v2\/posts\/2034\/revisions"}],"predecessor-version":[{"id":2036,"href":"https:\/\/www.pmpf.rs.gov.br\/secretaria-de-administracao\/wp-json\/wp\/v2\/posts\/2034\/revisions\/2036"}],"wp:featuredmedia":[{"embeddable":true,"href":"https:\/\/www.pmpf.rs.gov.br\/secretaria-de-administracao\/wp-json\/wp\/v2\/media\/2035"}],"wp:attachment":[{"href":"https:\/\/www.pmpf.rs.gov.br\/secretaria-de-administracao\/wp-json\/wp\/v2\/media?parent=2034"}],"wp:term":[{"taxonomy":"category","embeddable":true,"href":"https:\/\/www.pmpf.rs.gov.br\/secretaria-de-administracao\/wp-json\/wp\/v2\/categories?post=2034"},{"taxonomy":"post_tag","embeddable":true,"href":"https:\/\/www.pmpf.rs.gov.br\/secretaria-de-administracao\/wp-json\/wp\/v2\/tags?post=2034"}],"curies":[{"name":"wp","href":"https:\/\/api.w.org\/{rel}","templated":true}]}}