{"id":2011,"date":"2022-06-14T09:12:34","date_gmt":"2022-06-14T12:12:34","guid":{"rendered":"https:\/\/www.pmpf.rs.gov.br\/secretaria-de-administracao\/?p=2011"},"modified":"2022-06-14T09:12:35","modified_gmt":"2022-06-14T12:12:35","slug":"prefeitura-reforcara-os-atendimentos-em-saude-com-mais-medicos-especialistas","status":"publish","type":"post","link":"https:\/\/www.pmpf.rs.gov.br\/secretaria-de-administracao\/2022\/06\/prefeitura-reforcara-os-atendimentos-em-saude-com-mais-medicos-especialistas\/","title":{"rendered":"Prefeitura refor\u00e7ar\u00e1 os atendimentos em Sa\u00fade com mais m\u00e9dicos especialistas"},"content":{"rendered":"\n<p><\/p>\n\n\n\n<p><\/p>\n\n\n\n<p>A Prefeitura de Passo Fundo abriu, nesta segunda-feira (13), mais um edital para a contrata\u00e7\u00e3o de m\u00e9dicos especialistas. Os profissionais de 28 \u00e1reas dever\u00e3o atuar nos Centros de Atendimento Integral Sa\u00fade (Cais) e nas Unidades B\u00e1sicas de Sa\u00fade (UBS) para atender os pacientes de m\u00e9dia complexidade e auxiliar na triagem de casos que necessitam de encaminhamento do Estado. As inscri\u00e7\u00f5es ir\u00e3o at\u00e9 o dia 22 de junho.<\/p>\n\n\n\n<p>O prefeito, Pedro Almeida, afirma que o Munic\u00edpio concentra esfor\u00e7os para qualificar a Sa\u00fade a partir dos atendimentos com especialistas, assumindo uma responsabilidade que \u00e9 do Governo do Estado. \u201cEssa \u00e9 mais uma tentativa para amenizarmos as filas de espera por consultas e procedimentos com m\u00e9dicos especialistas. A Prefeitura \u00e9 respons\u00e1vel pelos servi\u00e7os de aten\u00e7\u00e3o b\u00e1sica, mas estamos indo al\u00e9m para garantir que a popula\u00e7\u00e3o seja atendida com mais agilidade\u201d, destaca.<\/p>\n\n\n\n<p>Pelo novo processo seletivo, ser\u00e3o contratados especialistas para o fechamento de sete mil horas mensais de atendimento, conforme explica a secret\u00e1ria de Sa\u00fade, Cristine Pilati. \u201cJ\u00e1 contamos com especialistas na rede e buscamos, agora, a complementa\u00e7\u00e3o das horas de servi\u00e7o. O objetivo \u00e9 que esses profissionais, al\u00e9m de atuarem no atendimento direto das pessoas, triem as filas para o sistema de Gerenciamento de Consultas (Gercon) do Estado, que regula as consultas especializadas pelo Sistema \u00danico de Sa\u00fade (SUS)\u201d, enfatiza.<\/p>\n\n\n\n<p><br>Dentro desta estrat\u00e9gia de reduzir as filas, o Munic\u00edpio criou tamb\u00e9m, em 2021, o Mutir\u00e3o de Especialidades. Desde ent\u00e3o, foram viabilizados junto com cl\u00ednicas credenciadas cerca de 4 mil atendimentos nas \u00e1reas de Oftalmologia, Neurologia, Cardiologia, Cirurgia Pedi\u00e1trica e Cirurgia de Catarata. A mesma proposta foi feita em Endocrinologia, por\u00e9m, foram abertos tr\u00eas processos de credenciamento sem nenhuma cl\u00ednica credenciada.<\/p>\n\n\n\n<p>Na defini\u00e7\u00e3o das especialidades m\u00e9dicas contempladas pelo Mutir\u00e3o, a Prefeitura considerou as que registravam um n\u00famero expressivo de pessoas aguardando por consulta. A secret\u00e1ria de Sa\u00fade considera que a iniciativa promove um acolhimento efetivo por parte do Munic\u00edpio aos pacientes. \u201cCom os mutir\u00f5es, reduzimos consideravelmente as filas e tamb\u00e9m contra referenciamos os pacientes para a aten\u00e7\u00e3o b\u00e1sica, assegurando o acompanhamento nas unidades b\u00e1sicas de sa\u00fade e, assim, evitando o agravamento de muitos problemas\u201d, afirma.<\/p>\n\n\n\n<p><\/p>\n\n\n\n<p><strong>Profissionais que ser\u00e3o contratados<\/strong><\/p>\n\n\n\n<p>O processo seletivo busca a contrata\u00e7\u00e3o dos seguintes profissionais:<\/p>\n\n\n\n<p>Cardiologista<\/p>\n\n\n\n<p>Cirurgia Geral<\/p>\n\n\n\n<p>Cirurgia Pedi\u00e1trica<\/p>\n\n\n\n<p>Cirurgi\u00e3o Cabe\u00e7a e Pesco\u00e7o<\/p>\n\n\n\n<p>Cirurgi\u00e3o Vascular<\/p>\n\n\n\n<p>Cl\u00ednico Geral<\/p>\n\n\n\n<p>Dermatologista<\/p>\n\n\n\n<p>Endocrinologista<\/p>\n\n\n\n<p>Gastroenterologista pedi\u00e1trico<\/p>\n\n\n\n<p>Gastroenterologista<\/p>\n\n\n\n<p>Geriatra<\/p>\n\n\n\n<p>Ginecologista<\/p>\n\n\n\n<p>Hematologista<\/p>\n\n\n\n<p>Infectologista<\/p>\n\n\n\n<p>M\u00e9dico de Fam\u00edlia e Comunidade<\/p>\n\n\n\n<p>M\u00e9dico do Trabalho<\/p>\n\n\n\n<p>Nefrologista<\/p>\n\n\n\n<p>Neurologista Pedi\u00e1trico<\/p>\n\n\n\n<p>Neurologista<\/p>\n\n\n\n<p>Ortopedista e Traumatologista<\/p>\n\n\n\n<p>Otorrinolaringologista<\/p>\n\n\n\n<p>Pediatra<\/p>\n\n\n\n<p>Pneumologista Pedi\u00e1trico<\/p>\n\n\n\n<p>Pneumologista<\/p>\n\n\n\n<p>Proctologista<\/p>\n\n\n\n<p>Psiquiatra<\/p>\n\n\n\n<p>Reumatologista<\/p>\n\n\n\n<p>Urologista<\/p>\n\n\n\n<p>O n\u00famero de m\u00e9dicos contratados dever\u00e1 atender 7 mil horas m\u00e9dicas nas diversas especialidades. O total de vagas depender\u00e1 da declara\u00e7\u00e3o de disponibilidade de hor\u00e1rio dos candidatos, que ser\u00e1 informado no momento de inscri\u00e7\u00e3o.<\/p>\n\n\n\n<p><\/p>\n\n\n\n<p><strong>Inscri\u00e7\u00f5es<\/strong><\/p>\n\n\n\n<p>As inscri\u00e7\u00f5es dever\u00e3o ser realizadas pelo site da Prefeitura (<a href=\"http:\/\/www.passofundo.rs.gov.br\/\">www.passofundo.rs.gov.br<\/a>), mediante o preenchimento do formul\u00e1rio de inscri\u00e7\u00e3o e do envio da documenta\u00e7\u00e3o exigida. A classifica\u00e7\u00e3o ser\u00e1 obtida ap\u00f3s avalia\u00e7\u00e3o do curr\u00edculo documentado.<\/p>\n","protected":false},"excerpt":{"rendered":"<p>Processo seletivo est\u00e1 com inscri\u00e7\u00f5es abertas para 28 especialidades m\u00e9dicas. Profissionais atender\u00e3o a popula\u00e7\u00e3o nos Cais e UBS<\/p>\n","protected":false},"author":6,"featured_media":0,"comment_status":"closed","ping_status":"closed","sticky":true,"template":"","format":"standard","meta":{"footnotes":""},"categories":[1],"tags":[],"class_list":["post-2011","post","type-post","status-publish","format-standard","hentry","category-sem-categoria"],"yoast_head":"<!-- This site is optimized with the Yoast SEO plugin v23.8 - https:\/\/yoast.com\/wordpress\/plugins\/seo\/ -->\n<title>Prefeitura refor\u00e7ar\u00e1 os atendimentos em Sa\u00fade com mais m\u00e9dicos especialistas - Secretaria de Administra\u00e7\u00e3o | Prefeitura de Passo Fundo<\/title>\n<meta name=\"robots\" content=\"index, follow, max-snippet:-1, max-image-preview:large, max-video-preview:-1\" \/>\n<link rel=\"canonical\" href=\"https:\/\/www.pmpf.rs.gov.br\/secretaria-de-administracao\/2022\/06\/prefeitura-reforcara-os-atendimentos-em-saude-com-mais-medicos-especialistas\/\" \/>\n<meta property=\"og:locale\" content=\"pt_BR\" \/>\n<meta property=\"og:type\" content=\"article\" \/>\n<meta property=\"og:title\" content=\"Prefeitura refor\u00e7ar\u00e1 os atendimentos em Sa\u00fade com mais m\u00e9dicos especialistas - Secretaria de Administra\u00e7\u00e3o | Prefeitura de Passo Fundo\" \/>\n<meta property=\"og:description\" content=\"Processo seletivo est\u00e1 com inscri\u00e7\u00f5es abertas para 28 especialidades m\u00e9dicas. Profissionais atender\u00e3o a popula\u00e7\u00e3o nos Cais e UBS\" \/>\n<meta property=\"og:url\" content=\"https:\/\/www.pmpf.rs.gov.br\/secretaria-de-administracao\/2022\/06\/prefeitura-reforcara-os-atendimentos-em-saude-com-mais-medicos-especialistas\/\" \/>\n<meta property=\"og:site_name\" content=\"Secretaria de Administra\u00e7\u00e3o\" \/>\n<meta property=\"article:published_time\" content=\"2022-06-14T12:12:34+00:00\" \/>\n<meta property=\"article:modified_time\" content=\"2022-06-14T12:12:35+00:00\" \/>\n<meta name=\"author\" content=\"andressazorzetto07\" \/>\n<meta name=\"twitter:card\" content=\"summary_large_image\" \/>\n<meta name=\"twitter:label1\" content=\"Escrito por\" \/>\n\t<meta name=\"twitter:data1\" content=\"andressazorzetto07\" \/>\n\t<meta name=\"twitter:label2\" content=\"Est. tempo de leitura\" \/>\n\t<meta name=\"twitter:data2\" content=\"3 minutos\" \/>\n<script type=\"application\/ld+json\" class=\"yoast-schema-graph\">{\"@context\":\"https:\/\/schema.org\",\"@graph\":[{\"@type\":\"WebPage\",\"@id\":\"https:\/\/www.pmpf.rs.gov.br\/secretaria-de-administracao\/2022\/06\/prefeitura-reforcara-os-atendimentos-em-saude-com-mais-medicos-especialistas\/\",\"url\":\"https:\/\/www.pmpf.rs.gov.br\/secretaria-de-administracao\/2022\/06\/prefeitura-reforcara-os-atendimentos-em-saude-com-mais-medicos-especialistas\/\",\"name\":\"Prefeitura refor\u00e7ar\u00e1 os atendimentos em Sa\u00fade com mais m\u00e9dicos especialistas - Secretaria de Administra\u00e7\u00e3o | Prefeitura de Passo Fundo\",\"isPartOf\":{\"@id\":\"https:\/\/www.pmpf.rs.gov.br\/secretaria-de-administracao\/#website\"},\"datePublished\":\"2022-06-14T12:12:34+00:00\",\"dateModified\":\"2022-06-14T12:12:35+00:00\",\"author\":{\"@id\":\"https:\/\/www.pmpf.rs.gov.br\/secretaria-de-administracao\/#\/schema\/person\/30ee1d1bd74da1469b01fcf086e43351\"},\"inLanguage\":\"pt-BR\",\"potentialAction\":[{\"@type\":\"ReadAction\",\"target\":[\"https:\/\/www.pmpf.rs.gov.br\/secretaria-de-administracao\/2022\/06\/prefeitura-reforcara-os-atendimentos-em-saude-com-mais-medicos-especialistas\/\"]}]},{\"@type\":\"WebSite\",\"@id\":\"https:\/\/www.pmpf.rs.gov.br\/secretaria-de-administracao\/#website\",\"url\":\"https:\/\/www.pmpf.rs.gov.br\/secretaria-de-administracao\/\",\"name\":\"Secretaria de Administra\u00e7\u00e3o\",\"description\":\"S\u00f3 mais um site Prefeitura Municipal de Passo Fundo Sites\",\"potentialAction\":[{\"@type\":\"SearchAction\",\"target\":{\"@type\":\"EntryPoint\",\"urlTemplate\":\"https:\/\/www.pmpf.rs.gov.br\/secretaria-de-administracao\/?s={search_term_string}\"},\"query-input\":{\"@type\":\"PropertyValueSpecification\",\"valueRequired\":true,\"valueName\":\"search_term_string\"}}],\"inLanguage\":\"pt-BR\"},{\"@type\":\"Person\",\"@id\":\"https:\/\/www.pmpf.rs.gov.br\/secretaria-de-administracao\/#\/schema\/person\/30ee1d1bd74da1469b01fcf086e43351\",\"name\":\"andressazorzetto07\",\"image\":{\"@type\":\"ImageObject\",\"inLanguage\":\"pt-BR\",\"@id\":\"https:\/\/www.pmpf.rs.gov.br\/secretaria-de-administracao\/#\/schema\/person\/image\/\",\"url\":\"https:\/\/secure.gravatar.com\/avatar\/14c5458ed79dc81da99a13b9ff5f9f19?s=96&d=mm&r=g\",\"contentUrl\":\"https:\/\/secure.gravatar.com\/avatar\/14c5458ed79dc81da99a13b9ff5f9f19?s=96&d=mm&r=g\",\"caption\":\"andressazorzetto07\"},\"url\":\"https:\/\/www.pmpf.rs.gov.br\/secretaria-de-administracao\/author\/andressazorzetto07\/\"}]}<\/script>\n<!-- \/ Yoast SEO plugin. -->","yoast_head_json":{"title":"Prefeitura refor\u00e7ar\u00e1 os atendimentos em Sa\u00fade com mais m\u00e9dicos especialistas - Secretaria de Administra\u00e7\u00e3o | Prefeitura de Passo Fundo","robots":{"index":"index","follow":"follow","max-snippet":"max-snippet:-1","max-image-preview":"max-image-preview:large","max-video-preview":"max-video-preview:-1"},"canonical":"https:\/\/www.pmpf.rs.gov.br\/secretaria-de-administracao\/2022\/06\/prefeitura-reforcara-os-atendimentos-em-saude-com-mais-medicos-especialistas\/","og_locale":"pt_BR","og_type":"article","og_title":"Prefeitura refor\u00e7ar\u00e1 os atendimentos em Sa\u00fade com mais m\u00e9dicos especialistas - Secretaria de Administra\u00e7\u00e3o | Prefeitura de Passo Fundo","og_description":"Processo seletivo est\u00e1 com inscri\u00e7\u00f5es abertas para 28 especialidades m\u00e9dicas. Profissionais atender\u00e3o a popula\u00e7\u00e3o nos Cais e UBS","og_url":"https:\/\/www.pmpf.rs.gov.br\/secretaria-de-administracao\/2022\/06\/prefeitura-reforcara-os-atendimentos-em-saude-com-mais-medicos-especialistas\/","og_site_name":"Secretaria de Administra\u00e7\u00e3o","article_published_time":"2022-06-14T12:12:34+00:00","article_modified_time":"2022-06-14T12:12:35+00:00","author":"andressazorzetto07","twitter_card":"summary_large_image","twitter_misc":{"Escrito por":"andressazorzetto07","Est. tempo de leitura":"3 minutos"},"schema":{"@context":"https:\/\/schema.org","@graph":[{"@type":"WebPage","@id":"https:\/\/www.pmpf.rs.gov.br\/secretaria-de-administracao\/2022\/06\/prefeitura-reforcara-os-atendimentos-em-saude-com-mais-medicos-especialistas\/","url":"https:\/\/www.pmpf.rs.gov.br\/secretaria-de-administracao\/2022\/06\/prefeitura-reforcara-os-atendimentos-em-saude-com-mais-medicos-especialistas\/","name":"Prefeitura refor\u00e7ar\u00e1 os atendimentos em Sa\u00fade com mais m\u00e9dicos especialistas - Secretaria de Administra\u00e7\u00e3o | Prefeitura de Passo Fundo","isPartOf":{"@id":"https:\/\/www.pmpf.rs.gov.br\/secretaria-de-administracao\/#website"},"datePublished":"2022-06-14T12:12:34+00:00","dateModified":"2022-06-14T12:12:35+00:00","author":{"@id":"https:\/\/www.pmpf.rs.gov.br\/secretaria-de-administracao\/#\/schema\/person\/30ee1d1bd74da1469b01fcf086e43351"},"inLanguage":"pt-BR","potentialAction":[{"@type":"ReadAction","target":["https:\/\/www.pmpf.rs.gov.br\/secretaria-de-administracao\/2022\/06\/prefeitura-reforcara-os-atendimentos-em-saude-com-mais-medicos-especialistas\/"]}]},{"@type":"WebSite","@id":"https:\/\/www.pmpf.rs.gov.br\/secretaria-de-administracao\/#website","url":"https:\/\/www.pmpf.rs.gov.br\/secretaria-de-administracao\/","name":"Secretaria de Administra\u00e7\u00e3o","description":"S\u00f3 mais um site Prefeitura Municipal de Passo Fundo Sites","potentialAction":[{"@type":"SearchAction","target":{"@type":"EntryPoint","urlTemplate":"https:\/\/www.pmpf.rs.gov.br\/secretaria-de-administracao\/?s={search_term_string}"},"query-input":{"@type":"PropertyValueSpecification","valueRequired":true,"valueName":"search_term_string"}}],"inLanguage":"pt-BR"},{"@type":"Person","@id":"https:\/\/www.pmpf.rs.gov.br\/secretaria-de-administracao\/#\/schema\/person\/30ee1d1bd74da1469b01fcf086e43351","name":"andressazorzetto07","image":{"@type":"ImageObject","inLanguage":"pt-BR","@id":"https:\/\/www.pmpf.rs.gov.br\/secretaria-de-administracao\/#\/schema\/person\/image\/","url":"https:\/\/secure.gravatar.com\/avatar\/14c5458ed79dc81da99a13b9ff5f9f19?s=96&d=mm&r=g","contentUrl":"https:\/\/secure.gravatar.com\/avatar\/14c5458ed79dc81da99a13b9ff5f9f19?s=96&d=mm&r=g","caption":"andressazorzetto07"},"url":"https:\/\/www.pmpf.rs.gov.br\/secretaria-de-administracao\/author\/andressazorzetto07\/"}]}},"_links":{"self":[{"href":"https:\/\/www.pmpf.rs.gov.br\/secretaria-de-administracao\/wp-json\/wp\/v2\/posts\/2011"}],"collection":[{"href":"https:\/\/www.pmpf.rs.gov.br\/secretaria-de-administracao\/wp-json\/wp\/v2\/posts"}],"about":[{"href":"https:\/\/www.pmpf.rs.gov.br\/secretaria-de-administracao\/wp-json\/wp\/v2\/types\/post"}],"author":[{"embeddable":true,"href":"https:\/\/www.pmpf.rs.gov.br\/secretaria-de-administracao\/wp-json\/wp\/v2\/users\/6"}],"replies":[{"embeddable":true,"href":"https:\/\/www.pmpf.rs.gov.br\/secretaria-de-administracao\/wp-json\/wp\/v2\/comments?post=2011"}],"version-history":[{"count":1,"href":"https:\/\/www.pmpf.rs.gov.br\/secretaria-de-administracao\/wp-json\/wp\/v2\/posts\/2011\/revisions"}],"predecessor-version":[{"id":2012,"href":"https:\/\/www.pmpf.rs.gov.br\/secretaria-de-administracao\/wp-json\/wp\/v2\/posts\/2011\/revisions\/2012"}],"wp:attachment":[{"href":"https:\/\/www.pmpf.rs.gov.br\/secretaria-de-administracao\/wp-json\/wp\/v2\/media?parent=2011"}],"wp:term":[{"taxonomy":"category","embeddable":true,"href":"https:\/\/www.pmpf.rs.gov.br\/secretaria-de-administracao\/wp-json\/wp\/v2\/categories?post=2011"},{"taxonomy":"post_tag","embeddable":true,"href":"https:\/\/www.pmpf.rs.gov.br\/secretaria-de-administracao\/wp-json\/wp\/v2\/tags?post=2011"}],"curies":[{"name":"wp","href":"https:\/\/api.w.org\/{rel}","templated":true}]}}