{"id":2008,"date":"2022-06-13T14:15:57","date_gmt":"2022-06-13T17:15:57","guid":{"rendered":"https:\/\/www.pmpf.rs.gov.br\/secretaria-de-administracao\/?p=2008"},"modified":"2022-06-14T09:04:35","modified_gmt":"2022-06-14T12:04:35","slug":"prefeitura-realiza-processo-seletivo-para-a-contratacao-de-estagiarios","status":"publish","type":"post","link":"https:\/\/www.pmpf.rs.gov.br\/secretaria-de-administracao\/2022\/06\/prefeitura-realiza-processo-seletivo-para-a-contratacao-de-estagiarios\/","title":{"rendered":"Prefeitura realiza processo seletivo para a contrata\u00e7\u00e3o de estagi\u00e1rios"},"content":{"rendered":"\n<p><\/p>\n\n\n\n<p><\/p>\n\n\n\n<p>A Prefeitura de Passo Fundo est\u00e1 realizando um processo seletivo para a contrata\u00e7\u00e3o de estagi\u00e1rios. S\u00e3o disponibilizadas mais de 250 vagas para estudantes do Ensino M\u00e9dio, Ensino Superior e Educa\u00e7\u00e3o Profissional. As inscri\u00e7\u00f5es dever\u00e3o ser realizadas at\u00e9 esta quarta-feira (15) pelo site <a href=\"http:\/\/www.inqc.org.br\/\">www.inqc.org.br<\/a>.<\/p>\n\n\n\n<p>Conforme o secret\u00e1rio de Administra\u00e7\u00e3o, Fernando Boeira, o processo busca ampliar o atendimento prestado \u00e0 popula\u00e7\u00e3o e, ao mesmo tempo, contribuir com as experi\u00eancias profissionais dos estudantes. \u201cO modelo deste processo seletivo qualifica os estagi\u00e1rios, o que acaba refletindo no atendimento \u00e0 comunidade, uma vez que eles atuar\u00e3o diretamente nas diversas secretarias da Administra\u00e7\u00e3o P\u00fablica\u201d, destacou..<\/p>\n\n\n\n<p><strong>Carga hor\u00e1ria<\/strong><\/p>\n\n\n\n<p>A sele\u00e7\u00e3o \u00e9 destinada para estudantes regularmente matriculados e com frequ\u00eancia regular em institui\u00e7\u00f5es de Ensino Superior, Educa\u00e7\u00e3o Profissional e Ensino M\u00e9dio. A carga hor\u00e1ria a ser desenvolvida pelo estagi\u00e1rio ser\u00e1 de 3 horas di\u00e1rias e 15 semanais ou de 6 horas di\u00e1rias, distribu\u00eddas entre manh\u00e3 e tarde, totalizando 30 semanais.<\/p>\n\n\n\n<p><strong>Prova<\/strong><\/p>\n\n\n\n<p>A prova ser\u00e1 on-line, no dia 25 de junho, das 9h \u00e0s 22h. Todos os participantes responder\u00e3o a 20 quest\u00f5es, sendo 10 de l\u00edngua portuguesa e 10 de conhecimentos gerais, de m\u00faltipla escolha, com tempo de at\u00e9 tr\u00eas minutos para cada uma. Os conte\u00fados pragm\u00e1ticos podem ser consultados no edital.<\/p>\n\n\n\n<p><strong>Classifica\u00e7\u00e3o<\/strong><\/p>\n\n\n\n<p>A classifica\u00e7\u00e3o final ser\u00e1 divulgada no dia de 6 de julho em duas listas: uma geral por \u00e1rea de forma\u00e7\u00e3o e uma exclusiva das pessoas com defici\u00eancia, por vaga e em ordem decrescente de classifica\u00e7\u00e3o das notas obtidas. Al\u00e9m das 250 vagas, haver\u00e1 a composi\u00e7\u00e3o de um cadastro reserva para ficar \u00e0 disposi\u00e7\u00e3o do Munic\u00edpio.<\/p>\n\n\n\n<p><strong>Edital<\/strong><\/p>\n\n\n\n<p>O edital com todas as informa\u00e7\u00f5es pode ser acessado em: <a href=\"https:\/\/bit.ly\/3xLKYFl\">https:\/\/bit.ly\/3xLKYFl<\/a>.<\/p>\n","protected":false},"excerpt":{"rendered":"<p>S\u00e3o disponibilizadas mais de 250 vagas para estudantes do Ensino M\u00e9dio, Ensino Superior e Educa\u00e7\u00e3o Profissional<\/p>\n","protected":false},"author":6,"featured_media":0,"comment_status":"closed","ping_status":"closed","sticky":true,"template":"","format":"standard","meta":{"footnotes":""},"categories":[1],"tags":[],"class_list":["post-2008","post","type-post","status-publish","format-standard","hentry","category-sem-categoria"],"yoast_head":"<!-- This site is optimized with the Yoast SEO plugin v23.8 - https:\/\/yoast.com\/wordpress\/plugins\/seo\/ -->\n<title>Prefeitura realiza processo seletivo para a contrata\u00e7\u00e3o de estagi\u00e1rios - Secretaria de Administra\u00e7\u00e3o | Prefeitura de Passo Fundo<\/title>\n<meta name=\"robots\" content=\"index, follow, max-snippet:-1, max-image-preview:large, max-video-preview:-1\" \/>\n<link rel=\"canonical\" href=\"https:\/\/www.pmpf.rs.gov.br\/secretaria-de-administracao\/2022\/06\/prefeitura-realiza-processo-seletivo-para-a-contratacao-de-estagiarios\/\" \/>\n<meta property=\"og:locale\" content=\"pt_BR\" \/>\n<meta property=\"og:type\" content=\"article\" \/>\n<meta property=\"og:title\" content=\"Prefeitura realiza processo seletivo para a contrata\u00e7\u00e3o de estagi\u00e1rios - Secretaria de Administra\u00e7\u00e3o | Prefeitura de Passo Fundo\" \/>\n<meta property=\"og:description\" content=\"S\u00e3o disponibilizadas mais de 250 vagas para estudantes do Ensino M\u00e9dio, Ensino Superior e Educa\u00e7\u00e3o Profissional\" \/>\n<meta property=\"og:url\" content=\"https:\/\/www.pmpf.rs.gov.br\/secretaria-de-administracao\/2022\/06\/prefeitura-realiza-processo-seletivo-para-a-contratacao-de-estagiarios\/\" \/>\n<meta property=\"og:site_name\" content=\"Secretaria de Administra\u00e7\u00e3o\" \/>\n<meta property=\"article:published_time\" content=\"2022-06-13T17:15:57+00:00\" \/>\n<meta property=\"article:modified_time\" content=\"2022-06-14T12:04:35+00:00\" \/>\n<meta name=\"author\" content=\"andressazorzetto07\" \/>\n<meta name=\"twitter:card\" content=\"summary_large_image\" \/>\n<meta name=\"twitter:label1\" content=\"Escrito por\" \/>\n\t<meta name=\"twitter:data1\" content=\"andressazorzetto07\" \/>\n\t<meta name=\"twitter:label2\" content=\"Est. tempo de leitura\" \/>\n\t<meta name=\"twitter:data2\" content=\"2 minutos\" \/>\n<script type=\"application\/ld+json\" class=\"yoast-schema-graph\">{\"@context\":\"https:\/\/schema.org\",\"@graph\":[{\"@type\":\"WebPage\",\"@id\":\"https:\/\/www.pmpf.rs.gov.br\/secretaria-de-administracao\/2022\/06\/prefeitura-realiza-processo-seletivo-para-a-contratacao-de-estagiarios\/\",\"url\":\"https:\/\/www.pmpf.rs.gov.br\/secretaria-de-administracao\/2022\/06\/prefeitura-realiza-processo-seletivo-para-a-contratacao-de-estagiarios\/\",\"name\":\"Prefeitura realiza processo seletivo para a contrata\u00e7\u00e3o de estagi\u00e1rios - Secretaria de Administra\u00e7\u00e3o | Prefeitura de Passo Fundo\",\"isPartOf\":{\"@id\":\"https:\/\/www.pmpf.rs.gov.br\/secretaria-de-administracao\/#website\"},\"datePublished\":\"2022-06-13T17:15:57+00:00\",\"dateModified\":\"2022-06-14T12:04:35+00:00\",\"author\":{\"@id\":\"https:\/\/www.pmpf.rs.gov.br\/secretaria-de-administracao\/#\/schema\/person\/30ee1d1bd74da1469b01fcf086e43351\"},\"inLanguage\":\"pt-BR\",\"potentialAction\":[{\"@type\":\"ReadAction\",\"target\":[\"https:\/\/www.pmpf.rs.gov.br\/secretaria-de-administracao\/2022\/06\/prefeitura-realiza-processo-seletivo-para-a-contratacao-de-estagiarios\/\"]}]},{\"@type\":\"WebSite\",\"@id\":\"https:\/\/www.pmpf.rs.gov.br\/secretaria-de-administracao\/#website\",\"url\":\"https:\/\/www.pmpf.rs.gov.br\/secretaria-de-administracao\/\",\"name\":\"Secretaria de Administra\u00e7\u00e3o\",\"description\":\"S\u00f3 mais um site Prefeitura Municipal de Passo Fundo Sites\",\"potentialAction\":[{\"@type\":\"SearchAction\",\"target\":{\"@type\":\"EntryPoint\",\"urlTemplate\":\"https:\/\/www.pmpf.rs.gov.br\/secretaria-de-administracao\/?s={search_term_string}\"},\"query-input\":{\"@type\":\"PropertyValueSpecification\",\"valueRequired\":true,\"valueName\":\"search_term_string\"}}],\"inLanguage\":\"pt-BR\"},{\"@type\":\"Person\",\"@id\":\"https:\/\/www.pmpf.rs.gov.br\/secretaria-de-administracao\/#\/schema\/person\/30ee1d1bd74da1469b01fcf086e43351\",\"name\":\"andressazorzetto07\",\"image\":{\"@type\":\"ImageObject\",\"inLanguage\":\"pt-BR\",\"@id\":\"https:\/\/www.pmpf.rs.gov.br\/secretaria-de-administracao\/#\/schema\/person\/image\/\",\"url\":\"https:\/\/secure.gravatar.com\/avatar\/14c5458ed79dc81da99a13b9ff5f9f19?s=96&d=mm&r=g\",\"contentUrl\":\"https:\/\/secure.gravatar.com\/avatar\/14c5458ed79dc81da99a13b9ff5f9f19?s=96&d=mm&r=g\",\"caption\":\"andressazorzetto07\"},\"url\":\"https:\/\/www.pmpf.rs.gov.br\/secretaria-de-administracao\/author\/andressazorzetto07\/\"}]}<\/script>\n<!-- \/ Yoast SEO plugin. -->","yoast_head_json":{"title":"Prefeitura realiza processo seletivo para a contrata\u00e7\u00e3o de estagi\u00e1rios - Secretaria de Administra\u00e7\u00e3o | Prefeitura de Passo Fundo","robots":{"index":"index","follow":"follow","max-snippet":"max-snippet:-1","max-image-preview":"max-image-preview:large","max-video-preview":"max-video-preview:-1"},"canonical":"https:\/\/www.pmpf.rs.gov.br\/secretaria-de-administracao\/2022\/06\/prefeitura-realiza-processo-seletivo-para-a-contratacao-de-estagiarios\/","og_locale":"pt_BR","og_type":"article","og_title":"Prefeitura realiza processo seletivo para a contrata\u00e7\u00e3o de estagi\u00e1rios - Secretaria de Administra\u00e7\u00e3o | Prefeitura de Passo Fundo","og_description":"S\u00e3o disponibilizadas mais de 250 vagas para estudantes do Ensino M\u00e9dio, Ensino Superior e Educa\u00e7\u00e3o Profissional","og_url":"https:\/\/www.pmpf.rs.gov.br\/secretaria-de-administracao\/2022\/06\/prefeitura-realiza-processo-seletivo-para-a-contratacao-de-estagiarios\/","og_site_name":"Secretaria de Administra\u00e7\u00e3o","article_published_time":"2022-06-13T17:15:57+00:00","article_modified_time":"2022-06-14T12:04:35+00:00","author":"andressazorzetto07","twitter_card":"summary_large_image","twitter_misc":{"Escrito por":"andressazorzetto07","Est. tempo de leitura":"2 minutos"},"schema":{"@context":"https:\/\/schema.org","@graph":[{"@type":"WebPage","@id":"https:\/\/www.pmpf.rs.gov.br\/secretaria-de-administracao\/2022\/06\/prefeitura-realiza-processo-seletivo-para-a-contratacao-de-estagiarios\/","url":"https:\/\/www.pmpf.rs.gov.br\/secretaria-de-administracao\/2022\/06\/prefeitura-realiza-processo-seletivo-para-a-contratacao-de-estagiarios\/","name":"Prefeitura realiza processo seletivo para a contrata\u00e7\u00e3o de estagi\u00e1rios - Secretaria de Administra\u00e7\u00e3o | Prefeitura de Passo Fundo","isPartOf":{"@id":"https:\/\/www.pmpf.rs.gov.br\/secretaria-de-administracao\/#website"},"datePublished":"2022-06-13T17:15:57+00:00","dateModified":"2022-06-14T12:04:35+00:00","author":{"@id":"https:\/\/www.pmpf.rs.gov.br\/secretaria-de-administracao\/#\/schema\/person\/30ee1d1bd74da1469b01fcf086e43351"},"inLanguage":"pt-BR","potentialAction":[{"@type":"ReadAction","target":["https:\/\/www.pmpf.rs.gov.br\/secretaria-de-administracao\/2022\/06\/prefeitura-realiza-processo-seletivo-para-a-contratacao-de-estagiarios\/"]}]},{"@type":"WebSite","@id":"https:\/\/www.pmpf.rs.gov.br\/secretaria-de-administracao\/#website","url":"https:\/\/www.pmpf.rs.gov.br\/secretaria-de-administracao\/","name":"Secretaria de Administra\u00e7\u00e3o","description":"S\u00f3 mais um site Prefeitura Municipal de Passo Fundo Sites","potentialAction":[{"@type":"SearchAction","target":{"@type":"EntryPoint","urlTemplate":"https:\/\/www.pmpf.rs.gov.br\/secretaria-de-administracao\/?s={search_term_string}"},"query-input":{"@type":"PropertyValueSpecification","valueRequired":true,"valueName":"search_term_string"}}],"inLanguage":"pt-BR"},{"@type":"Person","@id":"https:\/\/www.pmpf.rs.gov.br\/secretaria-de-administracao\/#\/schema\/person\/30ee1d1bd74da1469b01fcf086e43351","name":"andressazorzetto07","image":{"@type":"ImageObject","inLanguage":"pt-BR","@id":"https:\/\/www.pmpf.rs.gov.br\/secretaria-de-administracao\/#\/schema\/person\/image\/","url":"https:\/\/secure.gravatar.com\/avatar\/14c5458ed79dc81da99a13b9ff5f9f19?s=96&d=mm&r=g","contentUrl":"https:\/\/secure.gravatar.com\/avatar\/14c5458ed79dc81da99a13b9ff5f9f19?s=96&d=mm&r=g","caption":"andressazorzetto07"},"url":"https:\/\/www.pmpf.rs.gov.br\/secretaria-de-administracao\/author\/andressazorzetto07\/"}]}},"_links":{"self":[{"href":"https:\/\/www.pmpf.rs.gov.br\/secretaria-de-administracao\/wp-json\/wp\/v2\/posts\/2008"}],"collection":[{"href":"https:\/\/www.pmpf.rs.gov.br\/secretaria-de-administracao\/wp-json\/wp\/v2\/posts"}],"about":[{"href":"https:\/\/www.pmpf.rs.gov.br\/secretaria-de-administracao\/wp-json\/wp\/v2\/types\/post"}],"author":[{"embeddable":true,"href":"https:\/\/www.pmpf.rs.gov.br\/secretaria-de-administracao\/wp-json\/wp\/v2\/users\/6"}],"replies":[{"embeddable":true,"href":"https:\/\/www.pmpf.rs.gov.br\/secretaria-de-administracao\/wp-json\/wp\/v2\/comments?post=2008"}],"version-history":[{"count":2,"href":"https:\/\/www.pmpf.rs.gov.br\/secretaria-de-administracao\/wp-json\/wp\/v2\/posts\/2008\/revisions"}],"predecessor-version":[{"id":2010,"href":"https:\/\/www.pmpf.rs.gov.br\/secretaria-de-administracao\/wp-json\/wp\/v2\/posts\/2008\/revisions\/2010"}],"wp:attachment":[{"href":"https:\/\/www.pmpf.rs.gov.br\/secretaria-de-administracao\/wp-json\/wp\/v2\/media?parent=2008"}],"wp:term":[{"taxonomy":"category","embeddable":true,"href":"https:\/\/www.pmpf.rs.gov.br\/secretaria-de-administracao\/wp-json\/wp\/v2\/categories?post=2008"},{"taxonomy":"post_tag","embeddable":true,"href":"https:\/\/www.pmpf.rs.gov.br\/secretaria-de-administracao\/wp-json\/wp\/v2\/tags?post=2008"}],"curies":[{"name":"wp","href":"https:\/\/api.w.org\/{rel}","templated":true}]}}