{"id":1989,"date":"2022-06-07T14:17:30","date_gmt":"2022-06-07T17:17:30","guid":{"rendered":"https:\/\/www.pmpf.rs.gov.br\/secretaria-de-administracao\/?p=1989"},"modified":"2022-06-07T14:17:31","modified_gmt":"2022-06-07T17:17:31","slug":"prefeito-nomeia-secretarias-adjuntas-de-educacao-e-de-cultura","status":"publish","type":"post","link":"https:\/\/www.pmpf.rs.gov.br\/secretaria-de-administracao\/2022\/06\/prefeito-nomeia-secretarias-adjuntas-de-educacao-e-de-cultura\/","title":{"rendered":"Prefeito nomeia secret\u00e1rias adjuntas de Educa\u00e7\u00e3o e de Cultura"},"content":{"rendered":"\n<p><\/p>\n\n\n\n<p>O prefeito Pedro Almeida nomeou nesta ter\u00e7a-feira (7) as novas secret\u00e1rias adjuntas de Educa\u00e7\u00e3o, Angelita Scott\u00e1, e de Cultura, Magda Cavalheiro. Servidoras de quadro do Munic\u00edpio com v\u00e1rios anos de dedica\u00e7\u00e3o ao servi\u00e7o p\u00fablico, elas atuar\u00e3o junto aos secret\u00e1rios Adriano Canabarro Teixeira (Educa\u00e7\u00e3o) e Miri\u00ea Tedesco (Cultura).&nbsp;<\/p>\n\n\n\n<p>Os cargos de secret\u00e1rio adjunto s\u00e3o simb\u00f3licos e n\u00e3o implicam custo adicional ao Munic\u00edpio. O objetivo da fun\u00e7\u00e3o \u00e9 apoiar os titulares das pastas e substitu\u00ed-los em ocasi\u00f5es necess\u00e1rias. \u201cDeposito grande confian\u00e7a nas duas servidoras, que v\u00eam demonstrando ao longo do tempo um compromisso incans\u00e1vel com a gest\u00e3o p\u00fablica. A doa\u00e7\u00e3o da Angelita e da Magda para o servi\u00e7o p\u00fablico nos inspira e tenho convic\u00e7\u00e3o de que far\u00e3o muito mais pela Educa\u00e7\u00e3o e pela Cultura de Passo Fundo. A nova fun\u00e7\u00e3o \u00e9 um reconhecimento da cidade a essas duas mulheres\u201d, afirmou o prefeito.&nbsp;<\/p>\n\n\n\n<p>Para Magda, que atua h\u00e1 36 anos na administra\u00e7\u00e3o municipal, a nova fun\u00e7\u00e3o \u00e9 mais uma oportunidade para seguir o trabalho em prol da Cultura. \u201cFico muito feliz com a confian\u00e7a e vou continuar me dedicando para dar o retorno que todos esperam. Trabalhar pela Cultura \u00e9 desafiador\u201d, afirmou. Angelita, que atua h\u00e1 18 anos na rede municipal, tamb\u00e9m falou sobre o desafio da nova fun\u00e7\u00e3o. \u201cGosto muito do que fa\u00e7o, n\u00e3o me imagino em outra profiss\u00e3o. \u00c9 gratificante trabalhar para transformar a vida das pessoas atrav\u00e9s da educa\u00e7\u00e3o\u201d, enfatizou.&nbsp;<\/p>\n\n\n\n<p><strong>Conhe\u00e7a as novas secret\u00e1rias adjuntas:<\/strong><\/p>\n\n\n\n<p><strong>Angelita Scott\u00e1<\/strong> possui gradua\u00e7\u00e3o em Letras pela Universidade de Passo Fundo (2002), com Especializa\u00e7\u00e3o em Educa\u00e7\u00e3o Infantil e em Coordena\u00e7\u00e3o Pedag\u00f3gica e Gest\u00e3o Escolar.&nbsp;<\/p>\n\n\n\n<p>Atua como Professora da Escola Notre Dame Menino Jesus desde 2002, tamb\u00e9m como Professora concursada da Rede Municipal de Educa\u00e7\u00e3o de Passo Fundo desde 2004. Em 2017, assumiu a Coordena\u00e7\u00e3o do n\u00facleo de Ensino Fundamental da Prefeitura Municipal de Passo Fundo (2017-2020) e, em 2021, a Coordena\u00e7\u00e3o Pedag\u00f3gica da Coordenadoria de Educa\u00e7\u00e3o da SME.&nbsp;<br><strong>Magda Cavalheiro <\/strong>\u00e9 servidora do Munic\u00edpio desde 1985, tem quase 36 anos de servi\u00e7os prestados. Destes, mais de 20 anos trabalhando na organiza\u00e7\u00e3o e execu\u00e7\u00e3o dos principais eventos da cidade: Festivais de Folclore e Rodeios desde a primeira edi\u00e7\u00e3o, mais de 20 Feiras do Livro, Festejos Farroupilha e Mostra da Cultura Ga\u00facha, Carnavais. Foi Conselheira suplente do Conselho Municipal da Mulher e Conselho Municipal de Pol\u00edticas Culturais. Atua na constru\u00e7\u00e3o de pol\u00edticas p\u00fablicas para a cultura e na implanta\u00e7\u00e3o do Sistema Municipal de Cultura. Auxilia tamb\u00e9m no acompanhamento de editais culturais como: Funcultura, Arte na Rua, M\u00fasica na Pra\u00e7a. Na sua totalidade s\u00e3o 36 anos de aprendizado pr\u00e1tico,&nbsp; experi\u00eancia adquirida e dedica\u00e7\u00e3o.<\/p>\n\n\n\n<p><strong>Foto: Michel Sanderi<\/strong><\/p>\n","protected":false},"excerpt":{"rendered":"<p>Servidoras de quadro do Munic\u00edpio com v\u00e1rios anos de dedica\u00e7\u00e3o ao servi\u00e7o p\u00fablico, elas atuar\u00e3o junto aos secret\u00e1rios Adriano Canabarro Teixeira (Educa\u00e7\u00e3o) e Miri\u00ea Tedesco (Cultura)<\/p>\n","protected":false},"author":6,"featured_media":1990,"comment_status":"closed","ping_status":"closed","sticky":true,"template":"","format":"standard","meta":{"footnotes":""},"categories":[1],"tags":[],"class_list":["post-1989","post","type-post","status-publish","format-standard","has-post-thumbnail","hentry","category-sem-categoria"],"yoast_head":"<!-- This site is optimized with the Yoast SEO plugin v23.8 - https:\/\/yoast.com\/wordpress\/plugins\/seo\/ -->\n<title>Prefeito nomeia secret\u00e1rias adjuntas de Educa\u00e7\u00e3o e de Cultura - Secretaria de Administra\u00e7\u00e3o | Prefeitura de Passo Fundo<\/title>\n<meta name=\"robots\" content=\"index, follow, max-snippet:-1, max-image-preview:large, max-video-preview:-1\" \/>\n<link rel=\"canonical\" href=\"https:\/\/www.pmpf.rs.gov.br\/secretaria-de-administracao\/2022\/06\/prefeito-nomeia-secretarias-adjuntas-de-educacao-e-de-cultura\/\" \/>\n<meta property=\"og:locale\" content=\"pt_BR\" \/>\n<meta property=\"og:type\" content=\"article\" \/>\n<meta property=\"og:title\" content=\"Prefeito nomeia secret\u00e1rias adjuntas de Educa\u00e7\u00e3o e de Cultura - Secretaria de Administra\u00e7\u00e3o | Prefeitura de Passo Fundo\" \/>\n<meta property=\"og:description\" content=\"Servidoras de quadro do Munic\u00edpio com v\u00e1rios anos de dedica\u00e7\u00e3o ao servi\u00e7o p\u00fablico, elas atuar\u00e3o junto aos secret\u00e1rios Adriano Canabarro Teixeira (Educa\u00e7\u00e3o) e Miri\u00ea Tedesco (Cultura)\" \/>\n<meta property=\"og:url\" content=\"https:\/\/www.pmpf.rs.gov.br\/secretaria-de-administracao\/2022\/06\/prefeito-nomeia-secretarias-adjuntas-de-educacao-e-de-cultura\/\" \/>\n<meta property=\"og:site_name\" content=\"Secretaria de Administra\u00e7\u00e3o\" \/>\n<meta property=\"article:published_time\" content=\"2022-06-07T17:17:30+00:00\" \/>\n<meta property=\"article:modified_time\" content=\"2022-06-07T17:17:31+00:00\" \/>\n<meta name=\"author\" content=\"andressazorzetto07\" \/>\n<meta name=\"twitter:card\" content=\"summary_large_image\" \/>\n<meta name=\"twitter:label1\" content=\"Escrito por\" \/>\n\t<meta name=\"twitter:data1\" content=\"andressazorzetto07\" \/>\n\t<meta name=\"twitter:label2\" content=\"Est. tempo de leitura\" \/>\n\t<meta name=\"twitter:data2\" content=\"2 minutos\" \/>\n<script type=\"application\/ld+json\" class=\"yoast-schema-graph\">{\"@context\":\"https:\/\/schema.org\",\"@graph\":[{\"@type\":\"WebPage\",\"@id\":\"https:\/\/www.pmpf.rs.gov.br\/secretaria-de-administracao\/2022\/06\/prefeito-nomeia-secretarias-adjuntas-de-educacao-e-de-cultura\/\",\"url\":\"https:\/\/www.pmpf.rs.gov.br\/secretaria-de-administracao\/2022\/06\/prefeito-nomeia-secretarias-adjuntas-de-educacao-e-de-cultura\/\",\"name\":\"Prefeito nomeia secret\u00e1rias adjuntas de Educa\u00e7\u00e3o e de Cultura - Secretaria de Administra\u00e7\u00e3o | Prefeitura de Passo Fundo\",\"isPartOf\":{\"@id\":\"https:\/\/www.pmpf.rs.gov.br\/secretaria-de-administracao\/#website\"},\"primaryImageOfPage\":{\"@id\":\"https:\/\/www.pmpf.rs.gov.br\/secretaria-de-administracao\/2022\/06\/prefeito-nomeia-secretarias-adjuntas-de-educacao-e-de-cultura\/#primaryimage\"},\"image\":{\"@id\":\"https:\/\/www.pmpf.rs.gov.br\/secretaria-de-administracao\/2022\/06\/prefeito-nomeia-secretarias-adjuntas-de-educacao-e-de-cultura\/#primaryimage\"},\"thumbnailUrl\":\"https:\/\/www.pmpf.rs.gov.br\/secretaria-de-administracao\/wp-content\/uploads\/sites\/4\/2022\/06\/nomeacao.jpg\",\"datePublished\":\"2022-06-07T17:17:30+00:00\",\"dateModified\":\"2022-06-07T17:17:31+00:00\",\"author\":{\"@id\":\"https:\/\/www.pmpf.rs.gov.br\/secretaria-de-administracao\/#\/schema\/person\/30ee1d1bd74da1469b01fcf086e43351\"},\"inLanguage\":\"pt-BR\",\"potentialAction\":[{\"@type\":\"ReadAction\",\"target\":[\"https:\/\/www.pmpf.rs.gov.br\/secretaria-de-administracao\/2022\/06\/prefeito-nomeia-secretarias-adjuntas-de-educacao-e-de-cultura\/\"]}]},{\"@type\":\"ImageObject\",\"inLanguage\":\"pt-BR\",\"@id\":\"https:\/\/www.pmpf.rs.gov.br\/secretaria-de-administracao\/2022\/06\/prefeito-nomeia-secretarias-adjuntas-de-educacao-e-de-cultura\/#primaryimage\",\"url\":\"https:\/\/www.pmpf.rs.gov.br\/secretaria-de-administracao\/wp-content\/uploads\/sites\/4\/2022\/06\/nomeacao.jpg\",\"contentUrl\":\"https:\/\/www.pmpf.rs.gov.br\/secretaria-de-administracao\/wp-content\/uploads\/sites\/4\/2022\/06\/nomeacao.jpg\",\"width\":523,\"height\":415},{\"@type\":\"WebSite\",\"@id\":\"https:\/\/www.pmpf.rs.gov.br\/secretaria-de-administracao\/#website\",\"url\":\"https:\/\/www.pmpf.rs.gov.br\/secretaria-de-administracao\/\",\"name\":\"Secretaria de Administra\u00e7\u00e3o\",\"description\":\"S\u00f3 mais um site Prefeitura Municipal de Passo Fundo Sites\",\"potentialAction\":[{\"@type\":\"SearchAction\",\"target\":{\"@type\":\"EntryPoint\",\"urlTemplate\":\"https:\/\/www.pmpf.rs.gov.br\/secretaria-de-administracao\/?s={search_term_string}\"},\"query-input\":{\"@type\":\"PropertyValueSpecification\",\"valueRequired\":true,\"valueName\":\"search_term_string\"}}],\"inLanguage\":\"pt-BR\"},{\"@type\":\"Person\",\"@id\":\"https:\/\/www.pmpf.rs.gov.br\/secretaria-de-administracao\/#\/schema\/person\/30ee1d1bd74da1469b01fcf086e43351\",\"name\":\"andressazorzetto07\",\"image\":{\"@type\":\"ImageObject\",\"inLanguage\":\"pt-BR\",\"@id\":\"https:\/\/www.pmpf.rs.gov.br\/secretaria-de-administracao\/#\/schema\/person\/image\/\",\"url\":\"https:\/\/secure.gravatar.com\/avatar\/14c5458ed79dc81da99a13b9ff5f9f19?s=96&d=mm&r=g\",\"contentUrl\":\"https:\/\/secure.gravatar.com\/avatar\/14c5458ed79dc81da99a13b9ff5f9f19?s=96&d=mm&r=g\",\"caption\":\"andressazorzetto07\"},\"url\":\"https:\/\/www.pmpf.rs.gov.br\/secretaria-de-administracao\/author\/andressazorzetto07\/\"}]}<\/script>\n<!-- \/ Yoast SEO plugin. -->","yoast_head_json":{"title":"Prefeito nomeia secret\u00e1rias adjuntas de Educa\u00e7\u00e3o e de Cultura - Secretaria de Administra\u00e7\u00e3o | Prefeitura de Passo Fundo","robots":{"index":"index","follow":"follow","max-snippet":"max-snippet:-1","max-image-preview":"max-image-preview:large","max-video-preview":"max-video-preview:-1"},"canonical":"https:\/\/www.pmpf.rs.gov.br\/secretaria-de-administracao\/2022\/06\/prefeito-nomeia-secretarias-adjuntas-de-educacao-e-de-cultura\/","og_locale":"pt_BR","og_type":"article","og_title":"Prefeito nomeia secret\u00e1rias adjuntas de Educa\u00e7\u00e3o e de Cultura - Secretaria de Administra\u00e7\u00e3o | Prefeitura de Passo Fundo","og_description":"Servidoras de quadro do Munic\u00edpio com v\u00e1rios anos de dedica\u00e7\u00e3o ao servi\u00e7o p\u00fablico, elas atuar\u00e3o junto aos secret\u00e1rios Adriano Canabarro Teixeira (Educa\u00e7\u00e3o) e Miri\u00ea Tedesco (Cultura)","og_url":"https:\/\/www.pmpf.rs.gov.br\/secretaria-de-administracao\/2022\/06\/prefeito-nomeia-secretarias-adjuntas-de-educacao-e-de-cultura\/","og_site_name":"Secretaria de Administra\u00e7\u00e3o","article_published_time":"2022-06-07T17:17:30+00:00","article_modified_time":"2022-06-07T17:17:31+00:00","author":"andressazorzetto07","twitter_card":"summary_large_image","twitter_misc":{"Escrito por":"andressazorzetto07","Est. tempo de leitura":"2 minutos"},"schema":{"@context":"https:\/\/schema.org","@graph":[{"@type":"WebPage","@id":"https:\/\/www.pmpf.rs.gov.br\/secretaria-de-administracao\/2022\/06\/prefeito-nomeia-secretarias-adjuntas-de-educacao-e-de-cultura\/","url":"https:\/\/www.pmpf.rs.gov.br\/secretaria-de-administracao\/2022\/06\/prefeito-nomeia-secretarias-adjuntas-de-educacao-e-de-cultura\/","name":"Prefeito nomeia secret\u00e1rias adjuntas de Educa\u00e7\u00e3o e de Cultura - Secretaria de Administra\u00e7\u00e3o | Prefeitura de Passo Fundo","isPartOf":{"@id":"https:\/\/www.pmpf.rs.gov.br\/secretaria-de-administracao\/#website"},"primaryImageOfPage":{"@id":"https:\/\/www.pmpf.rs.gov.br\/secretaria-de-administracao\/2022\/06\/prefeito-nomeia-secretarias-adjuntas-de-educacao-e-de-cultura\/#primaryimage"},"image":{"@id":"https:\/\/www.pmpf.rs.gov.br\/secretaria-de-administracao\/2022\/06\/prefeito-nomeia-secretarias-adjuntas-de-educacao-e-de-cultura\/#primaryimage"},"thumbnailUrl":"https:\/\/www.pmpf.rs.gov.br\/secretaria-de-administracao\/wp-content\/uploads\/sites\/4\/2022\/06\/nomeacao.jpg","datePublished":"2022-06-07T17:17:30+00:00","dateModified":"2022-06-07T17:17:31+00:00","author":{"@id":"https:\/\/www.pmpf.rs.gov.br\/secretaria-de-administracao\/#\/schema\/person\/30ee1d1bd74da1469b01fcf086e43351"},"inLanguage":"pt-BR","potentialAction":[{"@type":"ReadAction","target":["https:\/\/www.pmpf.rs.gov.br\/secretaria-de-administracao\/2022\/06\/prefeito-nomeia-secretarias-adjuntas-de-educacao-e-de-cultura\/"]}]},{"@type":"ImageObject","inLanguage":"pt-BR","@id":"https:\/\/www.pmpf.rs.gov.br\/secretaria-de-administracao\/2022\/06\/prefeito-nomeia-secretarias-adjuntas-de-educacao-e-de-cultura\/#primaryimage","url":"https:\/\/www.pmpf.rs.gov.br\/secretaria-de-administracao\/wp-content\/uploads\/sites\/4\/2022\/06\/nomeacao.jpg","contentUrl":"https:\/\/www.pmpf.rs.gov.br\/secretaria-de-administracao\/wp-content\/uploads\/sites\/4\/2022\/06\/nomeacao.jpg","width":523,"height":415},{"@type":"WebSite","@id":"https:\/\/www.pmpf.rs.gov.br\/secretaria-de-administracao\/#website","url":"https:\/\/www.pmpf.rs.gov.br\/secretaria-de-administracao\/","name":"Secretaria de Administra\u00e7\u00e3o","description":"S\u00f3 mais um site Prefeitura Municipal de Passo Fundo Sites","potentialAction":[{"@type":"SearchAction","target":{"@type":"EntryPoint","urlTemplate":"https:\/\/www.pmpf.rs.gov.br\/secretaria-de-administracao\/?s={search_term_string}"},"query-input":{"@type":"PropertyValueSpecification","valueRequired":true,"valueName":"search_term_string"}}],"inLanguage":"pt-BR"},{"@type":"Person","@id":"https:\/\/www.pmpf.rs.gov.br\/secretaria-de-administracao\/#\/schema\/person\/30ee1d1bd74da1469b01fcf086e43351","name":"andressazorzetto07","image":{"@type":"ImageObject","inLanguage":"pt-BR","@id":"https:\/\/www.pmpf.rs.gov.br\/secretaria-de-administracao\/#\/schema\/person\/image\/","url":"https:\/\/secure.gravatar.com\/avatar\/14c5458ed79dc81da99a13b9ff5f9f19?s=96&d=mm&r=g","contentUrl":"https:\/\/secure.gravatar.com\/avatar\/14c5458ed79dc81da99a13b9ff5f9f19?s=96&d=mm&r=g","caption":"andressazorzetto07"},"url":"https:\/\/www.pmpf.rs.gov.br\/secretaria-de-administracao\/author\/andressazorzetto07\/"}]}},"_links":{"self":[{"href":"https:\/\/www.pmpf.rs.gov.br\/secretaria-de-administracao\/wp-json\/wp\/v2\/posts\/1989"}],"collection":[{"href":"https:\/\/www.pmpf.rs.gov.br\/secretaria-de-administracao\/wp-json\/wp\/v2\/posts"}],"about":[{"href":"https:\/\/www.pmpf.rs.gov.br\/secretaria-de-administracao\/wp-json\/wp\/v2\/types\/post"}],"author":[{"embeddable":true,"href":"https:\/\/www.pmpf.rs.gov.br\/secretaria-de-administracao\/wp-json\/wp\/v2\/users\/6"}],"replies":[{"embeddable":true,"href":"https:\/\/www.pmpf.rs.gov.br\/secretaria-de-administracao\/wp-json\/wp\/v2\/comments?post=1989"}],"version-history":[{"count":1,"href":"https:\/\/www.pmpf.rs.gov.br\/secretaria-de-administracao\/wp-json\/wp\/v2\/posts\/1989\/revisions"}],"predecessor-version":[{"id":1991,"href":"https:\/\/www.pmpf.rs.gov.br\/secretaria-de-administracao\/wp-json\/wp\/v2\/posts\/1989\/revisions\/1991"}],"wp:featuredmedia":[{"embeddable":true,"href":"https:\/\/www.pmpf.rs.gov.br\/secretaria-de-administracao\/wp-json\/wp\/v2\/media\/1990"}],"wp:attachment":[{"href":"https:\/\/www.pmpf.rs.gov.br\/secretaria-de-administracao\/wp-json\/wp\/v2\/media?parent=1989"}],"wp:term":[{"taxonomy":"category","embeddable":true,"href":"https:\/\/www.pmpf.rs.gov.br\/secretaria-de-administracao\/wp-json\/wp\/v2\/categories?post=1989"},{"taxonomy":"post_tag","embeddable":true,"href":"https:\/\/www.pmpf.rs.gov.br\/secretaria-de-administracao\/wp-json\/wp\/v2\/tags?post=1989"}],"curies":[{"name":"wp","href":"https:\/\/api.w.org\/{rel}","templated":true}]}}