{"id":1986,"date":"2022-06-01T11:28:23","date_gmt":"2022-06-01T14:28:23","guid":{"rendered":"https:\/\/www.pmpf.rs.gov.br\/secretaria-de-administracao\/?p=1986"},"modified":"2022-06-01T11:28:24","modified_gmt":"2022-06-01T14:28:24","slug":"prefeitura-busca-ampliar-acoes-de-promocao-da-inovacao","status":"publish","type":"post","link":"https:\/\/www.pmpf.rs.gov.br\/secretaria-de-administracao\/2022\/06\/prefeitura-busca-ampliar-acoes-de-promocao-da-inovacao\/","title":{"rendered":"Prefeitura busca ampliar a\u00e7\u00f5es de promo\u00e7\u00e3o da inova\u00e7\u00e3o"},"content":{"rendered":"\n<p><em><br><\/em><br>Um dos eixos centrais do plano de governo do prefeito Pedro Almeida, a inova\u00e7\u00e3o e o uso ampliado da tecnologia est\u00e3o na pauta dos debates constru\u00eddos pelo chefe do Executivo com \u00f3rg\u00e3os governamentais, institui\u00e7\u00f5es de ensino superior e empresas do setor. Al\u00e9m de comandar rodadas de reuni\u00f5es sobre o tema, Pedro esteve em Porto Alegre, entre os dias 30 de maio e 01 de junho, discutindo com a Secretaria Estadual de Inova\u00e7\u00e3o, Ci\u00eancia e Tecnologia o papel dos munic\u00edpios na pol\u00edtica p\u00fablica de inova\u00e7\u00e3o.<\/p>\n\n\n\n<p>Segundo o prefeito, o objetivo principal destes di\u00e1logos \u00e9 inserir Passo Fundo no cen\u00e1rio estadual de fomento \u00e0 inova\u00e7\u00e3o. O tema, de acordo com ele, \u00e9 fundamental para pensar o desenvolvimento estrat\u00e9gico do munic\u00edpio em diferentes \u00e1reas. \u201cQuando pensamos e trabalhamos com os diversos aspectos da inova\u00e7\u00e3o, estamos nos colocando em uma cadeia altamente desenvolvida, com potencial de expans\u00e3o e que pode trazer in\u00fameros benef\u00edcios n\u00e3o apenas para a Administra\u00e7\u00e3o P\u00fablica, mas para toda a cidade\u201d, defendeu.<\/p>\n\n\n\n<p>Conforme Pedro, eventos internacionais sediados no Rio Grande do Sul, como o South Summit que ocorreu recentemente em Porto Alegre, demonstram o cen\u00e1rio favor\u00e1vel para a formata\u00e7\u00e3o de parcerias que tornem poss\u00edvel ao Munic\u00edpio estimular uma pol\u00edtica p\u00fablica de inova\u00e7\u00e3o que contemple a Prefeitura e a gest\u00e3o municipal, o setor privado e os cidad\u00e3os. \u201cDiante disso, todos os atores que j\u00e1 atuam neste campo s\u00e3o essenciais. Recebi a dire\u00e7\u00e3o da IMED, do UPF Parque, Sebrae e o programa Inova RS para conhecer quais iniciativas est\u00e3o em andamento e como podemos nos incorporar a esse movimento\u201d, relatou.<\/p>\n\n\n\n<p><\/p>\n\n\n\n<p><strong>Movimentos estaduais<br><\/strong>Ainda de acordo com o prefeito, todas as institui\u00e7\u00f5es j\u00e1 consultadas pela Prefeitura apontam para um processo crescente de incentivo e apoio \u00e0 inova\u00e7\u00e3o como um diferencial importante para a atra\u00e7\u00e3o de novos empreendimentos econ\u00f4micos. \u201cIsso \u00e9 muito interessante na medida em que estamos trabalhando tamb\u00e9m a efetiva\u00e7\u00e3o de um programa para a qualifica\u00e7\u00e3o de m\u00e3o-de-obra e a inser\u00e7\u00e3o dos jovens no mercado formal de trabalho. Os campos de tecnologia est\u00e3o em evid\u00eancia e \u00e9 preciso que tenhamos condi\u00e7\u00f5es de aproveitar essas oportunidades\u201d, declarou Pedro.<\/p>\n\n\n\n<p>Neste sentido, acompanhado dos secret\u00e1rios municipais de Planejamento, Giezi Schneider; de Desenvolvimento Econ\u00f4mico, Diorges Oliveira; e de Gest\u00e3o, Dailon Barp; o prefeito conheceu o movimento de incentivo \u00e0 inova\u00e7\u00e3o trabalhado pela Prefeitura de Lajeado.<\/p>\n\n\n\n<p>Conforme o prefeito de Lajeado, Marcelo Caumo, o Pro-Move \u00e9 um movimento criado pela cidade para fomentar o desenvolvimento e a inova\u00e7\u00e3o. \u201cN\u00e3o h\u00e1 uma receita pronta, porque cada munic\u00edpio tem a sua voca\u00e7\u00e3o, mas \u00e9 muito importante buscar refer\u00eancias em outros locais. Aqui em Lajeado temos essa proposta de converg\u00eancia de solu\u00e7\u00f5es para a cidade, o que resultou em avan\u00e7os significativos em \u00e1reas como a sa\u00fade\u201d, afirmou o prefeito.<\/p>\n\n\n\n<p>O secret\u00e1rio de Planejamento de Passo Fundo, Giezi Schneider, que tamb\u00e9m \u00e9 diretor da Rede Ga\u00facha de Ambientes de Inova\u00e7\u00e3o (REGINP) e membro do Conselho Consultivo do Programa Inova RS, defende que essas informa\u00e7\u00f5es compartilhadas sejam aplicadas na execu\u00e7\u00e3o de projetos locais que contribuam para o desenvolvimento de uma nova matriz econ\u00f4mica e produtiva para a cidade. \u201cUm dos desafios que identificamos nesta cadeia \u00e9, justamente, organizar os servi\u00e7os e a\u00e7\u00f5es para que elas estejam conectadas, gerando bons resultados para todos os atores envolvidos\u201d, resumiu Schneider.<\/p>\n","protected":false},"excerpt":{"rendered":"<p>\u00d3rg\u00e3os governamentais, institui\u00e7\u00f5es de ensino superior e empresas est\u00e3o sendo consultadas para que o Munic\u00edpio possa efetivar uma pol\u00edtica orientada para a inova\u00e7\u00e3o nos servi\u00e7os p\u00fablicos e como matriz de desenvolvimento do munic\u00edpio<\/p>\n","protected":false},"author":6,"featured_media":1987,"comment_status":"closed","ping_status":"closed","sticky":true,"template":"","format":"standard","meta":{"footnotes":""},"categories":[1],"tags":[],"class_list":["post-1986","post","type-post","status-publish","format-standard","has-post-thumbnail","hentry","category-sem-categoria"],"yoast_head":"<!-- This site is optimized with the Yoast SEO plugin v23.8 - https:\/\/yoast.com\/wordpress\/plugins\/seo\/ -->\n<title>Prefeitura busca ampliar a\u00e7\u00f5es de promo\u00e7\u00e3o da inova\u00e7\u00e3o - Secretaria de Administra\u00e7\u00e3o | Prefeitura de Passo Fundo<\/title>\n<meta name=\"robots\" content=\"index, follow, max-snippet:-1, max-image-preview:large, max-video-preview:-1\" \/>\n<link rel=\"canonical\" href=\"https:\/\/www.pmpf.rs.gov.br\/secretaria-de-administracao\/2022\/06\/prefeitura-busca-ampliar-acoes-de-promocao-da-inovacao\/\" \/>\n<meta property=\"og:locale\" content=\"pt_BR\" \/>\n<meta property=\"og:type\" content=\"article\" \/>\n<meta property=\"og:title\" content=\"Prefeitura busca ampliar a\u00e7\u00f5es de promo\u00e7\u00e3o da inova\u00e7\u00e3o - Secretaria de Administra\u00e7\u00e3o | Prefeitura de Passo Fundo\" \/>\n<meta property=\"og:description\" content=\"\u00d3rg\u00e3os governamentais, institui\u00e7\u00f5es de ensino superior e empresas est\u00e3o sendo consultadas para que o Munic\u00edpio possa efetivar uma pol\u00edtica orientada para a inova\u00e7\u00e3o nos servi\u00e7os p\u00fablicos e como matriz de desenvolvimento do munic\u00edpio\" \/>\n<meta property=\"og:url\" content=\"https:\/\/www.pmpf.rs.gov.br\/secretaria-de-administracao\/2022\/06\/prefeitura-busca-ampliar-acoes-de-promocao-da-inovacao\/\" \/>\n<meta property=\"og:site_name\" content=\"Secretaria de Administra\u00e7\u00e3o\" \/>\n<meta property=\"article:published_time\" content=\"2022-06-01T14:28:23+00:00\" \/>\n<meta property=\"article:modified_time\" content=\"2022-06-01T14:28:24+00:00\" \/>\n<meta name=\"author\" content=\"andressazorzetto07\" \/>\n<meta name=\"twitter:card\" content=\"summary_large_image\" \/>\n<meta name=\"twitter:label1\" content=\"Escrito por\" \/>\n\t<meta name=\"twitter:data1\" content=\"andressazorzetto07\" \/>\n\t<meta name=\"twitter:label2\" content=\"Est. tempo de leitura\" \/>\n\t<meta name=\"twitter:data2\" content=\"3 minutos\" \/>\n<script type=\"application\/ld+json\" class=\"yoast-schema-graph\">{\"@context\":\"https:\/\/schema.org\",\"@graph\":[{\"@type\":\"WebPage\",\"@id\":\"https:\/\/www.pmpf.rs.gov.br\/secretaria-de-administracao\/2022\/06\/prefeitura-busca-ampliar-acoes-de-promocao-da-inovacao\/\",\"url\":\"https:\/\/www.pmpf.rs.gov.br\/secretaria-de-administracao\/2022\/06\/prefeitura-busca-ampliar-acoes-de-promocao-da-inovacao\/\",\"name\":\"Prefeitura busca ampliar a\u00e7\u00f5es de promo\u00e7\u00e3o da inova\u00e7\u00e3o - Secretaria de Administra\u00e7\u00e3o | Prefeitura de Passo Fundo\",\"isPartOf\":{\"@id\":\"https:\/\/www.pmpf.rs.gov.br\/secretaria-de-administracao\/#website\"},\"primaryImageOfPage\":{\"@id\":\"https:\/\/www.pmpf.rs.gov.br\/secretaria-de-administracao\/2022\/06\/prefeitura-busca-ampliar-acoes-de-promocao-da-inovacao\/#primaryimage\"},\"image\":{\"@id\":\"https:\/\/www.pmpf.rs.gov.br\/secretaria-de-administracao\/2022\/06\/prefeitura-busca-ampliar-acoes-de-promocao-da-inovacao\/#primaryimage\"},\"thumbnailUrl\":\"https:\/\/www.pmpf.rs.gov.br\/secretaria-de-administracao\/wp-content\/uploads\/sites\/4\/2022\/06\/passo-fundo-lajeado.jpg\",\"datePublished\":\"2022-06-01T14:28:23+00:00\",\"dateModified\":\"2022-06-01T14:28:24+00:00\",\"author\":{\"@id\":\"https:\/\/www.pmpf.rs.gov.br\/secretaria-de-administracao\/#\/schema\/person\/30ee1d1bd74da1469b01fcf086e43351\"},\"inLanguage\":\"pt-BR\",\"potentialAction\":[{\"@type\":\"ReadAction\",\"target\":[\"https:\/\/www.pmpf.rs.gov.br\/secretaria-de-administracao\/2022\/06\/prefeitura-busca-ampliar-acoes-de-promocao-da-inovacao\/\"]}]},{\"@type\":\"ImageObject\",\"inLanguage\":\"pt-BR\",\"@id\":\"https:\/\/www.pmpf.rs.gov.br\/secretaria-de-administracao\/2022\/06\/prefeitura-busca-ampliar-acoes-de-promocao-da-inovacao\/#primaryimage\",\"url\":\"https:\/\/www.pmpf.rs.gov.br\/secretaria-de-administracao\/wp-content\/uploads\/sites\/4\/2022\/06\/passo-fundo-lajeado.jpg\",\"contentUrl\":\"https:\/\/www.pmpf.rs.gov.br\/secretaria-de-administracao\/wp-content\/uploads\/sites\/4\/2022\/06\/passo-fundo-lajeado.jpg\",\"width\":1024,\"height\":768},{\"@type\":\"WebSite\",\"@id\":\"https:\/\/www.pmpf.rs.gov.br\/secretaria-de-administracao\/#website\",\"url\":\"https:\/\/www.pmpf.rs.gov.br\/secretaria-de-administracao\/\",\"name\":\"Secretaria de Administra\u00e7\u00e3o\",\"description\":\"S\u00f3 mais um site Prefeitura Municipal de Passo Fundo Sites\",\"potentialAction\":[{\"@type\":\"SearchAction\",\"target\":{\"@type\":\"EntryPoint\",\"urlTemplate\":\"https:\/\/www.pmpf.rs.gov.br\/secretaria-de-administracao\/?s={search_term_string}\"},\"query-input\":{\"@type\":\"PropertyValueSpecification\",\"valueRequired\":true,\"valueName\":\"search_term_string\"}}],\"inLanguage\":\"pt-BR\"},{\"@type\":\"Person\",\"@id\":\"https:\/\/www.pmpf.rs.gov.br\/secretaria-de-administracao\/#\/schema\/person\/30ee1d1bd74da1469b01fcf086e43351\",\"name\":\"andressazorzetto07\",\"image\":{\"@type\":\"ImageObject\",\"inLanguage\":\"pt-BR\",\"@id\":\"https:\/\/www.pmpf.rs.gov.br\/secretaria-de-administracao\/#\/schema\/person\/image\/\",\"url\":\"https:\/\/secure.gravatar.com\/avatar\/14c5458ed79dc81da99a13b9ff5f9f19?s=96&d=mm&r=g\",\"contentUrl\":\"https:\/\/secure.gravatar.com\/avatar\/14c5458ed79dc81da99a13b9ff5f9f19?s=96&d=mm&r=g\",\"caption\":\"andressazorzetto07\"},\"url\":\"https:\/\/www.pmpf.rs.gov.br\/secretaria-de-administracao\/author\/andressazorzetto07\/\"}]}<\/script>\n<!-- \/ Yoast SEO plugin. -->","yoast_head_json":{"title":"Prefeitura busca ampliar a\u00e7\u00f5es de promo\u00e7\u00e3o da inova\u00e7\u00e3o - Secretaria de Administra\u00e7\u00e3o | Prefeitura de Passo Fundo","robots":{"index":"index","follow":"follow","max-snippet":"max-snippet:-1","max-image-preview":"max-image-preview:large","max-video-preview":"max-video-preview:-1"},"canonical":"https:\/\/www.pmpf.rs.gov.br\/secretaria-de-administracao\/2022\/06\/prefeitura-busca-ampliar-acoes-de-promocao-da-inovacao\/","og_locale":"pt_BR","og_type":"article","og_title":"Prefeitura busca ampliar a\u00e7\u00f5es de promo\u00e7\u00e3o da inova\u00e7\u00e3o - Secretaria de Administra\u00e7\u00e3o | Prefeitura de Passo Fundo","og_description":"\u00d3rg\u00e3os governamentais, institui\u00e7\u00f5es de ensino superior e empresas est\u00e3o sendo consultadas para que o Munic\u00edpio possa efetivar uma pol\u00edtica orientada para a inova\u00e7\u00e3o nos servi\u00e7os p\u00fablicos e como matriz de desenvolvimento do munic\u00edpio","og_url":"https:\/\/www.pmpf.rs.gov.br\/secretaria-de-administracao\/2022\/06\/prefeitura-busca-ampliar-acoes-de-promocao-da-inovacao\/","og_site_name":"Secretaria de Administra\u00e7\u00e3o","article_published_time":"2022-06-01T14:28:23+00:00","article_modified_time":"2022-06-01T14:28:24+00:00","author":"andressazorzetto07","twitter_card":"summary_large_image","twitter_misc":{"Escrito por":"andressazorzetto07","Est. tempo de leitura":"3 minutos"},"schema":{"@context":"https:\/\/schema.org","@graph":[{"@type":"WebPage","@id":"https:\/\/www.pmpf.rs.gov.br\/secretaria-de-administracao\/2022\/06\/prefeitura-busca-ampliar-acoes-de-promocao-da-inovacao\/","url":"https:\/\/www.pmpf.rs.gov.br\/secretaria-de-administracao\/2022\/06\/prefeitura-busca-ampliar-acoes-de-promocao-da-inovacao\/","name":"Prefeitura busca ampliar a\u00e7\u00f5es de promo\u00e7\u00e3o da inova\u00e7\u00e3o - Secretaria de Administra\u00e7\u00e3o | Prefeitura de Passo Fundo","isPartOf":{"@id":"https:\/\/www.pmpf.rs.gov.br\/secretaria-de-administracao\/#website"},"primaryImageOfPage":{"@id":"https:\/\/www.pmpf.rs.gov.br\/secretaria-de-administracao\/2022\/06\/prefeitura-busca-ampliar-acoes-de-promocao-da-inovacao\/#primaryimage"},"image":{"@id":"https:\/\/www.pmpf.rs.gov.br\/secretaria-de-administracao\/2022\/06\/prefeitura-busca-ampliar-acoes-de-promocao-da-inovacao\/#primaryimage"},"thumbnailUrl":"https:\/\/www.pmpf.rs.gov.br\/secretaria-de-administracao\/wp-content\/uploads\/sites\/4\/2022\/06\/passo-fundo-lajeado.jpg","datePublished":"2022-06-01T14:28:23+00:00","dateModified":"2022-06-01T14:28:24+00:00","author":{"@id":"https:\/\/www.pmpf.rs.gov.br\/secretaria-de-administracao\/#\/schema\/person\/30ee1d1bd74da1469b01fcf086e43351"},"inLanguage":"pt-BR","potentialAction":[{"@type":"ReadAction","target":["https:\/\/www.pmpf.rs.gov.br\/secretaria-de-administracao\/2022\/06\/prefeitura-busca-ampliar-acoes-de-promocao-da-inovacao\/"]}]},{"@type":"ImageObject","inLanguage":"pt-BR","@id":"https:\/\/www.pmpf.rs.gov.br\/secretaria-de-administracao\/2022\/06\/prefeitura-busca-ampliar-acoes-de-promocao-da-inovacao\/#primaryimage","url":"https:\/\/www.pmpf.rs.gov.br\/secretaria-de-administracao\/wp-content\/uploads\/sites\/4\/2022\/06\/passo-fundo-lajeado.jpg","contentUrl":"https:\/\/www.pmpf.rs.gov.br\/secretaria-de-administracao\/wp-content\/uploads\/sites\/4\/2022\/06\/passo-fundo-lajeado.jpg","width":1024,"height":768},{"@type":"WebSite","@id":"https:\/\/www.pmpf.rs.gov.br\/secretaria-de-administracao\/#website","url":"https:\/\/www.pmpf.rs.gov.br\/secretaria-de-administracao\/","name":"Secretaria de Administra\u00e7\u00e3o","description":"S\u00f3 mais um site Prefeitura Municipal de Passo Fundo Sites","potentialAction":[{"@type":"SearchAction","target":{"@type":"EntryPoint","urlTemplate":"https:\/\/www.pmpf.rs.gov.br\/secretaria-de-administracao\/?s={search_term_string}"},"query-input":{"@type":"PropertyValueSpecification","valueRequired":true,"valueName":"search_term_string"}}],"inLanguage":"pt-BR"},{"@type":"Person","@id":"https:\/\/www.pmpf.rs.gov.br\/secretaria-de-administracao\/#\/schema\/person\/30ee1d1bd74da1469b01fcf086e43351","name":"andressazorzetto07","image":{"@type":"ImageObject","inLanguage":"pt-BR","@id":"https:\/\/www.pmpf.rs.gov.br\/secretaria-de-administracao\/#\/schema\/person\/image\/","url":"https:\/\/secure.gravatar.com\/avatar\/14c5458ed79dc81da99a13b9ff5f9f19?s=96&d=mm&r=g","contentUrl":"https:\/\/secure.gravatar.com\/avatar\/14c5458ed79dc81da99a13b9ff5f9f19?s=96&d=mm&r=g","caption":"andressazorzetto07"},"url":"https:\/\/www.pmpf.rs.gov.br\/secretaria-de-administracao\/author\/andressazorzetto07\/"}]}},"_links":{"self":[{"href":"https:\/\/www.pmpf.rs.gov.br\/secretaria-de-administracao\/wp-json\/wp\/v2\/posts\/1986"}],"collection":[{"href":"https:\/\/www.pmpf.rs.gov.br\/secretaria-de-administracao\/wp-json\/wp\/v2\/posts"}],"about":[{"href":"https:\/\/www.pmpf.rs.gov.br\/secretaria-de-administracao\/wp-json\/wp\/v2\/types\/post"}],"author":[{"embeddable":true,"href":"https:\/\/www.pmpf.rs.gov.br\/secretaria-de-administracao\/wp-json\/wp\/v2\/users\/6"}],"replies":[{"embeddable":true,"href":"https:\/\/www.pmpf.rs.gov.br\/secretaria-de-administracao\/wp-json\/wp\/v2\/comments?post=1986"}],"version-history":[{"count":1,"href":"https:\/\/www.pmpf.rs.gov.br\/secretaria-de-administracao\/wp-json\/wp\/v2\/posts\/1986\/revisions"}],"predecessor-version":[{"id":1988,"href":"https:\/\/www.pmpf.rs.gov.br\/secretaria-de-administracao\/wp-json\/wp\/v2\/posts\/1986\/revisions\/1988"}],"wp:featuredmedia":[{"embeddable":true,"href":"https:\/\/www.pmpf.rs.gov.br\/secretaria-de-administracao\/wp-json\/wp\/v2\/media\/1987"}],"wp:attachment":[{"href":"https:\/\/www.pmpf.rs.gov.br\/secretaria-de-administracao\/wp-json\/wp\/v2\/media?parent=1986"}],"wp:term":[{"taxonomy":"category","embeddable":true,"href":"https:\/\/www.pmpf.rs.gov.br\/secretaria-de-administracao\/wp-json\/wp\/v2\/categories?post=1986"},{"taxonomy":"post_tag","embeddable":true,"href":"https:\/\/www.pmpf.rs.gov.br\/secretaria-de-administracao\/wp-json\/wp\/v2\/tags?post=1986"}],"curies":[{"name":"wp","href":"https:\/\/api.w.org\/{rel}","templated":true}]}}