{"id":1963,"date":"2022-05-17T16:18:35","date_gmt":"2022-05-17T19:18:35","guid":{"rendered":"https:\/\/www.pmpf.rs.gov.br\/secretaria-de-administracao\/?p=1963"},"modified":"2022-05-17T16:18:36","modified_gmt":"2022-05-17T19:18:36","slug":"prefeitura-encaminha-projeto-de-lei-a-camara-municipal-para-melhorar-remuneracao-dos-professores","status":"publish","type":"post","link":"https:\/\/www.pmpf.rs.gov.br\/secretaria-de-administracao\/2022\/05\/prefeitura-encaminha-projeto-de-lei-a-camara-municipal-para-melhorar-remuneracao-dos-professores\/","title":{"rendered":"Prefeitura encaminha projeto de lei \u00e0 C\u00e2mara Municipal para melhorar remunera\u00e7\u00e3o dos professores"},"content":{"rendered":"\n<p><\/p>\n\n\n\n<p>A Prefeitura de Passo Fundo encaminhou, nesta ter\u00e7a-feira (17), projeto de lei \u00e0 C\u00e2mara Municipal que melhora a remunera\u00e7\u00e3o do Magist\u00e9rio e atende uma reivindica\u00e7\u00e3o de quase 10 anos da categoria. A proposta transfere dezenas de professores do n\u00edvel I para o n\u00edvel II do quadro de carreira e cria 100 vagas para promo\u00e7\u00f5es do n\u00edvel II para o n\u00edvel III.<\/p>\n\n\n\n<p>\u201cO objetivo principal \u00e9 garantir a valoriza\u00e7\u00e3o dos professores, por meio da justa mudan\u00e7a de n\u00edvel para a qual muitos v\u00eam se aperfei\u00e7oando profissionalmente. Valorizar os professores \u00e9 um passo fundamental para garantir uma educa\u00e7\u00e3o de qualidade\u201d, observou o prefeito Pedro.<\/p>\n\n\n\n<p>Conforme o projeto, os professores que j\u00e1 cumprem os requisitos no n\u00edvel I ter\u00e3o condi\u00e7\u00f5es de passar automaticamente para o n\u00edvel II. Os demais docentes de n\u00edvel I ficar\u00e3o aptos \u00e0 progress\u00e3o de acordo com o preenchimento dos requisitos. A proposta prev\u00ea a extin\u00e7\u00e3o do n\u00edvel I. Os cargos ocupados ser\u00e3o extintos \u00e0 medida que vagarem. Havendo cargos vagos na data de aprova\u00e7\u00e3o do projeto, os mesmos ser\u00e3o automaticamente extintos.<\/p>\n\n\n\n<p>Caso o projeto seja aprovado pelos vereadores, os professores com n\u00edvel superior poder\u00e3o ingressar no Magist\u00e9rio diretamente no n\u00edvel II, que passa a ser o primeiro n\u00edvel de ingresso na rede municipal. \u201cA educa\u00e7\u00e3o do munic\u00edpio est\u00e1 passando por processos significativos de qualifica\u00e7\u00e3o que far\u00e3o da nossa rede uma refer\u00eancia de ensino p\u00fablico de qualidade. Al\u00e9m do investimento em infraestrutura, projetos pedag\u00f3gicos conectados \u00e0s demandas do mundo e oportunidades de educa\u00e7\u00e3o integral para nossas crian\u00e7as e adolescentes. Entretanto, educa\u00e7\u00e3o \u00e9 feita por pessoas e para pessoas, assim, valorizar os profissionais da educa\u00e7\u00e3o \u00e9 fundamental!\u201d, afirmou o secret\u00e1rio municipal de Educa\u00e7\u00e3o, Adriano Canabarro Teixeira.<\/p>\n\n\n\n<p>As 100 vagas criadas no n\u00edvel III ser\u00e3o escalonadas em tr\u00eas anos: 20 vagas em 2022; 30 vagas em 2023 e 50 vagas em 2024. A medida gera um incremento na remunera\u00e7\u00e3o dos professores, atendendo uma demanda da categoria e um compromisso assumido pela gest\u00e3o do prefeito Pedro.<\/p>\n\n\n\n<p>O projeto de lei ser\u00e1 apreciado pela C\u00e2mara Municipal nos pr\u00f3ximos dias e, caso aprovado, ir\u00e1 para san\u00e7\u00e3o do prefeito.<\/p>\n","protected":false},"excerpt":{"rendered":"<p>Proposta atende reivindica\u00e7\u00e3o de quase 10 anos da categoria<\/p>\n","protected":false},"author":6,"featured_media":0,"comment_status":"closed","ping_status":"closed","sticky":true,"template":"","format":"standard","meta":{"footnotes":""},"categories":[1],"tags":[],"class_list":["post-1963","post","type-post","status-publish","format-standard","hentry","category-sem-categoria"],"yoast_head":"<!-- This site is optimized with the Yoast SEO plugin v23.8 - https:\/\/yoast.com\/wordpress\/plugins\/seo\/ -->\n<title>Prefeitura encaminha projeto de lei \u00e0 C\u00e2mara Municipal para melhorar remunera\u00e7\u00e3o dos professores - Secretaria de Administra\u00e7\u00e3o | Prefeitura de Passo Fundo<\/title>\n<meta name=\"robots\" content=\"index, follow, max-snippet:-1, max-image-preview:large, max-video-preview:-1\" \/>\n<link rel=\"canonical\" href=\"https:\/\/www.pmpf.rs.gov.br\/secretaria-de-administracao\/2022\/05\/prefeitura-encaminha-projeto-de-lei-a-camara-municipal-para-melhorar-remuneracao-dos-professores\/\" \/>\n<meta property=\"og:locale\" content=\"pt_BR\" \/>\n<meta property=\"og:type\" content=\"article\" \/>\n<meta property=\"og:title\" content=\"Prefeitura encaminha projeto de lei \u00e0 C\u00e2mara Municipal para melhorar remunera\u00e7\u00e3o dos professores - Secretaria de Administra\u00e7\u00e3o | Prefeitura de Passo Fundo\" \/>\n<meta property=\"og:description\" content=\"Proposta atende reivindica\u00e7\u00e3o de quase 10 anos da categoria\" \/>\n<meta property=\"og:url\" content=\"https:\/\/www.pmpf.rs.gov.br\/secretaria-de-administracao\/2022\/05\/prefeitura-encaminha-projeto-de-lei-a-camara-municipal-para-melhorar-remuneracao-dos-professores\/\" \/>\n<meta property=\"og:site_name\" content=\"Secretaria de Administra\u00e7\u00e3o\" \/>\n<meta property=\"article:published_time\" content=\"2022-05-17T19:18:35+00:00\" \/>\n<meta property=\"article:modified_time\" content=\"2022-05-17T19:18:36+00:00\" \/>\n<meta name=\"author\" content=\"andressazorzetto07\" \/>\n<meta name=\"twitter:card\" content=\"summary_large_image\" \/>\n<meta name=\"twitter:label1\" content=\"Escrito por\" \/>\n\t<meta name=\"twitter:data1\" content=\"andressazorzetto07\" \/>\n\t<meta name=\"twitter:label2\" content=\"Est. tempo de leitura\" \/>\n\t<meta name=\"twitter:data2\" content=\"2 minutos\" \/>\n<script type=\"application\/ld+json\" class=\"yoast-schema-graph\">{\"@context\":\"https:\/\/schema.org\",\"@graph\":[{\"@type\":\"WebPage\",\"@id\":\"https:\/\/www.pmpf.rs.gov.br\/secretaria-de-administracao\/2022\/05\/prefeitura-encaminha-projeto-de-lei-a-camara-municipal-para-melhorar-remuneracao-dos-professores\/\",\"url\":\"https:\/\/www.pmpf.rs.gov.br\/secretaria-de-administracao\/2022\/05\/prefeitura-encaminha-projeto-de-lei-a-camara-municipal-para-melhorar-remuneracao-dos-professores\/\",\"name\":\"Prefeitura encaminha projeto de lei \u00e0 C\u00e2mara Municipal para melhorar remunera\u00e7\u00e3o dos professores - Secretaria de Administra\u00e7\u00e3o | Prefeitura de Passo Fundo\",\"isPartOf\":{\"@id\":\"https:\/\/www.pmpf.rs.gov.br\/secretaria-de-administracao\/#website\"},\"datePublished\":\"2022-05-17T19:18:35+00:00\",\"dateModified\":\"2022-05-17T19:18:36+00:00\",\"author\":{\"@id\":\"https:\/\/www.pmpf.rs.gov.br\/secretaria-de-administracao\/#\/schema\/person\/30ee1d1bd74da1469b01fcf086e43351\"},\"inLanguage\":\"pt-BR\",\"potentialAction\":[{\"@type\":\"ReadAction\",\"target\":[\"https:\/\/www.pmpf.rs.gov.br\/secretaria-de-administracao\/2022\/05\/prefeitura-encaminha-projeto-de-lei-a-camara-municipal-para-melhorar-remuneracao-dos-professores\/\"]}]},{\"@type\":\"WebSite\",\"@id\":\"https:\/\/www.pmpf.rs.gov.br\/secretaria-de-administracao\/#website\",\"url\":\"https:\/\/www.pmpf.rs.gov.br\/secretaria-de-administracao\/\",\"name\":\"Secretaria de Administra\u00e7\u00e3o\",\"description\":\"S\u00f3 mais um site Prefeitura Municipal de Passo Fundo Sites\",\"potentialAction\":[{\"@type\":\"SearchAction\",\"target\":{\"@type\":\"EntryPoint\",\"urlTemplate\":\"https:\/\/www.pmpf.rs.gov.br\/secretaria-de-administracao\/?s={search_term_string}\"},\"query-input\":{\"@type\":\"PropertyValueSpecification\",\"valueRequired\":true,\"valueName\":\"search_term_string\"}}],\"inLanguage\":\"pt-BR\"},{\"@type\":\"Person\",\"@id\":\"https:\/\/www.pmpf.rs.gov.br\/secretaria-de-administracao\/#\/schema\/person\/30ee1d1bd74da1469b01fcf086e43351\",\"name\":\"andressazorzetto07\",\"image\":{\"@type\":\"ImageObject\",\"inLanguage\":\"pt-BR\",\"@id\":\"https:\/\/www.pmpf.rs.gov.br\/secretaria-de-administracao\/#\/schema\/person\/image\/\",\"url\":\"https:\/\/secure.gravatar.com\/avatar\/14c5458ed79dc81da99a13b9ff5f9f19?s=96&d=mm&r=g\",\"contentUrl\":\"https:\/\/secure.gravatar.com\/avatar\/14c5458ed79dc81da99a13b9ff5f9f19?s=96&d=mm&r=g\",\"caption\":\"andressazorzetto07\"},\"url\":\"https:\/\/www.pmpf.rs.gov.br\/secretaria-de-administracao\/author\/andressazorzetto07\/\"}]}<\/script>\n<!-- \/ Yoast SEO plugin. -->","yoast_head_json":{"title":"Prefeitura encaminha projeto de lei \u00e0 C\u00e2mara Municipal para melhorar remunera\u00e7\u00e3o dos professores - Secretaria de Administra\u00e7\u00e3o | Prefeitura de Passo Fundo","robots":{"index":"index","follow":"follow","max-snippet":"max-snippet:-1","max-image-preview":"max-image-preview:large","max-video-preview":"max-video-preview:-1"},"canonical":"https:\/\/www.pmpf.rs.gov.br\/secretaria-de-administracao\/2022\/05\/prefeitura-encaminha-projeto-de-lei-a-camara-municipal-para-melhorar-remuneracao-dos-professores\/","og_locale":"pt_BR","og_type":"article","og_title":"Prefeitura encaminha projeto de lei \u00e0 C\u00e2mara Municipal para melhorar remunera\u00e7\u00e3o dos professores - Secretaria de Administra\u00e7\u00e3o | Prefeitura de Passo Fundo","og_description":"Proposta atende reivindica\u00e7\u00e3o de quase 10 anos da categoria","og_url":"https:\/\/www.pmpf.rs.gov.br\/secretaria-de-administracao\/2022\/05\/prefeitura-encaminha-projeto-de-lei-a-camara-municipal-para-melhorar-remuneracao-dos-professores\/","og_site_name":"Secretaria de Administra\u00e7\u00e3o","article_published_time":"2022-05-17T19:18:35+00:00","article_modified_time":"2022-05-17T19:18:36+00:00","author":"andressazorzetto07","twitter_card":"summary_large_image","twitter_misc":{"Escrito por":"andressazorzetto07","Est. tempo de leitura":"2 minutos"},"schema":{"@context":"https:\/\/schema.org","@graph":[{"@type":"WebPage","@id":"https:\/\/www.pmpf.rs.gov.br\/secretaria-de-administracao\/2022\/05\/prefeitura-encaminha-projeto-de-lei-a-camara-municipal-para-melhorar-remuneracao-dos-professores\/","url":"https:\/\/www.pmpf.rs.gov.br\/secretaria-de-administracao\/2022\/05\/prefeitura-encaminha-projeto-de-lei-a-camara-municipal-para-melhorar-remuneracao-dos-professores\/","name":"Prefeitura encaminha projeto de lei \u00e0 C\u00e2mara Municipal para melhorar remunera\u00e7\u00e3o dos professores - Secretaria de Administra\u00e7\u00e3o | Prefeitura de Passo Fundo","isPartOf":{"@id":"https:\/\/www.pmpf.rs.gov.br\/secretaria-de-administracao\/#website"},"datePublished":"2022-05-17T19:18:35+00:00","dateModified":"2022-05-17T19:18:36+00:00","author":{"@id":"https:\/\/www.pmpf.rs.gov.br\/secretaria-de-administracao\/#\/schema\/person\/30ee1d1bd74da1469b01fcf086e43351"},"inLanguage":"pt-BR","potentialAction":[{"@type":"ReadAction","target":["https:\/\/www.pmpf.rs.gov.br\/secretaria-de-administracao\/2022\/05\/prefeitura-encaminha-projeto-de-lei-a-camara-municipal-para-melhorar-remuneracao-dos-professores\/"]}]},{"@type":"WebSite","@id":"https:\/\/www.pmpf.rs.gov.br\/secretaria-de-administracao\/#website","url":"https:\/\/www.pmpf.rs.gov.br\/secretaria-de-administracao\/","name":"Secretaria de Administra\u00e7\u00e3o","description":"S\u00f3 mais um site Prefeitura Municipal de Passo Fundo Sites","potentialAction":[{"@type":"SearchAction","target":{"@type":"EntryPoint","urlTemplate":"https:\/\/www.pmpf.rs.gov.br\/secretaria-de-administracao\/?s={search_term_string}"},"query-input":{"@type":"PropertyValueSpecification","valueRequired":true,"valueName":"search_term_string"}}],"inLanguage":"pt-BR"},{"@type":"Person","@id":"https:\/\/www.pmpf.rs.gov.br\/secretaria-de-administracao\/#\/schema\/person\/30ee1d1bd74da1469b01fcf086e43351","name":"andressazorzetto07","image":{"@type":"ImageObject","inLanguage":"pt-BR","@id":"https:\/\/www.pmpf.rs.gov.br\/secretaria-de-administracao\/#\/schema\/person\/image\/","url":"https:\/\/secure.gravatar.com\/avatar\/14c5458ed79dc81da99a13b9ff5f9f19?s=96&d=mm&r=g","contentUrl":"https:\/\/secure.gravatar.com\/avatar\/14c5458ed79dc81da99a13b9ff5f9f19?s=96&d=mm&r=g","caption":"andressazorzetto07"},"url":"https:\/\/www.pmpf.rs.gov.br\/secretaria-de-administracao\/author\/andressazorzetto07\/"}]}},"_links":{"self":[{"href":"https:\/\/www.pmpf.rs.gov.br\/secretaria-de-administracao\/wp-json\/wp\/v2\/posts\/1963"}],"collection":[{"href":"https:\/\/www.pmpf.rs.gov.br\/secretaria-de-administracao\/wp-json\/wp\/v2\/posts"}],"about":[{"href":"https:\/\/www.pmpf.rs.gov.br\/secretaria-de-administracao\/wp-json\/wp\/v2\/types\/post"}],"author":[{"embeddable":true,"href":"https:\/\/www.pmpf.rs.gov.br\/secretaria-de-administracao\/wp-json\/wp\/v2\/users\/6"}],"replies":[{"embeddable":true,"href":"https:\/\/www.pmpf.rs.gov.br\/secretaria-de-administracao\/wp-json\/wp\/v2\/comments?post=1963"}],"version-history":[{"count":1,"href":"https:\/\/www.pmpf.rs.gov.br\/secretaria-de-administracao\/wp-json\/wp\/v2\/posts\/1963\/revisions"}],"predecessor-version":[{"id":1964,"href":"https:\/\/www.pmpf.rs.gov.br\/secretaria-de-administracao\/wp-json\/wp\/v2\/posts\/1963\/revisions\/1964"}],"wp:attachment":[{"href":"https:\/\/www.pmpf.rs.gov.br\/secretaria-de-administracao\/wp-json\/wp\/v2\/media?parent=1963"}],"wp:term":[{"taxonomy":"category","embeddable":true,"href":"https:\/\/www.pmpf.rs.gov.br\/secretaria-de-administracao\/wp-json\/wp\/v2\/categories?post=1963"},{"taxonomy":"post_tag","embeddable":true,"href":"https:\/\/www.pmpf.rs.gov.br\/secretaria-de-administracao\/wp-json\/wp\/v2\/tags?post=1963"}],"curies":[{"name":"wp","href":"https:\/\/api.w.org\/{rel}","templated":true}]}}