{"id":1955,"date":"2022-05-13T09:28:59","date_gmt":"2022-05-13T12:28:59","guid":{"rendered":"https:\/\/www.pmpf.rs.gov.br\/secretaria-de-administracao\/?p=1955"},"modified":"2022-05-13T09:29:00","modified_gmt":"2022-05-13T12:29:00","slug":"formacao-com-diretores-das-escolas-municipais","status":"publish","type":"post","link":"https:\/\/www.pmpf.rs.gov.br\/secretaria-de-administracao\/2022\/05\/formacao-com-diretores-das-escolas-municipais\/","title":{"rendered":"Forma\u00e7\u00e3o com diretores das escolas municipais"},"content":{"rendered":"\n<p><\/p>\n\n\n\n<p>Ainda no m\u00eas de maio, a Secretaria de Administra\u00e7\u00e3o, por meio do N\u00facleo de Biometria, iniciou um processo de constru\u00e7\u00e3o de conhecimento sobre Gest\u00e3o de Pessoas no espa\u00e7o escolar. Com o objetivo de capacitar as equipes diretivas das escolas municipais, o N\u00facleo de Biometria trouxe a proposta para a Secretaria de Educa\u00e7\u00e3o e tem desenvolvido os trabalhos com a participa\u00e7\u00e3o da Educa\u00e7\u00e3o Infantil e Ensino Fundamental.<\/p>\n\n\n\n<p>Considerando a import\u00e2ncia da tem\u00e1tica, uma vez que a gest\u00e3o de pessoas \u00e9 um dos pilares da Gest\u00e3o Escolar, a organiza\u00e7\u00e3o de um programa que direcione seus olhares para a gest\u00e3o de pessoas pode contribuir significativamente para um melhor desenvolvimento das atividades escolares, assim como auxiliar na constru\u00e7\u00e3o de espa\u00e7os de sa\u00fade e qualidade de vida no trabalho.<\/p>\n\n\n\n<p>Tendo como p\u00fablico as equipes diretivas de todas as escolas da rede municipal de Educa\u00e7\u00e3o, o<\/p>\n\n\n\n<p>programa \u00e9 realizado pelos estagi\u00e1rios de Psicologia Laura dos Santos Oliveira, Mar\u00edlia Donato e Vin\u00edcios Dalla Lana Moreira, com a supervis\u00e3o do Psic\u00f3logo do N\u00facleo de Biometria, Mario Junges, e possui um cronograma com encontros quinzenais at\u00e9 o m\u00eas de julho.<\/p>\n","protected":false},"excerpt":{"rendered":"<p>Ainda no m\u00eas de maio, a Secretaria de Administra\u00e7\u00e3o, por meio do N\u00facleo de Biometria, iniciou um processo de constru\u00e7\u00e3o de conhecimento sobre Gest\u00e3o de Pessoas no espa\u00e7o escolar<\/p>\n","protected":false},"author":6,"featured_media":1956,"comment_status":"closed","ping_status":"closed","sticky":true,"template":"","format":"standard","meta":{"footnotes":""},"categories":[1],"tags":[],"class_list":["post-1955","post","type-post","status-publish","format-standard","has-post-thumbnail","hentry","category-sem-categoria"],"yoast_head":"<!-- This site is optimized with the Yoast SEO plugin v23.8 - https:\/\/yoast.com\/wordpress\/plugins\/seo\/ -->\n<title>Forma\u00e7\u00e3o com diretores das escolas municipais - Secretaria de Administra\u00e7\u00e3o | Prefeitura de Passo Fundo<\/title>\n<meta name=\"robots\" content=\"index, follow, max-snippet:-1, max-image-preview:large, max-video-preview:-1\" \/>\n<link rel=\"canonical\" href=\"https:\/\/www.pmpf.rs.gov.br\/secretaria-de-administracao\/2022\/05\/formacao-com-diretores-das-escolas-municipais\/\" \/>\n<meta property=\"og:locale\" content=\"pt_BR\" \/>\n<meta property=\"og:type\" content=\"article\" \/>\n<meta property=\"og:title\" content=\"Forma\u00e7\u00e3o com diretores das escolas municipais - Secretaria de Administra\u00e7\u00e3o | Prefeitura de Passo Fundo\" \/>\n<meta property=\"og:description\" content=\"Ainda no m\u00eas de maio, a Secretaria de Administra\u00e7\u00e3o, por meio do N\u00facleo de Biometria, iniciou um processo de constru\u00e7\u00e3o de conhecimento sobre Gest\u00e3o de Pessoas no espa\u00e7o escolar\" \/>\n<meta property=\"og:url\" content=\"https:\/\/www.pmpf.rs.gov.br\/secretaria-de-administracao\/2022\/05\/formacao-com-diretores-das-escolas-municipais\/\" \/>\n<meta property=\"og:site_name\" content=\"Secretaria de Administra\u00e7\u00e3o\" \/>\n<meta property=\"article:published_time\" content=\"2022-05-13T12:28:59+00:00\" \/>\n<meta property=\"article:modified_time\" content=\"2022-05-13T12:29:00+00:00\" \/>\n<meta name=\"author\" content=\"andressazorzetto07\" \/>\n<meta name=\"twitter:card\" content=\"summary_large_image\" \/>\n<meta name=\"twitter:label1\" content=\"Escrito por\" \/>\n\t<meta name=\"twitter:data1\" content=\"andressazorzetto07\" \/>\n\t<meta name=\"twitter:label2\" content=\"Est. tempo de leitura\" \/>\n\t<meta name=\"twitter:data2\" content=\"1 minuto\" \/>\n<script type=\"application\/ld+json\" class=\"yoast-schema-graph\">{\"@context\":\"https:\/\/schema.org\",\"@graph\":[{\"@type\":\"WebPage\",\"@id\":\"https:\/\/www.pmpf.rs.gov.br\/secretaria-de-administracao\/2022\/05\/formacao-com-diretores-das-escolas-municipais\/\",\"url\":\"https:\/\/www.pmpf.rs.gov.br\/secretaria-de-administracao\/2022\/05\/formacao-com-diretores-das-escolas-municipais\/\",\"name\":\"Forma\u00e7\u00e3o com diretores das escolas municipais - Secretaria de Administra\u00e7\u00e3o | Prefeitura de Passo Fundo\",\"isPartOf\":{\"@id\":\"https:\/\/www.pmpf.rs.gov.br\/secretaria-de-administracao\/#website\"},\"primaryImageOfPage\":{\"@id\":\"https:\/\/www.pmpf.rs.gov.br\/secretaria-de-administracao\/2022\/05\/formacao-com-diretores-das-escolas-municipais\/#primaryimage\"},\"image\":{\"@id\":\"https:\/\/www.pmpf.rs.gov.br\/secretaria-de-administracao\/2022\/05\/formacao-com-diretores-das-escolas-municipais\/#primaryimage\"},\"thumbnailUrl\":\"https:\/\/www.pmpf.rs.gov.br\/secretaria-de-administracao\/wp-content\/uploads\/sites\/4\/2022\/05\/WhatsApp-Image-2022-05-12-at-15.42.15.jpeg\",\"datePublished\":\"2022-05-13T12:28:59+00:00\",\"dateModified\":\"2022-05-13T12:29:00+00:00\",\"author\":{\"@id\":\"https:\/\/www.pmpf.rs.gov.br\/secretaria-de-administracao\/#\/schema\/person\/30ee1d1bd74da1469b01fcf086e43351\"},\"inLanguage\":\"pt-BR\",\"potentialAction\":[{\"@type\":\"ReadAction\",\"target\":[\"https:\/\/www.pmpf.rs.gov.br\/secretaria-de-administracao\/2022\/05\/formacao-com-diretores-das-escolas-municipais\/\"]}]},{\"@type\":\"ImageObject\",\"inLanguage\":\"pt-BR\",\"@id\":\"https:\/\/www.pmpf.rs.gov.br\/secretaria-de-administracao\/2022\/05\/formacao-com-diretores-das-escolas-municipais\/#primaryimage\",\"url\":\"https:\/\/www.pmpf.rs.gov.br\/secretaria-de-administracao\/wp-content\/uploads\/sites\/4\/2022\/05\/WhatsApp-Image-2022-05-12-at-15.42.15.jpeg\",\"contentUrl\":\"https:\/\/www.pmpf.rs.gov.br\/secretaria-de-administracao\/wp-content\/uploads\/sites\/4\/2022\/05\/WhatsApp-Image-2022-05-12-at-15.42.15.jpeg\",\"width\":1200,\"height\":1600},{\"@type\":\"WebSite\",\"@id\":\"https:\/\/www.pmpf.rs.gov.br\/secretaria-de-administracao\/#website\",\"url\":\"https:\/\/www.pmpf.rs.gov.br\/secretaria-de-administracao\/\",\"name\":\"Secretaria de Administra\u00e7\u00e3o\",\"description\":\"S\u00f3 mais um site Prefeitura Municipal de Passo Fundo Sites\",\"potentialAction\":[{\"@type\":\"SearchAction\",\"target\":{\"@type\":\"EntryPoint\",\"urlTemplate\":\"https:\/\/www.pmpf.rs.gov.br\/secretaria-de-administracao\/?s={search_term_string}\"},\"query-input\":{\"@type\":\"PropertyValueSpecification\",\"valueRequired\":true,\"valueName\":\"search_term_string\"}}],\"inLanguage\":\"pt-BR\"},{\"@type\":\"Person\",\"@id\":\"https:\/\/www.pmpf.rs.gov.br\/secretaria-de-administracao\/#\/schema\/person\/30ee1d1bd74da1469b01fcf086e43351\",\"name\":\"andressazorzetto07\",\"image\":{\"@type\":\"ImageObject\",\"inLanguage\":\"pt-BR\",\"@id\":\"https:\/\/www.pmpf.rs.gov.br\/secretaria-de-administracao\/#\/schema\/person\/image\/\",\"url\":\"https:\/\/secure.gravatar.com\/avatar\/14c5458ed79dc81da99a13b9ff5f9f19?s=96&d=mm&r=g\",\"contentUrl\":\"https:\/\/secure.gravatar.com\/avatar\/14c5458ed79dc81da99a13b9ff5f9f19?s=96&d=mm&r=g\",\"caption\":\"andressazorzetto07\"},\"url\":\"https:\/\/www.pmpf.rs.gov.br\/secretaria-de-administracao\/author\/andressazorzetto07\/\"}]}<\/script>\n<!-- \/ Yoast SEO plugin. -->","yoast_head_json":{"title":"Forma\u00e7\u00e3o com diretores das escolas municipais - Secretaria de Administra\u00e7\u00e3o | Prefeitura de Passo Fundo","robots":{"index":"index","follow":"follow","max-snippet":"max-snippet:-1","max-image-preview":"max-image-preview:large","max-video-preview":"max-video-preview:-1"},"canonical":"https:\/\/www.pmpf.rs.gov.br\/secretaria-de-administracao\/2022\/05\/formacao-com-diretores-das-escolas-municipais\/","og_locale":"pt_BR","og_type":"article","og_title":"Forma\u00e7\u00e3o com diretores das escolas municipais - Secretaria de Administra\u00e7\u00e3o | Prefeitura de Passo Fundo","og_description":"Ainda no m\u00eas de maio, a Secretaria de Administra\u00e7\u00e3o, por meio do N\u00facleo de Biometria, iniciou um processo de constru\u00e7\u00e3o de conhecimento sobre Gest\u00e3o de Pessoas no espa\u00e7o escolar","og_url":"https:\/\/www.pmpf.rs.gov.br\/secretaria-de-administracao\/2022\/05\/formacao-com-diretores-das-escolas-municipais\/","og_site_name":"Secretaria de Administra\u00e7\u00e3o","article_published_time":"2022-05-13T12:28:59+00:00","article_modified_time":"2022-05-13T12:29:00+00:00","author":"andressazorzetto07","twitter_card":"summary_large_image","twitter_misc":{"Escrito por":"andressazorzetto07","Est. tempo de leitura":"1 minuto"},"schema":{"@context":"https:\/\/schema.org","@graph":[{"@type":"WebPage","@id":"https:\/\/www.pmpf.rs.gov.br\/secretaria-de-administracao\/2022\/05\/formacao-com-diretores-das-escolas-municipais\/","url":"https:\/\/www.pmpf.rs.gov.br\/secretaria-de-administracao\/2022\/05\/formacao-com-diretores-das-escolas-municipais\/","name":"Forma\u00e7\u00e3o com diretores das escolas municipais - Secretaria de Administra\u00e7\u00e3o | Prefeitura de Passo Fundo","isPartOf":{"@id":"https:\/\/www.pmpf.rs.gov.br\/secretaria-de-administracao\/#website"},"primaryImageOfPage":{"@id":"https:\/\/www.pmpf.rs.gov.br\/secretaria-de-administracao\/2022\/05\/formacao-com-diretores-das-escolas-municipais\/#primaryimage"},"image":{"@id":"https:\/\/www.pmpf.rs.gov.br\/secretaria-de-administracao\/2022\/05\/formacao-com-diretores-das-escolas-municipais\/#primaryimage"},"thumbnailUrl":"https:\/\/www.pmpf.rs.gov.br\/secretaria-de-administracao\/wp-content\/uploads\/sites\/4\/2022\/05\/WhatsApp-Image-2022-05-12-at-15.42.15.jpeg","datePublished":"2022-05-13T12:28:59+00:00","dateModified":"2022-05-13T12:29:00+00:00","author":{"@id":"https:\/\/www.pmpf.rs.gov.br\/secretaria-de-administracao\/#\/schema\/person\/30ee1d1bd74da1469b01fcf086e43351"},"inLanguage":"pt-BR","potentialAction":[{"@type":"ReadAction","target":["https:\/\/www.pmpf.rs.gov.br\/secretaria-de-administracao\/2022\/05\/formacao-com-diretores-das-escolas-municipais\/"]}]},{"@type":"ImageObject","inLanguage":"pt-BR","@id":"https:\/\/www.pmpf.rs.gov.br\/secretaria-de-administracao\/2022\/05\/formacao-com-diretores-das-escolas-municipais\/#primaryimage","url":"https:\/\/www.pmpf.rs.gov.br\/secretaria-de-administracao\/wp-content\/uploads\/sites\/4\/2022\/05\/WhatsApp-Image-2022-05-12-at-15.42.15.jpeg","contentUrl":"https:\/\/www.pmpf.rs.gov.br\/secretaria-de-administracao\/wp-content\/uploads\/sites\/4\/2022\/05\/WhatsApp-Image-2022-05-12-at-15.42.15.jpeg","width":1200,"height":1600},{"@type":"WebSite","@id":"https:\/\/www.pmpf.rs.gov.br\/secretaria-de-administracao\/#website","url":"https:\/\/www.pmpf.rs.gov.br\/secretaria-de-administracao\/","name":"Secretaria de Administra\u00e7\u00e3o","description":"S\u00f3 mais um site Prefeitura Municipal de Passo Fundo Sites","potentialAction":[{"@type":"SearchAction","target":{"@type":"EntryPoint","urlTemplate":"https:\/\/www.pmpf.rs.gov.br\/secretaria-de-administracao\/?s={search_term_string}"},"query-input":{"@type":"PropertyValueSpecification","valueRequired":true,"valueName":"search_term_string"}}],"inLanguage":"pt-BR"},{"@type":"Person","@id":"https:\/\/www.pmpf.rs.gov.br\/secretaria-de-administracao\/#\/schema\/person\/30ee1d1bd74da1469b01fcf086e43351","name":"andressazorzetto07","image":{"@type":"ImageObject","inLanguage":"pt-BR","@id":"https:\/\/www.pmpf.rs.gov.br\/secretaria-de-administracao\/#\/schema\/person\/image\/","url":"https:\/\/secure.gravatar.com\/avatar\/14c5458ed79dc81da99a13b9ff5f9f19?s=96&d=mm&r=g","contentUrl":"https:\/\/secure.gravatar.com\/avatar\/14c5458ed79dc81da99a13b9ff5f9f19?s=96&d=mm&r=g","caption":"andressazorzetto07"},"url":"https:\/\/www.pmpf.rs.gov.br\/secretaria-de-administracao\/author\/andressazorzetto07\/"}]}},"_links":{"self":[{"href":"https:\/\/www.pmpf.rs.gov.br\/secretaria-de-administracao\/wp-json\/wp\/v2\/posts\/1955"}],"collection":[{"href":"https:\/\/www.pmpf.rs.gov.br\/secretaria-de-administracao\/wp-json\/wp\/v2\/posts"}],"about":[{"href":"https:\/\/www.pmpf.rs.gov.br\/secretaria-de-administracao\/wp-json\/wp\/v2\/types\/post"}],"author":[{"embeddable":true,"href":"https:\/\/www.pmpf.rs.gov.br\/secretaria-de-administracao\/wp-json\/wp\/v2\/users\/6"}],"replies":[{"embeddable":true,"href":"https:\/\/www.pmpf.rs.gov.br\/secretaria-de-administracao\/wp-json\/wp\/v2\/comments?post=1955"}],"version-history":[{"count":1,"href":"https:\/\/www.pmpf.rs.gov.br\/secretaria-de-administracao\/wp-json\/wp\/v2\/posts\/1955\/revisions"}],"predecessor-version":[{"id":1957,"href":"https:\/\/www.pmpf.rs.gov.br\/secretaria-de-administracao\/wp-json\/wp\/v2\/posts\/1955\/revisions\/1957"}],"wp:featuredmedia":[{"embeddable":true,"href":"https:\/\/www.pmpf.rs.gov.br\/secretaria-de-administracao\/wp-json\/wp\/v2\/media\/1956"}],"wp:attachment":[{"href":"https:\/\/www.pmpf.rs.gov.br\/secretaria-de-administracao\/wp-json\/wp\/v2\/media?parent=1955"}],"wp:term":[{"taxonomy":"category","embeddable":true,"href":"https:\/\/www.pmpf.rs.gov.br\/secretaria-de-administracao\/wp-json\/wp\/v2\/categories?post=1955"},{"taxonomy":"post_tag","embeddable":true,"href":"https:\/\/www.pmpf.rs.gov.br\/secretaria-de-administracao\/wp-json\/wp\/v2\/tags?post=1955"}],"curies":[{"name":"wp","href":"https:\/\/api.w.org\/{rel}","templated":true}]}}