{"id":1952,"date":"2022-05-11T11:21:54","date_gmt":"2022-05-11T14:21:54","guid":{"rendered":"https:\/\/www.pmpf.rs.gov.br\/secretaria-de-administracao\/?p=1952"},"modified":"2022-05-11T11:21:54","modified_gmt":"2022-05-11T14:21:54","slug":"prefeitura-entrega-nova-sede-para-a-coordenadoria-do-idoso","status":"publish","type":"post","link":"https:\/\/www.pmpf.rs.gov.br\/secretaria-de-administracao\/2022\/05\/prefeitura-entrega-nova-sede-para-a-coordenadoria-do-idoso\/","title":{"rendered":"Prefeitura entrega nova sede para a Coordenadoria do Idoso"},"content":{"rendered":"\n<p><br>Al\u00e9m de comemorar o retorno das atividades ap\u00f3s a pandemia, os idosos tamb\u00e9m celebram o novo espa\u00e7o da Coordenadoria Municipal do Idoso. A Prefeitura de Passo Fundo entregou, nesta quarta-feira (11), um local amplo, acess\u00edvel e que ir\u00e1 sediar as oficinas realizadas para a terceira idade. O endere\u00e7o \u00e9 Rua Ant\u00f4nio Ara\u00fajo, 1190, Centro.<br>O prefeito, Pedro Almeida, descreveu que a entrega simboliza o cuidado do Munic\u00edpio com os idosos. &#8220;Depois de um per\u00edodo dif\u00edcil de pandemia, hoje estamos felizes por assistir \u00e0 volta de milhares de pessoas aos grupos de conviv\u00eancia e por poder fazer a entrega desta nova sede, que dar\u00e1 suporte a muitas a\u00e7\u00f5es. Deixamos registrados aqui o respeito e o reconhecimento a todos que est\u00e3o aqui, que fizeram e fazem muito pela nossa cidade. Os idosos t\u00eam muito valor para Passo Fundo&#8221;, mencionou.<br>O Departamento de Aten\u00e7\u00e3o \u00e0 terceira idade (Dati) conta com mais de 50 grupos, nos bairros e no interior, envolvendo 3,2 mil idosos. E, al\u00e9m das atividades desses grupos, a Coordenadoria do Idoso desenvolve mais de 20 oficinas, que recebem 700 pessoas. S\u00e3o aulas de artesanato, m\u00fasica, dan\u00e7a, alfabetiza\u00e7\u00e3o, cultura digital, entre outras, que criam experi\u00eancias e saberes, al\u00e9m de fortalecerem a conviv\u00eancia social.<br>Para a coordenadora do Idoso, T\u00e2nia Carraro, \u00e9 gratificante promover o retorno das atividades em um local reestruturado. &#8220;\u00c9 mais um espa\u00e7o, assim como tantos outros, que foi pensado com carinho pela Prefeitura. Os nossos idosos foram os que mais sofreram nesta pandemia, pois foram os primeiros a pararar e os \u00faltimos a retornar. Todos n\u00f3s est\u00e1vamos ansiosos para voltar, mas a prioridade \u00e9 a seguran\u00e7a. E hoje estamos aqui em um local bonito, seguro e de f\u00e1cil acesso&#8221;, considerou.<br>Sebasti\u00e3o Gon\u00e7alves da Silva faz parte do Dati h\u00e1 14 anos, frequentando a unidade do Bairro Planaltina e o grupo de dan\u00e7as tradicionalistas Heran\u00e7a da Tradi\u00e7\u00e3o. No evento de entrega da sede da coordenadoria, ele dan\u00e7ou e fez uma capela da can\u00e7\u00e3o Vozes Rurais, de Jo\u00e3o de Almeida Neto. &#8220;Aproveito todas as oportunidades. Foi muito dif\u00edcil ficar sem me movimentar na pandemia. Parados, todos n\u00f3s adoecemos. Estamos voltando agora em um ambiente muito bacana, que d\u00e1 mais \u00e2nimo. Que as pessoas venham para c\u00e1 e sejam felizes como eu&#8221;, disse.<br>O vice-prefeito de Passo Fundo, Jo\u00e3o Pedro Nunes, salientou o trabalho do governo municipal para ampliar o cuidado a todas as pessoas. &#8220;Os idosos merecem e t\u00eam um olhar sens\u00edvel da gest\u00e3o, que trabalha para construir pol\u00edticas p\u00fablicas que ofere\u00e7am mais qualidade de vida e sa\u00fade&#8221;, enfatizou.<\/p>\n","protected":false},"excerpt":{"rendered":"<p>Espa\u00e7o, que fica no centro, sediar\u00e1 as mais de 20 oficinas desenvolvidas pela coordenadoria<\/p>\n","protected":false},"author":6,"featured_media":1953,"comment_status":"closed","ping_status":"closed","sticky":true,"template":"","format":"standard","meta":{"footnotes":""},"categories":[1],"tags":[],"class_list":["post-1952","post","type-post","status-publish","format-standard","has-post-thumbnail","hentry","category-sem-categoria"],"yoast_head":"<!-- This site is optimized with the Yoast SEO plugin v23.8 - https:\/\/yoast.com\/wordpress\/plugins\/seo\/ -->\n<title>Prefeitura entrega nova sede para a Coordenadoria do Idoso - Secretaria de Administra\u00e7\u00e3o | Prefeitura de Passo Fundo<\/title>\n<meta name=\"robots\" content=\"index, follow, max-snippet:-1, max-image-preview:large, max-video-preview:-1\" \/>\n<link rel=\"canonical\" href=\"https:\/\/www.pmpf.rs.gov.br\/secretaria-de-administracao\/2022\/05\/prefeitura-entrega-nova-sede-para-a-coordenadoria-do-idoso\/\" \/>\n<meta property=\"og:locale\" content=\"pt_BR\" \/>\n<meta property=\"og:type\" content=\"article\" \/>\n<meta property=\"og:title\" content=\"Prefeitura entrega nova sede para a Coordenadoria do Idoso - Secretaria de Administra\u00e7\u00e3o | Prefeitura de Passo Fundo\" \/>\n<meta property=\"og:description\" content=\"Espa\u00e7o, que fica no centro, sediar\u00e1 as mais de 20 oficinas desenvolvidas pela coordenadoria\" \/>\n<meta property=\"og:url\" content=\"https:\/\/www.pmpf.rs.gov.br\/secretaria-de-administracao\/2022\/05\/prefeitura-entrega-nova-sede-para-a-coordenadoria-do-idoso\/\" \/>\n<meta property=\"og:site_name\" content=\"Secretaria de Administra\u00e7\u00e3o\" \/>\n<meta property=\"article:published_time\" content=\"2022-05-11T14:21:54+00:00\" \/>\n<meta name=\"author\" content=\"andressazorzetto07\" \/>\n<meta name=\"twitter:card\" content=\"summary_large_image\" \/>\n<meta name=\"twitter:label1\" content=\"Escrito por\" \/>\n\t<meta name=\"twitter:data1\" content=\"andressazorzetto07\" \/>\n\t<meta name=\"twitter:label2\" content=\"Est. tempo de leitura\" \/>\n\t<meta name=\"twitter:data2\" content=\"2 minutos\" \/>\n<script type=\"application\/ld+json\" class=\"yoast-schema-graph\">{\"@context\":\"https:\/\/schema.org\",\"@graph\":[{\"@type\":\"WebPage\",\"@id\":\"https:\/\/www.pmpf.rs.gov.br\/secretaria-de-administracao\/2022\/05\/prefeitura-entrega-nova-sede-para-a-coordenadoria-do-idoso\/\",\"url\":\"https:\/\/www.pmpf.rs.gov.br\/secretaria-de-administracao\/2022\/05\/prefeitura-entrega-nova-sede-para-a-coordenadoria-do-idoso\/\",\"name\":\"Prefeitura entrega nova sede para a Coordenadoria do Idoso - Secretaria de Administra\u00e7\u00e3o | Prefeitura de Passo Fundo\",\"isPartOf\":{\"@id\":\"https:\/\/www.pmpf.rs.gov.br\/secretaria-de-administracao\/#website\"},\"primaryImageOfPage\":{\"@id\":\"https:\/\/www.pmpf.rs.gov.br\/secretaria-de-administracao\/2022\/05\/prefeitura-entrega-nova-sede-para-a-coordenadoria-do-idoso\/#primaryimage\"},\"image\":{\"@id\":\"https:\/\/www.pmpf.rs.gov.br\/secretaria-de-administracao\/2022\/05\/prefeitura-entrega-nova-sede-para-a-coordenadoria-do-idoso\/#primaryimage\"},\"thumbnailUrl\":\"https:\/\/www.pmpf.rs.gov.br\/secretaria-de-administracao\/wp-content\/uploads\/sites\/4\/2022\/05\/coordenadoria-do-idoso.jpg\",\"datePublished\":\"2022-05-11T14:21:54+00:00\",\"dateModified\":\"2022-05-11T14:21:54+00:00\",\"author\":{\"@id\":\"https:\/\/www.pmpf.rs.gov.br\/secretaria-de-administracao\/#\/schema\/person\/30ee1d1bd74da1469b01fcf086e43351\"},\"inLanguage\":\"pt-BR\",\"potentialAction\":[{\"@type\":\"ReadAction\",\"target\":[\"https:\/\/www.pmpf.rs.gov.br\/secretaria-de-administracao\/2022\/05\/prefeitura-entrega-nova-sede-para-a-coordenadoria-do-idoso\/\"]}]},{\"@type\":\"ImageObject\",\"inLanguage\":\"pt-BR\",\"@id\":\"https:\/\/www.pmpf.rs.gov.br\/secretaria-de-administracao\/2022\/05\/prefeitura-entrega-nova-sede-para-a-coordenadoria-do-idoso\/#primaryimage\",\"url\":\"https:\/\/www.pmpf.rs.gov.br\/secretaria-de-administracao\/wp-content\/uploads\/sites\/4\/2022\/05\/coordenadoria-do-idoso.jpg\",\"contentUrl\":\"https:\/\/www.pmpf.rs.gov.br\/secretaria-de-administracao\/wp-content\/uploads\/sites\/4\/2022\/05\/coordenadoria-do-idoso.jpg\",\"width\":1600,\"height\":1066},{\"@type\":\"WebSite\",\"@id\":\"https:\/\/www.pmpf.rs.gov.br\/secretaria-de-administracao\/#website\",\"url\":\"https:\/\/www.pmpf.rs.gov.br\/secretaria-de-administracao\/\",\"name\":\"Secretaria de Administra\u00e7\u00e3o\",\"description\":\"S\u00f3 mais um site Prefeitura Municipal de Passo Fundo Sites\",\"potentialAction\":[{\"@type\":\"SearchAction\",\"target\":{\"@type\":\"EntryPoint\",\"urlTemplate\":\"https:\/\/www.pmpf.rs.gov.br\/secretaria-de-administracao\/?s={search_term_string}\"},\"query-input\":{\"@type\":\"PropertyValueSpecification\",\"valueRequired\":true,\"valueName\":\"search_term_string\"}}],\"inLanguage\":\"pt-BR\"},{\"@type\":\"Person\",\"@id\":\"https:\/\/www.pmpf.rs.gov.br\/secretaria-de-administracao\/#\/schema\/person\/30ee1d1bd74da1469b01fcf086e43351\",\"name\":\"andressazorzetto07\",\"image\":{\"@type\":\"ImageObject\",\"inLanguage\":\"pt-BR\",\"@id\":\"https:\/\/www.pmpf.rs.gov.br\/secretaria-de-administracao\/#\/schema\/person\/image\/\",\"url\":\"https:\/\/secure.gravatar.com\/avatar\/14c5458ed79dc81da99a13b9ff5f9f19?s=96&d=mm&r=g\",\"contentUrl\":\"https:\/\/secure.gravatar.com\/avatar\/14c5458ed79dc81da99a13b9ff5f9f19?s=96&d=mm&r=g\",\"caption\":\"andressazorzetto07\"},\"url\":\"https:\/\/www.pmpf.rs.gov.br\/secretaria-de-administracao\/author\/andressazorzetto07\/\"}]}<\/script>\n<!-- \/ Yoast SEO plugin. -->","yoast_head_json":{"title":"Prefeitura entrega nova sede para a Coordenadoria do Idoso - Secretaria de Administra\u00e7\u00e3o | Prefeitura de Passo Fundo","robots":{"index":"index","follow":"follow","max-snippet":"max-snippet:-1","max-image-preview":"max-image-preview:large","max-video-preview":"max-video-preview:-1"},"canonical":"https:\/\/www.pmpf.rs.gov.br\/secretaria-de-administracao\/2022\/05\/prefeitura-entrega-nova-sede-para-a-coordenadoria-do-idoso\/","og_locale":"pt_BR","og_type":"article","og_title":"Prefeitura entrega nova sede para a Coordenadoria do Idoso - Secretaria de Administra\u00e7\u00e3o | Prefeitura de Passo Fundo","og_description":"Espa\u00e7o, que fica no centro, sediar\u00e1 as mais de 20 oficinas desenvolvidas pela coordenadoria","og_url":"https:\/\/www.pmpf.rs.gov.br\/secretaria-de-administracao\/2022\/05\/prefeitura-entrega-nova-sede-para-a-coordenadoria-do-idoso\/","og_site_name":"Secretaria de Administra\u00e7\u00e3o","article_published_time":"2022-05-11T14:21:54+00:00","author":"andressazorzetto07","twitter_card":"summary_large_image","twitter_misc":{"Escrito por":"andressazorzetto07","Est. tempo de leitura":"2 minutos"},"schema":{"@context":"https:\/\/schema.org","@graph":[{"@type":"WebPage","@id":"https:\/\/www.pmpf.rs.gov.br\/secretaria-de-administracao\/2022\/05\/prefeitura-entrega-nova-sede-para-a-coordenadoria-do-idoso\/","url":"https:\/\/www.pmpf.rs.gov.br\/secretaria-de-administracao\/2022\/05\/prefeitura-entrega-nova-sede-para-a-coordenadoria-do-idoso\/","name":"Prefeitura entrega nova sede para a Coordenadoria do Idoso - Secretaria de Administra\u00e7\u00e3o | Prefeitura de Passo Fundo","isPartOf":{"@id":"https:\/\/www.pmpf.rs.gov.br\/secretaria-de-administracao\/#website"},"primaryImageOfPage":{"@id":"https:\/\/www.pmpf.rs.gov.br\/secretaria-de-administracao\/2022\/05\/prefeitura-entrega-nova-sede-para-a-coordenadoria-do-idoso\/#primaryimage"},"image":{"@id":"https:\/\/www.pmpf.rs.gov.br\/secretaria-de-administracao\/2022\/05\/prefeitura-entrega-nova-sede-para-a-coordenadoria-do-idoso\/#primaryimage"},"thumbnailUrl":"https:\/\/www.pmpf.rs.gov.br\/secretaria-de-administracao\/wp-content\/uploads\/sites\/4\/2022\/05\/coordenadoria-do-idoso.jpg","datePublished":"2022-05-11T14:21:54+00:00","dateModified":"2022-05-11T14:21:54+00:00","author":{"@id":"https:\/\/www.pmpf.rs.gov.br\/secretaria-de-administracao\/#\/schema\/person\/30ee1d1bd74da1469b01fcf086e43351"},"inLanguage":"pt-BR","potentialAction":[{"@type":"ReadAction","target":["https:\/\/www.pmpf.rs.gov.br\/secretaria-de-administracao\/2022\/05\/prefeitura-entrega-nova-sede-para-a-coordenadoria-do-idoso\/"]}]},{"@type":"ImageObject","inLanguage":"pt-BR","@id":"https:\/\/www.pmpf.rs.gov.br\/secretaria-de-administracao\/2022\/05\/prefeitura-entrega-nova-sede-para-a-coordenadoria-do-idoso\/#primaryimage","url":"https:\/\/www.pmpf.rs.gov.br\/secretaria-de-administracao\/wp-content\/uploads\/sites\/4\/2022\/05\/coordenadoria-do-idoso.jpg","contentUrl":"https:\/\/www.pmpf.rs.gov.br\/secretaria-de-administracao\/wp-content\/uploads\/sites\/4\/2022\/05\/coordenadoria-do-idoso.jpg","width":1600,"height":1066},{"@type":"WebSite","@id":"https:\/\/www.pmpf.rs.gov.br\/secretaria-de-administracao\/#website","url":"https:\/\/www.pmpf.rs.gov.br\/secretaria-de-administracao\/","name":"Secretaria de Administra\u00e7\u00e3o","description":"S\u00f3 mais um site Prefeitura Municipal de Passo Fundo Sites","potentialAction":[{"@type":"SearchAction","target":{"@type":"EntryPoint","urlTemplate":"https:\/\/www.pmpf.rs.gov.br\/secretaria-de-administracao\/?s={search_term_string}"},"query-input":{"@type":"PropertyValueSpecification","valueRequired":true,"valueName":"search_term_string"}}],"inLanguage":"pt-BR"},{"@type":"Person","@id":"https:\/\/www.pmpf.rs.gov.br\/secretaria-de-administracao\/#\/schema\/person\/30ee1d1bd74da1469b01fcf086e43351","name":"andressazorzetto07","image":{"@type":"ImageObject","inLanguage":"pt-BR","@id":"https:\/\/www.pmpf.rs.gov.br\/secretaria-de-administracao\/#\/schema\/person\/image\/","url":"https:\/\/secure.gravatar.com\/avatar\/14c5458ed79dc81da99a13b9ff5f9f19?s=96&d=mm&r=g","contentUrl":"https:\/\/secure.gravatar.com\/avatar\/14c5458ed79dc81da99a13b9ff5f9f19?s=96&d=mm&r=g","caption":"andressazorzetto07"},"url":"https:\/\/www.pmpf.rs.gov.br\/secretaria-de-administracao\/author\/andressazorzetto07\/"}]}},"_links":{"self":[{"href":"https:\/\/www.pmpf.rs.gov.br\/secretaria-de-administracao\/wp-json\/wp\/v2\/posts\/1952"}],"collection":[{"href":"https:\/\/www.pmpf.rs.gov.br\/secretaria-de-administracao\/wp-json\/wp\/v2\/posts"}],"about":[{"href":"https:\/\/www.pmpf.rs.gov.br\/secretaria-de-administracao\/wp-json\/wp\/v2\/types\/post"}],"author":[{"embeddable":true,"href":"https:\/\/www.pmpf.rs.gov.br\/secretaria-de-administracao\/wp-json\/wp\/v2\/users\/6"}],"replies":[{"embeddable":true,"href":"https:\/\/www.pmpf.rs.gov.br\/secretaria-de-administracao\/wp-json\/wp\/v2\/comments?post=1952"}],"version-history":[{"count":1,"href":"https:\/\/www.pmpf.rs.gov.br\/secretaria-de-administracao\/wp-json\/wp\/v2\/posts\/1952\/revisions"}],"predecessor-version":[{"id":1954,"href":"https:\/\/www.pmpf.rs.gov.br\/secretaria-de-administracao\/wp-json\/wp\/v2\/posts\/1952\/revisions\/1954"}],"wp:featuredmedia":[{"embeddable":true,"href":"https:\/\/www.pmpf.rs.gov.br\/secretaria-de-administracao\/wp-json\/wp\/v2\/media\/1953"}],"wp:attachment":[{"href":"https:\/\/www.pmpf.rs.gov.br\/secretaria-de-administracao\/wp-json\/wp\/v2\/media?parent=1952"}],"wp:term":[{"taxonomy":"category","embeddable":true,"href":"https:\/\/www.pmpf.rs.gov.br\/secretaria-de-administracao\/wp-json\/wp\/v2\/categories?post=1952"},{"taxonomy":"post_tag","embeddable":true,"href":"https:\/\/www.pmpf.rs.gov.br\/secretaria-de-administracao\/wp-json\/wp\/v2\/tags?post=1952"}],"curies":[{"name":"wp","href":"https:\/\/api.w.org\/{rel}","templated":true}]}}