{"id":1950,"date":"2022-05-10T16:51:39","date_gmt":"2022-05-10T19:51:39","guid":{"rendered":"https:\/\/www.pmpf.rs.gov.br\/secretaria-de-administracao\/?p=1950"},"modified":"2022-05-10T16:51:40","modified_gmt":"2022-05-10T19:51:40","slug":"prefeitura-cobra-treinamento-de-funcionarios-para-empresa-terceirizada-que-atua-na-saude","status":"publish","type":"post","link":"https:\/\/www.pmpf.rs.gov.br\/secretaria-de-administracao\/2022\/05\/prefeitura-cobra-treinamento-de-funcionarios-para-empresa-terceirizada-que-atua-na-saude\/","title":{"rendered":"Prefeitura cobra treinamento de funcion\u00e1rios para empresa terceirizada que atua na sa\u00fade"},"content":{"rendered":"\n<p><br><br>Em uma terceira rodada de encontros sobre a qualifica\u00e7\u00e3o do atendimento em sa\u00fade p\u00fablica prestado nas Unidades B\u00e1sicas de Sa\u00fade (UBS) e nos CAIS do Munic\u00edpio, o prefeito de Passo Fundo, Pedro Almeida, recebeu, na tarde desta ter\u00e7a-feira (10), os diretores da Resiplan, empresa que presta servi\u00e7os gerais terceirizados para a Prefeitura, para cobrar a realiza\u00e7\u00e3o de treinamentos para os trabalhadores que atuam na estrutura da rede municipal de sa\u00fade. \u201cReunimos os m\u00e9dicos pediatras para falar sobre o assunto, depois dialogamos com os hospitais e com o Minist\u00e9rio P\u00fablico e, agora, apresentamos \u00e0 empresa prestadora de servi\u00e7os quais s\u00e3o as nossas demandas principais quando o tema \u00e9 a melhora no atendimento da popula\u00e7\u00e3o\u201d, explicou Pedro.<\/p>\n\n\n\n<p>De acordo com o prefeito, a Secretaria Municipal de Sa\u00fade tem sido orientada a promover cursos peri\u00f3dicos para a capacita\u00e7\u00e3o dos profissionais que atuam nas UBS e nos CAIS, garantindo o acolhimento humanizado dos passo-fundenses. \u201cEstamos refor\u00e7ando que a empresa que contrata os porteiros e recepcionistas tamb\u00e9m promova essa qualifica\u00e7\u00e3o, assegurando um melhor atendimento a quem procura nossas Unidades de Sa\u00fade\u201d, defendeu Pedro, observando que o aumento da demanda por consultas m\u00e9dicas em toda a rede \u00e9 um reflexo deste per\u00edodo p\u00f3s-pandemia. \u201cAs pessoas est\u00e3o mais sens\u00edveis e procurando por atendimentos que estiveram represados durante os dois \u00faltimos anos. \u00c9 preciso que os profissionais compreendam tamb\u00e9m este momento\u201d.<\/p>\n\n\n\n<p>A secret\u00e1ria de Sa\u00fade, Cristine Pilati, reiterou a urg\u00eancia de a empresa construir a\u00e7\u00f5es de aperfei\u00e7oamento para os profissionais recepcionistas e porteiros que comp\u00f5em o quadro de trabalhadores terceirizados. \u201cEles precisam estar comprometidos com a fun\u00e7\u00e3o, entendendo os fluxos da sa\u00fade e auxiliando a popula\u00e7\u00e3o em suas demandas\u201d, argumentou.<\/p>\n\n\n\n<p>Os representantes da empresa afirmaram que a prestadora de servi\u00e7o j\u00e1 possui um programa de capacita\u00e7\u00e3o de atendimento p\u00fablico estruturado para apresentar ao Munic\u00edpio e que \u00e9 de seu interesse qualificar os trabalhadores que atuam em todas as \u00e1reas da municipalidade, especialmente na sa\u00fade. Conforme eles, dois modelos de treinamento ser\u00e3o executados, um objetivando a integra\u00e7\u00e3o de novos funcion\u00e1rios e outro de atualiza\u00e7\u00e3o para os que j\u00e1 est\u00e3o inseridos.<\/p>\n\n\n\n<p>Para o prefeito, a reuni\u00e3o foi positiva. \u201cA empresa se comprometeu a executar estes treinamentos e, periodicamente, faremos avalia\u00e7\u00f5es para medir a efetividade destas iniciativas\u201d, resumiu Pedro.<\/p>\n","protected":false},"excerpt":{"rendered":"<p>Em reuni\u00e3o com os diretores da prestadora de servi\u00e7os, prefeito destacou a import\u00e2ncia de qualificar e humanizar as fun\u00e7\u00f5es exercidas pelos trabalhadores terceirizados que atuam nas UBS e nos CAIS<\/p>\n","protected":false},"author":6,"featured_media":0,"comment_status":"closed","ping_status":"closed","sticky":true,"template":"","format":"standard","meta":{"footnotes":""},"categories":[1],"tags":[],"class_list":["post-1950","post","type-post","status-publish","format-standard","hentry","category-sem-categoria"],"yoast_head":"<!-- This site is optimized with the Yoast SEO plugin v23.8 - https:\/\/yoast.com\/wordpress\/plugins\/seo\/ -->\n<title>Prefeitura cobra treinamento de funcion\u00e1rios para empresa terceirizada que atua na sa\u00fade - Secretaria de Administra\u00e7\u00e3o | Prefeitura de Passo Fundo<\/title>\n<meta name=\"robots\" content=\"index, follow, max-snippet:-1, max-image-preview:large, max-video-preview:-1\" \/>\n<link rel=\"canonical\" href=\"https:\/\/www.pmpf.rs.gov.br\/secretaria-de-administracao\/2022\/05\/prefeitura-cobra-treinamento-de-funcionarios-para-empresa-terceirizada-que-atua-na-saude\/\" \/>\n<meta property=\"og:locale\" content=\"pt_BR\" \/>\n<meta property=\"og:type\" content=\"article\" \/>\n<meta property=\"og:title\" content=\"Prefeitura cobra treinamento de funcion\u00e1rios para empresa terceirizada que atua na sa\u00fade - Secretaria de Administra\u00e7\u00e3o | Prefeitura de Passo Fundo\" \/>\n<meta property=\"og:description\" content=\"Em reuni\u00e3o com os diretores da prestadora de servi\u00e7os, prefeito destacou a import\u00e2ncia de qualificar e humanizar as fun\u00e7\u00f5es exercidas pelos trabalhadores terceirizados que atuam nas UBS e nos CAIS\" \/>\n<meta property=\"og:url\" content=\"https:\/\/www.pmpf.rs.gov.br\/secretaria-de-administracao\/2022\/05\/prefeitura-cobra-treinamento-de-funcionarios-para-empresa-terceirizada-que-atua-na-saude\/\" \/>\n<meta property=\"og:site_name\" content=\"Secretaria de Administra\u00e7\u00e3o\" \/>\n<meta property=\"article:published_time\" content=\"2022-05-10T19:51:39+00:00\" \/>\n<meta property=\"article:modified_time\" content=\"2022-05-10T19:51:40+00:00\" \/>\n<meta name=\"author\" content=\"andressazorzetto07\" \/>\n<meta name=\"twitter:card\" content=\"summary_large_image\" \/>\n<meta name=\"twitter:label1\" content=\"Escrito por\" \/>\n\t<meta name=\"twitter:data1\" content=\"andressazorzetto07\" \/>\n\t<meta name=\"twitter:label2\" content=\"Est. tempo de leitura\" \/>\n\t<meta name=\"twitter:data2\" content=\"2 minutos\" \/>\n<script type=\"application\/ld+json\" class=\"yoast-schema-graph\">{\"@context\":\"https:\/\/schema.org\",\"@graph\":[{\"@type\":\"WebPage\",\"@id\":\"https:\/\/www.pmpf.rs.gov.br\/secretaria-de-administracao\/2022\/05\/prefeitura-cobra-treinamento-de-funcionarios-para-empresa-terceirizada-que-atua-na-saude\/\",\"url\":\"https:\/\/www.pmpf.rs.gov.br\/secretaria-de-administracao\/2022\/05\/prefeitura-cobra-treinamento-de-funcionarios-para-empresa-terceirizada-que-atua-na-saude\/\",\"name\":\"Prefeitura cobra treinamento de funcion\u00e1rios para empresa terceirizada que atua na sa\u00fade - Secretaria de Administra\u00e7\u00e3o | Prefeitura de Passo Fundo\",\"isPartOf\":{\"@id\":\"https:\/\/www.pmpf.rs.gov.br\/secretaria-de-administracao\/#website\"},\"datePublished\":\"2022-05-10T19:51:39+00:00\",\"dateModified\":\"2022-05-10T19:51:40+00:00\",\"author\":{\"@id\":\"https:\/\/www.pmpf.rs.gov.br\/secretaria-de-administracao\/#\/schema\/person\/30ee1d1bd74da1469b01fcf086e43351\"},\"inLanguage\":\"pt-BR\",\"potentialAction\":[{\"@type\":\"ReadAction\",\"target\":[\"https:\/\/www.pmpf.rs.gov.br\/secretaria-de-administracao\/2022\/05\/prefeitura-cobra-treinamento-de-funcionarios-para-empresa-terceirizada-que-atua-na-saude\/\"]}]},{\"@type\":\"WebSite\",\"@id\":\"https:\/\/www.pmpf.rs.gov.br\/secretaria-de-administracao\/#website\",\"url\":\"https:\/\/www.pmpf.rs.gov.br\/secretaria-de-administracao\/\",\"name\":\"Secretaria de Administra\u00e7\u00e3o\",\"description\":\"S\u00f3 mais um site Prefeitura Municipal de Passo Fundo Sites\",\"potentialAction\":[{\"@type\":\"SearchAction\",\"target\":{\"@type\":\"EntryPoint\",\"urlTemplate\":\"https:\/\/www.pmpf.rs.gov.br\/secretaria-de-administracao\/?s={search_term_string}\"},\"query-input\":{\"@type\":\"PropertyValueSpecification\",\"valueRequired\":true,\"valueName\":\"search_term_string\"}}],\"inLanguage\":\"pt-BR\"},{\"@type\":\"Person\",\"@id\":\"https:\/\/www.pmpf.rs.gov.br\/secretaria-de-administracao\/#\/schema\/person\/30ee1d1bd74da1469b01fcf086e43351\",\"name\":\"andressazorzetto07\",\"image\":{\"@type\":\"ImageObject\",\"inLanguage\":\"pt-BR\",\"@id\":\"https:\/\/www.pmpf.rs.gov.br\/secretaria-de-administracao\/#\/schema\/person\/image\/\",\"url\":\"https:\/\/secure.gravatar.com\/avatar\/14c5458ed79dc81da99a13b9ff5f9f19?s=96&d=mm&r=g\",\"contentUrl\":\"https:\/\/secure.gravatar.com\/avatar\/14c5458ed79dc81da99a13b9ff5f9f19?s=96&d=mm&r=g\",\"caption\":\"andressazorzetto07\"},\"url\":\"https:\/\/www.pmpf.rs.gov.br\/secretaria-de-administracao\/author\/andressazorzetto07\/\"}]}<\/script>\n<!-- \/ Yoast SEO plugin. -->","yoast_head_json":{"title":"Prefeitura cobra treinamento de funcion\u00e1rios para empresa terceirizada que atua na sa\u00fade - Secretaria de Administra\u00e7\u00e3o | Prefeitura de Passo Fundo","robots":{"index":"index","follow":"follow","max-snippet":"max-snippet:-1","max-image-preview":"max-image-preview:large","max-video-preview":"max-video-preview:-1"},"canonical":"https:\/\/www.pmpf.rs.gov.br\/secretaria-de-administracao\/2022\/05\/prefeitura-cobra-treinamento-de-funcionarios-para-empresa-terceirizada-que-atua-na-saude\/","og_locale":"pt_BR","og_type":"article","og_title":"Prefeitura cobra treinamento de funcion\u00e1rios para empresa terceirizada que atua na sa\u00fade - Secretaria de Administra\u00e7\u00e3o | Prefeitura de Passo Fundo","og_description":"Em reuni\u00e3o com os diretores da prestadora de servi\u00e7os, prefeito destacou a import\u00e2ncia de qualificar e humanizar as fun\u00e7\u00f5es exercidas pelos trabalhadores terceirizados que atuam nas UBS e nos CAIS","og_url":"https:\/\/www.pmpf.rs.gov.br\/secretaria-de-administracao\/2022\/05\/prefeitura-cobra-treinamento-de-funcionarios-para-empresa-terceirizada-que-atua-na-saude\/","og_site_name":"Secretaria de Administra\u00e7\u00e3o","article_published_time":"2022-05-10T19:51:39+00:00","article_modified_time":"2022-05-10T19:51:40+00:00","author":"andressazorzetto07","twitter_card":"summary_large_image","twitter_misc":{"Escrito por":"andressazorzetto07","Est. tempo de leitura":"2 minutos"},"schema":{"@context":"https:\/\/schema.org","@graph":[{"@type":"WebPage","@id":"https:\/\/www.pmpf.rs.gov.br\/secretaria-de-administracao\/2022\/05\/prefeitura-cobra-treinamento-de-funcionarios-para-empresa-terceirizada-que-atua-na-saude\/","url":"https:\/\/www.pmpf.rs.gov.br\/secretaria-de-administracao\/2022\/05\/prefeitura-cobra-treinamento-de-funcionarios-para-empresa-terceirizada-que-atua-na-saude\/","name":"Prefeitura cobra treinamento de funcion\u00e1rios para empresa terceirizada que atua na sa\u00fade - Secretaria de Administra\u00e7\u00e3o | Prefeitura de Passo Fundo","isPartOf":{"@id":"https:\/\/www.pmpf.rs.gov.br\/secretaria-de-administracao\/#website"},"datePublished":"2022-05-10T19:51:39+00:00","dateModified":"2022-05-10T19:51:40+00:00","author":{"@id":"https:\/\/www.pmpf.rs.gov.br\/secretaria-de-administracao\/#\/schema\/person\/30ee1d1bd74da1469b01fcf086e43351"},"inLanguage":"pt-BR","potentialAction":[{"@type":"ReadAction","target":["https:\/\/www.pmpf.rs.gov.br\/secretaria-de-administracao\/2022\/05\/prefeitura-cobra-treinamento-de-funcionarios-para-empresa-terceirizada-que-atua-na-saude\/"]}]},{"@type":"WebSite","@id":"https:\/\/www.pmpf.rs.gov.br\/secretaria-de-administracao\/#website","url":"https:\/\/www.pmpf.rs.gov.br\/secretaria-de-administracao\/","name":"Secretaria de Administra\u00e7\u00e3o","description":"S\u00f3 mais um site Prefeitura Municipal de Passo Fundo Sites","potentialAction":[{"@type":"SearchAction","target":{"@type":"EntryPoint","urlTemplate":"https:\/\/www.pmpf.rs.gov.br\/secretaria-de-administracao\/?s={search_term_string}"},"query-input":{"@type":"PropertyValueSpecification","valueRequired":true,"valueName":"search_term_string"}}],"inLanguage":"pt-BR"},{"@type":"Person","@id":"https:\/\/www.pmpf.rs.gov.br\/secretaria-de-administracao\/#\/schema\/person\/30ee1d1bd74da1469b01fcf086e43351","name":"andressazorzetto07","image":{"@type":"ImageObject","inLanguage":"pt-BR","@id":"https:\/\/www.pmpf.rs.gov.br\/secretaria-de-administracao\/#\/schema\/person\/image\/","url":"https:\/\/secure.gravatar.com\/avatar\/14c5458ed79dc81da99a13b9ff5f9f19?s=96&d=mm&r=g","contentUrl":"https:\/\/secure.gravatar.com\/avatar\/14c5458ed79dc81da99a13b9ff5f9f19?s=96&d=mm&r=g","caption":"andressazorzetto07"},"url":"https:\/\/www.pmpf.rs.gov.br\/secretaria-de-administracao\/author\/andressazorzetto07\/"}]}},"_links":{"self":[{"href":"https:\/\/www.pmpf.rs.gov.br\/secretaria-de-administracao\/wp-json\/wp\/v2\/posts\/1950"}],"collection":[{"href":"https:\/\/www.pmpf.rs.gov.br\/secretaria-de-administracao\/wp-json\/wp\/v2\/posts"}],"about":[{"href":"https:\/\/www.pmpf.rs.gov.br\/secretaria-de-administracao\/wp-json\/wp\/v2\/types\/post"}],"author":[{"embeddable":true,"href":"https:\/\/www.pmpf.rs.gov.br\/secretaria-de-administracao\/wp-json\/wp\/v2\/users\/6"}],"replies":[{"embeddable":true,"href":"https:\/\/www.pmpf.rs.gov.br\/secretaria-de-administracao\/wp-json\/wp\/v2\/comments?post=1950"}],"version-history":[{"count":1,"href":"https:\/\/www.pmpf.rs.gov.br\/secretaria-de-administracao\/wp-json\/wp\/v2\/posts\/1950\/revisions"}],"predecessor-version":[{"id":1951,"href":"https:\/\/www.pmpf.rs.gov.br\/secretaria-de-administracao\/wp-json\/wp\/v2\/posts\/1950\/revisions\/1951"}],"wp:attachment":[{"href":"https:\/\/www.pmpf.rs.gov.br\/secretaria-de-administracao\/wp-json\/wp\/v2\/media?parent=1950"}],"wp:term":[{"taxonomy":"category","embeddable":true,"href":"https:\/\/www.pmpf.rs.gov.br\/secretaria-de-administracao\/wp-json\/wp\/v2\/categories?post=1950"},{"taxonomy":"post_tag","embeddable":true,"href":"https:\/\/www.pmpf.rs.gov.br\/secretaria-de-administracao\/wp-json\/wp\/v2\/tags?post=1950"}],"curies":[{"name":"wp","href":"https:\/\/api.w.org\/{rel}","templated":true}]}}