{"id":1938,"date":"2022-04-27T15:36:32","date_gmt":"2022-04-27T18:36:32","guid":{"rendered":"https:\/\/www.pmpf.rs.gov.br\/secretaria-de-administracao\/?p=1938"},"modified":"2022-04-27T15:36:33","modified_gmt":"2022-04-27T18:36:33","slug":"prefeito-pedro-destaca-acoes-do-programa-acelera-passo-fundo-em-evento-nacional","status":"publish","type":"post","link":"https:\/\/www.pmpf.rs.gov.br\/secretaria-de-administracao\/2022\/04\/prefeito-pedro-destaca-acoes-do-programa-acelera-passo-fundo-em-evento-nacional\/","title":{"rendered":"Prefeito Pedro destaca a\u00e7\u00f5es do programa Acelera Passo Fundo em evento nacional"},"content":{"rendered":"\n<p><\/p>\n\n\n\n<p><\/p>\n\n\n\n<p>Participando dos f\u00f3runs e plen\u00e1rias da Marcha a Bras\u00edlia em Defesa dos Munic\u00edpios desde a segunda-feira (25), o prefeito de Passo Fundo, Pedro Almeida, tem apresentado os programas e as experi\u00eancias de seu Governo para gestores de todo o pa\u00eds. \u201cAl\u00e9m do papel pol\u00edtico, o evento constru\u00eddo pela Confedera\u00e7\u00e3o Nacional dos Munic\u00edpios (CNM) possibilita tamb\u00e9m uma troca interessante de iniciativas que possam promover o desenvolvimento nacional. Estou aproveitando os espa\u00e7os dos debates para refor\u00e7ar o que estamos fazendo em Passo Fundo e como isso tem ampliado os indicadores da gest\u00e3o\u201d, relatou Pedro.<\/p>\n\n\n\n<p>De acordo com o prefeito, os diversos pain\u00e9is concentram dados e informa\u00e7\u00f5es acerca de temas como gera\u00e7\u00e3o de emprego e renda, pol\u00edticas p\u00fablicas e adequa\u00e7\u00f5es \u00e0s legisla\u00e7\u00f5es federais. \u201cNeste sentido, durante a plen\u00e1ria sobre as Cidades Empreendedoras, feita em parceria com o Sebrae na manh\u00e3 desta quarta-feira (27), destaquei o programa Acelera Passo Fundo e os seus desdobramentos, como o Caf\u00e9 com Emprego. \u00c9 importante salientar as medidas econ\u00f4micas que estamos trabalhando para garantir que haja mais emprego e renda para a nossa popula\u00e7\u00e3o\u201d, declarou.<\/p>\n\n\n\n<p>Ainda conforme o chefe do Executivo, a realiza\u00e7\u00e3o de uma atividade voltada para o empreendedorismo em paralelo a um dos maiores encontros nacionais de gestores p\u00fablicos demonstra o quanto \u00e9 fundamental estabelecer parcerias e implementar medidas que acelerem a desburocratiza\u00e7\u00e3o e a inova\u00e7\u00e3o da m\u00e1quina administrativa. \u201cJ\u00e1 conseguimos evoluir uma s\u00e9rie de processos e demandas, reduzindo a burocracia. Mas, \u00e9 indispens\u00e1vel continuarmos avan\u00e7ando nesta \u00e1rea\u201d, refor\u00e7ou Pedro.<\/p>\n\n\n\n<p><strong>Transporte P\u00fablico Coletivo<br><\/strong>Ap\u00f3s os debates acerca dos desafios e perspectivas para as Cidades Empreendedoras, o prefeito acompanhou o f\u00f3rum sobre o Transporte P\u00fablico Coletivo, um dos principais assuntos discutidos pelos prefeitos durante a Marcha. Segundo Pedro, o tema \u00e9 alvo de diversas manifesta\u00e7\u00f5es de lideran\u00e7as pol\u00edticas por representar uma quest\u00e3o central para muitos munic\u00edpios. \u201cO aumento do pre\u00e7o dos insumos tem elevado o valor das passagens em todo o pa\u00eds. Precisamos que o Governo Federal d\u00ea aten\u00e7\u00e3o a isso e promova a cria\u00e7\u00e3o de um subs\u00eddio da Uni\u00e3o que nos ajude a garantir a redu\u00e7\u00e3o do pre\u00e7o da tarifa\u201d, justificou Pedro.<\/p>\n","protected":false},"excerpt":{"rendered":"<p>Ao participar de plen\u00e1ria sobre Cidades Empreendedoras, chefe do Executivo salientou as iniciativas de fomento a gera\u00e7\u00e3o de emprego e renda, como o Caf\u00e9 com Emprego; e a desburocratiza\u00e7\u00e3o dos processos administrativos<\/p>\n","protected":false},"author":6,"featured_media":1939,"comment_status":"closed","ping_status":"closed","sticky":true,"template":"","format":"standard","meta":{"footnotes":""},"categories":[1],"tags":[],"class_list":["post-1938","post","type-post","status-publish","format-standard","has-post-thumbnail","hentry","category-sem-categoria"],"yoast_head":"<!-- This site is optimized with the Yoast SEO plugin v23.8 - https:\/\/yoast.com\/wordpress\/plugins\/seo\/ -->\n<title>Prefeito Pedro destaca a\u00e7\u00f5es do programa Acelera Passo Fundo em evento nacional - Secretaria de Administra\u00e7\u00e3o | Prefeitura de Passo Fundo<\/title>\n<meta name=\"robots\" content=\"index, follow, max-snippet:-1, max-image-preview:large, max-video-preview:-1\" \/>\n<link rel=\"canonical\" href=\"https:\/\/www.pmpf.rs.gov.br\/secretaria-de-administracao\/2022\/04\/prefeito-pedro-destaca-acoes-do-programa-acelera-passo-fundo-em-evento-nacional\/\" \/>\n<meta property=\"og:locale\" content=\"pt_BR\" \/>\n<meta property=\"og:type\" content=\"article\" \/>\n<meta property=\"og:title\" content=\"Prefeito Pedro destaca a\u00e7\u00f5es do programa Acelera Passo Fundo em evento nacional - Secretaria de Administra\u00e7\u00e3o | Prefeitura de Passo Fundo\" \/>\n<meta property=\"og:description\" content=\"Ao participar de plen\u00e1ria sobre Cidades Empreendedoras, chefe do Executivo salientou as iniciativas de fomento a gera\u00e7\u00e3o de emprego e renda, como o Caf\u00e9 com Emprego; e a desburocratiza\u00e7\u00e3o dos processos administrativos\" \/>\n<meta property=\"og:url\" content=\"https:\/\/www.pmpf.rs.gov.br\/secretaria-de-administracao\/2022\/04\/prefeito-pedro-destaca-acoes-do-programa-acelera-passo-fundo-em-evento-nacional\/\" \/>\n<meta property=\"og:site_name\" content=\"Secretaria de Administra\u00e7\u00e3o\" \/>\n<meta property=\"article:published_time\" content=\"2022-04-27T18:36:32+00:00\" \/>\n<meta property=\"article:modified_time\" content=\"2022-04-27T18:36:33+00:00\" \/>\n<meta name=\"author\" content=\"andressazorzetto07\" \/>\n<meta name=\"twitter:card\" content=\"summary_large_image\" \/>\n<meta name=\"twitter:label1\" content=\"Escrito por\" \/>\n\t<meta name=\"twitter:data1\" content=\"andressazorzetto07\" \/>\n\t<meta name=\"twitter:label2\" content=\"Est. tempo de leitura\" \/>\n\t<meta name=\"twitter:data2\" content=\"2 minutos\" \/>\n<script type=\"application\/ld+json\" class=\"yoast-schema-graph\">{\"@context\":\"https:\/\/schema.org\",\"@graph\":[{\"@type\":\"WebPage\",\"@id\":\"https:\/\/www.pmpf.rs.gov.br\/secretaria-de-administracao\/2022\/04\/prefeito-pedro-destaca-acoes-do-programa-acelera-passo-fundo-em-evento-nacional\/\",\"url\":\"https:\/\/www.pmpf.rs.gov.br\/secretaria-de-administracao\/2022\/04\/prefeito-pedro-destaca-acoes-do-programa-acelera-passo-fundo-em-evento-nacional\/\",\"name\":\"Prefeito Pedro destaca a\u00e7\u00f5es do programa Acelera Passo Fundo em evento nacional - Secretaria de Administra\u00e7\u00e3o | Prefeitura de Passo Fundo\",\"isPartOf\":{\"@id\":\"https:\/\/www.pmpf.rs.gov.br\/secretaria-de-administracao\/#website\"},\"primaryImageOfPage\":{\"@id\":\"https:\/\/www.pmpf.rs.gov.br\/secretaria-de-administracao\/2022\/04\/prefeito-pedro-destaca-acoes-do-programa-acelera-passo-fundo-em-evento-nacional\/#primaryimage\"},\"image\":{\"@id\":\"https:\/\/www.pmpf.rs.gov.br\/secretaria-de-administracao\/2022\/04\/prefeito-pedro-destaca-acoes-do-programa-acelera-passo-fundo-em-evento-nacional\/#primaryimage\"},\"thumbnailUrl\":\"https:\/\/www.pmpf.rs.gov.br\/secretaria-de-administracao\/wp-content\/uploads\/sites\/4\/2022\/04\/marcha-acelera.jpg\",\"datePublished\":\"2022-04-27T18:36:32+00:00\",\"dateModified\":\"2022-04-27T18:36:33+00:00\",\"author\":{\"@id\":\"https:\/\/www.pmpf.rs.gov.br\/secretaria-de-administracao\/#\/schema\/person\/30ee1d1bd74da1469b01fcf086e43351\"},\"inLanguage\":\"pt-BR\",\"potentialAction\":[{\"@type\":\"ReadAction\",\"target\":[\"https:\/\/www.pmpf.rs.gov.br\/secretaria-de-administracao\/2022\/04\/prefeito-pedro-destaca-acoes-do-programa-acelera-passo-fundo-em-evento-nacional\/\"]}]},{\"@type\":\"ImageObject\",\"inLanguage\":\"pt-BR\",\"@id\":\"https:\/\/www.pmpf.rs.gov.br\/secretaria-de-administracao\/2022\/04\/prefeito-pedro-destaca-acoes-do-programa-acelera-passo-fundo-em-evento-nacional\/#primaryimage\",\"url\":\"https:\/\/www.pmpf.rs.gov.br\/secretaria-de-administracao\/wp-content\/uploads\/sites\/4\/2022\/04\/marcha-acelera.jpg\",\"contentUrl\":\"https:\/\/www.pmpf.rs.gov.br\/secretaria-de-administracao\/wp-content\/uploads\/sites\/4\/2022\/04\/marcha-acelera.jpg\",\"width\":1200,\"height\":1600},{\"@type\":\"WebSite\",\"@id\":\"https:\/\/www.pmpf.rs.gov.br\/secretaria-de-administracao\/#website\",\"url\":\"https:\/\/www.pmpf.rs.gov.br\/secretaria-de-administracao\/\",\"name\":\"Secretaria de Administra\u00e7\u00e3o\",\"description\":\"S\u00f3 mais um site Prefeitura Municipal de Passo Fundo Sites\",\"potentialAction\":[{\"@type\":\"SearchAction\",\"target\":{\"@type\":\"EntryPoint\",\"urlTemplate\":\"https:\/\/www.pmpf.rs.gov.br\/secretaria-de-administracao\/?s={search_term_string}\"},\"query-input\":{\"@type\":\"PropertyValueSpecification\",\"valueRequired\":true,\"valueName\":\"search_term_string\"}}],\"inLanguage\":\"pt-BR\"},{\"@type\":\"Person\",\"@id\":\"https:\/\/www.pmpf.rs.gov.br\/secretaria-de-administracao\/#\/schema\/person\/30ee1d1bd74da1469b01fcf086e43351\",\"name\":\"andressazorzetto07\",\"image\":{\"@type\":\"ImageObject\",\"inLanguage\":\"pt-BR\",\"@id\":\"https:\/\/www.pmpf.rs.gov.br\/secretaria-de-administracao\/#\/schema\/person\/image\/\",\"url\":\"https:\/\/secure.gravatar.com\/avatar\/14c5458ed79dc81da99a13b9ff5f9f19?s=96&d=mm&r=g\",\"contentUrl\":\"https:\/\/secure.gravatar.com\/avatar\/14c5458ed79dc81da99a13b9ff5f9f19?s=96&d=mm&r=g\",\"caption\":\"andressazorzetto07\"},\"url\":\"https:\/\/www.pmpf.rs.gov.br\/secretaria-de-administracao\/author\/andressazorzetto07\/\"}]}<\/script>\n<!-- \/ Yoast SEO plugin. -->","yoast_head_json":{"title":"Prefeito Pedro destaca a\u00e7\u00f5es do programa Acelera Passo Fundo em evento nacional - Secretaria de Administra\u00e7\u00e3o | Prefeitura de Passo Fundo","robots":{"index":"index","follow":"follow","max-snippet":"max-snippet:-1","max-image-preview":"max-image-preview:large","max-video-preview":"max-video-preview:-1"},"canonical":"https:\/\/www.pmpf.rs.gov.br\/secretaria-de-administracao\/2022\/04\/prefeito-pedro-destaca-acoes-do-programa-acelera-passo-fundo-em-evento-nacional\/","og_locale":"pt_BR","og_type":"article","og_title":"Prefeito Pedro destaca a\u00e7\u00f5es do programa Acelera Passo Fundo em evento nacional - Secretaria de Administra\u00e7\u00e3o | Prefeitura de Passo Fundo","og_description":"Ao participar de plen\u00e1ria sobre Cidades Empreendedoras, chefe do Executivo salientou as iniciativas de fomento a gera\u00e7\u00e3o de emprego e renda, como o Caf\u00e9 com Emprego; e a desburocratiza\u00e7\u00e3o dos processos administrativos","og_url":"https:\/\/www.pmpf.rs.gov.br\/secretaria-de-administracao\/2022\/04\/prefeito-pedro-destaca-acoes-do-programa-acelera-passo-fundo-em-evento-nacional\/","og_site_name":"Secretaria de Administra\u00e7\u00e3o","article_published_time":"2022-04-27T18:36:32+00:00","article_modified_time":"2022-04-27T18:36:33+00:00","author":"andressazorzetto07","twitter_card":"summary_large_image","twitter_misc":{"Escrito por":"andressazorzetto07","Est. tempo de leitura":"2 minutos"},"schema":{"@context":"https:\/\/schema.org","@graph":[{"@type":"WebPage","@id":"https:\/\/www.pmpf.rs.gov.br\/secretaria-de-administracao\/2022\/04\/prefeito-pedro-destaca-acoes-do-programa-acelera-passo-fundo-em-evento-nacional\/","url":"https:\/\/www.pmpf.rs.gov.br\/secretaria-de-administracao\/2022\/04\/prefeito-pedro-destaca-acoes-do-programa-acelera-passo-fundo-em-evento-nacional\/","name":"Prefeito Pedro destaca a\u00e7\u00f5es do programa Acelera Passo Fundo em evento nacional - Secretaria de Administra\u00e7\u00e3o | Prefeitura de Passo Fundo","isPartOf":{"@id":"https:\/\/www.pmpf.rs.gov.br\/secretaria-de-administracao\/#website"},"primaryImageOfPage":{"@id":"https:\/\/www.pmpf.rs.gov.br\/secretaria-de-administracao\/2022\/04\/prefeito-pedro-destaca-acoes-do-programa-acelera-passo-fundo-em-evento-nacional\/#primaryimage"},"image":{"@id":"https:\/\/www.pmpf.rs.gov.br\/secretaria-de-administracao\/2022\/04\/prefeito-pedro-destaca-acoes-do-programa-acelera-passo-fundo-em-evento-nacional\/#primaryimage"},"thumbnailUrl":"https:\/\/www.pmpf.rs.gov.br\/secretaria-de-administracao\/wp-content\/uploads\/sites\/4\/2022\/04\/marcha-acelera.jpg","datePublished":"2022-04-27T18:36:32+00:00","dateModified":"2022-04-27T18:36:33+00:00","author":{"@id":"https:\/\/www.pmpf.rs.gov.br\/secretaria-de-administracao\/#\/schema\/person\/30ee1d1bd74da1469b01fcf086e43351"},"inLanguage":"pt-BR","potentialAction":[{"@type":"ReadAction","target":["https:\/\/www.pmpf.rs.gov.br\/secretaria-de-administracao\/2022\/04\/prefeito-pedro-destaca-acoes-do-programa-acelera-passo-fundo-em-evento-nacional\/"]}]},{"@type":"ImageObject","inLanguage":"pt-BR","@id":"https:\/\/www.pmpf.rs.gov.br\/secretaria-de-administracao\/2022\/04\/prefeito-pedro-destaca-acoes-do-programa-acelera-passo-fundo-em-evento-nacional\/#primaryimage","url":"https:\/\/www.pmpf.rs.gov.br\/secretaria-de-administracao\/wp-content\/uploads\/sites\/4\/2022\/04\/marcha-acelera.jpg","contentUrl":"https:\/\/www.pmpf.rs.gov.br\/secretaria-de-administracao\/wp-content\/uploads\/sites\/4\/2022\/04\/marcha-acelera.jpg","width":1200,"height":1600},{"@type":"WebSite","@id":"https:\/\/www.pmpf.rs.gov.br\/secretaria-de-administracao\/#website","url":"https:\/\/www.pmpf.rs.gov.br\/secretaria-de-administracao\/","name":"Secretaria de Administra\u00e7\u00e3o","description":"S\u00f3 mais um site Prefeitura Municipal de Passo Fundo Sites","potentialAction":[{"@type":"SearchAction","target":{"@type":"EntryPoint","urlTemplate":"https:\/\/www.pmpf.rs.gov.br\/secretaria-de-administracao\/?s={search_term_string}"},"query-input":{"@type":"PropertyValueSpecification","valueRequired":true,"valueName":"search_term_string"}}],"inLanguage":"pt-BR"},{"@type":"Person","@id":"https:\/\/www.pmpf.rs.gov.br\/secretaria-de-administracao\/#\/schema\/person\/30ee1d1bd74da1469b01fcf086e43351","name":"andressazorzetto07","image":{"@type":"ImageObject","inLanguage":"pt-BR","@id":"https:\/\/www.pmpf.rs.gov.br\/secretaria-de-administracao\/#\/schema\/person\/image\/","url":"https:\/\/secure.gravatar.com\/avatar\/14c5458ed79dc81da99a13b9ff5f9f19?s=96&d=mm&r=g","contentUrl":"https:\/\/secure.gravatar.com\/avatar\/14c5458ed79dc81da99a13b9ff5f9f19?s=96&d=mm&r=g","caption":"andressazorzetto07"},"url":"https:\/\/www.pmpf.rs.gov.br\/secretaria-de-administracao\/author\/andressazorzetto07\/"}]}},"_links":{"self":[{"href":"https:\/\/www.pmpf.rs.gov.br\/secretaria-de-administracao\/wp-json\/wp\/v2\/posts\/1938"}],"collection":[{"href":"https:\/\/www.pmpf.rs.gov.br\/secretaria-de-administracao\/wp-json\/wp\/v2\/posts"}],"about":[{"href":"https:\/\/www.pmpf.rs.gov.br\/secretaria-de-administracao\/wp-json\/wp\/v2\/types\/post"}],"author":[{"embeddable":true,"href":"https:\/\/www.pmpf.rs.gov.br\/secretaria-de-administracao\/wp-json\/wp\/v2\/users\/6"}],"replies":[{"embeddable":true,"href":"https:\/\/www.pmpf.rs.gov.br\/secretaria-de-administracao\/wp-json\/wp\/v2\/comments?post=1938"}],"version-history":[{"count":1,"href":"https:\/\/www.pmpf.rs.gov.br\/secretaria-de-administracao\/wp-json\/wp\/v2\/posts\/1938\/revisions"}],"predecessor-version":[{"id":1940,"href":"https:\/\/www.pmpf.rs.gov.br\/secretaria-de-administracao\/wp-json\/wp\/v2\/posts\/1938\/revisions\/1940"}],"wp:featuredmedia":[{"embeddable":true,"href":"https:\/\/www.pmpf.rs.gov.br\/secretaria-de-administracao\/wp-json\/wp\/v2\/media\/1939"}],"wp:attachment":[{"href":"https:\/\/www.pmpf.rs.gov.br\/secretaria-de-administracao\/wp-json\/wp\/v2\/media?parent=1938"}],"wp:term":[{"taxonomy":"category","embeddable":true,"href":"https:\/\/www.pmpf.rs.gov.br\/secretaria-de-administracao\/wp-json\/wp\/v2\/categories?post=1938"},{"taxonomy":"post_tag","embeddable":true,"href":"https:\/\/www.pmpf.rs.gov.br\/secretaria-de-administracao\/wp-json\/wp\/v2\/tags?post=1938"}],"curies":[{"name":"wp","href":"https:\/\/api.w.org\/{rel}","templated":true}]}}