{"id":1933,"date":"2022-04-18T16:05:44","date_gmt":"2022-04-18T19:05:44","guid":{"rendered":"https:\/\/www.pmpf.rs.gov.br\/secretaria-de-administracao\/?p=1933"},"modified":"2022-04-18T16:05:45","modified_gmt":"2022-04-18T19:05:45","slug":"cidades-vencedoras-do-premio-de-empreendedorismo-serao-conhecidas-nesta-terca-feira","status":"publish","type":"post","link":"https:\/\/www.pmpf.rs.gov.br\/secretaria-de-administracao\/2022\/04\/cidades-vencedoras-do-premio-de-empreendedorismo-serao-conhecidas-nesta-terca-feira\/","title":{"rendered":"Cidades vencedoras do pr\u00eamio de empreendedorismo ser\u00e3o conhecidas nesta ter\u00e7a-feira"},"content":{"rendered":"\n<p><\/p>\n\n\n\n<p><\/p>\n\n\n\n<p>Refer\u00eancia em inova\u00e7\u00e3o e moderniza\u00e7\u00e3o das estruturas administrativas do Munic\u00edpio, o programa Acelera Passo Fundo colocou a cidade como finalista do 11\u00ba Pr\u00eamio Sebrae Prefeito Empreendedor, na categoria Cidade Empreendedora. Os vencedores ser\u00e3o conhecidos nesta ter\u00e7a-feira (19), em um evento reunindo lideran\u00e7as pol\u00edticas de todo o Estado, na Assembleia Legislativa do Estado.<\/p>\n\n\n\n<p>Para o prefeito de Passo Fundo, Pedro Almeida, o pr\u00eamio do Sebrae \u00e9 um est\u00edmulo \u00e0s a\u00e7\u00f5es de promo\u00e7\u00e3o da economia, fomentadas pela Prefeitura desde janeiro de 2021 com o lan\u00e7amento do programa \u2018Acelera Passo Fundo\u2019. Segundo ele, o Acelera tornou-se refer\u00eancia em inova\u00e7\u00e3o e moderniza\u00e7\u00e3o das estruturas administrativas no Munic\u00edpio. \u201cTrabalhamos com foco na desburocratiza\u00e7\u00e3o de diversos processos internos, agilizamos a libera\u00e7\u00e3o de obras por meio de mutir\u00f5es, digitalizamos servi\u00e7os p\u00fablicos e estimulamos o empreendedorismo local com atividades como o Caf\u00e9 com Emprego, por exemplo\u201d, citou Pedro.<\/p>\n\n\n\n<p>Ao inscrever as a\u00e7\u00f5es trabalhadas nos 10 eixos do programa Acelera Passo Fundo, a Administra\u00e7\u00e3o buscou refor\u00e7ar a import\u00e2ncia do projeto como vetor do desenvolvimento em um per\u00edodo de recupera\u00e7\u00e3o econ\u00f4mica em decorr\u00eancia dos efeitos provocados pela pandemia do Coronav\u00edrus na economia local. \u201cGerar emprego e renda \u00e9 garantir a retomada da economia. A Prefeitura pode e precisa ser um elo entre quem quer empreender e quem vai se beneficiar desses novos investimentos. Por isso, o Acelera \u00e9 um programa transversal, constru\u00eddo de maneira plural e conectado a toda a estrutura da gest\u00e3o\u201d, reiterou o prefeito.<\/p>\n\n\n\n<p><strong>A\u00e7\u00f5es do programa<br><\/strong>O Acelera Passo Fundo foi o primeiro programa estruturante apresentado pela gest\u00e3o Pedro Almeida, em janeiro de 2021. Alocada na Secretaria de Desenvolvimento Econ\u00f4mico, a iniciativa dialoga com as demais \u00e1reas da Administra\u00e7\u00e3o Municipal, promovendo a\u00e7\u00f5es que tem como objetivo fomentar a retomada da economia, ampliar a gera\u00e7\u00e3o de emprego e renda e incentivar a moderniza\u00e7\u00e3o dos processos administrativos. Para o 11\u00ba Pr\u00eamio Sebrae Prefeito Empreendedor foram descritas 10 a\u00e7\u00f5es e seus resultados. S\u00e3o elas: Mutir\u00f5es de Libera\u00e7\u00e3o de Obras, Alvar\u00e1 Online, Acelera ITBI, Capta\u00e7\u00e3o de Recursos, Obra F\u00e1cil, Juro Zero, Cria\u00e7\u00e3o de Projeto de Lei de Desburocratiza\u00e7\u00e3o, Campo Conectado, Escrit\u00f3rio de Projetos Especiais e o Caf\u00e9 com Emprego.<\/p>\n","protected":false},"excerpt":{"rendered":"<p>Passo Fundo est\u00e1 entre os munic\u00edpios finalistas no pr\u00eamio do Sebrae. Programa \u2018Acelera Passo Fundo\u2019, que fomenta o desenvolvimento econ\u00f4mico, foi pr\u00e9-selecionado na categoria Cidade Empreendedora<\/p>\n","protected":false},"author":6,"featured_media":0,"comment_status":"closed","ping_status":"closed","sticky":true,"template":"","format":"standard","meta":{"footnotes":""},"categories":[1],"tags":[],"class_list":["post-1933","post","type-post","status-publish","format-standard","hentry","category-sem-categoria"],"yoast_head":"<!-- This site is optimized with the Yoast SEO plugin v23.8 - https:\/\/yoast.com\/wordpress\/plugins\/seo\/ -->\n<title>Cidades vencedoras do pr\u00eamio de empreendedorismo ser\u00e3o conhecidas nesta ter\u00e7a-feira - Secretaria de Administra\u00e7\u00e3o | Prefeitura de Passo Fundo<\/title>\n<meta name=\"robots\" content=\"index, follow, max-snippet:-1, max-image-preview:large, max-video-preview:-1\" \/>\n<link rel=\"canonical\" href=\"https:\/\/www.pmpf.rs.gov.br\/secretaria-de-administracao\/2022\/04\/cidades-vencedoras-do-premio-de-empreendedorismo-serao-conhecidas-nesta-terca-feira\/\" \/>\n<meta property=\"og:locale\" content=\"pt_BR\" \/>\n<meta property=\"og:type\" content=\"article\" \/>\n<meta property=\"og:title\" content=\"Cidades vencedoras do pr\u00eamio de empreendedorismo ser\u00e3o conhecidas nesta ter\u00e7a-feira - Secretaria de Administra\u00e7\u00e3o | Prefeitura de Passo Fundo\" \/>\n<meta property=\"og:description\" content=\"Passo Fundo est\u00e1 entre os munic\u00edpios finalistas no pr\u00eamio do Sebrae. Programa \u2018Acelera Passo Fundo\u2019, que fomenta o desenvolvimento econ\u00f4mico, foi pr\u00e9-selecionado na categoria Cidade Empreendedora\" \/>\n<meta property=\"og:url\" content=\"https:\/\/www.pmpf.rs.gov.br\/secretaria-de-administracao\/2022\/04\/cidades-vencedoras-do-premio-de-empreendedorismo-serao-conhecidas-nesta-terca-feira\/\" \/>\n<meta property=\"og:site_name\" content=\"Secretaria de Administra\u00e7\u00e3o\" \/>\n<meta property=\"article:published_time\" content=\"2022-04-18T19:05:44+00:00\" \/>\n<meta property=\"article:modified_time\" content=\"2022-04-18T19:05:45+00:00\" \/>\n<meta name=\"author\" content=\"andressazorzetto07\" \/>\n<meta name=\"twitter:card\" content=\"summary_large_image\" \/>\n<meta name=\"twitter:label1\" content=\"Escrito por\" \/>\n\t<meta name=\"twitter:data1\" content=\"andressazorzetto07\" \/>\n\t<meta name=\"twitter:label2\" content=\"Est. tempo de leitura\" \/>\n\t<meta name=\"twitter:data2\" content=\"2 minutos\" \/>\n<script type=\"application\/ld+json\" class=\"yoast-schema-graph\">{\"@context\":\"https:\/\/schema.org\",\"@graph\":[{\"@type\":\"WebPage\",\"@id\":\"https:\/\/www.pmpf.rs.gov.br\/secretaria-de-administracao\/2022\/04\/cidades-vencedoras-do-premio-de-empreendedorismo-serao-conhecidas-nesta-terca-feira\/\",\"url\":\"https:\/\/www.pmpf.rs.gov.br\/secretaria-de-administracao\/2022\/04\/cidades-vencedoras-do-premio-de-empreendedorismo-serao-conhecidas-nesta-terca-feira\/\",\"name\":\"Cidades vencedoras do pr\u00eamio de empreendedorismo ser\u00e3o conhecidas nesta ter\u00e7a-feira - Secretaria de Administra\u00e7\u00e3o | Prefeitura de Passo Fundo\",\"isPartOf\":{\"@id\":\"https:\/\/www.pmpf.rs.gov.br\/secretaria-de-administracao\/#website\"},\"datePublished\":\"2022-04-18T19:05:44+00:00\",\"dateModified\":\"2022-04-18T19:05:45+00:00\",\"author\":{\"@id\":\"https:\/\/www.pmpf.rs.gov.br\/secretaria-de-administracao\/#\/schema\/person\/30ee1d1bd74da1469b01fcf086e43351\"},\"inLanguage\":\"pt-BR\",\"potentialAction\":[{\"@type\":\"ReadAction\",\"target\":[\"https:\/\/www.pmpf.rs.gov.br\/secretaria-de-administracao\/2022\/04\/cidades-vencedoras-do-premio-de-empreendedorismo-serao-conhecidas-nesta-terca-feira\/\"]}]},{\"@type\":\"WebSite\",\"@id\":\"https:\/\/www.pmpf.rs.gov.br\/secretaria-de-administracao\/#website\",\"url\":\"https:\/\/www.pmpf.rs.gov.br\/secretaria-de-administracao\/\",\"name\":\"Secretaria de Administra\u00e7\u00e3o\",\"description\":\"S\u00f3 mais um site Prefeitura Municipal de Passo Fundo Sites\",\"potentialAction\":[{\"@type\":\"SearchAction\",\"target\":{\"@type\":\"EntryPoint\",\"urlTemplate\":\"https:\/\/www.pmpf.rs.gov.br\/secretaria-de-administracao\/?s={search_term_string}\"},\"query-input\":{\"@type\":\"PropertyValueSpecification\",\"valueRequired\":true,\"valueName\":\"search_term_string\"}}],\"inLanguage\":\"pt-BR\"},{\"@type\":\"Person\",\"@id\":\"https:\/\/www.pmpf.rs.gov.br\/secretaria-de-administracao\/#\/schema\/person\/30ee1d1bd74da1469b01fcf086e43351\",\"name\":\"andressazorzetto07\",\"image\":{\"@type\":\"ImageObject\",\"inLanguage\":\"pt-BR\",\"@id\":\"https:\/\/www.pmpf.rs.gov.br\/secretaria-de-administracao\/#\/schema\/person\/image\/\",\"url\":\"https:\/\/secure.gravatar.com\/avatar\/14c5458ed79dc81da99a13b9ff5f9f19?s=96&d=mm&r=g\",\"contentUrl\":\"https:\/\/secure.gravatar.com\/avatar\/14c5458ed79dc81da99a13b9ff5f9f19?s=96&d=mm&r=g\",\"caption\":\"andressazorzetto07\"},\"url\":\"https:\/\/www.pmpf.rs.gov.br\/secretaria-de-administracao\/author\/andressazorzetto07\/\"}]}<\/script>\n<!-- \/ Yoast SEO plugin. -->","yoast_head_json":{"title":"Cidades vencedoras do pr\u00eamio de empreendedorismo ser\u00e3o conhecidas nesta ter\u00e7a-feira - Secretaria de Administra\u00e7\u00e3o | Prefeitura de Passo Fundo","robots":{"index":"index","follow":"follow","max-snippet":"max-snippet:-1","max-image-preview":"max-image-preview:large","max-video-preview":"max-video-preview:-1"},"canonical":"https:\/\/www.pmpf.rs.gov.br\/secretaria-de-administracao\/2022\/04\/cidades-vencedoras-do-premio-de-empreendedorismo-serao-conhecidas-nesta-terca-feira\/","og_locale":"pt_BR","og_type":"article","og_title":"Cidades vencedoras do pr\u00eamio de empreendedorismo ser\u00e3o conhecidas nesta ter\u00e7a-feira - Secretaria de Administra\u00e7\u00e3o | Prefeitura de Passo Fundo","og_description":"Passo Fundo est\u00e1 entre os munic\u00edpios finalistas no pr\u00eamio do Sebrae. Programa \u2018Acelera Passo Fundo\u2019, que fomenta o desenvolvimento econ\u00f4mico, foi pr\u00e9-selecionado na categoria Cidade Empreendedora","og_url":"https:\/\/www.pmpf.rs.gov.br\/secretaria-de-administracao\/2022\/04\/cidades-vencedoras-do-premio-de-empreendedorismo-serao-conhecidas-nesta-terca-feira\/","og_site_name":"Secretaria de Administra\u00e7\u00e3o","article_published_time":"2022-04-18T19:05:44+00:00","article_modified_time":"2022-04-18T19:05:45+00:00","author":"andressazorzetto07","twitter_card":"summary_large_image","twitter_misc":{"Escrito por":"andressazorzetto07","Est. tempo de leitura":"2 minutos"},"schema":{"@context":"https:\/\/schema.org","@graph":[{"@type":"WebPage","@id":"https:\/\/www.pmpf.rs.gov.br\/secretaria-de-administracao\/2022\/04\/cidades-vencedoras-do-premio-de-empreendedorismo-serao-conhecidas-nesta-terca-feira\/","url":"https:\/\/www.pmpf.rs.gov.br\/secretaria-de-administracao\/2022\/04\/cidades-vencedoras-do-premio-de-empreendedorismo-serao-conhecidas-nesta-terca-feira\/","name":"Cidades vencedoras do pr\u00eamio de empreendedorismo ser\u00e3o conhecidas nesta ter\u00e7a-feira - Secretaria de Administra\u00e7\u00e3o | Prefeitura de Passo Fundo","isPartOf":{"@id":"https:\/\/www.pmpf.rs.gov.br\/secretaria-de-administracao\/#website"},"datePublished":"2022-04-18T19:05:44+00:00","dateModified":"2022-04-18T19:05:45+00:00","author":{"@id":"https:\/\/www.pmpf.rs.gov.br\/secretaria-de-administracao\/#\/schema\/person\/30ee1d1bd74da1469b01fcf086e43351"},"inLanguage":"pt-BR","potentialAction":[{"@type":"ReadAction","target":["https:\/\/www.pmpf.rs.gov.br\/secretaria-de-administracao\/2022\/04\/cidades-vencedoras-do-premio-de-empreendedorismo-serao-conhecidas-nesta-terca-feira\/"]}]},{"@type":"WebSite","@id":"https:\/\/www.pmpf.rs.gov.br\/secretaria-de-administracao\/#website","url":"https:\/\/www.pmpf.rs.gov.br\/secretaria-de-administracao\/","name":"Secretaria de Administra\u00e7\u00e3o","description":"S\u00f3 mais um site Prefeitura Municipal de Passo Fundo Sites","potentialAction":[{"@type":"SearchAction","target":{"@type":"EntryPoint","urlTemplate":"https:\/\/www.pmpf.rs.gov.br\/secretaria-de-administracao\/?s={search_term_string}"},"query-input":{"@type":"PropertyValueSpecification","valueRequired":true,"valueName":"search_term_string"}}],"inLanguage":"pt-BR"},{"@type":"Person","@id":"https:\/\/www.pmpf.rs.gov.br\/secretaria-de-administracao\/#\/schema\/person\/30ee1d1bd74da1469b01fcf086e43351","name":"andressazorzetto07","image":{"@type":"ImageObject","inLanguage":"pt-BR","@id":"https:\/\/www.pmpf.rs.gov.br\/secretaria-de-administracao\/#\/schema\/person\/image\/","url":"https:\/\/secure.gravatar.com\/avatar\/14c5458ed79dc81da99a13b9ff5f9f19?s=96&d=mm&r=g","contentUrl":"https:\/\/secure.gravatar.com\/avatar\/14c5458ed79dc81da99a13b9ff5f9f19?s=96&d=mm&r=g","caption":"andressazorzetto07"},"url":"https:\/\/www.pmpf.rs.gov.br\/secretaria-de-administracao\/author\/andressazorzetto07\/"}]}},"_links":{"self":[{"href":"https:\/\/www.pmpf.rs.gov.br\/secretaria-de-administracao\/wp-json\/wp\/v2\/posts\/1933"}],"collection":[{"href":"https:\/\/www.pmpf.rs.gov.br\/secretaria-de-administracao\/wp-json\/wp\/v2\/posts"}],"about":[{"href":"https:\/\/www.pmpf.rs.gov.br\/secretaria-de-administracao\/wp-json\/wp\/v2\/types\/post"}],"author":[{"embeddable":true,"href":"https:\/\/www.pmpf.rs.gov.br\/secretaria-de-administracao\/wp-json\/wp\/v2\/users\/6"}],"replies":[{"embeddable":true,"href":"https:\/\/www.pmpf.rs.gov.br\/secretaria-de-administracao\/wp-json\/wp\/v2\/comments?post=1933"}],"version-history":[{"count":1,"href":"https:\/\/www.pmpf.rs.gov.br\/secretaria-de-administracao\/wp-json\/wp\/v2\/posts\/1933\/revisions"}],"predecessor-version":[{"id":1934,"href":"https:\/\/www.pmpf.rs.gov.br\/secretaria-de-administracao\/wp-json\/wp\/v2\/posts\/1933\/revisions\/1934"}],"wp:attachment":[{"href":"https:\/\/www.pmpf.rs.gov.br\/secretaria-de-administracao\/wp-json\/wp\/v2\/media?parent=1933"}],"wp:term":[{"taxonomy":"category","embeddable":true,"href":"https:\/\/www.pmpf.rs.gov.br\/secretaria-de-administracao\/wp-json\/wp\/v2\/categories?post=1933"},{"taxonomy":"post_tag","embeddable":true,"href":"https:\/\/www.pmpf.rs.gov.br\/secretaria-de-administracao\/wp-json\/wp\/v2\/tags?post=1933"}],"curies":[{"name":"wp","href":"https:\/\/api.w.org\/{rel}","templated":true}]}}