{"id":1931,"date":"2022-04-14T15:40:02","date_gmt":"2022-04-14T18:40:02","guid":{"rendered":"https:\/\/www.pmpf.rs.gov.br\/secretaria-de-administracao\/?p=1931"},"modified":"2022-04-14T15:40:03","modified_gmt":"2022-04-14T18:40:03","slug":"confira-como-ficam-os-horarios-dos-servicos-municipais-no-feriado-de-pascoa","status":"publish","type":"post","link":"https:\/\/www.pmpf.rs.gov.br\/secretaria-de-administracao\/2022\/04\/confira-como-ficam-os-horarios-dos-servicos-municipais-no-feriado-de-pascoa\/","title":{"rendered":"Confira como ficam os hor\u00e1rios dos servi\u00e7os municipais no Feriado de P\u00e1scoa"},"content":{"rendered":"\n<p><\/p>\n\n\n\n<p>O feriad\u00e3o de P\u00e1scoa que inicia nesta sexta-feira (15) ir\u00e1 alterar os hor\u00e1rios de alguns servi\u00e7os executados por \u00f3rg\u00e3os da Prefeitura de Passo Fundo, por meio de secretarias como sa\u00fade, transporte coletivo e limpeza urbana.<\/p>\n\n\n\n<p>Sa\u00fade<\/p>\n\n\n\n<p>O CAIS Petr\u00f3polis, que atende a comunidade para sintomas de Covid-19, funcionar\u00e1 todos os dias do feriado, assim como a Farm\u00e1cia 24h, que fica no p\u00e1tio do Hospital Beneficente Dr. C\u00e9sar Santos (Hospital Municipal).<\/p>\n\n\n\n<p>Servi\u00e7os de limpeza<\/p>\n\n\n\n<p>Durante o feriado de sexta-feira (15), no s\u00e1bado (16) e no domingo (17), os servi\u00e7os de limpeza das pra\u00e7as com banheiros p\u00fablicos ser\u00e3o prestados normalmente.Tamb\u00e9m ser\u00e3o mantidos os servi\u00e7os de limpeza dos banheiros e manuten\u00e7\u00e3o b\u00e1sica do Parque da Gare.<\/p>\n\n\n\n<p>A Secretaria de Transportes e Servi\u00e7os Gerais (STSG) manter\u00e1 plant\u00e3o na coordenadoria de servi\u00e7os gerais, setor de podas e no n\u00facleo de ilumina\u00e7\u00e3o, para casos de urg\u00eancia. A central de \u00f3bitos funcionar\u00e1 normalmente.<\/p>\n\n\n\n<p>Coleta de Lixo e Transporte Coletivo<\/p>\n\n\n\n<p>Na sexta-feira, o transporte coletivo far\u00e1 os hor\u00e1rios de domingo. O estacionamento rotativo n\u00e3o funcionar\u00e1 e a Coleta de res\u00edduos (lixo) n\u00e3o ser\u00e1 feita, mas ter\u00e1 refor\u00e7o na quinta-feira(14) para evitar o ac\u00famulo de res\u00edduos para o feriado. Os dois servi\u00e7os voltam ao normal no s\u00e1bado.<\/p>\n","protected":false},"excerpt":{"rendered":"<p>O feriad\u00e3o de P\u00e1scoa que inicia nesta sexta-feira (15) ir\u00e1 alterar os hor\u00e1rios de alguns servi\u00e7os executados por \u00f3rg\u00e3os da Prefeitura<\/p>\n","protected":false},"author":6,"featured_media":0,"comment_status":"closed","ping_status":"closed","sticky":true,"template":"","format":"standard","meta":{"footnotes":""},"categories":[1],"tags":[],"class_list":["post-1931","post","type-post","status-publish","format-standard","hentry","category-sem-categoria"],"yoast_head":"<!-- This site is optimized with the Yoast SEO plugin v23.8 - https:\/\/yoast.com\/wordpress\/plugins\/seo\/ -->\n<title>Confira como ficam os hor\u00e1rios dos servi\u00e7os municipais no Feriado de P\u00e1scoa - Secretaria de Administra\u00e7\u00e3o | Prefeitura de Passo Fundo<\/title>\n<meta name=\"robots\" content=\"index, follow, max-snippet:-1, max-image-preview:large, max-video-preview:-1\" \/>\n<link rel=\"canonical\" href=\"https:\/\/www.pmpf.rs.gov.br\/secretaria-de-administracao\/2022\/04\/confira-como-ficam-os-horarios-dos-servicos-municipais-no-feriado-de-pascoa\/\" \/>\n<meta property=\"og:locale\" content=\"pt_BR\" \/>\n<meta property=\"og:type\" content=\"article\" \/>\n<meta property=\"og:title\" content=\"Confira como ficam os hor\u00e1rios dos servi\u00e7os municipais no Feriado de P\u00e1scoa - Secretaria de Administra\u00e7\u00e3o | Prefeitura de Passo Fundo\" \/>\n<meta property=\"og:description\" content=\"O feriad\u00e3o de P\u00e1scoa que inicia nesta sexta-feira (15) ir\u00e1 alterar os hor\u00e1rios de alguns servi\u00e7os executados por \u00f3rg\u00e3os da Prefeitura\" \/>\n<meta property=\"og:url\" content=\"https:\/\/www.pmpf.rs.gov.br\/secretaria-de-administracao\/2022\/04\/confira-como-ficam-os-horarios-dos-servicos-municipais-no-feriado-de-pascoa\/\" \/>\n<meta property=\"og:site_name\" content=\"Secretaria de Administra\u00e7\u00e3o\" \/>\n<meta property=\"article:published_time\" content=\"2022-04-14T18:40:02+00:00\" \/>\n<meta property=\"article:modified_time\" content=\"2022-04-14T18:40:03+00:00\" \/>\n<meta name=\"author\" content=\"andressazorzetto07\" \/>\n<meta name=\"twitter:card\" content=\"summary_large_image\" \/>\n<meta name=\"twitter:label1\" content=\"Escrito por\" \/>\n\t<meta name=\"twitter:data1\" content=\"andressazorzetto07\" \/>\n\t<meta name=\"twitter:label2\" content=\"Est. tempo de leitura\" \/>\n\t<meta name=\"twitter:data2\" content=\"1 minuto\" \/>\n<script type=\"application\/ld+json\" class=\"yoast-schema-graph\">{\"@context\":\"https:\/\/schema.org\",\"@graph\":[{\"@type\":\"WebPage\",\"@id\":\"https:\/\/www.pmpf.rs.gov.br\/secretaria-de-administracao\/2022\/04\/confira-como-ficam-os-horarios-dos-servicos-municipais-no-feriado-de-pascoa\/\",\"url\":\"https:\/\/www.pmpf.rs.gov.br\/secretaria-de-administracao\/2022\/04\/confira-como-ficam-os-horarios-dos-servicos-municipais-no-feriado-de-pascoa\/\",\"name\":\"Confira como ficam os hor\u00e1rios dos servi\u00e7os municipais no Feriado de P\u00e1scoa - Secretaria de Administra\u00e7\u00e3o | Prefeitura de Passo Fundo\",\"isPartOf\":{\"@id\":\"https:\/\/www.pmpf.rs.gov.br\/secretaria-de-administracao\/#website\"},\"datePublished\":\"2022-04-14T18:40:02+00:00\",\"dateModified\":\"2022-04-14T18:40:03+00:00\",\"author\":{\"@id\":\"https:\/\/www.pmpf.rs.gov.br\/secretaria-de-administracao\/#\/schema\/person\/30ee1d1bd74da1469b01fcf086e43351\"},\"inLanguage\":\"pt-BR\",\"potentialAction\":[{\"@type\":\"ReadAction\",\"target\":[\"https:\/\/www.pmpf.rs.gov.br\/secretaria-de-administracao\/2022\/04\/confira-como-ficam-os-horarios-dos-servicos-municipais-no-feriado-de-pascoa\/\"]}]},{\"@type\":\"WebSite\",\"@id\":\"https:\/\/www.pmpf.rs.gov.br\/secretaria-de-administracao\/#website\",\"url\":\"https:\/\/www.pmpf.rs.gov.br\/secretaria-de-administracao\/\",\"name\":\"Secretaria de Administra\u00e7\u00e3o\",\"description\":\"S\u00f3 mais um site Prefeitura Municipal de Passo Fundo Sites\",\"potentialAction\":[{\"@type\":\"SearchAction\",\"target\":{\"@type\":\"EntryPoint\",\"urlTemplate\":\"https:\/\/www.pmpf.rs.gov.br\/secretaria-de-administracao\/?s={search_term_string}\"},\"query-input\":{\"@type\":\"PropertyValueSpecification\",\"valueRequired\":true,\"valueName\":\"search_term_string\"}}],\"inLanguage\":\"pt-BR\"},{\"@type\":\"Person\",\"@id\":\"https:\/\/www.pmpf.rs.gov.br\/secretaria-de-administracao\/#\/schema\/person\/30ee1d1bd74da1469b01fcf086e43351\",\"name\":\"andressazorzetto07\",\"image\":{\"@type\":\"ImageObject\",\"inLanguage\":\"pt-BR\",\"@id\":\"https:\/\/www.pmpf.rs.gov.br\/secretaria-de-administracao\/#\/schema\/person\/image\/\",\"url\":\"https:\/\/secure.gravatar.com\/avatar\/14c5458ed79dc81da99a13b9ff5f9f19?s=96&d=mm&r=g\",\"contentUrl\":\"https:\/\/secure.gravatar.com\/avatar\/14c5458ed79dc81da99a13b9ff5f9f19?s=96&d=mm&r=g\",\"caption\":\"andressazorzetto07\"},\"url\":\"https:\/\/www.pmpf.rs.gov.br\/secretaria-de-administracao\/author\/andressazorzetto07\/\"}]}<\/script>\n<!-- \/ Yoast SEO plugin. -->","yoast_head_json":{"title":"Confira como ficam os hor\u00e1rios dos servi\u00e7os municipais no Feriado de P\u00e1scoa - Secretaria de Administra\u00e7\u00e3o | Prefeitura de Passo Fundo","robots":{"index":"index","follow":"follow","max-snippet":"max-snippet:-1","max-image-preview":"max-image-preview:large","max-video-preview":"max-video-preview:-1"},"canonical":"https:\/\/www.pmpf.rs.gov.br\/secretaria-de-administracao\/2022\/04\/confira-como-ficam-os-horarios-dos-servicos-municipais-no-feriado-de-pascoa\/","og_locale":"pt_BR","og_type":"article","og_title":"Confira como ficam os hor\u00e1rios dos servi\u00e7os municipais no Feriado de P\u00e1scoa - Secretaria de Administra\u00e7\u00e3o | Prefeitura de Passo Fundo","og_description":"O feriad\u00e3o de P\u00e1scoa que inicia nesta sexta-feira (15) ir\u00e1 alterar os hor\u00e1rios de alguns servi\u00e7os executados por \u00f3rg\u00e3os da Prefeitura","og_url":"https:\/\/www.pmpf.rs.gov.br\/secretaria-de-administracao\/2022\/04\/confira-como-ficam-os-horarios-dos-servicos-municipais-no-feriado-de-pascoa\/","og_site_name":"Secretaria de Administra\u00e7\u00e3o","article_published_time":"2022-04-14T18:40:02+00:00","article_modified_time":"2022-04-14T18:40:03+00:00","author":"andressazorzetto07","twitter_card":"summary_large_image","twitter_misc":{"Escrito por":"andressazorzetto07","Est. tempo de leitura":"1 minuto"},"schema":{"@context":"https:\/\/schema.org","@graph":[{"@type":"WebPage","@id":"https:\/\/www.pmpf.rs.gov.br\/secretaria-de-administracao\/2022\/04\/confira-como-ficam-os-horarios-dos-servicos-municipais-no-feriado-de-pascoa\/","url":"https:\/\/www.pmpf.rs.gov.br\/secretaria-de-administracao\/2022\/04\/confira-como-ficam-os-horarios-dos-servicos-municipais-no-feriado-de-pascoa\/","name":"Confira como ficam os hor\u00e1rios dos servi\u00e7os municipais no Feriado de P\u00e1scoa - Secretaria de Administra\u00e7\u00e3o | Prefeitura de Passo Fundo","isPartOf":{"@id":"https:\/\/www.pmpf.rs.gov.br\/secretaria-de-administracao\/#website"},"datePublished":"2022-04-14T18:40:02+00:00","dateModified":"2022-04-14T18:40:03+00:00","author":{"@id":"https:\/\/www.pmpf.rs.gov.br\/secretaria-de-administracao\/#\/schema\/person\/30ee1d1bd74da1469b01fcf086e43351"},"inLanguage":"pt-BR","potentialAction":[{"@type":"ReadAction","target":["https:\/\/www.pmpf.rs.gov.br\/secretaria-de-administracao\/2022\/04\/confira-como-ficam-os-horarios-dos-servicos-municipais-no-feriado-de-pascoa\/"]}]},{"@type":"WebSite","@id":"https:\/\/www.pmpf.rs.gov.br\/secretaria-de-administracao\/#website","url":"https:\/\/www.pmpf.rs.gov.br\/secretaria-de-administracao\/","name":"Secretaria de Administra\u00e7\u00e3o","description":"S\u00f3 mais um site Prefeitura Municipal de Passo Fundo Sites","potentialAction":[{"@type":"SearchAction","target":{"@type":"EntryPoint","urlTemplate":"https:\/\/www.pmpf.rs.gov.br\/secretaria-de-administracao\/?s={search_term_string}"},"query-input":{"@type":"PropertyValueSpecification","valueRequired":true,"valueName":"search_term_string"}}],"inLanguage":"pt-BR"},{"@type":"Person","@id":"https:\/\/www.pmpf.rs.gov.br\/secretaria-de-administracao\/#\/schema\/person\/30ee1d1bd74da1469b01fcf086e43351","name":"andressazorzetto07","image":{"@type":"ImageObject","inLanguage":"pt-BR","@id":"https:\/\/www.pmpf.rs.gov.br\/secretaria-de-administracao\/#\/schema\/person\/image\/","url":"https:\/\/secure.gravatar.com\/avatar\/14c5458ed79dc81da99a13b9ff5f9f19?s=96&d=mm&r=g","contentUrl":"https:\/\/secure.gravatar.com\/avatar\/14c5458ed79dc81da99a13b9ff5f9f19?s=96&d=mm&r=g","caption":"andressazorzetto07"},"url":"https:\/\/www.pmpf.rs.gov.br\/secretaria-de-administracao\/author\/andressazorzetto07\/"}]}},"_links":{"self":[{"href":"https:\/\/www.pmpf.rs.gov.br\/secretaria-de-administracao\/wp-json\/wp\/v2\/posts\/1931"}],"collection":[{"href":"https:\/\/www.pmpf.rs.gov.br\/secretaria-de-administracao\/wp-json\/wp\/v2\/posts"}],"about":[{"href":"https:\/\/www.pmpf.rs.gov.br\/secretaria-de-administracao\/wp-json\/wp\/v2\/types\/post"}],"author":[{"embeddable":true,"href":"https:\/\/www.pmpf.rs.gov.br\/secretaria-de-administracao\/wp-json\/wp\/v2\/users\/6"}],"replies":[{"embeddable":true,"href":"https:\/\/www.pmpf.rs.gov.br\/secretaria-de-administracao\/wp-json\/wp\/v2\/comments?post=1931"}],"version-history":[{"count":1,"href":"https:\/\/www.pmpf.rs.gov.br\/secretaria-de-administracao\/wp-json\/wp\/v2\/posts\/1931\/revisions"}],"predecessor-version":[{"id":1932,"href":"https:\/\/www.pmpf.rs.gov.br\/secretaria-de-administracao\/wp-json\/wp\/v2\/posts\/1931\/revisions\/1932"}],"wp:attachment":[{"href":"https:\/\/www.pmpf.rs.gov.br\/secretaria-de-administracao\/wp-json\/wp\/v2\/media?parent=1931"}],"wp:term":[{"taxonomy":"category","embeddable":true,"href":"https:\/\/www.pmpf.rs.gov.br\/secretaria-de-administracao\/wp-json\/wp\/v2\/categories?post=1931"},{"taxonomy":"post_tag","embeddable":true,"href":"https:\/\/www.pmpf.rs.gov.br\/secretaria-de-administracao\/wp-json\/wp\/v2\/tags?post=1931"}],"curies":[{"name":"wp","href":"https:\/\/api.w.org\/{rel}","templated":true}]}}