{"id":112,"date":"2019-09-16T18:00:10","date_gmt":"2019-09-16T21:00:10","guid":{"rendered":"https:\/\/www.pmpf.rs.gov.br\/revisao-do-plano-diretor\/2019\/09\/16\/revisao-do-plano-diretor-encerra-terceira-etapa-13869\/"},"modified":"2019-09-16T18:00:10","modified_gmt":"2019-09-16T21:00:10","slug":"revisao-do-plano-diretor-encerra-terceira-etapa-13869","status":"publish","type":"post","link":"https:\/\/www.pmpf.rs.gov.br\/revisao-do-plano-diretor\/2019\/09\/16\/revisao-do-plano-diretor-encerra-terceira-etapa-13869\/","title":{"rendered":"Revis\u00e3o do Plano Diretor encerra terceira etapa"},"content":{"rendered":"<p>Na \u00faltima semana foi encerrada mais uma etapa do processo de revis\u00e3o do Plano Diretor. A aprova\u00e7\u00e3o do documento de estudo da concep\u00e7\u00e3o do Plano Diretor, realizada em duas audi\u00eancias p\u00fablicas, promovidas nos dias 29 de agosto e 12 de setembro, encerrou a terceira etapa. O documento aprovado vai orientar a elabora\u00e7\u00e3o do projeto de lei.<\/p>\n<p>\u201cO processo de revis\u00e3o do Plano Diretor est\u00e1 sendo realizado seguindo as orienta\u00e7\u00f5es do Estatuto da Cidade e os resultados positivos desta constru\u00e7\u00e3o coletiva j\u00e1 aparecem na qualidade do estudo de concep\u00e7\u00e3o\u201d, avalia a secret\u00e1ria do Planejamento, Ana Paula Wickert.<\/p>\n<p>Segundo ela, a participa\u00e7\u00e3o da sociedade \u00e9 fundamental e \u00e9 atualmente uma importante diretriz de planejamento urbano, fazendo com que Passo Fundo se destaque nesse processo. Prova disso \u00e9 que o processo realizado aqui est\u00e1 servindo de exemplo para outros munic\u00edpios. \u201cNesta ter\u00e7a-feira (17)\u00a0 a metodologia do Plano Diretor ser\u00e1 apresentada em um dos maiores e mais importantes congressos de cidades inteligentes em S\u00e3o Paulo, na mesa Cidades Participativas e Engajadas\u201d, comenta a secret\u00e1ria.<\/p>\n<p><b>(Foto: Glenda V\u00edvian)<\/b><\/p>\n","protected":false},"excerpt":{"rendered":"<p>O documento aprovado vai orientar a elabora\u00e7\u00e3o do projeto de lei<\/p>\n","protected":false},"author":1,"featured_media":113,"comment_status":"open","ping_status":"open","sticky":false,"template":"","format":"standard","meta":{"footnotes":""},"categories":[],"tags":[],"class_list":["post-112","post","type-post","status-publish","format-standard","has-post-thumbnail","hentry"],"yoast_head":"<!-- This site is optimized with the Yoast SEO plugin v23.8 - https:\/\/yoast.com\/wordpress\/plugins\/seo\/ -->\n<title>Revis\u00e3o do Plano Diretor encerra terceira etapa - Revis\u00e3o do Plano Diretor<\/title>\n<meta name=\"robots\" content=\"index, follow, max-snippet:-1, max-image-preview:large, max-video-preview:-1\" \/>\n<link rel=\"canonical\" href=\"https:\/\/www.pmpf.rs.gov.br\/revisao-do-plano-diretor\/2019\/09\/16\/revisao-do-plano-diretor-encerra-terceira-etapa-13869\/\" \/>\n<meta property=\"og:locale\" content=\"pt_BR\" \/>\n<meta property=\"og:type\" content=\"article\" \/>\n<meta property=\"og:title\" content=\"Revis\u00e3o do Plano Diretor encerra terceira etapa - Revis\u00e3o do Plano Diretor\" \/>\n<meta property=\"og:description\" content=\"O documento aprovado vai orientar a elabora\u00e7\u00e3o do projeto de lei\" \/>\n<meta property=\"og:url\" content=\"https:\/\/www.pmpf.rs.gov.br\/revisao-do-plano-diretor\/2019\/09\/16\/revisao-do-plano-diretor-encerra-terceira-etapa-13869\/\" \/>\n<meta property=\"og:site_name\" content=\"Revis\u00e3o do Plano Diretor\" \/>\n<meta property=\"article:published_time\" content=\"2019-09-16T21:00:10+00:00\" \/>\n<meta property=\"og:image\" content=\"https:\/\/www.pmpf.rs.gov.br\/revisao-do-plano-diretor\/wp-content\/uploads\/sites\/56\/2021\/12\/I2019-09-16_150103_385109-scaled.jpg\" \/>\n\t<meta property=\"og:image:width\" content=\"2560\" \/>\n\t<meta property=\"og:image:height\" content=\"1920\" \/>\n\t<meta property=\"og:image:type\" content=\"image\/jpeg\" \/>\n<meta name=\"author\" content=\"mosite\" \/>\n<meta name=\"twitter:card\" content=\"summary_large_image\" \/>\n<meta name=\"twitter:label1\" content=\"Escrito por\" \/>\n\t<meta name=\"twitter:data1\" content=\"mosite\" \/>\n\t<meta name=\"twitter:label2\" content=\"Est. tempo de leitura\" \/>\n\t<meta name=\"twitter:data2\" content=\"1 minuto\" \/>\n<script type=\"application\/ld+json\" class=\"yoast-schema-graph\">{\"@context\":\"https:\/\/schema.org\",\"@graph\":[{\"@type\":\"WebPage\",\"@id\":\"https:\/\/www.pmpf.rs.gov.br\/revisao-do-plano-diretor\/2019\/09\/16\/revisao-do-plano-diretor-encerra-terceira-etapa-13869\/\",\"url\":\"https:\/\/www.pmpf.rs.gov.br\/revisao-do-plano-diretor\/2019\/09\/16\/revisao-do-plano-diretor-encerra-terceira-etapa-13869\/\",\"name\":\"Revis\u00e3o do Plano Diretor encerra terceira etapa - Revis\u00e3o do Plano Diretor\",\"isPartOf\":{\"@id\":\"https:\/\/www.pmpf.rs.gov.br\/revisao-do-plano-diretor\/#website\"},\"primaryImageOfPage\":{\"@id\":\"https:\/\/www.pmpf.rs.gov.br\/revisao-do-plano-diretor\/2019\/09\/16\/revisao-do-plano-diretor-encerra-terceira-etapa-13869\/#primaryimage\"},\"image\":{\"@id\":\"https:\/\/www.pmpf.rs.gov.br\/revisao-do-plano-diretor\/2019\/09\/16\/revisao-do-plano-diretor-encerra-terceira-etapa-13869\/#primaryimage\"},\"thumbnailUrl\":\"https:\/\/www.pmpf.rs.gov.br\/revisao-do-plano-diretor\/wp-content\/uploads\/sites\/56\/2021\/12\/I2019-09-16_150103_385109-scaled.jpg\",\"datePublished\":\"2019-09-16T21:00:10+00:00\",\"dateModified\":\"2019-09-16T21:00:10+00:00\",\"author\":{\"@id\":\"https:\/\/www.pmpf.rs.gov.br\/revisao-do-plano-diretor\/#\/schema\/person\/0c355b0fa68a7aa986c8594f7a60a2d7\"},\"breadcrumb\":{\"@id\":\"https:\/\/www.pmpf.rs.gov.br\/revisao-do-plano-diretor\/2019\/09\/16\/revisao-do-plano-diretor-encerra-terceira-etapa-13869\/#breadcrumb\"},\"inLanguage\":\"pt-BR\",\"potentialAction\":[{\"@type\":\"ReadAction\",\"target\":[\"https:\/\/www.pmpf.rs.gov.br\/revisao-do-plano-diretor\/2019\/09\/16\/revisao-do-plano-diretor-encerra-terceira-etapa-13869\/\"]}]},{\"@type\":\"ImageObject\",\"inLanguage\":\"pt-BR\",\"@id\":\"https:\/\/www.pmpf.rs.gov.br\/revisao-do-plano-diretor\/2019\/09\/16\/revisao-do-plano-diretor-encerra-terceira-etapa-13869\/#primaryimage\",\"url\":\"https:\/\/www.pmpf.rs.gov.br\/revisao-do-plano-diretor\/wp-content\/uploads\/sites\/56\/2021\/12\/I2019-09-16_150103_385109-scaled.jpg\",\"contentUrl\":\"https:\/\/www.pmpf.rs.gov.br\/revisao-do-plano-diretor\/wp-content\/uploads\/sites\/56\/2021\/12\/I2019-09-16_150103_385109-scaled.jpg\",\"width\":2560,\"height\":1920},{\"@type\":\"BreadcrumbList\",\"@id\":\"https:\/\/www.pmpf.rs.gov.br\/revisao-do-plano-diretor\/2019\/09\/16\/revisao-do-plano-diretor-encerra-terceira-etapa-13869\/#breadcrumb\",\"itemListElement\":[{\"@type\":\"ListItem\",\"position\":1,\"name\":\"In\u00edcio\",\"item\":\"https:\/\/www.pmpf.rs.gov.br\/revisao-do-plano-diretor\/\"},{\"@type\":\"ListItem\",\"position\":2,\"name\":\"Revis\u00e3o do Plano Diretor encerra terceira etapa\"}]},{\"@type\":\"WebSite\",\"@id\":\"https:\/\/www.pmpf.rs.gov.br\/revisao-do-plano-diretor\/#website\",\"url\":\"https:\/\/www.pmpf.rs.gov.br\/revisao-do-plano-diretor\/\",\"name\":\"Revis\u00e3o do Plano Diretor\",\"description\":\"S\u00f3 mais um site Prefeitura de Passo Fundo\",\"potentialAction\":[{\"@type\":\"SearchAction\",\"target\":{\"@type\":\"EntryPoint\",\"urlTemplate\":\"https:\/\/www.pmpf.rs.gov.br\/revisao-do-plano-diretor\/?s={search_term_string}\"},\"query-input\":{\"@type\":\"PropertyValueSpecification\",\"valueRequired\":true,\"valueName\":\"search_term_string\"}}],\"inLanguage\":\"pt-BR\"},{\"@type\":\"Person\",\"@id\":\"https:\/\/www.pmpf.rs.gov.br\/revisao-do-plano-diretor\/#\/schema\/person\/0c355b0fa68a7aa986c8594f7a60a2d7\",\"name\":\"mosite\",\"image\":{\"@type\":\"ImageObject\",\"inLanguage\":\"pt-BR\",\"@id\":\"https:\/\/www.pmpf.rs.gov.br\/revisao-do-plano-diretor\/#\/schema\/person\/image\/\",\"url\":\"https:\/\/secure.gravatar.com\/avatar\/63d72595d6cecfe12bd8a94829d5a26c?s=96&d=mm&r=g\",\"contentUrl\":\"https:\/\/secure.gravatar.com\/avatar\/63d72595d6cecfe12bd8a94829d5a26c?s=96&d=mm&r=g\",\"caption\":\"mosite\"},\"sameAs\":[\"http:\/\/example.com\"],\"url\":\"https:\/\/www.pmpf.rs.gov.br\/revisao-do-plano-diretor\/author\/mosite\/\"}]}<\/script>\n<!-- \/ Yoast SEO plugin. -->","yoast_head_json":{"title":"Revis\u00e3o do Plano Diretor encerra terceira etapa - Revis\u00e3o do Plano Diretor","robots":{"index":"index","follow":"follow","max-snippet":"max-snippet:-1","max-image-preview":"max-image-preview:large","max-video-preview":"max-video-preview:-1"},"canonical":"https:\/\/www.pmpf.rs.gov.br\/revisao-do-plano-diretor\/2019\/09\/16\/revisao-do-plano-diretor-encerra-terceira-etapa-13869\/","og_locale":"pt_BR","og_type":"article","og_title":"Revis\u00e3o do Plano Diretor encerra terceira etapa - Revis\u00e3o do Plano Diretor","og_description":"O documento aprovado vai orientar a elabora\u00e7\u00e3o do projeto de lei","og_url":"https:\/\/www.pmpf.rs.gov.br\/revisao-do-plano-diretor\/2019\/09\/16\/revisao-do-plano-diretor-encerra-terceira-etapa-13869\/","og_site_name":"Revis\u00e3o do Plano Diretor","article_published_time":"2019-09-16T21:00:10+00:00","og_image":[{"width":2560,"height":1920,"url":"https:\/\/www.pmpf.rs.gov.br\/revisao-do-plano-diretor\/wp-content\/uploads\/sites\/56\/2021\/12\/I2019-09-16_150103_385109-scaled.jpg","type":"image\/jpeg"}],"author":"mosite","twitter_card":"summary_large_image","twitter_misc":{"Escrito por":"mosite","Est. tempo de leitura":"1 minuto"},"schema":{"@context":"https:\/\/schema.org","@graph":[{"@type":"WebPage","@id":"https:\/\/www.pmpf.rs.gov.br\/revisao-do-plano-diretor\/2019\/09\/16\/revisao-do-plano-diretor-encerra-terceira-etapa-13869\/","url":"https:\/\/www.pmpf.rs.gov.br\/revisao-do-plano-diretor\/2019\/09\/16\/revisao-do-plano-diretor-encerra-terceira-etapa-13869\/","name":"Revis\u00e3o do Plano Diretor encerra terceira etapa - Revis\u00e3o do Plano Diretor","isPartOf":{"@id":"https:\/\/www.pmpf.rs.gov.br\/revisao-do-plano-diretor\/#website"},"primaryImageOfPage":{"@id":"https:\/\/www.pmpf.rs.gov.br\/revisao-do-plano-diretor\/2019\/09\/16\/revisao-do-plano-diretor-encerra-terceira-etapa-13869\/#primaryimage"},"image":{"@id":"https:\/\/www.pmpf.rs.gov.br\/revisao-do-plano-diretor\/2019\/09\/16\/revisao-do-plano-diretor-encerra-terceira-etapa-13869\/#primaryimage"},"thumbnailUrl":"https:\/\/www.pmpf.rs.gov.br\/revisao-do-plano-diretor\/wp-content\/uploads\/sites\/56\/2021\/12\/I2019-09-16_150103_385109-scaled.jpg","datePublished":"2019-09-16T21:00:10+00:00","dateModified":"2019-09-16T21:00:10+00:00","author":{"@id":"https:\/\/www.pmpf.rs.gov.br\/revisao-do-plano-diretor\/#\/schema\/person\/0c355b0fa68a7aa986c8594f7a60a2d7"},"breadcrumb":{"@id":"https:\/\/www.pmpf.rs.gov.br\/revisao-do-plano-diretor\/2019\/09\/16\/revisao-do-plano-diretor-encerra-terceira-etapa-13869\/#breadcrumb"},"inLanguage":"pt-BR","potentialAction":[{"@type":"ReadAction","target":["https:\/\/www.pmpf.rs.gov.br\/revisao-do-plano-diretor\/2019\/09\/16\/revisao-do-plano-diretor-encerra-terceira-etapa-13869\/"]}]},{"@type":"ImageObject","inLanguage":"pt-BR","@id":"https:\/\/www.pmpf.rs.gov.br\/revisao-do-plano-diretor\/2019\/09\/16\/revisao-do-plano-diretor-encerra-terceira-etapa-13869\/#primaryimage","url":"https:\/\/www.pmpf.rs.gov.br\/revisao-do-plano-diretor\/wp-content\/uploads\/sites\/56\/2021\/12\/I2019-09-16_150103_385109-scaled.jpg","contentUrl":"https:\/\/www.pmpf.rs.gov.br\/revisao-do-plano-diretor\/wp-content\/uploads\/sites\/56\/2021\/12\/I2019-09-16_150103_385109-scaled.jpg","width":2560,"height":1920},{"@type":"BreadcrumbList","@id":"https:\/\/www.pmpf.rs.gov.br\/revisao-do-plano-diretor\/2019\/09\/16\/revisao-do-plano-diretor-encerra-terceira-etapa-13869\/#breadcrumb","itemListElement":[{"@type":"ListItem","position":1,"name":"In\u00edcio","item":"https:\/\/www.pmpf.rs.gov.br\/revisao-do-plano-diretor\/"},{"@type":"ListItem","position":2,"name":"Revis\u00e3o do Plano Diretor encerra terceira etapa"}]},{"@type":"WebSite","@id":"https:\/\/www.pmpf.rs.gov.br\/revisao-do-plano-diretor\/#website","url":"https:\/\/www.pmpf.rs.gov.br\/revisao-do-plano-diretor\/","name":"Revis\u00e3o do Plano Diretor","description":"S\u00f3 mais um site Prefeitura de Passo Fundo","potentialAction":[{"@type":"SearchAction","target":{"@type":"EntryPoint","urlTemplate":"https:\/\/www.pmpf.rs.gov.br\/revisao-do-plano-diretor\/?s={search_term_string}"},"query-input":{"@type":"PropertyValueSpecification","valueRequired":true,"valueName":"search_term_string"}}],"inLanguage":"pt-BR"},{"@type":"Person","@id":"https:\/\/www.pmpf.rs.gov.br\/revisao-do-plano-diretor\/#\/schema\/person\/0c355b0fa68a7aa986c8594f7a60a2d7","name":"mosite","image":{"@type":"ImageObject","inLanguage":"pt-BR","@id":"https:\/\/www.pmpf.rs.gov.br\/revisao-do-plano-diretor\/#\/schema\/person\/image\/","url":"https:\/\/secure.gravatar.com\/avatar\/63d72595d6cecfe12bd8a94829d5a26c?s=96&d=mm&r=g","contentUrl":"https:\/\/secure.gravatar.com\/avatar\/63d72595d6cecfe12bd8a94829d5a26c?s=96&d=mm&r=g","caption":"mosite"},"sameAs":["http:\/\/example.com"],"url":"https:\/\/www.pmpf.rs.gov.br\/revisao-do-plano-diretor\/author\/mosite\/"}]}},"_links":{"self":[{"href":"https:\/\/www.pmpf.rs.gov.br\/revisao-do-plano-diretor\/wp-json\/wp\/v2\/posts\/112"}],"collection":[{"href":"https:\/\/www.pmpf.rs.gov.br\/revisao-do-plano-diretor\/wp-json\/wp\/v2\/posts"}],"about":[{"href":"https:\/\/www.pmpf.rs.gov.br\/revisao-do-plano-diretor\/wp-json\/wp\/v2\/types\/post"}],"author":[{"embeddable":true,"href":"https:\/\/www.pmpf.rs.gov.br\/revisao-do-plano-diretor\/wp-json\/wp\/v2\/users\/1"}],"replies":[{"embeddable":true,"href":"https:\/\/www.pmpf.rs.gov.br\/revisao-do-plano-diretor\/wp-json\/wp\/v2\/comments?post=112"}],"version-history":[{"count":0,"href":"https:\/\/www.pmpf.rs.gov.br\/revisao-do-plano-diretor\/wp-json\/wp\/v2\/posts\/112\/revisions"}],"wp:featuredmedia":[{"embeddable":true,"href":"https:\/\/www.pmpf.rs.gov.br\/revisao-do-plano-diretor\/wp-json\/wp\/v2\/media\/113"}],"wp:attachment":[{"href":"https:\/\/www.pmpf.rs.gov.br\/revisao-do-plano-diretor\/wp-json\/wp\/v2\/media?parent=112"}],"wp:term":[{"taxonomy":"category","embeddable":true,"href":"https:\/\/www.pmpf.rs.gov.br\/revisao-do-plano-diretor\/wp-json\/wp\/v2\/categories?post=112"},{"taxonomy":"post_tag","embeddable":true,"href":"https:\/\/www.pmpf.rs.gov.br\/revisao-do-plano-diretor\/wp-json\/wp\/v2\/tags?post=112"}],"curies":[{"name":"wp","href":"https:\/\/api.w.org\/{rel}","templated":true}]}}