{"id":64,"date":"2025-02-18T14:48:00","date_gmt":"2025-02-18T17:48:00","guid":{"rendered":"https:\/\/www.pmpf.rs.gov.br\/procon\/?p=64"},"modified":"2025-04-03T15:46:02","modified_gmt":"2025-04-03T18:46:02","slug":"corsan-abre-cinco-pontos-temporarios-para-atender-a-populacao-em-passo-fundo","status":"publish","type":"post","link":"https:\/\/www.pmpf.rs.gov.br\/procon\/2025\/02\/18\/corsan-abre-cinco-pontos-temporarios-para-atender-a-populacao-em-passo-fundo\/","title":{"rendered":"CORSAN abre cinco pontos tempor\u00e1rios para atender a popula\u00e7\u00e3o em Passo Fundo"},"content":{"rendered":"\n<p>A solicita\u00e7\u00e3o da abertura dos postos da CORSAN foi realizada pelo munic\u00edpio ap\u00f3s\u00a0reclama\u00e7\u00f5es da popula\u00e7\u00e3o\u00a0sobre a presta\u00e7\u00e3o do servi\u00e7o de abastecimento de \u00e1gua, de coleta de esgoto e os valores cobrados mensalmente pela institui\u00e7\u00e3o.<\/p>\n\n\n\n<p>A alta nos valores motivou dezenas de moradores a procurarem o Procon. Em fevereiro de 2025, foram 180 den\u00fancias contra a Corsan, o que representa quase a metade de todos os atendimentos do servi\u00e7o no m\u00eas.<\/p>\n\n\n\n<p>O coordenador do Procon de Passo Fundo, William Rangel, coloca que: Recebemos a reclama\u00e7\u00e3o, notificamos a Corsan quando \u00e9 o caso de problemas de consumidor (contas e valores) e contatamos o jur\u00eddico respons\u00e1vel para um acordo. Muitos casos s\u00e3o acordados. Mas alguns que n\u00e3o tenham o acordo, s\u00e3o encaminhados a via judicial.\u00a0No m\u00eas de fevereiro de 2025, registramos faturas exorbitantes, entre 100% e 300% de aumento em alguns casos.<\/p>\n\n\n\n<h2 class=\"wp-block-heading\">Pontos tira-d\u00favidas tempor\u00e1rios da Corsan<\/h2>\n\n\n\n<ul class=\"wp-block-list\">\n<li><strong>Bairro Centro<\/strong>\u00a0\u2014 quiosque da Codepas, em frente \u00e0 Pra\u00e7a da Cuia<\/li>\n\n\n\n<li><strong>Bairro S\u00e3o Crist\u00f3v\u00e3o<\/strong>\u00a0\u2014 Loja do Esporte Clube Passo Fundo, no Est\u00e1dio Vermelh\u00e3o da Serra<\/li>\n\n\n\n<li><strong>Bairro Vera Cruz<\/strong>\u00a0\u2014 Pra\u00e7a da Avenida Rio Grande, ao lado da Escola Estadual Ernesto Tochetto<\/li>\n\n\n\n<li><strong>Bairro Boqueir\u00e3o<\/strong>\u00a0\u2014 Pra\u00e7a da Cohab 1 (Avenida do Bar\u00e3o, esquina com Rua Ol\u00edmpio Loss)<\/li>\n\n\n\n<li><strong>Bairro Petr\u00f3polis<\/strong>\u00a0\u2014 Avenida Brasil, em frente \u00e0 loja Havan<\/li>\n<\/ul>\n\n\n\n<h3 class=\"wp-block-heading\">Hor\u00e1rios de funcionamento<\/h3>\n\n\n\n<p>De segunda (17) a sexta-feira (21) das 8h \u00e0s 17h, e no s\u00e1bado (22) das 8h \u00e0s 12h.<\/p>\n\n\n\n<hr class=\"wp-block-separator has-alpha-channel-opacity\"\/>\n\n\n\n<p><\/p>\n","protected":false},"excerpt":{"rendered":"<p>Os cinco pontos da atendimento da CORSAN ficam dispon\u00edveis para tirar d\u00favidas sobre servi\u00e7os e negociar faturas.<\/p>\n","protected":false},"author":4,"featured_media":0,"comment_status":"closed","ping_status":"closed","sticky":false,"template":"","format":"standard","meta":{"footnotes":""},"categories":[1],"tags":[],"class_list":["post-64","post","type-post","status-publish","format-standard","hentry","category-sem-categoria"],"yoast_head":"<!-- This site is optimized with the Yoast SEO plugin v23.8 - https:\/\/yoast.com\/wordpress\/plugins\/seo\/ -->\n<title>CORSAN abre cinco pontos tempor\u00e1rios para atender a popula\u00e7\u00e3o em Passo Fundo - PROCON<\/title>\n<meta name=\"robots\" content=\"index, follow, max-snippet:-1, max-image-preview:large, max-video-preview:-1\" \/>\n<link rel=\"canonical\" href=\"https:\/\/www.pmpf.rs.gov.br\/procon\/2025\/02\/18\/corsan-abre-cinco-pontos-temporarios-para-atender-a-populacao-em-passo-fundo\/\" \/>\n<meta property=\"og:locale\" content=\"pt_BR\" \/>\n<meta property=\"og:type\" content=\"article\" \/>\n<meta property=\"og:title\" content=\"CORSAN abre cinco pontos tempor\u00e1rios para atender a popula\u00e7\u00e3o em Passo Fundo - PROCON\" \/>\n<meta property=\"og:description\" content=\"Os cinco pontos da atendimento da CORSAN ficam dispon\u00edveis para tirar d\u00favidas sobre servi\u00e7os e negociar faturas.\" \/>\n<meta property=\"og:url\" content=\"https:\/\/www.pmpf.rs.gov.br\/procon\/2025\/02\/18\/corsan-abre-cinco-pontos-temporarios-para-atender-a-populacao-em-passo-fundo\/\" \/>\n<meta property=\"og:site_name\" content=\"PROCON\" \/>\n<meta property=\"article:published_time\" content=\"2025-02-18T17:48:00+00:00\" \/>\n<meta property=\"article:modified_time\" content=\"2025-04-03T18:46:02+00:00\" \/>\n<meta name=\"author\" content=\"cristianem\" \/>\n<meta name=\"twitter:card\" content=\"summary_large_image\" \/>\n<meta name=\"twitter:label1\" content=\"Escrito por\" \/>\n\t<meta name=\"twitter:data1\" content=\"cristianem\" \/>\n\t<meta name=\"twitter:label2\" content=\"Est. tempo de leitura\" \/>\n\t<meta name=\"twitter:data2\" content=\"1 minuto\" \/>\n<script type=\"application\/ld+json\" class=\"yoast-schema-graph\">{\"@context\":\"https:\/\/schema.org\",\"@graph\":[{\"@type\":\"WebPage\",\"@id\":\"https:\/\/www.pmpf.rs.gov.br\/procon\/2025\/02\/18\/corsan-abre-cinco-pontos-temporarios-para-atender-a-populacao-em-passo-fundo\/\",\"url\":\"https:\/\/www.pmpf.rs.gov.br\/procon\/2025\/02\/18\/corsan-abre-cinco-pontos-temporarios-para-atender-a-populacao-em-passo-fundo\/\",\"name\":\"CORSAN abre cinco pontos tempor\u00e1rios para atender a popula\u00e7\u00e3o em Passo Fundo - PROCON\",\"isPartOf\":{\"@id\":\"https:\/\/www.pmpf.rs.gov.br\/procon\/#website\"},\"datePublished\":\"2025-02-18T17:48:00+00:00\",\"dateModified\":\"2025-04-03T18:46:02+00:00\",\"author\":{\"@id\":\"https:\/\/www.pmpf.rs.gov.br\/procon\/#\/schema\/person\/7546f09893e4b6bb3b2692a8a4132462\"},\"breadcrumb\":{\"@id\":\"https:\/\/www.pmpf.rs.gov.br\/procon\/2025\/02\/18\/corsan-abre-cinco-pontos-temporarios-para-atender-a-populacao-em-passo-fundo\/#breadcrumb\"},\"inLanguage\":\"pt-BR\",\"potentialAction\":[{\"@type\":\"ReadAction\",\"target\":[\"https:\/\/www.pmpf.rs.gov.br\/procon\/2025\/02\/18\/corsan-abre-cinco-pontos-temporarios-para-atender-a-populacao-em-passo-fundo\/\"]}]},{\"@type\":\"BreadcrumbList\",\"@id\":\"https:\/\/www.pmpf.rs.gov.br\/procon\/2025\/02\/18\/corsan-abre-cinco-pontos-temporarios-para-atender-a-populacao-em-passo-fundo\/#breadcrumb\",\"itemListElement\":[{\"@type\":\"ListItem\",\"position\":1,\"name\":\"In\u00edcio\",\"item\":\"https:\/\/www.pmpf.rs.gov.br\/procon\/\"},{\"@type\":\"ListItem\",\"position\":2,\"name\":\"CORSAN abre cinco pontos tempor\u00e1rios para atender a popula\u00e7\u00e3o em Passo Fundo\"}]},{\"@type\":\"WebSite\",\"@id\":\"https:\/\/www.pmpf.rs.gov.br\/procon\/#website\",\"url\":\"https:\/\/www.pmpf.rs.gov.br\/procon\/\",\"name\":\"PROCON\",\"description\":\"\",\"potentialAction\":[{\"@type\":\"SearchAction\",\"target\":{\"@type\":\"EntryPoint\",\"urlTemplate\":\"https:\/\/www.pmpf.rs.gov.br\/procon\/?s={search_term_string}\"},\"query-input\":{\"@type\":\"PropertyValueSpecification\",\"valueRequired\":true,\"valueName\":\"search_term_string\"}}],\"inLanguage\":\"pt-BR\"},{\"@type\":\"Person\",\"@id\":\"https:\/\/www.pmpf.rs.gov.br\/procon\/#\/schema\/person\/7546f09893e4b6bb3b2692a8a4132462\",\"name\":\"cristianem\",\"image\":{\"@type\":\"ImageObject\",\"inLanguage\":\"pt-BR\",\"@id\":\"https:\/\/www.pmpf.rs.gov.br\/procon\/#\/schema\/person\/image\/\",\"url\":\"https:\/\/secure.gravatar.com\/avatar\/66d52b92d6080d2743ba29b3cdbdf293?s=96&d=mm&r=g\",\"contentUrl\":\"https:\/\/secure.gravatar.com\/avatar\/66d52b92d6080d2743ba29b3cdbdf293?s=96&d=mm&r=g\",\"caption\":\"cristianem\"},\"url\":\"https:\/\/www.pmpf.rs.gov.br\/procon\/author\/cristianem\/\"}]}<\/script>\n<!-- \/ Yoast SEO plugin. -->","yoast_head_json":{"title":"CORSAN abre cinco pontos tempor\u00e1rios para atender a popula\u00e7\u00e3o em Passo Fundo - PROCON","robots":{"index":"index","follow":"follow","max-snippet":"max-snippet:-1","max-image-preview":"max-image-preview:large","max-video-preview":"max-video-preview:-1"},"canonical":"https:\/\/www.pmpf.rs.gov.br\/procon\/2025\/02\/18\/corsan-abre-cinco-pontos-temporarios-para-atender-a-populacao-em-passo-fundo\/","og_locale":"pt_BR","og_type":"article","og_title":"CORSAN abre cinco pontos tempor\u00e1rios para atender a popula\u00e7\u00e3o em Passo Fundo - PROCON","og_description":"Os cinco pontos da atendimento da CORSAN ficam dispon\u00edveis para tirar d\u00favidas sobre servi\u00e7os e negociar faturas.","og_url":"https:\/\/www.pmpf.rs.gov.br\/procon\/2025\/02\/18\/corsan-abre-cinco-pontos-temporarios-para-atender-a-populacao-em-passo-fundo\/","og_site_name":"PROCON","article_published_time":"2025-02-18T17:48:00+00:00","article_modified_time":"2025-04-03T18:46:02+00:00","author":"cristianem","twitter_card":"summary_large_image","twitter_misc":{"Escrito por":"cristianem","Est. tempo de leitura":"1 minuto"},"schema":{"@context":"https:\/\/schema.org","@graph":[{"@type":"WebPage","@id":"https:\/\/www.pmpf.rs.gov.br\/procon\/2025\/02\/18\/corsan-abre-cinco-pontos-temporarios-para-atender-a-populacao-em-passo-fundo\/","url":"https:\/\/www.pmpf.rs.gov.br\/procon\/2025\/02\/18\/corsan-abre-cinco-pontos-temporarios-para-atender-a-populacao-em-passo-fundo\/","name":"CORSAN abre cinco pontos tempor\u00e1rios para atender a popula\u00e7\u00e3o em Passo Fundo - PROCON","isPartOf":{"@id":"https:\/\/www.pmpf.rs.gov.br\/procon\/#website"},"datePublished":"2025-02-18T17:48:00+00:00","dateModified":"2025-04-03T18:46:02+00:00","author":{"@id":"https:\/\/www.pmpf.rs.gov.br\/procon\/#\/schema\/person\/7546f09893e4b6bb3b2692a8a4132462"},"breadcrumb":{"@id":"https:\/\/www.pmpf.rs.gov.br\/procon\/2025\/02\/18\/corsan-abre-cinco-pontos-temporarios-para-atender-a-populacao-em-passo-fundo\/#breadcrumb"},"inLanguage":"pt-BR","potentialAction":[{"@type":"ReadAction","target":["https:\/\/www.pmpf.rs.gov.br\/procon\/2025\/02\/18\/corsan-abre-cinco-pontos-temporarios-para-atender-a-populacao-em-passo-fundo\/"]}]},{"@type":"BreadcrumbList","@id":"https:\/\/www.pmpf.rs.gov.br\/procon\/2025\/02\/18\/corsan-abre-cinco-pontos-temporarios-para-atender-a-populacao-em-passo-fundo\/#breadcrumb","itemListElement":[{"@type":"ListItem","position":1,"name":"In\u00edcio","item":"https:\/\/www.pmpf.rs.gov.br\/procon\/"},{"@type":"ListItem","position":2,"name":"CORSAN abre cinco pontos tempor\u00e1rios para atender a popula\u00e7\u00e3o em Passo Fundo"}]},{"@type":"WebSite","@id":"https:\/\/www.pmpf.rs.gov.br\/procon\/#website","url":"https:\/\/www.pmpf.rs.gov.br\/procon\/","name":"PROCON","description":"","potentialAction":[{"@type":"SearchAction","target":{"@type":"EntryPoint","urlTemplate":"https:\/\/www.pmpf.rs.gov.br\/procon\/?s={search_term_string}"},"query-input":{"@type":"PropertyValueSpecification","valueRequired":true,"valueName":"search_term_string"}}],"inLanguage":"pt-BR"},{"@type":"Person","@id":"https:\/\/www.pmpf.rs.gov.br\/procon\/#\/schema\/person\/7546f09893e4b6bb3b2692a8a4132462","name":"cristianem","image":{"@type":"ImageObject","inLanguage":"pt-BR","@id":"https:\/\/www.pmpf.rs.gov.br\/procon\/#\/schema\/person\/image\/","url":"https:\/\/secure.gravatar.com\/avatar\/66d52b92d6080d2743ba29b3cdbdf293?s=96&d=mm&r=g","contentUrl":"https:\/\/secure.gravatar.com\/avatar\/66d52b92d6080d2743ba29b3cdbdf293?s=96&d=mm&r=g","caption":"cristianem"},"url":"https:\/\/www.pmpf.rs.gov.br\/procon\/author\/cristianem\/"}]}},"_links":{"self":[{"href":"https:\/\/www.pmpf.rs.gov.br\/procon\/wp-json\/wp\/v2\/posts\/64"}],"collection":[{"href":"https:\/\/www.pmpf.rs.gov.br\/procon\/wp-json\/wp\/v2\/posts"}],"about":[{"href":"https:\/\/www.pmpf.rs.gov.br\/procon\/wp-json\/wp\/v2\/types\/post"}],"author":[{"embeddable":true,"href":"https:\/\/www.pmpf.rs.gov.br\/procon\/wp-json\/wp\/v2\/users\/4"}],"replies":[{"embeddable":true,"href":"https:\/\/www.pmpf.rs.gov.br\/procon\/wp-json\/wp\/v2\/comments?post=64"}],"version-history":[{"count":1,"href":"https:\/\/www.pmpf.rs.gov.br\/procon\/wp-json\/wp\/v2\/posts\/64\/revisions"}],"predecessor-version":[{"id":65,"href":"https:\/\/www.pmpf.rs.gov.br\/procon\/wp-json\/wp\/v2\/posts\/64\/revisions\/65"}],"wp:attachment":[{"href":"https:\/\/www.pmpf.rs.gov.br\/procon\/wp-json\/wp\/v2\/media?parent=64"}],"wp:term":[{"taxonomy":"category","embeddable":true,"href":"https:\/\/www.pmpf.rs.gov.br\/procon\/wp-json\/wp\/v2\/categories?post=64"},{"taxonomy":"post_tag","embeddable":true,"href":"https:\/\/www.pmpf.rs.gov.br\/procon\/wp-json\/wp\/v2\/tags?post=64"}],"curies":[{"name":"wp","href":"https:\/\/api.w.org\/{rel}","templated":true}]}}