{"id":110,"date":"2026-01-26T15:12:57","date_gmt":"2026-01-26T18:12:57","guid":{"rendered":"https:\/\/www.pmpf.rs.gov.br\/procon\/?p=110"},"modified":"2026-02-10T15:14:06","modified_gmt":"2026-02-10T18:14:06","slug":"procon-participa-da-primeira-edicao-do-bairro-a-bairro-2026","status":"publish","type":"post","link":"https:\/\/www.pmpf.rs.gov.br\/procon\/2026\/01\/26\/procon-participa-da-primeira-edicao-do-bairro-a-bairro-2026\/","title":{"rendered":"Procon participa da primeira edi\u00e7\u00e3o do Bairro a Bairro 2026."},"content":{"rendered":"\n<p>O Procon Municipal de Passo Fundo esteve presente no dia 24 de janeiro, na primeira edi\u00e7\u00e3o de 2026 do Programa Prefeitura Bairro a Bairro. A iniciativa foi promovida pelo Munic\u00edpio com o objetivo de aproximar o Poder P\u00fablico da popula\u00e7\u00e3o e ampliar o acesso aos servi\u00e7os p\u00fablicos.<\/p>\n\n\n\n<p>Durante a a\u00e7\u00e3o, a equipe do Procon realizou atendimentos \u00e0 comunidade, prestando orienta\u00e7\u00f5es aos consumidores, esclarecendo d\u00favidas sobre direitos previstos no C\u00f3digo de Defesa do Consumidor e auxiliando na resolu\u00e7\u00e3o de demandas relacionadas \u00e0s rela\u00e7\u00f5es de consumo.<\/p>\n\n\n\n<p>A participa\u00e7\u00e3o no programa refor\u00e7a o compromisso do Procon Municipal com a promo\u00e7\u00e3o da cidadania e a prote\u00e7\u00e3o dos direitos do consumidor, por meio do di\u00e1logo, do acolhimento e da presen\u00e7a direta nos bairros. A iniciativa permite que informa\u00e7\u00f5es e servi\u00e7os cheguem de forma mais \u00e1gil e acess\u00edvel \u00e0 popula\u00e7\u00e3o, especialmente \u00e0queles que enfrentam dificuldades de deslocamento at\u00e9 os \u00f3rg\u00e3os p\u00fablicos.<\/p>\n\n\n\n<p>O Programa Prefeitura Bairro a Bairro seguir\u00e1 sendo realizado em diferentes regi\u00f5es do munic\u00edpio, fortalecendo a aproxima\u00e7\u00e3o entre a administra\u00e7\u00e3o p\u00fablica e a comunidade.<\/p>\n\n\n\n<p><a href=\"http:\/\/procon.pmpf.rs.gov.br\/restrito\/upload\/noticias\/38.jpg\"><\/a><\/p>\n","protected":false},"excerpt":{"rendered":"<p>O PROCON ealizou atendimento \u00e0 comunidade no Bairro a Bairro do dia 24 de janeiro de 2026.<\/p>\n","protected":false},"author":4,"featured_media":111,"comment_status":"closed","ping_status":"closed","sticky":false,"template":"","format":"standard","meta":{"footnotes":""},"categories":[2],"tags":[],"class_list":["post-110","post","type-post","status-publish","format-standard","has-post-thumbnail","hentry","category-procon"],"yoast_head":"<!-- This site is optimized with the Yoast SEO plugin v23.8 - https:\/\/yoast.com\/wordpress\/plugins\/seo\/ -->\n<title>Procon participa da primeira edi\u00e7\u00e3o do Bairro a Bairro 2026. - PROCON<\/title>\n<meta name=\"robots\" content=\"index, follow, max-snippet:-1, max-image-preview:large, max-video-preview:-1\" \/>\n<link rel=\"canonical\" href=\"https:\/\/www.pmpf.rs.gov.br\/procon\/2026\/01\/26\/procon-participa-da-primeira-edicao-do-bairro-a-bairro-2026\/\" \/>\n<meta property=\"og:locale\" content=\"pt_BR\" \/>\n<meta property=\"og:type\" content=\"article\" \/>\n<meta property=\"og:title\" content=\"Procon participa da primeira edi\u00e7\u00e3o do Bairro a Bairro 2026. - PROCON\" \/>\n<meta property=\"og:description\" content=\"O PROCON ealizou atendimento \u00e0 comunidade no Bairro a Bairro do dia 24 de janeiro de 2026.\" \/>\n<meta property=\"og:url\" content=\"https:\/\/www.pmpf.rs.gov.br\/procon\/2026\/01\/26\/procon-participa-da-primeira-edicao-do-bairro-a-bairro-2026\/\" \/>\n<meta property=\"og:site_name\" content=\"PROCON\" \/>\n<meta property=\"article:published_time\" content=\"2026-01-26T18:12:57+00:00\" \/>\n<meta property=\"article:modified_time\" content=\"2026-02-10T18:14:06+00:00\" \/>\n<meta property=\"og:image\" content=\"https:\/\/www.pmpf.rs.gov.br\/procon\/wp-content\/uploads\/sites\/84\/2026\/02\/foto-bairro-a-bairro-jan-2026.jpg\" \/>\n\t<meta property=\"og:image:width\" content=\"1600\" \/>\n\t<meta property=\"og:image:height\" content=\"900\" \/>\n\t<meta property=\"og:image:type\" content=\"image\/jpeg\" \/>\n<meta name=\"author\" content=\"cristianem\" \/>\n<meta name=\"twitter:card\" content=\"summary_large_image\" \/>\n<meta name=\"twitter:label1\" content=\"Escrito por\" \/>\n\t<meta name=\"twitter:data1\" content=\"cristianem\" \/>\n\t<meta name=\"twitter:label2\" content=\"Est. tempo de leitura\" \/>\n\t<meta name=\"twitter:data2\" content=\"1 minuto\" \/>\n<script type=\"application\/ld+json\" class=\"yoast-schema-graph\">{\"@context\":\"https:\/\/schema.org\",\"@graph\":[{\"@type\":\"WebPage\",\"@id\":\"https:\/\/www.pmpf.rs.gov.br\/procon\/2026\/01\/26\/procon-participa-da-primeira-edicao-do-bairro-a-bairro-2026\/\",\"url\":\"https:\/\/www.pmpf.rs.gov.br\/procon\/2026\/01\/26\/procon-participa-da-primeira-edicao-do-bairro-a-bairro-2026\/\",\"name\":\"Procon participa da primeira edi\u00e7\u00e3o do Bairro a Bairro 2026. - PROCON\",\"isPartOf\":{\"@id\":\"https:\/\/www.pmpf.rs.gov.br\/procon\/#website\"},\"primaryImageOfPage\":{\"@id\":\"https:\/\/www.pmpf.rs.gov.br\/procon\/2026\/01\/26\/procon-participa-da-primeira-edicao-do-bairro-a-bairro-2026\/#primaryimage\"},\"image\":{\"@id\":\"https:\/\/www.pmpf.rs.gov.br\/procon\/2026\/01\/26\/procon-participa-da-primeira-edicao-do-bairro-a-bairro-2026\/#primaryimage\"},\"thumbnailUrl\":\"https:\/\/www.pmpf.rs.gov.br\/procon\/wp-content\/uploads\/sites\/84\/2026\/02\/foto-bairro-a-bairro-jan-2026.jpg\",\"datePublished\":\"2026-01-26T18:12:57+00:00\",\"dateModified\":\"2026-02-10T18:14:06+00:00\",\"author\":{\"@id\":\"https:\/\/www.pmpf.rs.gov.br\/procon\/#\/schema\/person\/7546f09893e4b6bb3b2692a8a4132462\"},\"breadcrumb\":{\"@id\":\"https:\/\/www.pmpf.rs.gov.br\/procon\/2026\/01\/26\/procon-participa-da-primeira-edicao-do-bairro-a-bairro-2026\/#breadcrumb\"},\"inLanguage\":\"pt-BR\",\"potentialAction\":[{\"@type\":\"ReadAction\",\"target\":[\"https:\/\/www.pmpf.rs.gov.br\/procon\/2026\/01\/26\/procon-participa-da-primeira-edicao-do-bairro-a-bairro-2026\/\"]}]},{\"@type\":\"ImageObject\",\"inLanguage\":\"pt-BR\",\"@id\":\"https:\/\/www.pmpf.rs.gov.br\/procon\/2026\/01\/26\/procon-participa-da-primeira-edicao-do-bairro-a-bairro-2026\/#primaryimage\",\"url\":\"https:\/\/www.pmpf.rs.gov.br\/procon\/wp-content\/uploads\/sites\/84\/2026\/02\/foto-bairro-a-bairro-jan-2026.jpg\",\"contentUrl\":\"https:\/\/www.pmpf.rs.gov.br\/procon\/wp-content\/uploads\/sites\/84\/2026\/02\/foto-bairro-a-bairro-jan-2026.jpg\",\"width\":1600,\"height\":900},{\"@type\":\"BreadcrumbList\",\"@id\":\"https:\/\/www.pmpf.rs.gov.br\/procon\/2026\/01\/26\/procon-participa-da-primeira-edicao-do-bairro-a-bairro-2026\/#breadcrumb\",\"itemListElement\":[{\"@type\":\"ListItem\",\"position\":1,\"name\":\"In\u00edcio\",\"item\":\"https:\/\/www.pmpf.rs.gov.br\/procon\/\"},{\"@type\":\"ListItem\",\"position\":2,\"name\":\"Procon participa da primeira edi\u00e7\u00e3o do Bairro a Bairro 2026.\"}]},{\"@type\":\"WebSite\",\"@id\":\"https:\/\/www.pmpf.rs.gov.br\/procon\/#website\",\"url\":\"https:\/\/www.pmpf.rs.gov.br\/procon\/\",\"name\":\"PROCON\",\"description\":\"\",\"potentialAction\":[{\"@type\":\"SearchAction\",\"target\":{\"@type\":\"EntryPoint\",\"urlTemplate\":\"https:\/\/www.pmpf.rs.gov.br\/procon\/?s={search_term_string}\"},\"query-input\":{\"@type\":\"PropertyValueSpecification\",\"valueRequired\":true,\"valueName\":\"search_term_string\"}}],\"inLanguage\":\"pt-BR\"},{\"@type\":\"Person\",\"@id\":\"https:\/\/www.pmpf.rs.gov.br\/procon\/#\/schema\/person\/7546f09893e4b6bb3b2692a8a4132462\",\"name\":\"cristianem\",\"image\":{\"@type\":\"ImageObject\",\"inLanguage\":\"pt-BR\",\"@id\":\"https:\/\/www.pmpf.rs.gov.br\/procon\/#\/schema\/person\/image\/\",\"url\":\"https:\/\/secure.gravatar.com\/avatar\/66d52b92d6080d2743ba29b3cdbdf293?s=96&d=mm&r=g\",\"contentUrl\":\"https:\/\/secure.gravatar.com\/avatar\/66d52b92d6080d2743ba29b3cdbdf293?s=96&d=mm&r=g\",\"caption\":\"cristianem\"},\"url\":\"https:\/\/www.pmpf.rs.gov.br\/procon\/author\/cristianem\/\"}]}<\/script>\n<!-- \/ Yoast SEO plugin. -->","yoast_head_json":{"title":"Procon participa da primeira edi\u00e7\u00e3o do Bairro a Bairro 2026. - PROCON","robots":{"index":"index","follow":"follow","max-snippet":"max-snippet:-1","max-image-preview":"max-image-preview:large","max-video-preview":"max-video-preview:-1"},"canonical":"https:\/\/www.pmpf.rs.gov.br\/procon\/2026\/01\/26\/procon-participa-da-primeira-edicao-do-bairro-a-bairro-2026\/","og_locale":"pt_BR","og_type":"article","og_title":"Procon participa da primeira edi\u00e7\u00e3o do Bairro a Bairro 2026. - PROCON","og_description":"O PROCON ealizou atendimento \u00e0 comunidade no Bairro a Bairro do dia 24 de janeiro de 2026.","og_url":"https:\/\/www.pmpf.rs.gov.br\/procon\/2026\/01\/26\/procon-participa-da-primeira-edicao-do-bairro-a-bairro-2026\/","og_site_name":"PROCON","article_published_time":"2026-01-26T18:12:57+00:00","article_modified_time":"2026-02-10T18:14:06+00:00","og_image":[{"width":1600,"height":900,"url":"https:\/\/www.pmpf.rs.gov.br\/procon\/wp-content\/uploads\/sites\/84\/2026\/02\/foto-bairro-a-bairro-jan-2026.jpg","type":"image\/jpeg"}],"author":"cristianem","twitter_card":"summary_large_image","twitter_misc":{"Escrito por":"cristianem","Est. tempo de leitura":"1 minuto"},"schema":{"@context":"https:\/\/schema.org","@graph":[{"@type":"WebPage","@id":"https:\/\/www.pmpf.rs.gov.br\/procon\/2026\/01\/26\/procon-participa-da-primeira-edicao-do-bairro-a-bairro-2026\/","url":"https:\/\/www.pmpf.rs.gov.br\/procon\/2026\/01\/26\/procon-participa-da-primeira-edicao-do-bairro-a-bairro-2026\/","name":"Procon participa da primeira edi\u00e7\u00e3o do Bairro a Bairro 2026. - PROCON","isPartOf":{"@id":"https:\/\/www.pmpf.rs.gov.br\/procon\/#website"},"primaryImageOfPage":{"@id":"https:\/\/www.pmpf.rs.gov.br\/procon\/2026\/01\/26\/procon-participa-da-primeira-edicao-do-bairro-a-bairro-2026\/#primaryimage"},"image":{"@id":"https:\/\/www.pmpf.rs.gov.br\/procon\/2026\/01\/26\/procon-participa-da-primeira-edicao-do-bairro-a-bairro-2026\/#primaryimage"},"thumbnailUrl":"https:\/\/www.pmpf.rs.gov.br\/procon\/wp-content\/uploads\/sites\/84\/2026\/02\/foto-bairro-a-bairro-jan-2026.jpg","datePublished":"2026-01-26T18:12:57+00:00","dateModified":"2026-02-10T18:14:06+00:00","author":{"@id":"https:\/\/www.pmpf.rs.gov.br\/procon\/#\/schema\/person\/7546f09893e4b6bb3b2692a8a4132462"},"breadcrumb":{"@id":"https:\/\/www.pmpf.rs.gov.br\/procon\/2026\/01\/26\/procon-participa-da-primeira-edicao-do-bairro-a-bairro-2026\/#breadcrumb"},"inLanguage":"pt-BR","potentialAction":[{"@type":"ReadAction","target":["https:\/\/www.pmpf.rs.gov.br\/procon\/2026\/01\/26\/procon-participa-da-primeira-edicao-do-bairro-a-bairro-2026\/"]}]},{"@type":"ImageObject","inLanguage":"pt-BR","@id":"https:\/\/www.pmpf.rs.gov.br\/procon\/2026\/01\/26\/procon-participa-da-primeira-edicao-do-bairro-a-bairro-2026\/#primaryimage","url":"https:\/\/www.pmpf.rs.gov.br\/procon\/wp-content\/uploads\/sites\/84\/2026\/02\/foto-bairro-a-bairro-jan-2026.jpg","contentUrl":"https:\/\/www.pmpf.rs.gov.br\/procon\/wp-content\/uploads\/sites\/84\/2026\/02\/foto-bairro-a-bairro-jan-2026.jpg","width":1600,"height":900},{"@type":"BreadcrumbList","@id":"https:\/\/www.pmpf.rs.gov.br\/procon\/2026\/01\/26\/procon-participa-da-primeira-edicao-do-bairro-a-bairro-2026\/#breadcrumb","itemListElement":[{"@type":"ListItem","position":1,"name":"In\u00edcio","item":"https:\/\/www.pmpf.rs.gov.br\/procon\/"},{"@type":"ListItem","position":2,"name":"Procon participa da primeira edi\u00e7\u00e3o do Bairro a Bairro 2026."}]},{"@type":"WebSite","@id":"https:\/\/www.pmpf.rs.gov.br\/procon\/#website","url":"https:\/\/www.pmpf.rs.gov.br\/procon\/","name":"PROCON","description":"","potentialAction":[{"@type":"SearchAction","target":{"@type":"EntryPoint","urlTemplate":"https:\/\/www.pmpf.rs.gov.br\/procon\/?s={search_term_string}"},"query-input":{"@type":"PropertyValueSpecification","valueRequired":true,"valueName":"search_term_string"}}],"inLanguage":"pt-BR"},{"@type":"Person","@id":"https:\/\/www.pmpf.rs.gov.br\/procon\/#\/schema\/person\/7546f09893e4b6bb3b2692a8a4132462","name":"cristianem","image":{"@type":"ImageObject","inLanguage":"pt-BR","@id":"https:\/\/www.pmpf.rs.gov.br\/procon\/#\/schema\/person\/image\/","url":"https:\/\/secure.gravatar.com\/avatar\/66d52b92d6080d2743ba29b3cdbdf293?s=96&d=mm&r=g","contentUrl":"https:\/\/secure.gravatar.com\/avatar\/66d52b92d6080d2743ba29b3cdbdf293?s=96&d=mm&r=g","caption":"cristianem"},"url":"https:\/\/www.pmpf.rs.gov.br\/procon\/author\/cristianem\/"}]}},"_links":{"self":[{"href":"https:\/\/www.pmpf.rs.gov.br\/procon\/wp-json\/wp\/v2\/posts\/110"}],"collection":[{"href":"https:\/\/www.pmpf.rs.gov.br\/procon\/wp-json\/wp\/v2\/posts"}],"about":[{"href":"https:\/\/www.pmpf.rs.gov.br\/procon\/wp-json\/wp\/v2\/types\/post"}],"author":[{"embeddable":true,"href":"https:\/\/www.pmpf.rs.gov.br\/procon\/wp-json\/wp\/v2\/users\/4"}],"replies":[{"embeddable":true,"href":"https:\/\/www.pmpf.rs.gov.br\/procon\/wp-json\/wp\/v2\/comments?post=110"}],"version-history":[{"count":1,"href":"https:\/\/www.pmpf.rs.gov.br\/procon\/wp-json\/wp\/v2\/posts\/110\/revisions"}],"predecessor-version":[{"id":112,"href":"https:\/\/www.pmpf.rs.gov.br\/procon\/wp-json\/wp\/v2\/posts\/110\/revisions\/112"}],"wp:featuredmedia":[{"embeddable":true,"href":"https:\/\/www.pmpf.rs.gov.br\/procon\/wp-json\/wp\/v2\/media\/111"}],"wp:attachment":[{"href":"https:\/\/www.pmpf.rs.gov.br\/procon\/wp-json\/wp\/v2\/media?parent=110"}],"wp:term":[{"taxonomy":"category","embeddable":true,"href":"https:\/\/www.pmpf.rs.gov.br\/procon\/wp-json\/wp\/v2\/categories?post=110"},{"taxonomy":"post_tag","embeddable":true,"href":"https:\/\/www.pmpf.rs.gov.br\/procon\/wp-json\/wp\/v2\/tags?post=110"}],"curies":[{"name":"wp","href":"https:\/\/api.w.org\/{rel}","templated":true}]}}