{"id":2963,"date":"2025-03-10T09:48:52","date_gmt":"2025-03-10T12:48:52","guid":{"rendered":"https:\/\/www.pmpf.rs.gov.br\/prefeito\/?p=2963"},"modified":"2025-03-10T09:48:53","modified_gmt":"2025-03-10T12:48:53","slug":"prefeito-determina-multa-diaria-retroativa-de-r-125-mil-a-corsan-por-falta-de-agua","status":"publish","type":"post","link":"https:\/\/www.pmpf.rs.gov.br\/prefeito\/2025\/03\/10\/prefeito-determina-multa-diaria-retroativa-de-r-125-mil-a-corsan-por-falta-de-agua\/","title":{"rendered":"Prefeito determina multa di\u00e1ria retroativa de R$ 125 mil \u00e0 Corsan por falta de \u00e1gua"},"content":{"rendered":"\n<p><\/p>\n\n\n\n<p>O prefeito de Passo Fundo, Pedro Almeida, anunciou uma ordem de servi\u00e7o, neste domingo (09), determinando multa \u00e0 Corsan, no valor de R$ 125 mil por dia, em fun\u00e7\u00e3o das falhas no abastecimento de \u00e1gua no munic\u00edpio. Desde meados do m\u00eas de fevereiro, a falta de \u00e1gua afeta milhares de moradores da cidade. A penalidade ser\u00e1 retroativa ao per\u00edodo.<\/p>\n\n\n\n<p>\u201cN\u00e3o h\u00e1 mais justificativa para a popula\u00e7\u00e3o de Passo Fundo seguir sofrendo com a falta de \u00e1gua. Temos cobrado insistentemente solu\u00e7\u00f5es da Corsan, mas, diante da continuidade do problema, tomamos essa medida para que a empresa assuma sua responsabilidade e restabele\u00e7a o abastecimento de forma definitiva\u201d, afirmou o prefeito.<\/p>\n\n\n\n<p>A Prefeitura solicitou reuni\u00e3o nesta semana, em Porto Alegre, com a Ag\u00eancia Estadual de Regula\u00e7\u00e3o dos Servi\u00e7os P\u00fablicos (AGERGS), \u00f3rg\u00e3o respons\u00e1vel pela fiscaliza\u00e7\u00e3o dos servi\u00e7os da Corsan, para cobrar efetivo controle do servi\u00e7o que est\u00e1 sendo prestado.<\/p>\n\n\n\n<p><\/p>\n\n\n\n<p><strong>CONFIRA ALGUMAS A\u00c7\u00d5ES DA PREFEITURA:<\/strong><\/p>\n\n\n\n<p>07\/02\/2025 \u2013 A Prefeitura e a C\u00e2mara Municipal apontam formalmente os problemas e solicitam respostas e a\u00e7\u00f5es para atender os moradores de Passo Fundo;<\/p>\n\n\n\n<p>12\/02\/2025 \u2013 Em reuni\u00e3o na sede da Corsan, em Porto Alegre, o Munic\u00edpio cobra a\u00e7\u00f5es e pede a abertura de pontos tempor\u00e1rios para o atendimento presencial<br>da comunidade, nos bairros;<\/p>\n\n\n\n<p>24\/02\/2025 \u2013 Um Decreto Municipal aumenta o poder de fiscaliza\u00e7\u00e3o do Munic\u00edpio referente ao contrato de concess\u00e3o dos servi\u00e7os de \u00e1gua e esgoto; a Prefeitura tamb\u00e9m relata os problemas de abastecimento de \u00e1gua, pedindo para a Agergs informa\u00e7\u00f5es sobre o efetivo em Passo Fundo para acompanhar a execu\u00e7\u00e3o do contrato;<\/p>\n\n\n\n<p>O Munic\u00edpio abre, ainda, um processo administrativo contra a Corsan no Procon Municipal devido \u00e0s diversas reclama\u00e7\u00f5es dos consumidores;<\/p>\n\n\n\n<p>25\/02\/2025 \u2013 A Prefeitura se re\u00fane com a presid\u00eancia e diretores da Corsan, com a participa\u00e7\u00e3o da C\u00e2mara Municipal, e faz severas cobran\u00e7as \u00e0 companhia, principalmente, pela falta de um eficaz plano de manuten\u00e7\u00e3o da rede e a inadmiss\u00edvel falta de \u00e1gua;<\/p>\n\n\n\n<p>26\/02\/2025 \u2013 O Munic\u00edpio abre um processo administrativo com foco no<br>restabelecimento do fornecimento de \u00e1gua para 100% da cidade, e a apresenta\u00e7\u00e3o de um plano de manuten\u00e7\u00e3o. A multa prevista \u00e9 no valor m\u00e1ximo<br>de 50.000 Unidades Fiscais Municipais.<\/p>\n\n\n\n<p>27\/02\/2025 \u2013 Acontece a audi\u00eancia da A\u00e7\u00e3o Civil P\u00fablica movida pela Defensoria P\u00fablica. O Munic\u00edpio reitera o inequ\u00edvoco posicionamento de cobran\u00e7a da Corsan, bem como as falhas no abastecimento de \u00e1gua, a necessidade de um<br>plano de manuten\u00e7\u00e3o e a\u00e7\u00f5es para coibir pr\u00e1ticas abusivas, o que possibilitou<br>um importante avan\u00e7o: a companhia dever\u00e1 reavaliar contas de \u00e1gua que<br>tiveram consumo superior a 20 metros c\u00fabicos e aumento de mais de 40% na fatura;<\/p>\n\n\n\n<p>28\/02\/2025 \u2013 O Munic\u00edpio abre um processo administrativo sobre o prazo para a<br>recomposi\u00e7\u00e3o dos pavimentos e a qualidade da recomposi\u00e7\u00e3o do asfalto, com previs\u00e3o de multa di\u00e1ria de 500 UFM\u2019s;<\/p>\n\n\n\n<p>O Munic\u00edpio abre, ainda, um processo administrativo contra a Corsan focado nas a\u00e7\u00f5es preventivas a fim de evitar novos desabastecimentos de \u00e1gua, e solicita um plano de manuten\u00e7\u00e3o preventiva das grandes redes, adutoras e esta\u00e7\u00e3o de bombeamento, outra adutora para a ETA 3, acesso f\u00e1cil \u00e0s redes, aumento da capacidade de tratamento das ETA\u2019s e cronograma de obras para a execu\u00e7\u00e3o dessas medidas, com previs\u00e3o de multa de at\u00e9 50.000 UFM\u2019s;<\/p>\n\n\n\n<p>05\/03\/2025 \u2013 O Munic\u00edpio assina uma Ordem de Servi\u00e7o determinando para a<br>Secretaria de Cidadania e Assist\u00eancia Social o encaminhamento mensal, at\u00e9 o d\u00e9cimo dia de cada m\u00eas, do nome e endere\u00e7o das pessoas constantes no Cadastro \u00danico para a Corsan, a fim de garantir o acesso autom\u00e1tico dessas<br>fam\u00edlias ao benef\u00edcio da tarifa social, sem a necessidade de outros procedimentos;<\/p>\n\n\n\n<p>05\/03\/2025 &#8211; O Munic\u00edpio, atrav\u00e9s da Secretaria de Obras, inicia um levantamento de todas as ruas abertas pela Corsan, que ir\u00e1 compor um novo processo para consertos imediatos destas ruas com pavimenta\u00e7\u00e3o adequada e acabamento.<\/p>\n\n\n\n<p>09\/03\/2025 &#8211; Prefeitura determina multa di\u00e1ria retroativa de R$ 125 mil \u00e0 Corsan por falhas no abastecimento de \u00e1gua.<\/p>\n","protected":false},"excerpt":{"rendered":"<p>O prefeito de Passo Fundo, Pedro Almeida, anunciou uma ordem de servi\u00e7o, neste domingo (09), determinando multa \u00e0 Corsan, no valor de R$ 125 mil por dia, em fun\u00e7\u00e3o das falhas no [&hellip;]<\/p>\n","protected":false},"author":6,"featured_media":0,"comment_status":"closed","ping_status":"closed","sticky":false,"template":"","format":"standard","meta":{"footnotes":""},"categories":[1],"tags":[],"class_list":["post-2963","post","type-post","status-publish","format-standard","hentry","category-sem-categoria"],"yoast_head":"<!-- This site is optimized with the Yoast SEO plugin v23.8 - https:\/\/yoast.com\/wordpress\/plugins\/seo\/ -->\n<title>Prefeito determina multa di\u00e1ria retroativa de R$ 125 mil \u00e0 Corsan por falta de \u00e1gua - Prefeito<\/title>\n<meta name=\"robots\" content=\"index, follow, max-snippet:-1, max-image-preview:large, max-video-preview:-1\" \/>\n<link rel=\"canonical\" href=\"https:\/\/www.pmpf.rs.gov.br\/prefeito\/2025\/03\/10\/prefeito-determina-multa-diaria-retroativa-de-r-125-mil-a-corsan-por-falta-de-agua\/\" \/>\n<meta property=\"og:locale\" content=\"pt_BR\" \/>\n<meta property=\"og:type\" content=\"article\" \/>\n<meta property=\"og:title\" content=\"Prefeito determina multa di\u00e1ria retroativa de R$ 125 mil \u00e0 Corsan por falta de \u00e1gua - Prefeito\" \/>\n<meta property=\"og:description\" content=\"O prefeito de Passo Fundo, Pedro Almeida, anunciou uma ordem de servi\u00e7o, neste domingo (09), determinando multa \u00e0 Corsan, no valor de R$ 125 mil por dia, em fun\u00e7\u00e3o das falhas no [&hellip;]\" \/>\n<meta property=\"og:url\" content=\"https:\/\/www.pmpf.rs.gov.br\/prefeito\/2025\/03\/10\/prefeito-determina-multa-diaria-retroativa-de-r-125-mil-a-corsan-por-falta-de-agua\/\" \/>\n<meta property=\"og:site_name\" content=\"Prefeito\" \/>\n<meta property=\"article:published_time\" content=\"2025-03-10T12:48:52+00:00\" \/>\n<meta property=\"article:modified_time\" content=\"2025-03-10T12:48:53+00:00\" \/>\n<meta name=\"author\" content=\"andressazorzetto07\" \/>\n<meta name=\"twitter:card\" content=\"summary_large_image\" \/>\n<meta name=\"twitter:label1\" content=\"Escrito por\" \/>\n\t<meta name=\"twitter:data1\" content=\"andressazorzetto07\" \/>\n\t<meta name=\"twitter:label2\" content=\"Est. tempo de leitura\" \/>\n\t<meta name=\"twitter:data2\" content=\"3 minutos\" \/>\n<script type=\"application\/ld+json\" class=\"yoast-schema-graph\">{\"@context\":\"https:\/\/schema.org\",\"@graph\":[{\"@type\":\"WebPage\",\"@id\":\"https:\/\/www.pmpf.rs.gov.br\/prefeito\/2025\/03\/10\/prefeito-determina-multa-diaria-retroativa-de-r-125-mil-a-corsan-por-falta-de-agua\/\",\"url\":\"https:\/\/www.pmpf.rs.gov.br\/prefeito\/2025\/03\/10\/prefeito-determina-multa-diaria-retroativa-de-r-125-mil-a-corsan-por-falta-de-agua\/\",\"name\":\"Prefeito determina multa di\u00e1ria retroativa de R$ 125 mil \u00e0 Corsan por falta de \u00e1gua - Prefeito\",\"isPartOf\":{\"@id\":\"https:\/\/www.pmpf.rs.gov.br\/prefeito\/#website\"},\"datePublished\":\"2025-03-10T12:48:52+00:00\",\"dateModified\":\"2025-03-10T12:48:53+00:00\",\"author\":{\"@id\":\"https:\/\/www.pmpf.rs.gov.br\/prefeito\/#\/schema\/person\/30ee1d1bd74da1469b01fcf086e43351\"},\"inLanguage\":\"pt-BR\",\"potentialAction\":[{\"@type\":\"ReadAction\",\"target\":[\"https:\/\/www.pmpf.rs.gov.br\/prefeito\/2025\/03\/10\/prefeito-determina-multa-diaria-retroativa-de-r-125-mil-a-corsan-por-falta-de-agua\/\"]}]},{\"@type\":\"WebSite\",\"@id\":\"https:\/\/www.pmpf.rs.gov.br\/prefeito\/#website\",\"url\":\"https:\/\/www.pmpf.rs.gov.br\/prefeito\/\",\"name\":\"Prefeito\",\"description\":\"S\u00f3 mais um site Prefeitura de Passo Fundo\",\"potentialAction\":[{\"@type\":\"SearchAction\",\"target\":{\"@type\":\"EntryPoint\",\"urlTemplate\":\"https:\/\/www.pmpf.rs.gov.br\/prefeito\/?s={search_term_string}\"},\"query-input\":{\"@type\":\"PropertyValueSpecification\",\"valueRequired\":true,\"valueName\":\"search_term_string\"}}],\"inLanguage\":\"pt-BR\"},{\"@type\":\"Person\",\"@id\":\"https:\/\/www.pmpf.rs.gov.br\/prefeito\/#\/schema\/person\/30ee1d1bd74da1469b01fcf086e43351\",\"name\":\"andressazorzetto07\",\"image\":{\"@type\":\"ImageObject\",\"inLanguage\":\"pt-BR\",\"@id\":\"https:\/\/www.pmpf.rs.gov.br\/prefeito\/#\/schema\/person\/image\/\",\"url\":\"https:\/\/secure.gravatar.com\/avatar\/14c5458ed79dc81da99a13b9ff5f9f19?s=96&d=mm&r=g\",\"contentUrl\":\"https:\/\/secure.gravatar.com\/avatar\/14c5458ed79dc81da99a13b9ff5f9f19?s=96&d=mm&r=g\",\"caption\":\"andressazorzetto07\"},\"url\":\"https:\/\/www.pmpf.rs.gov.br\/prefeito\/author\/andressazorzetto07\/\"}]}<\/script>\n<!-- \/ Yoast SEO plugin. -->","yoast_head_json":{"title":"Prefeito determina multa di\u00e1ria retroativa de R$ 125 mil \u00e0 Corsan por falta de \u00e1gua - Prefeito","robots":{"index":"index","follow":"follow","max-snippet":"max-snippet:-1","max-image-preview":"max-image-preview:large","max-video-preview":"max-video-preview:-1"},"canonical":"https:\/\/www.pmpf.rs.gov.br\/prefeito\/2025\/03\/10\/prefeito-determina-multa-diaria-retroativa-de-r-125-mil-a-corsan-por-falta-de-agua\/","og_locale":"pt_BR","og_type":"article","og_title":"Prefeito determina multa di\u00e1ria retroativa de R$ 125 mil \u00e0 Corsan por falta de \u00e1gua - Prefeito","og_description":"O prefeito de Passo Fundo, Pedro Almeida, anunciou uma ordem de servi\u00e7o, neste domingo (09), determinando multa \u00e0 Corsan, no valor de R$ 125 mil por dia, em fun\u00e7\u00e3o das falhas no [&hellip;]","og_url":"https:\/\/www.pmpf.rs.gov.br\/prefeito\/2025\/03\/10\/prefeito-determina-multa-diaria-retroativa-de-r-125-mil-a-corsan-por-falta-de-agua\/","og_site_name":"Prefeito","article_published_time":"2025-03-10T12:48:52+00:00","article_modified_time":"2025-03-10T12:48:53+00:00","author":"andressazorzetto07","twitter_card":"summary_large_image","twitter_misc":{"Escrito por":"andressazorzetto07","Est. tempo de leitura":"3 minutos"},"schema":{"@context":"https:\/\/schema.org","@graph":[{"@type":"WebPage","@id":"https:\/\/www.pmpf.rs.gov.br\/prefeito\/2025\/03\/10\/prefeito-determina-multa-diaria-retroativa-de-r-125-mil-a-corsan-por-falta-de-agua\/","url":"https:\/\/www.pmpf.rs.gov.br\/prefeito\/2025\/03\/10\/prefeito-determina-multa-diaria-retroativa-de-r-125-mil-a-corsan-por-falta-de-agua\/","name":"Prefeito determina multa di\u00e1ria retroativa de R$ 125 mil \u00e0 Corsan por falta de \u00e1gua - Prefeito","isPartOf":{"@id":"https:\/\/www.pmpf.rs.gov.br\/prefeito\/#website"},"datePublished":"2025-03-10T12:48:52+00:00","dateModified":"2025-03-10T12:48:53+00:00","author":{"@id":"https:\/\/www.pmpf.rs.gov.br\/prefeito\/#\/schema\/person\/30ee1d1bd74da1469b01fcf086e43351"},"inLanguage":"pt-BR","potentialAction":[{"@type":"ReadAction","target":["https:\/\/www.pmpf.rs.gov.br\/prefeito\/2025\/03\/10\/prefeito-determina-multa-diaria-retroativa-de-r-125-mil-a-corsan-por-falta-de-agua\/"]}]},{"@type":"WebSite","@id":"https:\/\/www.pmpf.rs.gov.br\/prefeito\/#website","url":"https:\/\/www.pmpf.rs.gov.br\/prefeito\/","name":"Prefeito","description":"S\u00f3 mais um site Prefeitura de Passo Fundo","potentialAction":[{"@type":"SearchAction","target":{"@type":"EntryPoint","urlTemplate":"https:\/\/www.pmpf.rs.gov.br\/prefeito\/?s={search_term_string}"},"query-input":{"@type":"PropertyValueSpecification","valueRequired":true,"valueName":"search_term_string"}}],"inLanguage":"pt-BR"},{"@type":"Person","@id":"https:\/\/www.pmpf.rs.gov.br\/prefeito\/#\/schema\/person\/30ee1d1bd74da1469b01fcf086e43351","name":"andressazorzetto07","image":{"@type":"ImageObject","inLanguage":"pt-BR","@id":"https:\/\/www.pmpf.rs.gov.br\/prefeito\/#\/schema\/person\/image\/","url":"https:\/\/secure.gravatar.com\/avatar\/14c5458ed79dc81da99a13b9ff5f9f19?s=96&d=mm&r=g","contentUrl":"https:\/\/secure.gravatar.com\/avatar\/14c5458ed79dc81da99a13b9ff5f9f19?s=96&d=mm&r=g","caption":"andressazorzetto07"},"url":"https:\/\/www.pmpf.rs.gov.br\/prefeito\/author\/andressazorzetto07\/"}]}},"_links":{"self":[{"href":"https:\/\/www.pmpf.rs.gov.br\/prefeito\/wp-json\/wp\/v2\/posts\/2963"}],"collection":[{"href":"https:\/\/www.pmpf.rs.gov.br\/prefeito\/wp-json\/wp\/v2\/posts"}],"about":[{"href":"https:\/\/www.pmpf.rs.gov.br\/prefeito\/wp-json\/wp\/v2\/types\/post"}],"author":[{"embeddable":true,"href":"https:\/\/www.pmpf.rs.gov.br\/prefeito\/wp-json\/wp\/v2\/users\/6"}],"replies":[{"embeddable":true,"href":"https:\/\/www.pmpf.rs.gov.br\/prefeito\/wp-json\/wp\/v2\/comments?post=2963"}],"version-history":[{"count":1,"href":"https:\/\/www.pmpf.rs.gov.br\/prefeito\/wp-json\/wp\/v2\/posts\/2963\/revisions"}],"predecessor-version":[{"id":2964,"href":"https:\/\/www.pmpf.rs.gov.br\/prefeito\/wp-json\/wp\/v2\/posts\/2963\/revisions\/2964"}],"wp:attachment":[{"href":"https:\/\/www.pmpf.rs.gov.br\/prefeito\/wp-json\/wp\/v2\/media?parent=2963"}],"wp:term":[{"taxonomy":"category","embeddable":true,"href":"https:\/\/www.pmpf.rs.gov.br\/prefeito\/wp-json\/wp\/v2\/categories?post=2963"},{"taxonomy":"post_tag","embeddable":true,"href":"https:\/\/www.pmpf.rs.gov.br\/prefeito\/wp-json\/wp\/v2\/tags?post=2963"}],"curies":[{"name":"wp","href":"https:\/\/api.w.org\/{rel}","templated":true}]}}