{"id":904,"date":"2023-09-28T11:25:51","date_gmt":"2023-09-28T14:25:51","guid":{"rendered":"https:\/\/www.pmpf.rs.gov.br\/portal-do-servidor-publico\/?p=904"},"modified":"2023-09-28T11:25:53","modified_gmt":"2023-09-28T14:25:53","slug":"encontro-com-os-servidores-municipais-em-alusao-ao-setembro-amarelo","status":"publish","type":"post","link":"https:\/\/www.pmpf.rs.gov.br\/portal-do-servidor-publico\/2023\/09\/28\/encontro-com-os-servidores-municipais-em-alusao-ao-setembro-amarelo\/","title":{"rendered":"Encontro com os servidores municipais em alus\u00e3o ao Setembro Amarelo"},"content":{"rendered":"\n<p>No dia 21 de setembro, o N\u00facleo de Biometria promoveu encontro com servidoras e servidores do munic\u00edpio em alus\u00e3o ao Setembro Amarelo. A a\u00e7\u00e3o, que teve como objetivo a discuss\u00e3o do tema suic\u00eddio, possibilidades de preven\u00e7\u00e3o e encaminhamentos para a rede de apoio, contou com a participa\u00e7\u00e3o da Psic\u00f3loga Camila Reichert e do N\u00facleo de Sa\u00fade Mental da Secretaria de Sa\u00fade, por interm\u00e9dio da Psic\u00f3loga Priscila Zubiaurre e da Enfermeira Val\u00e9ria Pereira. As palestrantes trouxeram reflex\u00f5es sobre o suic\u00eddio e informa\u00e7\u00f5es que fundamentam o autocuidado e o cuidado com o outro.<\/p>\n\n\n\n<p>Conforme explicou a Psic\u00f3loga do N\u00facleo de Biometria, M\u00f4nica Bettencourt \u00c1vila, \u201co encontro foi pensado como um momento para o servidor parar, refletir sobre sua sa\u00fade mental e adquirir conhecimento sobre o fluxo e as poss\u00edveis formas de acessar aux\u00edlio quando necess\u00e1rio. \u00c9 um momento pertinente a todos\u201d.<\/p>\n\n\n\n<p>O suic\u00eddio \u00e9 um problema de sa\u00fade p\u00fablica e afeta o mundo todo. Conforme a Organiza\u00e7\u00e3o Mundial da Sa\u00fade \u2013 OMS, os dados revelaram mais de 700 mil casos de suic\u00eddio no ano de 2019. No Brasil, a OMS aponta uma m\u00e9dia di\u00e1ria de 38 suic\u00eddios, fato que o coloca como a 4\u00aa causa de morte de jovens entre 15 e 29 anos. S\u00e3o n\u00fameros que demonstram a import\u00e2ncia e a necessidade de se falar sobre o tema.<\/p>\n\n\n\n<p>A Psic\u00f3loga Nat\u00e1lia Felini destaca que \u201co evento faz parte do calend\u00e1rio de atividades mensais do N\u00facleo de Biometria, pensado para os servidores do munic\u00edpio. A participa\u00e7\u00e3o de servidores das Secretarias de Sa\u00fade, Cidadania e Assist\u00eancia Social, Habita\u00e7\u00e3o e Educa\u00e7\u00e3o foi fundamental para enriquecer o debate proposto\u201d.<\/p>\n","protected":false},"excerpt":{"rendered":"<p>Reflex\u00e3o sobre o suic\u00eddio e informa\u00e7\u00f5es que fundamentam o autocuidado e o cuidado com o outro.<\/p>\n","protected":false},"author":4,"featured_media":906,"comment_status":"closed","ping_status":"closed","sticky":false,"template":"","format":"standard","meta":{"footnotes":""},"categories":[9],"tags":[],"class_list":["post-904","post","type-post","status-publish","format-standard","has-post-thumbnail","hentry","category-servidor-publico"],"yoast_head":"<!-- This site is optimized with the Yoast SEO plugin v23.8 - https:\/\/yoast.com\/wordpress\/plugins\/seo\/ -->\n<title>Encontro com os servidores municipais em alus\u00e3o ao Setembro Amarelo - Portal do Servidor P\u00fablico<\/title>\n<meta name=\"robots\" content=\"index, follow, max-snippet:-1, max-image-preview:large, max-video-preview:-1\" \/>\n<link rel=\"canonical\" href=\"https:\/\/www.pmpf.rs.gov.br\/portal-do-servidor-publico\/2023\/09\/28\/encontro-com-os-servidores-municipais-em-alusao-ao-setembro-amarelo\/\" \/>\n<meta property=\"og:locale\" content=\"pt_BR\" \/>\n<meta property=\"og:type\" content=\"article\" \/>\n<meta property=\"og:title\" content=\"Encontro com os servidores municipais em alus\u00e3o ao Setembro Amarelo - Portal do Servidor P\u00fablico\" \/>\n<meta property=\"og:description\" content=\"Reflex\u00e3o sobre o suic\u00eddio e informa\u00e7\u00f5es que fundamentam o autocuidado e o cuidado com o outro.\" \/>\n<meta property=\"og:url\" content=\"https:\/\/www.pmpf.rs.gov.br\/portal-do-servidor-publico\/2023\/09\/28\/encontro-com-os-servidores-municipais-em-alusao-ao-setembro-amarelo\/\" \/>\n<meta property=\"og:site_name\" content=\"Portal do Servidor P\u00fablico\" \/>\n<meta property=\"article:published_time\" content=\"2023-09-28T14:25:51+00:00\" \/>\n<meta property=\"article:modified_time\" content=\"2023-09-28T14:25:53+00:00\" \/>\n<meta name=\"author\" content=\"cristianem\" \/>\n<meta name=\"twitter:card\" content=\"summary_large_image\" \/>\n<meta name=\"twitter:label1\" content=\"Escrito por\" \/>\n\t<meta name=\"twitter:data1\" content=\"cristianem\" \/>\n\t<meta name=\"twitter:label2\" content=\"Est. tempo de leitura\" \/>\n\t<meta name=\"twitter:data2\" content=\"2 minutos\" \/>\n<script type=\"application\/ld+json\" class=\"yoast-schema-graph\">{\"@context\":\"https:\/\/schema.org\",\"@graph\":[{\"@type\":\"WebPage\",\"@id\":\"https:\/\/www.pmpf.rs.gov.br\/portal-do-servidor-publico\/2023\/09\/28\/encontro-com-os-servidores-municipais-em-alusao-ao-setembro-amarelo\/\",\"url\":\"https:\/\/www.pmpf.rs.gov.br\/portal-do-servidor-publico\/2023\/09\/28\/encontro-com-os-servidores-municipais-em-alusao-ao-setembro-amarelo\/\",\"name\":\"Encontro com os servidores municipais em alus\u00e3o ao Setembro Amarelo - Portal do Servidor P\u00fablico\",\"isPartOf\":{\"@id\":\"https:\/\/www.pmpf.rs.gov.br\/portal-do-servidor-publico\/#website\"},\"primaryImageOfPage\":{\"@id\":\"https:\/\/www.pmpf.rs.gov.br\/portal-do-servidor-publico\/2023\/09\/28\/encontro-com-os-servidores-municipais-em-alusao-ao-setembro-amarelo\/#primaryimage\"},\"image\":{\"@id\":\"https:\/\/www.pmpf.rs.gov.br\/portal-do-servidor-publico\/2023\/09\/28\/encontro-com-os-servidores-municipais-em-alusao-ao-setembro-amarelo\/#primaryimage\"},\"thumbnailUrl\":\"https:\/\/www.pmpf.rs.gov.br\/portal-do-servidor-publico\/wp-content\/uploads\/sites\/41\/2023\/09\/encontro-setembro-amarelo2023.jpeg\",\"datePublished\":\"2023-09-28T14:25:51+00:00\",\"dateModified\":\"2023-09-28T14:25:53+00:00\",\"author\":{\"@id\":\"https:\/\/www.pmpf.rs.gov.br\/portal-do-servidor-publico\/#\/schema\/person\/7546f09893e4b6bb3b2692a8a4132462\"},\"inLanguage\":\"pt-BR\",\"potentialAction\":[{\"@type\":\"ReadAction\",\"target\":[\"https:\/\/www.pmpf.rs.gov.br\/portal-do-servidor-publico\/2023\/09\/28\/encontro-com-os-servidores-municipais-em-alusao-ao-setembro-amarelo\/\"]}]},{\"@type\":\"ImageObject\",\"inLanguage\":\"pt-BR\",\"@id\":\"https:\/\/www.pmpf.rs.gov.br\/portal-do-servidor-publico\/2023\/09\/28\/encontro-com-os-servidores-municipais-em-alusao-ao-setembro-amarelo\/#primaryimage\",\"url\":\"https:\/\/www.pmpf.rs.gov.br\/portal-do-servidor-publico\/wp-content\/uploads\/sites\/41\/2023\/09\/encontro-setembro-amarelo2023.jpeg\",\"contentUrl\":\"https:\/\/www.pmpf.rs.gov.br\/portal-do-servidor-publico\/wp-content\/uploads\/sites\/41\/2023\/09\/encontro-setembro-amarelo2023.jpeg\",\"width\":1600,\"height\":900},{\"@type\":\"WebSite\",\"@id\":\"https:\/\/www.pmpf.rs.gov.br\/portal-do-servidor-publico\/#website\",\"url\":\"https:\/\/www.pmpf.rs.gov.br\/portal-do-servidor-publico\/\",\"name\":\"Portal do Servidor P\u00fablico\",\"description\":\"S\u00f3 mais um site Prefeitura de Passo Fundo\",\"potentialAction\":[{\"@type\":\"SearchAction\",\"target\":{\"@type\":\"EntryPoint\",\"urlTemplate\":\"https:\/\/www.pmpf.rs.gov.br\/portal-do-servidor-publico\/?s={search_term_string}\"},\"query-input\":{\"@type\":\"PropertyValueSpecification\",\"valueRequired\":true,\"valueName\":\"search_term_string\"}}],\"inLanguage\":\"pt-BR\"},{\"@type\":\"Person\",\"@id\":\"https:\/\/www.pmpf.rs.gov.br\/portal-do-servidor-publico\/#\/schema\/person\/7546f09893e4b6bb3b2692a8a4132462\",\"name\":\"cristianem\",\"image\":{\"@type\":\"ImageObject\",\"inLanguage\":\"pt-BR\",\"@id\":\"https:\/\/www.pmpf.rs.gov.br\/portal-do-servidor-publico\/#\/schema\/person\/image\/\",\"url\":\"https:\/\/secure.gravatar.com\/avatar\/66d52b92d6080d2743ba29b3cdbdf293?s=96&d=mm&r=g\",\"contentUrl\":\"https:\/\/secure.gravatar.com\/avatar\/66d52b92d6080d2743ba29b3cdbdf293?s=96&d=mm&r=g\",\"caption\":\"cristianem\"},\"url\":\"https:\/\/www.pmpf.rs.gov.br\/portal-do-servidor-publico\/author\/cristianem\/\"}]}<\/script>\n<!-- \/ Yoast SEO plugin. -->","yoast_head_json":{"title":"Encontro com os servidores municipais em alus\u00e3o ao Setembro Amarelo - Portal do Servidor P\u00fablico","robots":{"index":"index","follow":"follow","max-snippet":"max-snippet:-1","max-image-preview":"max-image-preview:large","max-video-preview":"max-video-preview:-1"},"canonical":"https:\/\/www.pmpf.rs.gov.br\/portal-do-servidor-publico\/2023\/09\/28\/encontro-com-os-servidores-municipais-em-alusao-ao-setembro-amarelo\/","og_locale":"pt_BR","og_type":"article","og_title":"Encontro com os servidores municipais em alus\u00e3o ao Setembro Amarelo - Portal do Servidor P\u00fablico","og_description":"Reflex\u00e3o sobre o suic\u00eddio e informa\u00e7\u00f5es que fundamentam o autocuidado e o cuidado com o outro.","og_url":"https:\/\/www.pmpf.rs.gov.br\/portal-do-servidor-publico\/2023\/09\/28\/encontro-com-os-servidores-municipais-em-alusao-ao-setembro-amarelo\/","og_site_name":"Portal do Servidor P\u00fablico","article_published_time":"2023-09-28T14:25:51+00:00","article_modified_time":"2023-09-28T14:25:53+00:00","author":"cristianem","twitter_card":"summary_large_image","twitter_misc":{"Escrito por":"cristianem","Est. tempo de leitura":"2 minutos"},"schema":{"@context":"https:\/\/schema.org","@graph":[{"@type":"WebPage","@id":"https:\/\/www.pmpf.rs.gov.br\/portal-do-servidor-publico\/2023\/09\/28\/encontro-com-os-servidores-municipais-em-alusao-ao-setembro-amarelo\/","url":"https:\/\/www.pmpf.rs.gov.br\/portal-do-servidor-publico\/2023\/09\/28\/encontro-com-os-servidores-municipais-em-alusao-ao-setembro-amarelo\/","name":"Encontro com os servidores municipais em alus\u00e3o ao Setembro Amarelo - Portal do Servidor P\u00fablico","isPartOf":{"@id":"https:\/\/www.pmpf.rs.gov.br\/portal-do-servidor-publico\/#website"},"primaryImageOfPage":{"@id":"https:\/\/www.pmpf.rs.gov.br\/portal-do-servidor-publico\/2023\/09\/28\/encontro-com-os-servidores-municipais-em-alusao-ao-setembro-amarelo\/#primaryimage"},"image":{"@id":"https:\/\/www.pmpf.rs.gov.br\/portal-do-servidor-publico\/2023\/09\/28\/encontro-com-os-servidores-municipais-em-alusao-ao-setembro-amarelo\/#primaryimage"},"thumbnailUrl":"https:\/\/www.pmpf.rs.gov.br\/portal-do-servidor-publico\/wp-content\/uploads\/sites\/41\/2023\/09\/encontro-setembro-amarelo2023.jpeg","datePublished":"2023-09-28T14:25:51+00:00","dateModified":"2023-09-28T14:25:53+00:00","author":{"@id":"https:\/\/www.pmpf.rs.gov.br\/portal-do-servidor-publico\/#\/schema\/person\/7546f09893e4b6bb3b2692a8a4132462"},"inLanguage":"pt-BR","potentialAction":[{"@type":"ReadAction","target":["https:\/\/www.pmpf.rs.gov.br\/portal-do-servidor-publico\/2023\/09\/28\/encontro-com-os-servidores-municipais-em-alusao-ao-setembro-amarelo\/"]}]},{"@type":"ImageObject","inLanguage":"pt-BR","@id":"https:\/\/www.pmpf.rs.gov.br\/portal-do-servidor-publico\/2023\/09\/28\/encontro-com-os-servidores-municipais-em-alusao-ao-setembro-amarelo\/#primaryimage","url":"https:\/\/www.pmpf.rs.gov.br\/portal-do-servidor-publico\/wp-content\/uploads\/sites\/41\/2023\/09\/encontro-setembro-amarelo2023.jpeg","contentUrl":"https:\/\/www.pmpf.rs.gov.br\/portal-do-servidor-publico\/wp-content\/uploads\/sites\/41\/2023\/09\/encontro-setembro-amarelo2023.jpeg","width":1600,"height":900},{"@type":"WebSite","@id":"https:\/\/www.pmpf.rs.gov.br\/portal-do-servidor-publico\/#website","url":"https:\/\/www.pmpf.rs.gov.br\/portal-do-servidor-publico\/","name":"Portal do Servidor P\u00fablico","description":"S\u00f3 mais um site Prefeitura de Passo Fundo","potentialAction":[{"@type":"SearchAction","target":{"@type":"EntryPoint","urlTemplate":"https:\/\/www.pmpf.rs.gov.br\/portal-do-servidor-publico\/?s={search_term_string}"},"query-input":{"@type":"PropertyValueSpecification","valueRequired":true,"valueName":"search_term_string"}}],"inLanguage":"pt-BR"},{"@type":"Person","@id":"https:\/\/www.pmpf.rs.gov.br\/portal-do-servidor-publico\/#\/schema\/person\/7546f09893e4b6bb3b2692a8a4132462","name":"cristianem","image":{"@type":"ImageObject","inLanguage":"pt-BR","@id":"https:\/\/www.pmpf.rs.gov.br\/portal-do-servidor-publico\/#\/schema\/person\/image\/","url":"https:\/\/secure.gravatar.com\/avatar\/66d52b92d6080d2743ba29b3cdbdf293?s=96&d=mm&r=g","contentUrl":"https:\/\/secure.gravatar.com\/avatar\/66d52b92d6080d2743ba29b3cdbdf293?s=96&d=mm&r=g","caption":"cristianem"},"url":"https:\/\/www.pmpf.rs.gov.br\/portal-do-servidor-publico\/author\/cristianem\/"}]}},"_links":{"self":[{"href":"https:\/\/www.pmpf.rs.gov.br\/portal-do-servidor-publico\/wp-json\/wp\/v2\/posts\/904"}],"collection":[{"href":"https:\/\/www.pmpf.rs.gov.br\/portal-do-servidor-publico\/wp-json\/wp\/v2\/posts"}],"about":[{"href":"https:\/\/www.pmpf.rs.gov.br\/portal-do-servidor-publico\/wp-json\/wp\/v2\/types\/post"}],"author":[{"embeddable":true,"href":"https:\/\/www.pmpf.rs.gov.br\/portal-do-servidor-publico\/wp-json\/wp\/v2\/users\/4"}],"replies":[{"embeddable":true,"href":"https:\/\/www.pmpf.rs.gov.br\/portal-do-servidor-publico\/wp-json\/wp\/v2\/comments?post=904"}],"version-history":[{"count":1,"href":"https:\/\/www.pmpf.rs.gov.br\/portal-do-servidor-publico\/wp-json\/wp\/v2\/posts\/904\/revisions"}],"predecessor-version":[{"id":907,"href":"https:\/\/www.pmpf.rs.gov.br\/portal-do-servidor-publico\/wp-json\/wp\/v2\/posts\/904\/revisions\/907"}],"wp:featuredmedia":[{"embeddable":true,"href":"https:\/\/www.pmpf.rs.gov.br\/portal-do-servidor-publico\/wp-json\/wp\/v2\/media\/906"}],"wp:attachment":[{"href":"https:\/\/www.pmpf.rs.gov.br\/portal-do-servidor-publico\/wp-json\/wp\/v2\/media?parent=904"}],"wp:term":[{"taxonomy":"category","embeddable":true,"href":"https:\/\/www.pmpf.rs.gov.br\/portal-do-servidor-publico\/wp-json\/wp\/v2\/categories?post=904"},{"taxonomy":"post_tag","embeddable":true,"href":"https:\/\/www.pmpf.rs.gov.br\/portal-do-servidor-publico\/wp-json\/wp\/v2\/tags?post=904"}],"curies":[{"name":"wp","href":"https:\/\/api.w.org\/{rel}","templated":true}]}}