{"id":864,"date":"2023-08-15T14:16:50","date_gmt":"2023-08-15T17:16:50","guid":{"rendered":"https:\/\/www.pmpf.rs.gov.br\/portal-do-servidor-publico\/?p=864"},"modified":"2023-08-15T14:22:06","modified_gmt":"2023-08-15T17:22:06","slug":"encontro-da-coordenadoria-da-protecao-social-especial-e-da-biometria-do-municipio-de-passo-fundo","status":"publish","type":"post","link":"https:\/\/www.pmpf.rs.gov.br\/portal-do-servidor-publico\/2023\/08\/15\/encontro-da-coordenadoria-da-protecao-social-especial-e-da-biometria-do-municipio-de-passo-fundo\/","title":{"rendered":"Encontro da Coordenadoria da Prote\u00e7\u00e3o Social Especial e da Biometria do Munic\u00edpio de Passo Fundo"},"content":{"rendered":"\n<p>A psic\u00f3loga Nat\u00e1lia Felini e a fisioterapeuta Mauric\u00e9ia Morgado de Oliveira, do N\u00facleo de Biometria da Prefeitura de Passo Fundo, participaram de um encontro com os coordenadores da Prote\u00e7\u00e3o Social Especial da Secretaria de Cidadania e Assistencial Social do munic\u00edpio, na \u00faltima sexta-feira 11 de agosto.<\/p>\n\n\n\n<p>O encontro ocorreu nas depend\u00eancias da Secretaria de Cidadania e Assist\u00eancia Social &#8211; SEMCAS e faz parte do calend\u00e1rio de a\u00e7\u00f5es que a Biometria vem desenvolvendo junto aos servidores municipais.<\/p>\n","protected":false},"excerpt":{"rendered":"<p>Calend\u00e1rio de A\u00e7\u00f5es da Biometria<\/p>\n","protected":false},"author":4,"featured_media":865,"comment_status":"closed","ping_status":"closed","sticky":true,"template":"","format":"standard","meta":{"footnotes":""},"categories":[9],"tags":[],"class_list":["post-864","post","type-post","status-publish","format-standard","has-post-thumbnail","hentry","category-servidor-publico"],"yoast_head":"<!-- This site is optimized with the Yoast SEO plugin v23.8 - https:\/\/yoast.com\/wordpress\/plugins\/seo\/ -->\n<title>Encontro da Coordenadoria da Prote\u00e7\u00e3o Social Especial e da Biometria do Munic\u00edpio de Passo Fundo - Portal do Servidor P\u00fablico<\/title>\n<meta name=\"robots\" content=\"index, follow, max-snippet:-1, max-image-preview:large, max-video-preview:-1\" \/>\n<link rel=\"canonical\" href=\"https:\/\/www.pmpf.rs.gov.br\/portal-do-servidor-publico\/2023\/08\/15\/encontro-da-coordenadoria-da-protecao-social-especial-e-da-biometria-do-municipio-de-passo-fundo\/\" \/>\n<meta property=\"og:locale\" content=\"pt_BR\" \/>\n<meta property=\"og:type\" content=\"article\" \/>\n<meta property=\"og:title\" content=\"Encontro da Coordenadoria da Prote\u00e7\u00e3o Social Especial e da Biometria do Munic\u00edpio de Passo Fundo - Portal do Servidor P\u00fablico\" \/>\n<meta property=\"og:description\" content=\"Calend\u00e1rio de A\u00e7\u00f5es da Biometria\" \/>\n<meta property=\"og:url\" content=\"https:\/\/www.pmpf.rs.gov.br\/portal-do-servidor-publico\/2023\/08\/15\/encontro-da-coordenadoria-da-protecao-social-especial-e-da-biometria-do-municipio-de-passo-fundo\/\" \/>\n<meta property=\"og:site_name\" content=\"Portal do Servidor P\u00fablico\" \/>\n<meta property=\"article:published_time\" content=\"2023-08-15T17:16:50+00:00\" \/>\n<meta property=\"article:modified_time\" content=\"2023-08-15T17:22:06+00:00\" \/>\n<meta property=\"og:image\" content=\"https:\/\/www.pmpf.rs.gov.br\/portal-do-servidor-publico\/wp-content\/uploads\/sites\/41\/2023\/08\/encontrosemcasagosto2023.jpeg\" \/>\n\t<meta property=\"og:image:width\" content=\"1600\" \/>\n\t<meta property=\"og:image:height\" content=\"900\" \/>\n\t<meta property=\"og:image:type\" content=\"image\/jpeg\" \/>\n<meta name=\"author\" content=\"cristianem\" \/>\n<meta name=\"twitter:card\" content=\"summary_large_image\" \/>\n<meta name=\"twitter:label1\" content=\"Escrito por\" \/>\n\t<meta name=\"twitter:data1\" content=\"cristianem\" \/>\n<script type=\"application\/ld+json\" class=\"yoast-schema-graph\">{\"@context\":\"https:\/\/schema.org\",\"@graph\":[{\"@type\":\"WebPage\",\"@id\":\"https:\/\/www.pmpf.rs.gov.br\/portal-do-servidor-publico\/2023\/08\/15\/encontro-da-coordenadoria-da-protecao-social-especial-e-da-biometria-do-municipio-de-passo-fundo\/\",\"url\":\"https:\/\/www.pmpf.rs.gov.br\/portal-do-servidor-publico\/2023\/08\/15\/encontro-da-coordenadoria-da-protecao-social-especial-e-da-biometria-do-municipio-de-passo-fundo\/\",\"name\":\"Encontro da Coordenadoria da Prote\u00e7\u00e3o Social Especial e da Biometria do Munic\u00edpio de Passo Fundo - Portal do Servidor P\u00fablico\",\"isPartOf\":{\"@id\":\"https:\/\/www.pmpf.rs.gov.br\/portal-do-servidor-publico\/#website\"},\"primaryImageOfPage\":{\"@id\":\"https:\/\/www.pmpf.rs.gov.br\/portal-do-servidor-publico\/2023\/08\/15\/encontro-da-coordenadoria-da-protecao-social-especial-e-da-biometria-do-municipio-de-passo-fundo\/#primaryimage\"},\"image\":{\"@id\":\"https:\/\/www.pmpf.rs.gov.br\/portal-do-servidor-publico\/2023\/08\/15\/encontro-da-coordenadoria-da-protecao-social-especial-e-da-biometria-do-municipio-de-passo-fundo\/#primaryimage\"},\"thumbnailUrl\":\"https:\/\/www.pmpf.rs.gov.br\/portal-do-servidor-publico\/wp-content\/uploads\/sites\/41\/2023\/08\/encontrosemcasagosto2023.jpeg\",\"datePublished\":\"2023-08-15T17:16:50+00:00\",\"dateModified\":\"2023-08-15T17:22:06+00:00\",\"author\":{\"@id\":\"https:\/\/www.pmpf.rs.gov.br\/portal-do-servidor-publico\/#\/schema\/person\/7546f09893e4b6bb3b2692a8a4132462\"},\"inLanguage\":\"pt-BR\",\"potentialAction\":[{\"@type\":\"ReadAction\",\"target\":[\"https:\/\/www.pmpf.rs.gov.br\/portal-do-servidor-publico\/2023\/08\/15\/encontro-da-coordenadoria-da-protecao-social-especial-e-da-biometria-do-municipio-de-passo-fundo\/\"]}]},{\"@type\":\"ImageObject\",\"inLanguage\":\"pt-BR\",\"@id\":\"https:\/\/www.pmpf.rs.gov.br\/portal-do-servidor-publico\/2023\/08\/15\/encontro-da-coordenadoria-da-protecao-social-especial-e-da-biometria-do-municipio-de-passo-fundo\/#primaryimage\",\"url\":\"https:\/\/www.pmpf.rs.gov.br\/portal-do-servidor-publico\/wp-content\/uploads\/sites\/41\/2023\/08\/encontrosemcasagosto2023.jpeg\",\"contentUrl\":\"https:\/\/www.pmpf.rs.gov.br\/portal-do-servidor-publico\/wp-content\/uploads\/sites\/41\/2023\/08\/encontrosemcasagosto2023.jpeg\",\"width\":1600,\"height\":900},{\"@type\":\"WebSite\",\"@id\":\"https:\/\/www.pmpf.rs.gov.br\/portal-do-servidor-publico\/#website\",\"url\":\"https:\/\/www.pmpf.rs.gov.br\/portal-do-servidor-publico\/\",\"name\":\"Portal do Servidor P\u00fablico\",\"description\":\"S\u00f3 mais um site Prefeitura de Passo Fundo\",\"potentialAction\":[{\"@type\":\"SearchAction\",\"target\":{\"@type\":\"EntryPoint\",\"urlTemplate\":\"https:\/\/www.pmpf.rs.gov.br\/portal-do-servidor-publico\/?s={search_term_string}\"},\"query-input\":{\"@type\":\"PropertyValueSpecification\",\"valueRequired\":true,\"valueName\":\"search_term_string\"}}],\"inLanguage\":\"pt-BR\"},{\"@type\":\"Person\",\"@id\":\"https:\/\/www.pmpf.rs.gov.br\/portal-do-servidor-publico\/#\/schema\/person\/7546f09893e4b6bb3b2692a8a4132462\",\"name\":\"cristianem\",\"image\":{\"@type\":\"ImageObject\",\"inLanguage\":\"pt-BR\",\"@id\":\"https:\/\/www.pmpf.rs.gov.br\/portal-do-servidor-publico\/#\/schema\/person\/image\/\",\"url\":\"https:\/\/secure.gravatar.com\/avatar\/66d52b92d6080d2743ba29b3cdbdf293?s=96&d=mm&r=g\",\"contentUrl\":\"https:\/\/secure.gravatar.com\/avatar\/66d52b92d6080d2743ba29b3cdbdf293?s=96&d=mm&r=g\",\"caption\":\"cristianem\"},\"url\":\"https:\/\/www.pmpf.rs.gov.br\/portal-do-servidor-publico\/author\/cristianem\/\"}]}<\/script>\n<!-- \/ Yoast SEO plugin. -->","yoast_head_json":{"title":"Encontro da Coordenadoria da Prote\u00e7\u00e3o Social Especial e da Biometria do Munic\u00edpio de Passo Fundo - Portal do Servidor P\u00fablico","robots":{"index":"index","follow":"follow","max-snippet":"max-snippet:-1","max-image-preview":"max-image-preview:large","max-video-preview":"max-video-preview:-1"},"canonical":"https:\/\/www.pmpf.rs.gov.br\/portal-do-servidor-publico\/2023\/08\/15\/encontro-da-coordenadoria-da-protecao-social-especial-e-da-biometria-do-municipio-de-passo-fundo\/","og_locale":"pt_BR","og_type":"article","og_title":"Encontro da Coordenadoria da Prote\u00e7\u00e3o Social Especial e da Biometria do Munic\u00edpio de Passo Fundo - Portal do Servidor P\u00fablico","og_description":"Calend\u00e1rio de A\u00e7\u00f5es da Biometria","og_url":"https:\/\/www.pmpf.rs.gov.br\/portal-do-servidor-publico\/2023\/08\/15\/encontro-da-coordenadoria-da-protecao-social-especial-e-da-biometria-do-municipio-de-passo-fundo\/","og_site_name":"Portal do Servidor P\u00fablico","article_published_time":"2023-08-15T17:16:50+00:00","article_modified_time":"2023-08-15T17:22:06+00:00","og_image":[{"width":1600,"height":900,"url":"https:\/\/www.pmpf.rs.gov.br\/portal-do-servidor-publico\/wp-content\/uploads\/sites\/41\/2023\/08\/encontrosemcasagosto2023.jpeg","type":"image\/jpeg"}],"author":"cristianem","twitter_card":"summary_large_image","twitter_misc":{"Escrito por":"cristianem"},"schema":{"@context":"https:\/\/schema.org","@graph":[{"@type":"WebPage","@id":"https:\/\/www.pmpf.rs.gov.br\/portal-do-servidor-publico\/2023\/08\/15\/encontro-da-coordenadoria-da-protecao-social-especial-e-da-biometria-do-municipio-de-passo-fundo\/","url":"https:\/\/www.pmpf.rs.gov.br\/portal-do-servidor-publico\/2023\/08\/15\/encontro-da-coordenadoria-da-protecao-social-especial-e-da-biometria-do-municipio-de-passo-fundo\/","name":"Encontro da Coordenadoria da Prote\u00e7\u00e3o Social Especial e da Biometria do Munic\u00edpio de Passo Fundo - Portal do Servidor P\u00fablico","isPartOf":{"@id":"https:\/\/www.pmpf.rs.gov.br\/portal-do-servidor-publico\/#website"},"primaryImageOfPage":{"@id":"https:\/\/www.pmpf.rs.gov.br\/portal-do-servidor-publico\/2023\/08\/15\/encontro-da-coordenadoria-da-protecao-social-especial-e-da-biometria-do-municipio-de-passo-fundo\/#primaryimage"},"image":{"@id":"https:\/\/www.pmpf.rs.gov.br\/portal-do-servidor-publico\/2023\/08\/15\/encontro-da-coordenadoria-da-protecao-social-especial-e-da-biometria-do-municipio-de-passo-fundo\/#primaryimage"},"thumbnailUrl":"https:\/\/www.pmpf.rs.gov.br\/portal-do-servidor-publico\/wp-content\/uploads\/sites\/41\/2023\/08\/encontrosemcasagosto2023.jpeg","datePublished":"2023-08-15T17:16:50+00:00","dateModified":"2023-08-15T17:22:06+00:00","author":{"@id":"https:\/\/www.pmpf.rs.gov.br\/portal-do-servidor-publico\/#\/schema\/person\/7546f09893e4b6bb3b2692a8a4132462"},"inLanguage":"pt-BR","potentialAction":[{"@type":"ReadAction","target":["https:\/\/www.pmpf.rs.gov.br\/portal-do-servidor-publico\/2023\/08\/15\/encontro-da-coordenadoria-da-protecao-social-especial-e-da-biometria-do-municipio-de-passo-fundo\/"]}]},{"@type":"ImageObject","inLanguage":"pt-BR","@id":"https:\/\/www.pmpf.rs.gov.br\/portal-do-servidor-publico\/2023\/08\/15\/encontro-da-coordenadoria-da-protecao-social-especial-e-da-biometria-do-municipio-de-passo-fundo\/#primaryimage","url":"https:\/\/www.pmpf.rs.gov.br\/portal-do-servidor-publico\/wp-content\/uploads\/sites\/41\/2023\/08\/encontrosemcasagosto2023.jpeg","contentUrl":"https:\/\/www.pmpf.rs.gov.br\/portal-do-servidor-publico\/wp-content\/uploads\/sites\/41\/2023\/08\/encontrosemcasagosto2023.jpeg","width":1600,"height":900},{"@type":"WebSite","@id":"https:\/\/www.pmpf.rs.gov.br\/portal-do-servidor-publico\/#website","url":"https:\/\/www.pmpf.rs.gov.br\/portal-do-servidor-publico\/","name":"Portal do Servidor P\u00fablico","description":"S\u00f3 mais um site Prefeitura de Passo Fundo","potentialAction":[{"@type":"SearchAction","target":{"@type":"EntryPoint","urlTemplate":"https:\/\/www.pmpf.rs.gov.br\/portal-do-servidor-publico\/?s={search_term_string}"},"query-input":{"@type":"PropertyValueSpecification","valueRequired":true,"valueName":"search_term_string"}}],"inLanguage":"pt-BR"},{"@type":"Person","@id":"https:\/\/www.pmpf.rs.gov.br\/portal-do-servidor-publico\/#\/schema\/person\/7546f09893e4b6bb3b2692a8a4132462","name":"cristianem","image":{"@type":"ImageObject","inLanguage":"pt-BR","@id":"https:\/\/www.pmpf.rs.gov.br\/portal-do-servidor-publico\/#\/schema\/person\/image\/","url":"https:\/\/secure.gravatar.com\/avatar\/66d52b92d6080d2743ba29b3cdbdf293?s=96&d=mm&r=g","contentUrl":"https:\/\/secure.gravatar.com\/avatar\/66d52b92d6080d2743ba29b3cdbdf293?s=96&d=mm&r=g","caption":"cristianem"},"url":"https:\/\/www.pmpf.rs.gov.br\/portal-do-servidor-publico\/author\/cristianem\/"}]}},"_links":{"self":[{"href":"https:\/\/www.pmpf.rs.gov.br\/portal-do-servidor-publico\/wp-json\/wp\/v2\/posts\/864"}],"collection":[{"href":"https:\/\/www.pmpf.rs.gov.br\/portal-do-servidor-publico\/wp-json\/wp\/v2\/posts"}],"about":[{"href":"https:\/\/www.pmpf.rs.gov.br\/portal-do-servidor-publico\/wp-json\/wp\/v2\/types\/post"}],"author":[{"embeddable":true,"href":"https:\/\/www.pmpf.rs.gov.br\/portal-do-servidor-publico\/wp-json\/wp\/v2\/users\/4"}],"replies":[{"embeddable":true,"href":"https:\/\/www.pmpf.rs.gov.br\/portal-do-servidor-publico\/wp-json\/wp\/v2\/comments?post=864"}],"version-history":[{"count":2,"href":"https:\/\/www.pmpf.rs.gov.br\/portal-do-servidor-publico\/wp-json\/wp\/v2\/posts\/864\/revisions"}],"predecessor-version":[{"id":868,"href":"https:\/\/www.pmpf.rs.gov.br\/portal-do-servidor-publico\/wp-json\/wp\/v2\/posts\/864\/revisions\/868"}],"wp:featuredmedia":[{"embeddable":true,"href":"https:\/\/www.pmpf.rs.gov.br\/portal-do-servidor-publico\/wp-json\/wp\/v2\/media\/865"}],"wp:attachment":[{"href":"https:\/\/www.pmpf.rs.gov.br\/portal-do-servidor-publico\/wp-json\/wp\/v2\/media?parent=864"}],"wp:term":[{"taxonomy":"category","embeddable":true,"href":"https:\/\/www.pmpf.rs.gov.br\/portal-do-servidor-publico\/wp-json\/wp\/v2\/categories?post=864"},{"taxonomy":"post_tag","embeddable":true,"href":"https:\/\/www.pmpf.rs.gov.br\/portal-do-servidor-publico\/wp-json\/wp\/v2\/tags?post=864"}],"curies":[{"name":"wp","href":"https:\/\/api.w.org\/{rel}","templated":true}]}}