{"id":821,"date":"2023-06-01T16:24:18","date_gmt":"2023-06-01T19:24:18","guid":{"rendered":"https:\/\/www.pmpf.rs.gov.br\/portal-do-servidor-publico\/?p=821"},"modified":"2023-06-01T16:27:33","modified_gmt":"2023-06-01T19:27:33","slug":"4a-edicao-projeto-papo-e-mae","status":"publish","type":"post","link":"https:\/\/www.pmpf.rs.gov.br\/portal-do-servidor-publico\/2023\/06\/01\/4a-edicao-projeto-papo-e-mae\/","title":{"rendered":"4\u00aa Edi\u00e7\u00e3o Projeto Papo de M\u00e3e"},"content":{"rendered":"<div class=\"wp-block-image\">\n<figure class=\"alignleft size-large is-resized\"><a href=\"https:\/\/www.pmpf.rs.gov.br\/portal-do-servidor-publico\/wp-content\/uploads\/sites\/41\/2023\/06\/folder-papo-mae.png\"><img loading=\"lazy\" decoding=\"async\" src=\"https:\/\/www.pmpf.rs.gov.br\/portal-do-servidor-publico\/wp-content\/uploads\/sites\/41\/2023\/06\/folder-papo-mae-1024x1024.png\" alt=\"\" class=\"wp-image-822\" width=\"370\" height=\"370\" srcset=\"https:\/\/www.pmpf.rs.gov.br\/portal-do-servidor-publico\/wp-content\/uploads\/sites\/41\/2023\/06\/folder-papo-mae-1024x1024.png 1024w, https:\/\/www.pmpf.rs.gov.br\/portal-do-servidor-publico\/wp-content\/uploads\/sites\/41\/2023\/06\/folder-papo-mae-300x300.png 300w, https:\/\/www.pmpf.rs.gov.br\/portal-do-servidor-publico\/wp-content\/uploads\/sites\/41\/2023\/06\/folder-papo-mae-150x150.png 150w, https:\/\/www.pmpf.rs.gov.br\/portal-do-servidor-publico\/wp-content\/uploads\/sites\/41\/2023\/06\/folder-papo-mae-768x768.png 768w, https:\/\/www.pmpf.rs.gov.br\/portal-do-servidor-publico\/wp-content\/uploads\/sites\/41\/2023\/06\/folder-papo-mae.png 1080w\" sizes=\"(max-width: 370px) 100vw, 370px\" \/><\/a><\/figure><\/div>\n\n\n<p>No m\u00eas de maio, o N\u00facleo de Biometria retomou os encontros do Projeto Papo de M\u00e3e, agora em sua 4\u00aa edi\u00e7\u00e3o. Coordenado pela Psic\u00f3loga Nat\u00e1lia Felini e pela Enfermeira Jussara Borges Pereira, com o apoio das estagi\u00e1rias de psicologia Emanuely Sponchiado Cichelero e Maria Eduarda Nora, a 4\u00aa edi\u00e7\u00e3o do Papo de M\u00e3e tem como objetivo abrir um espa\u00e7o de di\u00e1logo sobre os desafios, d\u00favidas e alegrias que envolvem a maternidade, trazendo para os encontros temas e discuss\u00f5es pertinentes a esse momento de vida, por meio da participa\u00e7\u00e3o de profissionais de diversas \u00e1reas da sa\u00fade.<\/p>\n\n\n\n<p>Segundo a Enfermeira Jussara, o Papo de M\u00e3e, desde seu in\u00edcio em 2017, tem desenvolvido atividades que buscam garantir o acompanhamento da gesta\u00e7\u00e3o das servidoras municipais participantes, do in\u00edcio da gravidez ao retorno ao trabalho ap\u00f3s a licen\u00e7a maternidade. Para a Psic\u00f3loga Nat\u00e1lia, o Papo de M\u00e3e \u00e9 um espa\u00e7o importante que pode ser de grande aux\u00edlio \u00e0s participantes.<\/p>\n\n\n\n<p>Os encontros do Papo de M\u00e3e iniciaram no dia 09 de maio e ocorrem \u00e0s ter\u00e7as-feiras, quinzenalmente, \u00e0s 14h, no N\u00facleo de Biometria. As servidoras gestantes interessadas podem entrar em contato com o N\u00facleo de Biometria pelo (54) 3311 8874 ou pelo Whatsapp (54) 98404-7190.<\/p>\n\n\n\n<hr class=\"wp-block-separator has-alpha-channel-opacity\"\/>\n","protected":false},"excerpt":{"rendered":"<p>O N\u00facleo de Biometria retomou os encontros do Projeto Papo de M\u00e3e.<\/p>\n","protected":false},"author":4,"featured_media":0,"comment_status":"closed","ping_status":"closed","sticky":false,"template":"","format":"standard","meta":{"footnotes":""},"categories":[9],"tags":[8],"class_list":["post-821","post","type-post","status-publish","format-standard","hentry","category-servidor-publico","tag-mae"],"yoast_head":"<!-- This site is optimized with the Yoast SEO plugin v23.8 - https:\/\/yoast.com\/wordpress\/plugins\/seo\/ -->\n<title>4\u00aa Edi\u00e7\u00e3o Projeto Papo de M\u00e3e - Portal do Servidor P\u00fablico<\/title>\n<meta name=\"robots\" content=\"index, follow, max-snippet:-1, max-image-preview:large, max-video-preview:-1\" \/>\n<link rel=\"canonical\" href=\"https:\/\/www.pmpf.rs.gov.br\/portal-do-servidor-publico\/2023\/06\/01\/4a-edicao-projeto-papo-e-mae\/\" \/>\n<meta property=\"og:locale\" content=\"pt_BR\" \/>\n<meta property=\"og:type\" content=\"article\" \/>\n<meta property=\"og:title\" content=\"4\u00aa Edi\u00e7\u00e3o Projeto Papo de M\u00e3e - Portal do Servidor P\u00fablico\" \/>\n<meta property=\"og:description\" content=\"O N\u00facleo de Biometria retomou os encontros do Projeto Papo de M\u00e3e.\" \/>\n<meta property=\"og:url\" content=\"https:\/\/www.pmpf.rs.gov.br\/portal-do-servidor-publico\/2023\/06\/01\/4a-edicao-projeto-papo-e-mae\/\" \/>\n<meta property=\"og:site_name\" content=\"Portal do Servidor P\u00fablico\" \/>\n<meta property=\"article:published_time\" content=\"2023-06-01T19:24:18+00:00\" \/>\n<meta property=\"article:modified_time\" content=\"2023-06-01T19:27:33+00:00\" \/>\n<meta property=\"og:image\" content=\"https:\/\/www.pmpf.rs.gov.br\/portal-do-servidor-publico\/wp-content\/uploads\/sites\/41\/2023\/06\/folder-papo-mae-1024x1024.png\" \/>\n<meta name=\"author\" content=\"cristianem\" \/>\n<meta name=\"twitter:card\" content=\"summary_large_image\" \/>\n<meta name=\"twitter:label1\" content=\"Escrito por\" \/>\n\t<meta name=\"twitter:data1\" content=\"cristianem\" \/>\n\t<meta name=\"twitter:label2\" content=\"Est. tempo de leitura\" \/>\n\t<meta name=\"twitter:data2\" content=\"1 minuto\" \/>\n<script type=\"application\/ld+json\" class=\"yoast-schema-graph\">{\"@context\":\"https:\/\/schema.org\",\"@graph\":[{\"@type\":\"WebPage\",\"@id\":\"https:\/\/www.pmpf.rs.gov.br\/portal-do-servidor-publico\/2023\/06\/01\/4a-edicao-projeto-papo-e-mae\/\",\"url\":\"https:\/\/www.pmpf.rs.gov.br\/portal-do-servidor-publico\/2023\/06\/01\/4a-edicao-projeto-papo-e-mae\/\",\"name\":\"4\u00aa Edi\u00e7\u00e3o Projeto Papo de M\u00e3e - Portal do Servidor P\u00fablico\",\"isPartOf\":{\"@id\":\"https:\/\/www.pmpf.rs.gov.br\/portal-do-servidor-publico\/#website\"},\"primaryImageOfPage\":{\"@id\":\"https:\/\/www.pmpf.rs.gov.br\/portal-do-servidor-publico\/2023\/06\/01\/4a-edicao-projeto-papo-e-mae\/#primaryimage\"},\"image\":{\"@id\":\"https:\/\/www.pmpf.rs.gov.br\/portal-do-servidor-publico\/2023\/06\/01\/4a-edicao-projeto-papo-e-mae\/#primaryimage\"},\"thumbnailUrl\":\"https:\/\/www.pmpf.rs.gov.br\/portal-do-servidor-publico\/wp-content\/uploads\/sites\/41\/2023\/06\/folder-papo-mae-1024x1024.png\",\"datePublished\":\"2023-06-01T19:24:18+00:00\",\"dateModified\":\"2023-06-01T19:27:33+00:00\",\"author\":{\"@id\":\"https:\/\/www.pmpf.rs.gov.br\/portal-do-servidor-publico\/#\/schema\/person\/7546f09893e4b6bb3b2692a8a4132462\"},\"inLanguage\":\"pt-BR\",\"potentialAction\":[{\"@type\":\"ReadAction\",\"target\":[\"https:\/\/www.pmpf.rs.gov.br\/portal-do-servidor-publico\/2023\/06\/01\/4a-edicao-projeto-papo-e-mae\/\"]}]},{\"@type\":\"ImageObject\",\"inLanguage\":\"pt-BR\",\"@id\":\"https:\/\/www.pmpf.rs.gov.br\/portal-do-servidor-publico\/2023\/06\/01\/4a-edicao-projeto-papo-e-mae\/#primaryimage\",\"url\":\"https:\/\/www.pmpf.rs.gov.br\/portal-do-servidor-publico\/wp-content\/uploads\/sites\/41\/2023\/06\/folder-papo-mae.png\",\"contentUrl\":\"https:\/\/www.pmpf.rs.gov.br\/portal-do-servidor-publico\/wp-content\/uploads\/sites\/41\/2023\/06\/folder-papo-mae.png\",\"width\":1080,\"height\":1080},{\"@type\":\"WebSite\",\"@id\":\"https:\/\/www.pmpf.rs.gov.br\/portal-do-servidor-publico\/#website\",\"url\":\"https:\/\/www.pmpf.rs.gov.br\/portal-do-servidor-publico\/\",\"name\":\"Portal do Servidor P\u00fablico\",\"description\":\"S\u00f3 mais um site Prefeitura de Passo Fundo\",\"potentialAction\":[{\"@type\":\"SearchAction\",\"target\":{\"@type\":\"EntryPoint\",\"urlTemplate\":\"https:\/\/www.pmpf.rs.gov.br\/portal-do-servidor-publico\/?s={search_term_string}\"},\"query-input\":{\"@type\":\"PropertyValueSpecification\",\"valueRequired\":true,\"valueName\":\"search_term_string\"}}],\"inLanguage\":\"pt-BR\"},{\"@type\":\"Person\",\"@id\":\"https:\/\/www.pmpf.rs.gov.br\/portal-do-servidor-publico\/#\/schema\/person\/7546f09893e4b6bb3b2692a8a4132462\",\"name\":\"cristianem\",\"image\":{\"@type\":\"ImageObject\",\"inLanguage\":\"pt-BR\",\"@id\":\"https:\/\/www.pmpf.rs.gov.br\/portal-do-servidor-publico\/#\/schema\/person\/image\/\",\"url\":\"https:\/\/secure.gravatar.com\/avatar\/66d52b92d6080d2743ba29b3cdbdf293?s=96&d=mm&r=g\",\"contentUrl\":\"https:\/\/secure.gravatar.com\/avatar\/66d52b92d6080d2743ba29b3cdbdf293?s=96&d=mm&r=g\",\"caption\":\"cristianem\"},\"url\":\"https:\/\/www.pmpf.rs.gov.br\/portal-do-servidor-publico\/author\/cristianem\/\"}]}<\/script>\n<!-- \/ Yoast SEO plugin. -->","yoast_head_json":{"title":"4\u00aa Edi\u00e7\u00e3o Projeto Papo de M\u00e3e - Portal do Servidor P\u00fablico","robots":{"index":"index","follow":"follow","max-snippet":"max-snippet:-1","max-image-preview":"max-image-preview:large","max-video-preview":"max-video-preview:-1"},"canonical":"https:\/\/www.pmpf.rs.gov.br\/portal-do-servidor-publico\/2023\/06\/01\/4a-edicao-projeto-papo-e-mae\/","og_locale":"pt_BR","og_type":"article","og_title":"4\u00aa Edi\u00e7\u00e3o Projeto Papo de M\u00e3e - Portal do Servidor P\u00fablico","og_description":"O N\u00facleo de Biometria retomou os encontros do Projeto Papo de M\u00e3e.","og_url":"https:\/\/www.pmpf.rs.gov.br\/portal-do-servidor-publico\/2023\/06\/01\/4a-edicao-projeto-papo-e-mae\/","og_site_name":"Portal do Servidor P\u00fablico","article_published_time":"2023-06-01T19:24:18+00:00","article_modified_time":"2023-06-01T19:27:33+00:00","og_image":[{"url":"https:\/\/www.pmpf.rs.gov.br\/portal-do-servidor-publico\/wp-content\/uploads\/sites\/41\/2023\/06\/folder-papo-mae-1024x1024.png"}],"author":"cristianem","twitter_card":"summary_large_image","twitter_misc":{"Escrito por":"cristianem","Est. tempo de leitura":"1 minuto"},"schema":{"@context":"https:\/\/schema.org","@graph":[{"@type":"WebPage","@id":"https:\/\/www.pmpf.rs.gov.br\/portal-do-servidor-publico\/2023\/06\/01\/4a-edicao-projeto-papo-e-mae\/","url":"https:\/\/www.pmpf.rs.gov.br\/portal-do-servidor-publico\/2023\/06\/01\/4a-edicao-projeto-papo-e-mae\/","name":"4\u00aa Edi\u00e7\u00e3o Projeto Papo de M\u00e3e - Portal do Servidor P\u00fablico","isPartOf":{"@id":"https:\/\/www.pmpf.rs.gov.br\/portal-do-servidor-publico\/#website"},"primaryImageOfPage":{"@id":"https:\/\/www.pmpf.rs.gov.br\/portal-do-servidor-publico\/2023\/06\/01\/4a-edicao-projeto-papo-e-mae\/#primaryimage"},"image":{"@id":"https:\/\/www.pmpf.rs.gov.br\/portal-do-servidor-publico\/2023\/06\/01\/4a-edicao-projeto-papo-e-mae\/#primaryimage"},"thumbnailUrl":"https:\/\/www.pmpf.rs.gov.br\/portal-do-servidor-publico\/wp-content\/uploads\/sites\/41\/2023\/06\/folder-papo-mae-1024x1024.png","datePublished":"2023-06-01T19:24:18+00:00","dateModified":"2023-06-01T19:27:33+00:00","author":{"@id":"https:\/\/www.pmpf.rs.gov.br\/portal-do-servidor-publico\/#\/schema\/person\/7546f09893e4b6bb3b2692a8a4132462"},"inLanguage":"pt-BR","potentialAction":[{"@type":"ReadAction","target":["https:\/\/www.pmpf.rs.gov.br\/portal-do-servidor-publico\/2023\/06\/01\/4a-edicao-projeto-papo-e-mae\/"]}]},{"@type":"ImageObject","inLanguage":"pt-BR","@id":"https:\/\/www.pmpf.rs.gov.br\/portal-do-servidor-publico\/2023\/06\/01\/4a-edicao-projeto-papo-e-mae\/#primaryimage","url":"https:\/\/www.pmpf.rs.gov.br\/portal-do-servidor-publico\/wp-content\/uploads\/sites\/41\/2023\/06\/folder-papo-mae.png","contentUrl":"https:\/\/www.pmpf.rs.gov.br\/portal-do-servidor-publico\/wp-content\/uploads\/sites\/41\/2023\/06\/folder-papo-mae.png","width":1080,"height":1080},{"@type":"WebSite","@id":"https:\/\/www.pmpf.rs.gov.br\/portal-do-servidor-publico\/#website","url":"https:\/\/www.pmpf.rs.gov.br\/portal-do-servidor-publico\/","name":"Portal do Servidor P\u00fablico","description":"S\u00f3 mais um site Prefeitura de Passo Fundo","potentialAction":[{"@type":"SearchAction","target":{"@type":"EntryPoint","urlTemplate":"https:\/\/www.pmpf.rs.gov.br\/portal-do-servidor-publico\/?s={search_term_string}"},"query-input":{"@type":"PropertyValueSpecification","valueRequired":true,"valueName":"search_term_string"}}],"inLanguage":"pt-BR"},{"@type":"Person","@id":"https:\/\/www.pmpf.rs.gov.br\/portal-do-servidor-publico\/#\/schema\/person\/7546f09893e4b6bb3b2692a8a4132462","name":"cristianem","image":{"@type":"ImageObject","inLanguage":"pt-BR","@id":"https:\/\/www.pmpf.rs.gov.br\/portal-do-servidor-publico\/#\/schema\/person\/image\/","url":"https:\/\/secure.gravatar.com\/avatar\/66d52b92d6080d2743ba29b3cdbdf293?s=96&d=mm&r=g","contentUrl":"https:\/\/secure.gravatar.com\/avatar\/66d52b92d6080d2743ba29b3cdbdf293?s=96&d=mm&r=g","caption":"cristianem"},"url":"https:\/\/www.pmpf.rs.gov.br\/portal-do-servidor-publico\/author\/cristianem\/"}]}},"_links":{"self":[{"href":"https:\/\/www.pmpf.rs.gov.br\/portal-do-servidor-publico\/wp-json\/wp\/v2\/posts\/821"}],"collection":[{"href":"https:\/\/www.pmpf.rs.gov.br\/portal-do-servidor-publico\/wp-json\/wp\/v2\/posts"}],"about":[{"href":"https:\/\/www.pmpf.rs.gov.br\/portal-do-servidor-publico\/wp-json\/wp\/v2\/types\/post"}],"author":[{"embeddable":true,"href":"https:\/\/www.pmpf.rs.gov.br\/portal-do-servidor-publico\/wp-json\/wp\/v2\/users\/4"}],"replies":[{"embeddable":true,"href":"https:\/\/www.pmpf.rs.gov.br\/portal-do-servidor-publico\/wp-json\/wp\/v2\/comments?post=821"}],"version-history":[{"count":2,"href":"https:\/\/www.pmpf.rs.gov.br\/portal-do-servidor-publico\/wp-json\/wp\/v2\/posts\/821\/revisions"}],"predecessor-version":[{"id":824,"href":"https:\/\/www.pmpf.rs.gov.br\/portal-do-servidor-publico\/wp-json\/wp\/v2\/posts\/821\/revisions\/824"}],"wp:attachment":[{"href":"https:\/\/www.pmpf.rs.gov.br\/portal-do-servidor-publico\/wp-json\/wp\/v2\/media?parent=821"}],"wp:term":[{"taxonomy":"category","embeddable":true,"href":"https:\/\/www.pmpf.rs.gov.br\/portal-do-servidor-publico\/wp-json\/wp\/v2\/categories?post=821"},{"taxonomy":"post_tag","embeddable":true,"href":"https:\/\/www.pmpf.rs.gov.br\/portal-do-servidor-publico\/wp-json\/wp\/v2\/tags?post=821"}],"curies":[{"name":"wp","href":"https:\/\/api.w.org\/{rel}","templated":true}]}}